{"id":10696,"date":"2021-07-31T13:10:23","date_gmt":"2021-07-31T13:10:23","guid":{"rendered":"https:\/\/www.africa-press.net\/cotedivoire\/?p=10696"},"modified":"2021-07-31T19:08:27","modified_gmt":"2021-07-31T19:08:27","slug":"les-5-exigences-de-la-reconciliation-en-cote-divoire-verite-mea-culpa-sincerite-justice-reparation-des-torts","status":"publish","type":"post","link":"https:\/\/www.africa-press.net\/cotedivoire\/politique\/les-5-exigences-de-la-reconciliation-en-cote-divoire-verite-mea-culpa-sincerite-justice-reparation-des-torts","title":{"rendered":"Les 5 exigences de la r\u00e9conciliation en C\u00f4te-d\u2019Ivoire: V\u00e9rit\u00e9, m\u00e9a-culpa, sinc\u00e9rit\u00e9, justice, r\u00e9paration des torts\u2026"},"content":{"rendered":"<p><span style=\"color: #ff6600\"><strong><a href=\"https:\/\/www.africa-press.net\/\">Africa-Press<\/a> &#8211; <a href=\"https:\/\/www.africa-press.net\/cotedivoire\">C\u00f4te d&rsquo;Ivoire<\/a>. <\/strong><\/span>Suffira-t-il que les acteurs politiques se rencontrent et se parlent pour que toute la C\u00f4te d\u2019Ivoire soit r\u00e9concili\u00e9e ? Certains compatriotes le pensent sinc\u00e8rement mais c\u2019est une vision que je trouve simpliste, na\u00efve et erron\u00e9e car la r\u00e9conciliation est une affaire, non pas de 4 personnes (B\u00e9di\u00e9, Ouattara, Gbagbo et Soro), qui d\u2019ailleurs ont des comptes \u00e0 nous rendre \u00e0 cause du r\u00f4le que chacun d\u2019eux a jou\u00e9, mais de toute une nation. Cette nation, pour esp\u00e9rer regarder de nouveau dans la m\u00eame direction, doit imp\u00e9rativement honorer 5 exigences qui sont la v\u00e9rit\u00e9, la justice, la sinc\u00e9rit\u00e9, la reconnaissance des fautes et la r\u00e9paration des torts.<\/p>\n<p>La v\u00e9rit\u00e9<\/p>\n<p>Se r\u00e9concilier ne veut pas dire \u201cignorer ce qui a \u00e9t\u00e9 fait ou coller une \u00e9tiquette fausse sur un acte mauvais\u201d (Martin Luther King, \u2018La force d\u2019aimer\u2019, Casterman, 1965). Et Beno\u00eet XVI rench\u00e9rit en affirmant : \u201cC\u2019est l\u2019amour de la v\u00e9rit\u00e9 qui trace le chemin que toute justice humaine doit emprunter pour aboutir \u00e0 la restauration des liens de fraternit\u00e9 dans la famille humaine\u201d (cf. Beno\u00eet XVI, \u2018Africae munus\u2019, Exhortation apostolique post-synodale, novembre 2011, n. 18). Il s\u2019agit donc de conna\u00eetre la v\u00e9rit\u00e9 sur ce qui est arriv\u00e9 dans notre pays entre le 24 d\u00e9cembre 1999 et 2021, de permettre \u00e0 chacun de savoir qui a fait quoi au cours de cette p\u00e9riode, si les personnes qui ont d\u00e9fendu la R\u00e9publique attaqu\u00e9e sont aussi coupables que celles qui ont tu\u00e9, viol\u00e9 et braqu\u00e9 des banques, si on peut mettre dans le m\u00eame sac les souverainistes et ceux qui militaient pour la mise sous tutelle du pays. \u00c0 propos de \u201cqui a fait quoi ?\u201d, on ne regardera pas uniquement l\u2019int\u00e9rieur; il faudra aussi s\u2019int\u00e9resser aux gens qui sont \u00e0 l\u2019ext\u00e9rieur, aux parrains des seigneurs de guerre, aux manipulateurs, bref \u00e0 \u201cceux qui ont commandit\u00e9 les crimes et qui se livrent \u00e0 toutes sortes de trafics \u201d (cf. \u2018Africae munus\u2019, n. 22).<\/p>\n<p>La justice<\/p>\n<p>On est juste quand on sanctionne toutes les fautes commises. Or la justice, qui nous a \u00e9t\u00e9 servie jusqu\u2019ici, tant \u00e0 Abidjan qu\u2019\u00e0 la Haye, n\u2019a rien d\u2019une justice \u00e9quitable et impartiale puisqu\u2019elle n\u2019a jug\u00e9 qu\u2019un camp, celui de Laurent Gbagbo. La vraie justice devrait aller sur les traces de l\u2019autre camp afin que soient jug\u00e9s et condamn\u00e9s le cas \u00e9ch\u00e9ant ceux qui, dans ce camp-l\u00e0, se sont rendus coupables de graves violations des droits humains. Gbagbo n\u2019est pas J\u00e9sus qui, \u201c\u00e0 la croix, a tout pay\u00e9\u201d.Il n\u2019est pas juste qu\u2019il paie pour tous les crimes qu\u2019a connus notre pays entre 1999 et 2021.<\/p>\n<p>La sinc\u00e9rit\u00e9<\/p>\n<p>\u00catre sinc\u00e8re, c\u2019est vouloir la r\u00e9conciliation pour elle-m\u00eame, c\u2019est y aller sans arri\u00e8re-pens\u00e9e ou sans calculs. Le calculateur peut promettre une chose et faire l\u2019inverse. Il peut dire en son for int\u00e9rieur : \u201cJe vais battre ma coulpe et demander pardon pour tout le mal que j\u2019ai fait uniquement pour que les gens puissent me donner leurs voix \u00e0 la prochaine \u00e9lection\u201d. Un tel homme se servira de la r\u00e9conciliation comme d\u2019un moyen pour atteindre un objectif pr\u00e9cis. Bedie, Ouattara, Gue\u00ef et Gbagbo s\u2019\u00e9taient rencont\u00e9s \u00e0 Yamoussoukro le 22 janvier 2002. Si tous les participants \u00e0 cette rencontre avaient \u00e9t\u00e9 sinc\u00e8res, le pays n\u2019aurait pas \u00e9t\u00e9 attaqu\u00e9 8 mois apr\u00e8s la formation du gouvernement o\u00f9 \u00e9taient represent\u00e9s tous les partis politiques.<\/p>\n<p>La reconnaissance des fautes<\/p>\n<p>F\u00e9liciter publiquement les rebelles qui ont divis\u00e9 et endeuill\u00e9 le pays, les remercier d\u2019avoir pris les armes pour \u201crestaurer la d\u00e9mocratie et r\u00e9parer l\u2019injustice faite aux Nordistes\u201d, les promouvoir en les nommant ministres, g\u00e9n\u00e9raux ou pr\u00e9fets de r\u00e9gion, alors qu\u2019on avait au d\u00e9part ni\u00e9 tout lien avec eux est un vrai et grave mensonge. Un autre acteur a menti en se glorifiant d\u2019avoir sauv\u00e9 le pays de \u201cla tyrannie\u201d. Il va sans dire qu\u2019un pays ne peut se r\u00e9concilier avec les mensonges de ce genre. Ce qu\u2019il faut, ce n\u2019est pas que chaque acteur se lance dans des justifications sans t\u00eate ni queue, mais qu\u2019il puisse assumer ses actes en avouant le mal qu\u2019il a fait aux autres acteurs (promesses non tenues, tentatives de coups d\u2019\u00c9tat, coup d\u2018\u00c9tat, tentative d\u2019assassinat, etc.) et au pays. Pourquoi est-il important d\u2019admettre sa responsabilit\u00e9 dans les diff\u00e9rentes crises, de confesser ses fautes et de demander pardon ? Cela apaise la col\u00e8re des victimes, d\u00e9samorce toute envie de vengeance et fait baisser la tension dans le pays.<\/p>\n<p>La r\u00e9paration des torts<\/p>\n<p>La r\u00e9conciliation est impossible aussi longtemps que les coupables sont gros et dodus, un leurre aussi longtemps qu\u2019ils prosp\u00e8rent et se la coulent douce, une utopie ausssi longtemps qu\u2019ils ne font rien pour les victimes qui ont tout perdu et sont d\u00e9sormais aux prises avec une mis\u00e8re d\u00e9shumanisante. Elle est \u00ab une sinistre plaisanterie \u00bb et une vaste escroquerie si ceux qui ont fait du tort \u00e0 autrui (confiscation de maisons, de terrains, de v\u00e9hicules, etc.) et \u00e0 l\u2019\u00c9tat ne posent aucun acte de r\u00e9paration. Je propose donc que les indemnisations ne viennent pas uniquement de l\u2019\u00c9tat. Ceux qui se sont enrichis pendant les dix ann\u00e9es de crise en cassant des banques, en accaparant les biens d\u2019autrui ou en tirant profit de l\u2019exploitation de l\u2019or, du cacao, du caf\u00e9, du bois, du coton et des diamants doivent aussi mettre la main \u00e0 la poche. Ils doivent agir comme le chef des publicains Zach\u00e9e qui, transform\u00e9 par sa rencontre avec J\u00e9sus, promit de donner aux pauvres la moiti\u00e9 de ses biens et de rendre le quadruple aux personnes qu\u2019il avait l\u00e9s\u00e9es (Luc 19, 8).<\/p>\n<p>La reconnaissance des fautes et la r\u00e9paration des torts peuvent faciliter le pardon et la r\u00e9conciliation. Elles peuvent incliner telle ou telle victime \u00e0 faire la paix avec son bourreau. Je dis bien \u201ctelle ou telle victime\u201d car le pardon ne peut \u00eatre impos\u00e9 \u00e0 tout le monde. Chacun y va \u00e0 son rythme, l\u2019accorde quand il sent qu\u2019il est pr\u00eat \u00e0 le faire car toutes les victimes n\u2019ont pas connu les m\u00eames souffrances.<\/p>\n<p>Tous les crimes et atrocit\u00e9s seront-ils pardonn\u00e9s ? Ne subsistera-t-il pas ce que le philosophe Vladimir Jank\u00e9l\u00e9vitch (1903-1985) appelle \u00ab l\u2019impardonnable \u00bb(cf. \u2018L\u2019imprescriptible\u2019, Paris, \u00c9ditions le Pavillon, 1971) ? Les probl\u00e8mes de fond seront-ils r\u00e9gl\u00e9s par le Dialogue national pr\u00e9conis\u00e9 par l\u2019ex-pr\u00e9sident Henri Konan B\u00e9di\u00e9, s\u2019il a lieu ? L\u2019Am\u00e9ricain Rick Warren fait une distinction entre r\u00e9conciliation et r\u00e9solution. Pour lui, \u201cla r\u00e9conciliation met l\u2019accent sur la relation, tandis que la r\u00e9solution se concentre sur le probl\u00e8me\u201d. Il ajoute : \u201cLorsque nous nous concentrons sur la r\u00e9conciliation, le probl\u00e8me perd de son importance et devient souvent inutile. Nous pouvons r\u00e9tablir une relation, m\u00eame lorsque nous ne sommes pas en mesure de r\u00e9soudre nos diff\u00e9rends. Cela ne signifie pas que vous renoncez \u00e0 trouver une solution. Vous devrez peut-\u00eatre continuer \u00e0 discuter et m\u00eame \u00e0 d\u00e9battre, mais vous le faites dans un esprit d\u2019harmonie. La r\u00e9conciliation signifie que vous enterrez la hache de guerre, pas n\u00e9cessairement le probl\u00e8me.\u201d<\/p>\n<p>Nous avons commenc\u00e9 par dire que, si l\u2019on parle de r\u00e9conciliation nationale, c\u2019est pr\u00e9cis\u00e9ment parce que l\u2019affaire concerne toute la nation et non 4 ou 5 personnes. Nous avons ensuite montr\u00e9 que cette r\u00e9conciliation nationale, pour r\u00e9ussir, ne peut pas faire l\u2019\u00e9conomie de la v\u00e9rit\u00e9, de la justice, de la sinc\u00e9rit\u00e9, de la reconnaissance des fautes et de la r\u00e9paration des torts. Quoique n\u00e9cessaires, ces ingr\u00e9dients ne suffisent pas pour que la vie soit comme elle \u00e9tait avant 1990 car la r\u00e9conciliation, apr\u00e8s plusieurs crises d\u2019une violence inou\u00efe, prendra du temps et prendra son temps. C\u2019est un processus qui demande la patience et la pers\u00e9v\u00e9rance de ceux qui croient que la patrie rena\u00eetra plus forte et plus unie de ses blessures.<\/p>\n<p>&nbsp;<\/p>\n","protected":false},"excerpt":{"rendered":"<p>Africa-Press &#8211; C\u00f4te d&rsquo;Ivoire. Suffira-t-il que les acteurs politiques se rencontrent et se parlent pour que toute la C\u00f4te d\u2019Ivoire soit r\u00e9concili\u00e9e ? Certains compatriotes le pensent sinc\u00e8rement mais c\u2019est une vision que je trouve simpliste, na\u00efve et erron\u00e9e car la r\u00e9conciliation est une affaire, non pas de 4 personnes (B\u00e9di\u00e9, Ouattara, Gbagbo et Soro), [&hellip;]<\/p>\n","protected":false},"author":82,"featured_media":10695,"comment_status":"open","ping_status":"closed","sticky":false,"template":"","format":"standard","meta":{"footnotes":""},"categories":[11,2,20,10],"tags":[56,63,29],"class_list":["post-10696","post","type-post","status-publish","format-standard","has-post-thumbnail","hentry","category-homepage-french","category-politique","category-top-nouvelles","category-toutes-les-actualites","tag-africa-press","tag-africa-press-cote-divoire","tag-cote-divoire"],"yoast_head":"<!-- This site is optimized with the Yoast SEO Premium plugin v26.1 (Yoast SEO v27.0) - https:\/\/yoast.com\/product\/yoast-seo-premium-wordpress\/ -->\n<title>Les 5 exigences de la r\u00e9conciliation en C\u00f4te-d\u2019Ivoire: V\u00e9rit\u00e9, m\u00e9a-culpa, sinc\u00e9rit\u00e9, justice, r\u00e9paration des torts\u2026 - C\u00f4te d&#039;Ivoire<\/title>\n<meta name=\"description\" content=\"Suffira-t-il que les acteurs politiques se rencontrent et se parlent pour que toute la C\u00f4te d\u2019Ivoire soit r\u00e9concili\u00e9e ? ...\" \/>\n<meta name=\"robots\" content=\"index, follow, max-snippet:-1, max-image-preview:large, max-video-preview:-1\" \/>\n<link rel=\"canonical\" href=\"https:\/\/www.africa-press.net\/cotedivoire\/politique\/les-5-exigences-de-la-reconciliation-en-cote-divoire-verite-mea-culpa-sincerite-justice-reparation-des-torts\" \/>\n<meta property=\"og:locale\" content=\"fr_FR\" \/>\n<meta property=\"og:type\" content=\"article\" \/>\n<meta property=\"og:title\" content=\"Les 5 exigences de la r\u00e9conciliation en C\u00f4te-d\u2019Ivoire: V\u00e9rit\u00e9, m\u00e9a-culpa, sinc\u00e9rit\u00e9, justice, r\u00e9paration des torts\u2026\" \/>\n<meta property=\"og:description\" content=\"Suffira-t-il que les acteurs politiques se rencontrent et se parlent pour que toute la C\u00f4te d\u2019Ivoire soit r\u00e9concili\u00e9e ? ...\" \/>\n<meta property=\"og:url\" content=\"https:\/\/www.africa-press.net\/cotedivoire\/politique\/les-5-exigences-de-la-reconciliation-en-cote-divoire-verite-mea-culpa-sincerite-justice-reparation-des-torts\" \/>\n<meta property=\"og:site_name\" content=\"C\u00f4te d&#039;Ivoire\" \/>\n<meta property=\"article:published_time\" content=\"2021-07-31T13:10:23+00:00\" \/>\n<meta property=\"article:modified_time\" content=\"2021-07-31T19:08:27+00:00\" \/>\n<meta property=\"og:image\" content=\"https:\/\/static.africa-press.net\/cote\/sites\/43\/2021\/07\/img-61054779b0779.jpg\" \/>\n\t<meta property=\"og:image:width\" content=\"915\" \/>\n\t<meta property=\"og:image:height\" content=\"546\" \/>\n\t<meta property=\"og:image:type\" content=\"image\/jpeg\" \/>\n<meta name=\"author\" content=\"cfeditorfr\" \/>\n<meta name=\"twitter:card\" content=\"summary_large_image\" \/>\n<meta name=\"twitter:label1\" content=\"\u00c9crit par\" \/>\n\t<meta name=\"twitter:data1\" content=\"cfeditorfr\" \/>\n\t<meta name=\"twitter:label2\" content=\"Dur\u00e9e de lecture estim\u00e9e\" \/>\n\t<meta name=\"twitter:data2\" content=\"7 minutes\" \/>\n<script type=\"application\/ld+json\" class=\"yoast-schema-graph\">{\"@context\":\"https:\/\/schema.org\",\"@graph\":[{\"@type\":\"Article\",\"@id\":\"https:\/\/www.africa-press.net\/cotedivoire\/politique\/les-5-exigences-de-la-reconciliation-en-cote-divoire-verite-mea-culpa-sincerite-justice-reparation-des-torts#article\",\"isPartOf\":{\"@id\":\"https:\/\/www.africa-press.net\/cotedivoire\/politique\/les-5-exigences-de-la-reconciliation-en-cote-divoire-verite-mea-culpa-sincerite-justice-reparation-des-torts\"},\"author\":{\"name\":\"cfeditorfr\",\"@id\":\"https:\/\/www.africa-press.net\/cotedivoire\/#\/schema\/person\/2b1cf3cd81a31e3cd26889ca66d677f1\"},\"headline\":\"Les 5 exigences de la r\u00e9conciliation en C\u00f4te-d\u2019Ivoire: V\u00e9rit\u00e9, m\u00e9a-culpa, sinc\u00e9rit\u00e9, justice, r\u00e9paration des torts\u2026\",\"datePublished\":\"2021-07-31T13:10:23+00:00\",\"dateModified\":\"2021-07-31T19:08:27+00:00\",\"mainEntityOfPage\":{\"@id\":\"https:\/\/www.africa-press.net\/cotedivoire\/politique\/les-5-exigences-de-la-reconciliation-en-cote-divoire-verite-mea-culpa-sincerite-justice-reparation-des-torts\"},\"wordCount\":1425,\"commentCount\":0,\"image\":{\"@id\":\"https:\/\/www.africa-press.net\/cotedivoire\/politique\/les-5-exigences-de-la-reconciliation-en-cote-divoire-verite-mea-culpa-sincerite-justice-reparation-des-torts#primaryimage\"},\"thumbnailUrl\":\"https:\/\/static.africa-press.net\/cote\/sites\/43\/2021\/07\/img-61054779b0779.jpg\",\"keywords\":[\"Africa Press\",\"Africa Press-C\u00f4te d'Ivoire\",\"C\u00d4TE D'IVOIRE\"],\"articleSection\":[\"homepage-french\",\"Politique\",\"Top Nouvelles\",\"Toutes les actualit\u00e9s\"],\"inLanguage\":\"fr-FR\",\"potentialAction\":[{\"@type\":\"CommentAction\",\"name\":\"Comment\",\"target\":[\"https:\/\/www.africa-press.net\/cotedivoire\/politique\/les-5-exigences-de-la-reconciliation-en-cote-divoire-verite-mea-culpa-sincerite-justice-reparation-des-torts#respond\"]}]},{\"@type\":\"WebPage\",\"@id\":\"https:\/\/www.africa-press.net\/cotedivoire\/politique\/les-5-exigences-de-la-reconciliation-en-cote-divoire-verite-mea-culpa-sincerite-justice-reparation-des-torts\",\"url\":\"https:\/\/www.africa-press.net\/cotedivoire\/politique\/les-5-exigences-de-la-reconciliation-en-cote-divoire-verite-mea-culpa-sincerite-justice-reparation-des-torts\",\"name\":\"Les 5 exigences de la r\u00e9conciliation en C\u00f4te-d\u2019Ivoire: V\u00e9rit\u00e9, m\u00e9a-culpa, sinc\u00e9rit\u00e9, justice, r\u00e9paration des torts\u2026 - C\u00f4te d&#039;Ivoire\",\"isPartOf\":{\"@id\":\"https:\/\/www.africa-press.net\/cotedivoire\/#website\"},\"primaryImageOfPage\":{\"@id\":\"https:\/\/www.africa-press.net\/cotedivoire\/politique\/les-5-exigences-de-la-reconciliation-en-cote-divoire-verite-mea-culpa-sincerite-justice-reparation-des-torts#primaryimage\"},\"image\":{\"@id\":\"https:\/\/www.africa-press.net\/cotedivoire\/politique\/les-5-exigences-de-la-reconciliation-en-cote-divoire-verite-mea-culpa-sincerite-justice-reparation-des-torts#primaryimage\"},\"thumbnailUrl\":\"https:\/\/static.africa-press.net\/cote\/sites\/43\/2021\/07\/img-61054779b0779.jpg\",\"datePublished\":\"2021-07-31T13:10:23+00:00\",\"dateModified\":\"2021-07-31T19:08:27+00:00\",\"author\":{\"@id\":\"https:\/\/www.africa-press.net\/cotedivoire\/#\/schema\/person\/2b1cf3cd81a31e3cd26889ca66d677f1\"},\"description\":\"Suffira-t-il que les acteurs politiques se rencontrent et se parlent pour que toute la C\u00f4te d\u2019Ivoire soit r\u00e9concili\u00e9e ? ...\",\"breadcrumb\":{\"@id\":\"https:\/\/www.africa-press.net\/cotedivoire\/politique\/les-5-exigences-de-la-reconciliation-en-cote-divoire-verite-mea-culpa-sincerite-justice-reparation-des-torts#breadcrumb\"},\"inLanguage\":\"fr-FR\",\"potentialAction\":[{\"@type\":\"ReadAction\",\"target\":[\"https:\/\/www.africa-press.net\/cotedivoire\/politique\/les-5-exigences-de-la-reconciliation-en-cote-divoire-verite-mea-culpa-sincerite-justice-reparation-des-torts\"]}]},{\"@type\":\"ImageObject\",\"inLanguage\":\"fr-FR\",\"@id\":\"https:\/\/www.africa-press.net\/cotedivoire\/politique\/les-5-exigences-de-la-reconciliation-en-cote-divoire-verite-mea-culpa-sincerite-justice-reparation-des-torts#primaryimage\",\"url\":\"https:\/\/static.africa-press.net\/cote\/sites\/43\/2021\/07\/img-61054779b0779.jpg\",\"contentUrl\":\"https:\/\/static.africa-press.net\/cote\/sites\/43\/2021\/07\/img-61054779b0779.jpg\",\"width\":915,\"height\":546,\"caption\":\"Les 5 exigences de la r\u00e9conciliation en C\u00f4te-d\u2019Ivoire: V\u00e9rit\u00e9, m\u00e9a-culpa, sinc\u00e9rit\u00e9, justice, r\u00e9paration des torts\u2026\"},{\"@type\":\"BreadcrumbList\",\"@id\":\"https:\/\/www.africa-press.net\/cotedivoire\/politique\/les-5-exigences-de-la-reconciliation-en-cote-divoire-verite-mea-culpa-sincerite-justice-reparation-des-torts#breadcrumb\",\"itemListElement\":[{\"@type\":\"ListItem\",\"position\":1,\"name\":\"Accueil\",\"item\":\"https:\/\/www.africa-press.net\/cotedivoire\/\"},{\"@type\":\"ListItem\",\"position\":2,\"name\":\"Les 5 exigences de la r\u00e9conciliation en C\u00f4te-d\u2019Ivoire: V\u00e9rit\u00e9, m\u00e9a-culpa, sinc\u00e9rit\u00e9, justice, r\u00e9paration des torts\u2026\"}]},{\"@type\":\"WebSite\",\"@id\":\"https:\/\/www.africa-press.net\/cotedivoire\/#website\",\"url\":\"https:\/\/www.africa-press.net\/cotedivoire\/\",\"name\":\"C\u00f4te d&#039;Ivoire\",\"description\":\"Just another Africa News Agency Sites site\",\"potentialAction\":[{\"@type\":\"SearchAction\",\"target\":{\"@type\":\"EntryPoint\",\"urlTemplate\":\"https:\/\/www.africa-press.net\/cotedivoire\/?s={search_term_string}\"},\"query-input\":{\"@type\":\"PropertyValueSpecification\",\"valueRequired\":true,\"valueName\":\"search_term_string\"}}],\"inLanguage\":\"fr-FR\"},{\"@type\":\"Person\",\"@id\":\"https:\/\/www.africa-press.net\/cotedivoire\/#\/schema\/person\/2b1cf3cd81a31e3cd26889ca66d677f1\",\"name\":\"cfeditorfr\"}]}<\/script>\n<!-- \/ Yoast SEO Premium plugin. -->","yoast_head_json":{"title":"Les 5 exigences de la r\u00e9conciliation en C\u00f4te-d\u2019Ivoire: V\u00e9rit\u00e9, m\u00e9a-culpa, sinc\u00e9rit\u00e9, justice, r\u00e9paration des torts\u2026 - C\u00f4te d&#039;Ivoire","description":"Suffira-t-il que les acteurs politiques se rencontrent et se parlent pour que toute la C\u00f4te d\u2019Ivoire soit r\u00e9concili\u00e9e ? ...","robots":{"index":"index","follow":"follow","max-snippet":"max-snippet:-1","max-image-preview":"max-image-preview:large","max-video-preview":"max-video-preview:-1"},"canonical":"https:\/\/www.africa-press.net\/cotedivoire\/politique\/les-5-exigences-de-la-reconciliation-en-cote-divoire-verite-mea-culpa-sincerite-justice-reparation-des-torts","og_locale":"fr_FR","og_type":"article","og_title":"Les 5 exigences de la r\u00e9conciliation en C\u00f4te-d\u2019Ivoire: V\u00e9rit\u00e9, m\u00e9a-culpa, sinc\u00e9rit\u00e9, justice, r\u00e9paration des torts\u2026","og_description":"Suffira-t-il que les acteurs politiques se rencontrent et se parlent pour que toute la C\u00f4te d\u2019Ivoire soit r\u00e9concili\u00e9e ? ...","og_url":"https:\/\/www.africa-press.net\/cotedivoire\/politique\/les-5-exigences-de-la-reconciliation-en-cote-divoire-verite-mea-culpa-sincerite-justice-reparation-des-torts","og_site_name":"C\u00f4te d&#039;Ivoire","article_published_time":"2021-07-31T13:10:23+00:00","article_modified_time":"2021-07-31T19:08:27+00:00","og_image":[{"width":915,"height":546,"url":"https:\/\/static.africa-press.net\/cote\/sites\/43\/2021\/07\/img-61054779b0779.jpg","type":"image\/jpeg"}],"author":"cfeditorfr","twitter_card":"summary_large_image","twitter_misc":{"\u00c9crit par":"cfeditorfr","Dur\u00e9e de lecture estim\u00e9e":"7 minutes"},"schema":{"@context":"https:\/\/schema.org","@graph":[{"@type":"Article","@id":"https:\/\/www.africa-press.net\/cotedivoire\/politique\/les-5-exigences-de-la-reconciliation-en-cote-divoire-verite-mea-culpa-sincerite-justice-reparation-des-torts#article","isPartOf":{"@id":"https:\/\/www.africa-press.net\/cotedivoire\/politique\/les-5-exigences-de-la-reconciliation-en-cote-divoire-verite-mea-culpa-sincerite-justice-reparation-des-torts"},"author":{"name":"cfeditorfr","@id":"https:\/\/www.africa-press.net\/cotedivoire\/#\/schema\/person\/2b1cf3cd81a31e3cd26889ca66d677f1"},"headline":"Les 5 exigences de la r\u00e9conciliation en C\u00f4te-d\u2019Ivoire: V\u00e9rit\u00e9, m\u00e9a-culpa, sinc\u00e9rit\u00e9, justice, r\u00e9paration des torts\u2026","datePublished":"2021-07-31T13:10:23+00:00","dateModified":"2021-07-31T19:08:27+00:00","mainEntityOfPage":{"@id":"https:\/\/www.africa-press.net\/cotedivoire\/politique\/les-5-exigences-de-la-reconciliation-en-cote-divoire-verite-mea-culpa-sincerite-justice-reparation-des-torts"},"wordCount":1425,"commentCount":0,"image":{"@id":"https:\/\/www.africa-press.net\/cotedivoire\/politique\/les-5-exigences-de-la-reconciliation-en-cote-divoire-verite-mea-culpa-sincerite-justice-reparation-des-torts#primaryimage"},"thumbnailUrl":"https:\/\/static.africa-press.net\/cote\/sites\/43\/2021\/07\/img-61054779b0779.jpg","keywords":["Africa Press","Africa Press-C\u00f4te d'Ivoire","C\u00d4TE D'IVOIRE"],"articleSection":["homepage-french","Politique","Top Nouvelles","Toutes les actualit\u00e9s"],"inLanguage":"fr-FR","potentialAction":[{"@type":"CommentAction","name":"Comment","target":["https:\/\/www.africa-press.net\/cotedivoire\/politique\/les-5-exigences-de-la-reconciliation-en-cote-divoire-verite-mea-culpa-sincerite-justice-reparation-des-torts#respond"]}]},{"@type":"WebPage","@id":"https:\/\/www.africa-press.net\/cotedivoire\/politique\/les-5-exigences-de-la-reconciliation-en-cote-divoire-verite-mea-culpa-sincerite-justice-reparation-des-torts","url":"https:\/\/www.africa-press.net\/cotedivoire\/politique\/les-5-exigences-de-la-reconciliation-en-cote-divoire-verite-mea-culpa-sincerite-justice-reparation-des-torts","name":"Les 5 exigences de la r\u00e9conciliation en C\u00f4te-d\u2019Ivoire: V\u00e9rit\u00e9, m\u00e9a-culpa, sinc\u00e9rit\u00e9, justice, r\u00e9paration des torts\u2026 - C\u00f4te d&#039;Ivoire","isPartOf":{"@id":"https:\/\/www.africa-press.net\/cotedivoire\/#website"},"primaryImageOfPage":{"@id":"https:\/\/www.africa-press.net\/cotedivoire\/politique\/les-5-exigences-de-la-reconciliation-en-cote-divoire-verite-mea-culpa-sincerite-justice-reparation-des-torts#primaryimage"},"image":{"@id":"https:\/\/www.africa-press.net\/cotedivoire\/politique\/les-5-exigences-de-la-reconciliation-en-cote-divoire-verite-mea-culpa-sincerite-justice-reparation-des-torts#primaryimage"},"thumbnailUrl":"https:\/\/static.africa-press.net\/cote\/sites\/43\/2021\/07\/img-61054779b0779.jpg","datePublished":"2021-07-31T13:10:23+00:00","dateModified":"2021-07-31T19:08:27+00:00","author":{"@id":"https:\/\/www.africa-press.net\/cotedivoire\/#\/schema\/person\/2b1cf3cd81a31e3cd26889ca66d677f1"},"description":"Suffira-t-il que les acteurs politiques se rencontrent et se parlent pour que toute la C\u00f4te d\u2019Ivoire soit r\u00e9concili\u00e9e ? ...","breadcrumb":{"@id":"https:\/\/www.africa-press.net\/cotedivoire\/politique\/les-5-exigences-de-la-reconciliation-en-cote-divoire-verite-mea-culpa-sincerite-justice-reparation-des-torts#breadcrumb"},"inLanguage":"fr-FR","potentialAction":[{"@type":"ReadAction","target":["https:\/\/www.africa-press.net\/cotedivoire\/politique\/les-5-exigences-de-la-reconciliation-en-cote-divoire-verite-mea-culpa-sincerite-justice-reparation-des-torts"]}]},{"@type":"ImageObject","inLanguage":"fr-FR","@id":"https:\/\/www.africa-press.net\/cotedivoire\/politique\/les-5-exigences-de-la-reconciliation-en-cote-divoire-verite-mea-culpa-sincerite-justice-reparation-des-torts#primaryimage","url":"https:\/\/static.africa-press.net\/cote\/sites\/43\/2021\/07\/img-61054779b0779.jpg","contentUrl":"https:\/\/static.africa-press.net\/cote\/sites\/43\/2021\/07\/img-61054779b0779.jpg","width":915,"height":546,"caption":"Les 5 exigences de la r\u00e9conciliation en C\u00f4te-d\u2019Ivoire: V\u00e9rit\u00e9, m\u00e9a-culpa, sinc\u00e9rit\u00e9, justice, r\u00e9paration des torts\u2026"},{"@type":"BreadcrumbList","@id":"https:\/\/www.africa-press.net\/cotedivoire\/politique\/les-5-exigences-de-la-reconciliation-en-cote-divoire-verite-mea-culpa-sincerite-justice-reparation-des-torts#breadcrumb","itemListElement":[{"@type":"ListItem","position":1,"name":"Accueil","item":"https:\/\/www.africa-press.net\/cotedivoire\/"},{"@type":"ListItem","position":2,"name":"Les 5 exigences de la r\u00e9conciliation en C\u00f4te-d\u2019Ivoire: V\u00e9rit\u00e9, m\u00e9a-culpa, sinc\u00e9rit\u00e9, justice, r\u00e9paration des torts\u2026"}]},{"@type":"WebSite","@id":"https:\/\/www.africa-press.net\/cotedivoire\/#website","url":"https:\/\/www.africa-press.net\/cotedivoire\/","name":"C\u00f4te d&#039;Ivoire","description":"Just another Africa News Agency Sites site","potentialAction":[{"@type":"SearchAction","target":{"@type":"EntryPoint","urlTemplate":"https:\/\/www.africa-press.net\/cotedivoire\/?s={search_term_string}"},"query-input":{"@type":"PropertyValueSpecification","valueRequired":true,"valueName":"search_term_string"}}],"inLanguage":"fr-FR"},{"@type":"Person","@id":"https:\/\/www.africa-press.net\/cotedivoire\/#\/schema\/person\/2b1cf3cd81a31e3cd26889ca66d677f1","name":"cfeditorfr"}]}},"_links":{"self":[{"href":"https:\/\/www.africa-press.net\/cotedivoire\/wp-json\/wp\/v2\/posts\/10696","targetHints":{"allow":["GET"]}}],"collection":[{"href":"https:\/\/www.africa-press.net\/cotedivoire\/wp-json\/wp\/v2\/posts"}],"about":[{"href":"https:\/\/www.africa-press.net\/cotedivoire\/wp-json\/wp\/v2\/types\/post"}],"author":[{"embeddable":true,"href":"https:\/\/www.africa-press.net\/cotedivoire\/wp-json\/wp\/v2\/users\/82"}],"replies":[{"embeddable":true,"href":"https:\/\/www.africa-press.net\/cotedivoire\/wp-json\/wp\/v2\/comments?post=10696"}],"version-history":[{"count":0,"href":"https:\/\/www.africa-press.net\/cotedivoire\/wp-json\/wp\/v2\/posts\/10696\/revisions"}],"wp:featuredmedia":[{"embeddable":true,"href":"https:\/\/www.africa-press.net\/cotedivoire\/wp-json\/wp\/v2\/media\/10695"}],"wp:attachment":[{"href":"https:\/\/www.africa-press.net\/cotedivoire\/wp-json\/wp\/v2\/media?parent=10696"}],"wp:term":[{"taxonomy":"category","embeddable":true,"href":"https:\/\/www.africa-press.net\/cotedivoire\/wp-json\/wp\/v2\/categories?post=10696"},{"taxonomy":"post_tag","embeddable":true,"href":"https:\/\/www.africa-press.net\/cotedivoire\/wp-json\/wp\/v2\/tags?post=10696"}],"curies":[{"name":"wp","href":"https:\/\/api.w.org\/{rel}","templated":true}]}}