{"id":106965,"date":"2025-10-17T16:55:59","date_gmt":"2025-10-17T16:55:59","guid":{"rendered":"https:\/\/www.africa-press.net\/cotedivoire\/politique\/henriette-lagou-aux-electeurs-de-bouake-sur-la-pauvrete"},"modified":"2025-10-17T17:31:58","modified_gmt":"2025-10-17T17:31:58","slug":"henriette-lagou-aux-electeurs-de-bouake-sur-la-pauvrete","status":"publish","type":"post","link":"https:\/\/www.africa-press.net\/cotedivoire\/politique\/henriette-lagou-aux-electeurs-de-bouake-sur-la-pauvrete","title":{"rendered":"Henriette Lagou aux \u00e9lecteurs de Bouak\u00e9 sur la pauvret\u00e9"},"content":{"rendered":"<p><span style=\"color: #ff6600\"><strong>Africa-Press &#8211; C\u00f4te d&rsquo;Ivoire. <\/strong><\/span>Ex-ministre de la Famille et des Affaires sociales, Henriette Lagou Adjoua, pre\u0301sidente du Groupement des partenaires Politiques pour la Paix (GP-PAIX) qui tente pour une seconde fois de briguer la magistrature supre\u0302me, a de\u0301voile\u0301 ce jeudi 16 octobre 2025, lors d&rsquo;un meeting organise\u0301 sur la place publique au quartier Ahougnanssou-Cha\u0302teau a\u0300 Bouake\u0301, capitale de la re\u0301gion de Gbe\u0302ke\u0302, face aux e\u0301lecteurs, les axes majeurs de son projet de socie\u0301te\u0301 baptise\u0301 \u00ab\u00a0La Co\u0302te d\u2019Ivoire des valeurs\u00a0\u00bb.<\/p>\n<p>Pre\u0301sente\u0301e comme \u00ab Abla Pokou 2, la femme des situations \u00bb par Ame\u0301de\u0301e Dje\u0301, coordonnateur re\u0301gional de son parti, la candidate du GP-PAIX a place\u0301 la Paix et la re\u0301conciliation nationale au c\u0153ur de son discours. \u00ab J\u2019ai pre\u0301vu en premie\u0300re ligne la paix. Dieu a bien fait les choses: sur le bulletin de vote, je suis au milieu, parce que je n\u2019aime pas les palabres. Donnez-moi le pouvoir pour que je se\u0301pare les camps et que la paix revienne de\u0301finitivement en Co\u0302te d\u2019Ivoire \u00bb, a-t-elle de\u0301clare\u0301.<\/p>\n<p>Henriette Lagou a plaide\u0301 pour une e\u0301conomie inclusive et e\u0301quitable, ouverte a\u0300 toutes les cate\u0301gories sociales. \u00ab Il faut que les jeunes, les femmes et les populations rurales participent a\u0300 la cre\u0301ation des richesses. Il n\u2019y a pas de raison qu\u2019il y ait beaucoup de pauvres et peu de riches&#8230;\u00bb a-t-elle de\u0301plore\u0301.<\/p>\n<p>\u00ab Donnez le pouvoir aux femmes pour voir comment elles vont ge\u0301rer. Je suis votre s\u0153ur, ancre\u0301e dans la tradition, a\u0300 l\u2019e\u0301coute du peuple. Ensemble, faisons de notre pays une Co\u0302te d\u2019Ivoire de valeurs. \u00bb a conclu celle-la\u0300 me\u0302me qui reste la premie\u0300re femme candidate a\u0300 une e\u0301lection pre\u0301sidentielle en Co\u0302te d\u2019Ivoire en 2015 avec 0,89 % des voix obtenues au terme de ce scrutin.<\/p>\n<p><strong>Pour plus d&rsquo;informations et d&rsquo;analyses sur la <span style=\"color: #ff6600\">C\u00f4te d&rsquo;Ivoire<\/span>, suivez <span style=\"color: #ff6600\">Africa-Press<\/span><\/strong><\/p>\n","protected":false},"excerpt":{"rendered":"<p>Africa-Press &#8211; C\u00f4te d&rsquo;Ivoire. Ex-ministre de la Famille et des Affaires sociales, Henriette Lagou Adjoua, pre\u0301sidente du Groupement des partenaires Politiques pour la Paix (GP-PAIX) qui tente pour une seconde fois de briguer la magistrature supre\u0302me, a de\u0301voile\u0301 ce jeudi 16 octobre 2025, lors d&rsquo;un meeting organise\u0301 sur la place publique au quartier Ahougnanssou-Cha\u0302teau a\u0300 [&hellip;]<\/p>\n","protected":false},"author":82,"featured_media":106964,"comment_status":"open","ping_status":"closed","sticky":false,"template":"","format":"standard","meta":{"footnotes":""},"categories":[2,10],"tags":[366,29,8111,17735,17734,600],"class_list":["post-106965","post","type-post","status-publish","format-standard","has-post-thumbnail","hentry","category-politique","category-toutes-les-actualites","tag-bouake","tag-cote-divoire","tag-electeurs","tag-gp-paix","tag-henriette-lagou","tag-paix"],"yoast_head":"<!-- This site is optimized with the Yoast SEO Premium plugin v26.1 (Yoast SEO v27.0) - https:\/\/yoast.com\/product\/yoast-seo-premium-wordpress\/ -->\n<title>Henriette Lagou aux \u00e9lecteurs de Bouak\u00e9 sur la pauvret\u00e9 - C\u00f4te d&#039;Ivoire<\/title>\n<meta name=\"description\" content=\"Ex-ministre de la Famille et des Affaires sociales, Henriette Lagou Adjoua, pre\u0301sidente du Groupement des partenaires Po ...\" \/>\n<meta name=\"robots\" content=\"index, follow, max-snippet:-1, max-image-preview:large, max-video-preview:-1\" \/>\n<link rel=\"canonical\" href=\"https:\/\/www.africa-press.net\/cotedivoire\/politique\/henriette-lagou-aux-electeurs-de-bouake-sur-la-pauvrete\" \/>\n<meta property=\"og:locale\" content=\"fr_FR\" \/>\n<meta property=\"og:type\" content=\"article\" \/>\n<meta property=\"og:title\" content=\"Henriette Lagou aux \u00e9lecteurs de Bouak\u00e9 sur la pauvret\u00e9\" \/>\n<meta property=\"og:description\" content=\"Ex-ministre de la Famille et des Affaires sociales, Henriette Lagou Adjoua, pre\u0301sidente du Groupement des partenaires Po ...\" \/>\n<meta property=\"og:url\" content=\"https:\/\/www.africa-press.net\/cotedivoire\/politique\/henriette-lagou-aux-electeurs-de-bouake-sur-la-pauvrete\" \/>\n<meta property=\"og:site_name\" content=\"C\u00f4te d&#039;Ivoire\" \/>\n<meta property=\"article:published_time\" content=\"2025-10-17T16:55:59+00:00\" \/>\n<meta property=\"article:modified_time\" content=\"2025-10-17T17:31:58+00:00\" \/>\n<meta property=\"og:image\" content=\"https:\/\/static.africa-press.net\/cote\/sites\/43\/2025\/10\/sm_1760709694.041855.jpg\" \/>\n\t<meta property=\"og:image:width\" content=\"720\" \/>\n\t<meta property=\"og:image:height\" content=\"516\" \/>\n\t<meta property=\"og:image:type\" content=\"image\/jpeg\" \/>\n<meta name=\"author\" content=\"cfeditorfr\" \/>\n<meta name=\"twitter:card\" content=\"summary_large_image\" \/>\n<meta name=\"twitter:label1\" content=\"\u00c9crit par\" \/>\n\t<meta name=\"twitter:data1\" content=\"cfeditorfr\" \/>\n\t<meta name=\"twitter:label2\" content=\"Dur\u00e9e de lecture estim\u00e9e\" \/>\n\t<meta name=\"twitter:data2\" content=\"2 minutes\" \/>\n<script type=\"application\/ld+json\" class=\"yoast-schema-graph\">{\"@context\":\"https:\/\/schema.org\",\"@graph\":[{\"@type\":\"Article\",\"@id\":\"https:\/\/www.africa-press.net\/cotedivoire\/politique\/henriette-lagou-aux-electeurs-de-bouake-sur-la-pauvrete#article\",\"isPartOf\":{\"@id\":\"https:\/\/www.africa-press.net\/cotedivoire\/politique\/henriette-lagou-aux-electeurs-de-bouake-sur-la-pauvrete\"},\"author\":{\"name\":\"cfeditorfr\",\"@id\":\"https:\/\/www.africa-press.net\/cotedivoire\/#\/schema\/person\/2b1cf3cd81a31e3cd26889ca66d677f1\"},\"headline\":\"Henriette Lagou aux \u00e9lecteurs de Bouak\u00e9 sur la pauvret\u00e9\",\"datePublished\":\"2025-10-17T16:55:59+00:00\",\"dateModified\":\"2025-10-17T17:31:58+00:00\",\"mainEntityOfPage\":{\"@id\":\"https:\/\/www.africa-press.net\/cotedivoire\/politique\/henriette-lagou-aux-electeurs-de-bouake-sur-la-pauvrete\"},\"wordCount\":343,\"commentCount\":0,\"image\":{\"@id\":\"https:\/\/www.africa-press.net\/cotedivoire\/politique\/henriette-lagou-aux-electeurs-de-bouake-sur-la-pauvrete#primaryimage\"},\"thumbnailUrl\":\"https:\/\/static.africa-press.net\/cote\/sites\/43\/2025\/10\/sm_1760709694.041855.jpg\",\"keywords\":[\"Bouak\u00e9\",\"C\u00d4TE D'IVOIRE\",\"\u00e9lecteurs\",\"GP-PAIX\",\"Henriette Lagou\",\"paix\"],\"articleSection\":[\"Politique\",\"Toutes les actualit\u00e9s\"],\"inLanguage\":\"fr-FR\",\"potentialAction\":[{\"@type\":\"CommentAction\",\"name\":\"Comment\",\"target\":[\"https:\/\/www.africa-press.net\/cotedivoire\/politique\/henriette-lagou-aux-electeurs-de-bouake-sur-la-pauvrete#respond\"]}]},{\"@type\":\"WebPage\",\"@id\":\"https:\/\/www.africa-press.net\/cotedivoire\/politique\/henriette-lagou-aux-electeurs-de-bouake-sur-la-pauvrete\",\"url\":\"https:\/\/www.africa-press.net\/cotedivoire\/politique\/henriette-lagou-aux-electeurs-de-bouake-sur-la-pauvrete\",\"name\":\"Henriette Lagou aux \u00e9lecteurs de Bouak\u00e9 sur la pauvret\u00e9 - C\u00f4te d&#039;Ivoire\",\"isPartOf\":{\"@id\":\"https:\/\/www.africa-press.net\/cotedivoire\/#website\"},\"primaryImageOfPage\":{\"@id\":\"https:\/\/www.africa-press.net\/cotedivoire\/politique\/henriette-lagou-aux-electeurs-de-bouake-sur-la-pauvrete#primaryimage\"},\"image\":{\"@id\":\"https:\/\/www.africa-press.net\/cotedivoire\/politique\/henriette-lagou-aux-electeurs-de-bouake-sur-la-pauvrete#primaryimage\"},\"thumbnailUrl\":\"https:\/\/static.africa-press.net\/cote\/sites\/43\/2025\/10\/sm_1760709694.041855.jpg\",\"datePublished\":\"2025-10-17T16:55:59+00:00\",\"dateModified\":\"2025-10-17T17:31:58+00:00\",\"author\":{\"@id\":\"https:\/\/www.africa-press.net\/cotedivoire\/#\/schema\/person\/2b1cf3cd81a31e3cd26889ca66d677f1\"},\"description\":\"Ex-ministre de la Famille et des Affaires sociales, Henriette Lagou Adjoua, pre\u0301sidente du Groupement des partenaires Po ...\",\"breadcrumb\":{\"@id\":\"https:\/\/www.africa-press.net\/cotedivoire\/politique\/henriette-lagou-aux-electeurs-de-bouake-sur-la-pauvrete#breadcrumb\"},\"inLanguage\":\"fr-FR\",\"potentialAction\":[{\"@type\":\"ReadAction\",\"target\":[\"https:\/\/www.africa-press.net\/cotedivoire\/politique\/henriette-lagou-aux-electeurs-de-bouake-sur-la-pauvrete\"]}]},{\"@type\":\"ImageObject\",\"inLanguage\":\"fr-FR\",\"@id\":\"https:\/\/www.africa-press.net\/cotedivoire\/politique\/henriette-lagou-aux-electeurs-de-bouake-sur-la-pauvrete#primaryimage\",\"url\":\"https:\/\/static.africa-press.net\/cote\/sites\/43\/2025\/10\/sm_1760709694.041855.jpg\",\"contentUrl\":\"https:\/\/static.africa-press.net\/cote\/sites\/43\/2025\/10\/sm_1760709694.041855.jpg\",\"width\":720,\"height\":516,\"caption\":\"Henriette Lagou aux \u00e9lecteurs de Bouak\u00e9 sur la pauvret\u00e9\"},{\"@type\":\"BreadcrumbList\",\"@id\":\"https:\/\/www.africa-press.net\/cotedivoire\/politique\/henriette-lagou-aux-electeurs-de-bouake-sur-la-pauvrete#breadcrumb\",\"itemListElement\":[{\"@type\":\"ListItem\",\"position\":1,\"name\":\"Accueil\",\"item\":\"https:\/\/www.africa-press.net\/cotedivoire\/\"},{\"@type\":\"ListItem\",\"position\":2,\"name\":\"Henriette Lagou aux \u00e9lecteurs de Bouak\u00e9 sur la pauvret\u00e9\"}]},{\"@type\":\"WebSite\",\"@id\":\"https:\/\/www.africa-press.net\/cotedivoire\/#website\",\"url\":\"https:\/\/www.africa-press.net\/cotedivoire\/\",\"name\":\"C\u00f4te d&#039;Ivoire\",\"description\":\"Just another Africa News Agency Sites site\",\"potentialAction\":[{\"@type\":\"SearchAction\",\"target\":{\"@type\":\"EntryPoint\",\"urlTemplate\":\"https:\/\/www.africa-press.net\/cotedivoire\/?s={search_term_string}\"},\"query-input\":{\"@type\":\"PropertyValueSpecification\",\"valueRequired\":true,\"valueName\":\"search_term_string\"}}],\"inLanguage\":\"fr-FR\"},{\"@type\":\"Person\",\"@id\":\"https:\/\/www.africa-press.net\/cotedivoire\/#\/schema\/person\/2b1cf3cd81a31e3cd26889ca66d677f1\",\"name\":\"cfeditorfr\"}]}<\/script>\n<!-- \/ Yoast SEO Premium plugin. -->","yoast_head_json":{"title":"Henriette Lagou aux \u00e9lecteurs de Bouak\u00e9 sur la pauvret\u00e9 - C\u00f4te d&#039;Ivoire","description":"Ex-ministre de la Famille et des Affaires sociales, Henriette Lagou Adjoua, pre\u0301sidente du Groupement des partenaires Po ...","robots":{"index":"index","follow":"follow","max-snippet":"max-snippet:-1","max-image-preview":"max-image-preview:large","max-video-preview":"max-video-preview:-1"},"canonical":"https:\/\/www.africa-press.net\/cotedivoire\/politique\/henriette-lagou-aux-electeurs-de-bouake-sur-la-pauvrete","og_locale":"fr_FR","og_type":"article","og_title":"Henriette Lagou aux \u00e9lecteurs de Bouak\u00e9 sur la pauvret\u00e9","og_description":"Ex-ministre de la Famille et des Affaires sociales, Henriette Lagou Adjoua, pre\u0301sidente du Groupement des partenaires Po ...","og_url":"https:\/\/www.africa-press.net\/cotedivoire\/politique\/henriette-lagou-aux-electeurs-de-bouake-sur-la-pauvrete","og_site_name":"C\u00f4te d&#039;Ivoire","article_published_time":"2025-10-17T16:55:59+00:00","article_modified_time":"2025-10-17T17:31:58+00:00","og_image":[{"width":720,"height":516,"url":"https:\/\/static.africa-press.net\/cote\/sites\/43\/2025\/10\/sm_1760709694.041855.jpg","type":"image\/jpeg"}],"author":"cfeditorfr","twitter_card":"summary_large_image","twitter_misc":{"\u00c9crit par":"cfeditorfr","Dur\u00e9e de lecture estim\u00e9e":"2 minutes"},"schema":{"@context":"https:\/\/schema.org","@graph":[{"@type":"Article","@id":"https:\/\/www.africa-press.net\/cotedivoire\/politique\/henriette-lagou-aux-electeurs-de-bouake-sur-la-pauvrete#article","isPartOf":{"@id":"https:\/\/www.africa-press.net\/cotedivoire\/politique\/henriette-lagou-aux-electeurs-de-bouake-sur-la-pauvrete"},"author":{"name":"cfeditorfr","@id":"https:\/\/www.africa-press.net\/cotedivoire\/#\/schema\/person\/2b1cf3cd81a31e3cd26889ca66d677f1"},"headline":"Henriette Lagou aux \u00e9lecteurs de Bouak\u00e9 sur la pauvret\u00e9","datePublished":"2025-10-17T16:55:59+00:00","dateModified":"2025-10-17T17:31:58+00:00","mainEntityOfPage":{"@id":"https:\/\/www.africa-press.net\/cotedivoire\/politique\/henriette-lagou-aux-electeurs-de-bouake-sur-la-pauvrete"},"wordCount":343,"commentCount":0,"image":{"@id":"https:\/\/www.africa-press.net\/cotedivoire\/politique\/henriette-lagou-aux-electeurs-de-bouake-sur-la-pauvrete#primaryimage"},"thumbnailUrl":"https:\/\/static.africa-press.net\/cote\/sites\/43\/2025\/10\/sm_1760709694.041855.jpg","keywords":["Bouak\u00e9","C\u00d4TE D'IVOIRE","\u00e9lecteurs","GP-PAIX","Henriette Lagou","paix"],"articleSection":["Politique","Toutes les actualit\u00e9s"],"inLanguage":"fr-FR","potentialAction":[{"@type":"CommentAction","name":"Comment","target":["https:\/\/www.africa-press.net\/cotedivoire\/politique\/henriette-lagou-aux-electeurs-de-bouake-sur-la-pauvrete#respond"]}]},{"@type":"WebPage","@id":"https:\/\/www.africa-press.net\/cotedivoire\/politique\/henriette-lagou-aux-electeurs-de-bouake-sur-la-pauvrete","url":"https:\/\/www.africa-press.net\/cotedivoire\/politique\/henriette-lagou-aux-electeurs-de-bouake-sur-la-pauvrete","name":"Henriette Lagou aux \u00e9lecteurs de Bouak\u00e9 sur la pauvret\u00e9 - C\u00f4te d&#039;Ivoire","isPartOf":{"@id":"https:\/\/www.africa-press.net\/cotedivoire\/#website"},"primaryImageOfPage":{"@id":"https:\/\/www.africa-press.net\/cotedivoire\/politique\/henriette-lagou-aux-electeurs-de-bouake-sur-la-pauvrete#primaryimage"},"image":{"@id":"https:\/\/www.africa-press.net\/cotedivoire\/politique\/henriette-lagou-aux-electeurs-de-bouake-sur-la-pauvrete#primaryimage"},"thumbnailUrl":"https:\/\/static.africa-press.net\/cote\/sites\/43\/2025\/10\/sm_1760709694.041855.jpg","datePublished":"2025-10-17T16:55:59+00:00","dateModified":"2025-10-17T17:31:58+00:00","author":{"@id":"https:\/\/www.africa-press.net\/cotedivoire\/#\/schema\/person\/2b1cf3cd81a31e3cd26889ca66d677f1"},"description":"Ex-ministre de la Famille et des Affaires sociales, Henriette Lagou Adjoua, pre\u0301sidente du Groupement des partenaires Po ...","breadcrumb":{"@id":"https:\/\/www.africa-press.net\/cotedivoire\/politique\/henriette-lagou-aux-electeurs-de-bouake-sur-la-pauvrete#breadcrumb"},"inLanguage":"fr-FR","potentialAction":[{"@type":"ReadAction","target":["https:\/\/www.africa-press.net\/cotedivoire\/politique\/henriette-lagou-aux-electeurs-de-bouake-sur-la-pauvrete"]}]},{"@type":"ImageObject","inLanguage":"fr-FR","@id":"https:\/\/www.africa-press.net\/cotedivoire\/politique\/henriette-lagou-aux-electeurs-de-bouake-sur-la-pauvrete#primaryimage","url":"https:\/\/static.africa-press.net\/cote\/sites\/43\/2025\/10\/sm_1760709694.041855.jpg","contentUrl":"https:\/\/static.africa-press.net\/cote\/sites\/43\/2025\/10\/sm_1760709694.041855.jpg","width":720,"height":516,"caption":"Henriette Lagou aux \u00e9lecteurs de Bouak\u00e9 sur la pauvret\u00e9"},{"@type":"BreadcrumbList","@id":"https:\/\/www.africa-press.net\/cotedivoire\/politique\/henriette-lagou-aux-electeurs-de-bouake-sur-la-pauvrete#breadcrumb","itemListElement":[{"@type":"ListItem","position":1,"name":"Accueil","item":"https:\/\/www.africa-press.net\/cotedivoire\/"},{"@type":"ListItem","position":2,"name":"Henriette Lagou aux \u00e9lecteurs de Bouak\u00e9 sur la pauvret\u00e9"}]},{"@type":"WebSite","@id":"https:\/\/www.africa-press.net\/cotedivoire\/#website","url":"https:\/\/www.africa-press.net\/cotedivoire\/","name":"C\u00f4te d&#039;Ivoire","description":"Just another Africa News Agency Sites site","potentialAction":[{"@type":"SearchAction","target":{"@type":"EntryPoint","urlTemplate":"https:\/\/www.africa-press.net\/cotedivoire\/?s={search_term_string}"},"query-input":{"@type":"PropertyValueSpecification","valueRequired":true,"valueName":"search_term_string"}}],"inLanguage":"fr-FR"},{"@type":"Person","@id":"https:\/\/www.africa-press.net\/cotedivoire\/#\/schema\/person\/2b1cf3cd81a31e3cd26889ca66d677f1","name":"cfeditorfr"}]}},"_links":{"self":[{"href":"https:\/\/www.africa-press.net\/cotedivoire\/wp-json\/wp\/v2\/posts\/106965","targetHints":{"allow":["GET"]}}],"collection":[{"href":"https:\/\/www.africa-press.net\/cotedivoire\/wp-json\/wp\/v2\/posts"}],"about":[{"href":"https:\/\/www.africa-press.net\/cotedivoire\/wp-json\/wp\/v2\/types\/post"}],"author":[{"embeddable":true,"href":"https:\/\/www.africa-press.net\/cotedivoire\/wp-json\/wp\/v2\/users\/82"}],"replies":[{"embeddable":true,"href":"https:\/\/www.africa-press.net\/cotedivoire\/wp-json\/wp\/v2\/comments?post=106965"}],"version-history":[{"count":0,"href":"https:\/\/www.africa-press.net\/cotedivoire\/wp-json\/wp\/v2\/posts\/106965\/revisions"}],"wp:featuredmedia":[{"embeddable":true,"href":"https:\/\/www.africa-press.net\/cotedivoire\/wp-json\/wp\/v2\/media\/106964"}],"wp:attachment":[{"href":"https:\/\/www.africa-press.net\/cotedivoire\/wp-json\/wp\/v2\/media?parent=106965"}],"wp:term":[{"taxonomy":"category","embeddable":true,"href":"https:\/\/www.africa-press.net\/cotedivoire\/wp-json\/wp\/v2\/categories?post=106965"},{"taxonomy":"post_tag","embeddable":true,"href":"https:\/\/www.africa-press.net\/cotedivoire\/wp-json\/wp\/v2\/tags?post=106965"}],"curies":[{"name":"wp","href":"https:\/\/api.w.org\/{rel}","templated":true}]}}