{"id":106971,"date":"2025-10-17T16:56:52","date_gmt":"2025-10-17T16:56:52","guid":{"rendered":"https:\/\/www.africa-press.net\/cotedivoire\/politique\/reformes-de-ouattara-et-impact-sur-le-secteur-prive"},"modified":"2025-10-17T17:32:27","modified_gmt":"2025-10-17T17:32:27","slug":"reformes-de-ouattara-et-impact-sur-le-secteur-prive","status":"publish","type":"post","link":"https:\/\/www.africa-press.net\/cotedivoire\/politique\/reformes-de-ouattara-et-impact-sur-le-secteur-prive","title":{"rendered":"R\u00e9formes de Ouattara et Impact sur le Secteur Priv\u00e9"},"content":{"rendered":"<p><span style=\"color: #ff6600\"><strong>Africa-Press &#8211; C\u00f4te d&rsquo;Ivoire. <\/strong><\/span>Avec une e\u0301loquence mai\u0302trise\u0301e et une pe\u0301dagogie limpide, l\u2019Honorable Marcel Zinsou, de\u0301pute\u0301 d\u2019Aboisso et vice-pre\u0301sident du Mouvement des Partisans Engage\u0301s pour ADO (PE-ADO), a marque\u0301 les esprits lors du troisie\u0300me grand meeting virtuel organise\u0301 par le mouvement. Place\u0301 sous le the\u0300me: \u00ab Un secteur prive\u0301 fort avec des champions nationaux et une place de choix pour nos PME, pour une Grande Co\u0302te d\u2019Ivoire \u00bb, cet e\u0301ve\u0301nement nume\u0301rique a rassemble\u0301 des milliers d\u2019internautes venus e\u0301couter et e\u0301changer sur les avance\u0301es e\u0301conomiques du pays.<\/p>\n<p>Dans une intervention salue\u0301e pour sa clarte\u0301 et sa profondeur, l\u2019honorable Zinsou a brillamment expose\u0301 la vision e\u0301conomique du Pre\u0301sident de la Re\u0301publique, Son Excellence Alassane Ouattara. Il a souligne\u0301 comment cette vision, fonde\u0301e sur la promotion du secteur prive\u0301, a permis une transformation structurelle ine\u0301dite de l\u2019e\u0301conomie ivoirienne.<\/p>\n<p>Sous l\u2019impulsion du Chef de l\u2019E\u0301tat, la Co\u0302te d\u2019Ivoire a su cre\u0301er un environnement propice a\u0300 l\u2019investissement, dynamiser l\u2019e\u0301cosyste\u0300me entrepreneurial, et favoriser l\u2019e\u0301mergence de champions nationaux dans des secteurs cle\u0301s comme l\u2019agro-industrie, les mines, l\u2019e\u0301nergie, le nume\u0301rique ou encore les services. Le contenu local et la monte\u0301e en puissance des PME font de\u0301sormais partie inte\u0301grante de cette dynamique.<\/p>\n<p>L\u2019honorable Zinsou a e\u0301galement mis en lumie\u0300re la rupture ope\u0301re\u0301e par le Pre\u0301sident Ouattara avec les pratiques du passe\u0301. Il a rappele\u0301 qu\u2019avant 2011, le manque de planification strate\u0301gique et de volonte\u0301 politique avait longtemps freine\u0301 l\u2019essor du secteur prive\u0301. En revanche, les re\u0301formes engage\u0301es au cours de la dernie\u0300re de\u0301cennie \u2014 simplification administrative, ame\u0301lioration de l\u2019acce\u0300s au financement, soutien a\u0300 l\u2019entrepreneuriat \u2014 traduisent aujourd\u2019hui une ambition claire: ba\u0302tir une e\u0301conomie ivoirienne souveraine, compe\u0301titive et inclusive.<\/p>\n<p>Ce meeting digital, initie\u0301 par l\u2019Honorable Adjaratou Traore\u0301, Pre\u0301sidente du PE-ADO, a e\u0301galement e\u0301te\u0301 marque\u0301 par la participation active d\u2019influenceurs politiques tels que Yakayakaparis, Rachelle Crasso, Mielo Be\u0301be\u0301 et Kimia. Leurs interventions ont enrichi le de\u0301bat et permis d\u2019e\u0301largir la porte\u0301e du message a\u0300 une audience jeune et engage\u0301e.<\/p>\n<p>Les e\u0301changes nourris avec les internautes ont permis non seulement d\u2019approfondir les enjeux du de\u0301veloppement e\u0301conomique, mais aussi de renforcer la cohe\u0301sion du mouvement PE-ADO, mobilise\u0301 plus que jamais autour du leadership du Pre\u0301sident Ouattara.<\/p>\n<p>Cette rencontre virtuelle a en de\u0301finitive, e\u0301te\u0301 un moment fort de sensibilisation, de pe\u0301dagogie et d\u2019engagement citoyen. Elle s\u2019inscrit dans une se\u0301rie d\u2019initiatives du RHDP visant a\u0300 expliquer, de\u0301fendre et valoriser le bilan du Chef de l\u2019E\u0301tat. A\u0300 travers cette tribune, le PE-ADO continue de porter haut les ambitions d\u2019un pays re\u0301solument tourne\u0301 vers l\u2019avenir, ou\u0300 le secteur prive\u0301 est e\u0301rige\u0301 en pilier du de\u0301veloppement national.<\/p>\n<p><strong>Pour plus d&rsquo;informations et d&rsquo;analyses sur la <span style=\"color: #ff6600\">C\u00f4te d&rsquo;Ivoire<\/span>, suivez <span style=\"color: #ff6600\">Africa-Press<\/span><\/strong><\/p>\n","protected":false},"excerpt":{"rendered":"<p>Africa-Press &#8211; C\u00f4te d&rsquo;Ivoire. Avec une e\u0301loquence mai\u0302trise\u0301e et une pe\u0301dagogie limpide, l\u2019Honorable Marcel Zinsou, de\u0301pute\u0301 d\u2019Aboisso et vice-pre\u0301sident du Mouvement des Partisans Engage\u0301s pour ADO (PE-ADO), a marque\u0301 les esprits lors du troisie\u0300me grand meeting virtuel organise\u0301 par le mouvement. Place\u0301 sous le the\u0300me: \u00ab Un secteur prive\u0301 fort avec des champions nationaux et [&hellip;]<\/p>\n","protected":false},"author":82,"featured_media":106970,"comment_status":"open","ping_status":"closed","sticky":false,"template":"","format":"standard","meta":{"footnotes":""},"categories":[2,10],"tags":[38,1384,29,118,7257,19224,5835,19189,1751,371,258],"class_list":["post-106971","post","type-post","status-publish","format-standard","has-post-thumbnail","hentry","category-politique","category-toutes-les-actualites","tag-alassane-ouattara","tag-champions","tag-cote-divoire","tag-economie","tag-ivoirienne","tag-marcel-zinsou","tag-nationaux","tag-peado","tag-prive","tag-rhdp","tag-secteur"],"yoast_head":"<!-- This site is optimized with the Yoast SEO Premium plugin v26.1 (Yoast SEO v27.0) - https:\/\/yoast.com\/product\/yoast-seo-premium-wordpress\/ -->\n<title>R\u00e9formes de Ouattara et Impact sur le Secteur Priv\u00e9 - C\u00f4te d&#039;Ivoire<\/title>\n<meta name=\"description\" content=\"Avec une e\u0301loquence mai\u0302trise\u0301e et une pe\u0301dagogie limpide, l\u2019Honorable Marcel Zinsou, de\u0301pute\u0301 d\u2019Aboisso et vice-pre\u0301sid ...\" \/>\n<meta name=\"robots\" content=\"index, follow, max-snippet:-1, max-image-preview:large, max-video-preview:-1\" \/>\n<link rel=\"canonical\" href=\"https:\/\/www.africa-press.net\/cotedivoire\/politique\/reformes-de-ouattara-et-impact-sur-le-secteur-prive\" \/>\n<meta property=\"og:locale\" content=\"fr_FR\" \/>\n<meta property=\"og:type\" content=\"article\" \/>\n<meta property=\"og:title\" content=\"R\u00e9formes de Ouattara et Impact sur le Secteur Priv\u00e9\" \/>\n<meta property=\"og:description\" content=\"Avec une e\u0301loquence mai\u0302trise\u0301e et une pe\u0301dagogie limpide, l\u2019Honorable Marcel Zinsou, de\u0301pute\u0301 d\u2019Aboisso et vice-pre\u0301sid ...\" \/>\n<meta property=\"og:url\" content=\"https:\/\/www.africa-press.net\/cotedivoire\/politique\/reformes-de-ouattara-et-impact-sur-le-secteur-prive\" \/>\n<meta property=\"og:site_name\" content=\"C\u00f4te d&#039;Ivoire\" \/>\n<meta property=\"article:published_time\" content=\"2025-10-17T16:56:52+00:00\" \/>\n<meta property=\"article:modified_time\" content=\"2025-10-17T17:32:27+00:00\" \/>\n<meta property=\"og:image\" content=\"https:\/\/static.africa-press.net\/cote\/sites\/43\/2025\/10\/sm_1760709724.591021.jpg\" \/>\n\t<meta property=\"og:image:width\" content=\"720\" \/>\n\t<meta property=\"og:image:height\" content=\"392\" \/>\n\t<meta property=\"og:image:type\" content=\"image\/jpeg\" \/>\n<meta name=\"author\" content=\"cfeditorfr\" \/>\n<meta name=\"twitter:card\" content=\"summary_large_image\" \/>\n<meta name=\"twitter:label1\" content=\"\u00c9crit par\" \/>\n\t<meta name=\"twitter:data1\" content=\"cfeditorfr\" \/>\n\t<meta name=\"twitter:label2\" content=\"Dur\u00e9e de lecture estim\u00e9e\" \/>\n\t<meta name=\"twitter:data2\" content=\"3 minutes\" \/>\n<script type=\"application\/ld+json\" class=\"yoast-schema-graph\">{\"@context\":\"https:\/\/schema.org\",\"@graph\":[{\"@type\":\"Article\",\"@id\":\"https:\/\/www.africa-press.net\/cotedivoire\/politique\/reformes-de-ouattara-et-impact-sur-le-secteur-prive#article\",\"isPartOf\":{\"@id\":\"https:\/\/www.africa-press.net\/cotedivoire\/politique\/reformes-de-ouattara-et-impact-sur-le-secteur-prive\"},\"author\":{\"name\":\"cfeditorfr\",\"@id\":\"https:\/\/www.africa-press.net\/cotedivoire\/#\/schema\/person\/2b1cf3cd81a31e3cd26889ca66d677f1\"},\"headline\":\"R\u00e9formes de Ouattara et Impact sur le Secteur Priv\u00e9\",\"datePublished\":\"2025-10-17T16:56:52+00:00\",\"dateModified\":\"2025-10-17T17:32:27+00:00\",\"mainEntityOfPage\":{\"@id\":\"https:\/\/www.africa-press.net\/cotedivoire\/politique\/reformes-de-ouattara-et-impact-sur-le-secteur-prive\"},\"wordCount\":544,\"commentCount\":0,\"image\":{\"@id\":\"https:\/\/www.africa-press.net\/cotedivoire\/politique\/reformes-de-ouattara-et-impact-sur-le-secteur-prive#primaryimage\"},\"thumbnailUrl\":\"https:\/\/static.africa-press.net\/cote\/sites\/43\/2025\/10\/sm_1760709724.591021.jpg\",\"keywords\":[\"Alassane Ouattara\",\"champions\",\"C\u00d4TE D'IVOIRE\",\"Economie\",\"ivoirienne\",\"Marcel Zinsou\",\"nationaux\",\"PEADO\",\"Priv\u00e9\",\"RHDP\",\"secteur\"],\"articleSection\":[\"Politique\",\"Toutes les actualit\u00e9s\"],\"inLanguage\":\"fr-FR\",\"potentialAction\":[{\"@type\":\"CommentAction\",\"name\":\"Comment\",\"target\":[\"https:\/\/www.africa-press.net\/cotedivoire\/politique\/reformes-de-ouattara-et-impact-sur-le-secteur-prive#respond\"]}]},{\"@type\":\"WebPage\",\"@id\":\"https:\/\/www.africa-press.net\/cotedivoire\/politique\/reformes-de-ouattara-et-impact-sur-le-secteur-prive\",\"url\":\"https:\/\/www.africa-press.net\/cotedivoire\/politique\/reformes-de-ouattara-et-impact-sur-le-secteur-prive\",\"name\":\"R\u00e9formes de Ouattara et Impact sur le Secteur Priv\u00e9 - C\u00f4te d&#039;Ivoire\",\"isPartOf\":{\"@id\":\"https:\/\/www.africa-press.net\/cotedivoire\/#website\"},\"primaryImageOfPage\":{\"@id\":\"https:\/\/www.africa-press.net\/cotedivoire\/politique\/reformes-de-ouattara-et-impact-sur-le-secteur-prive#primaryimage\"},\"image\":{\"@id\":\"https:\/\/www.africa-press.net\/cotedivoire\/politique\/reformes-de-ouattara-et-impact-sur-le-secteur-prive#primaryimage\"},\"thumbnailUrl\":\"https:\/\/static.africa-press.net\/cote\/sites\/43\/2025\/10\/sm_1760709724.591021.jpg\",\"datePublished\":\"2025-10-17T16:56:52+00:00\",\"dateModified\":\"2025-10-17T17:32:27+00:00\",\"author\":{\"@id\":\"https:\/\/www.africa-press.net\/cotedivoire\/#\/schema\/person\/2b1cf3cd81a31e3cd26889ca66d677f1\"},\"description\":\"Avec une e\u0301loquence mai\u0302trise\u0301e et une pe\u0301dagogie limpide, l\u2019Honorable Marcel Zinsou, de\u0301pute\u0301 d\u2019Aboisso et vice-pre\u0301sid ...\",\"breadcrumb\":{\"@id\":\"https:\/\/www.africa-press.net\/cotedivoire\/politique\/reformes-de-ouattara-et-impact-sur-le-secteur-prive#breadcrumb\"},\"inLanguage\":\"fr-FR\",\"potentialAction\":[{\"@type\":\"ReadAction\",\"target\":[\"https:\/\/www.africa-press.net\/cotedivoire\/politique\/reformes-de-ouattara-et-impact-sur-le-secteur-prive\"]}]},{\"@type\":\"ImageObject\",\"inLanguage\":\"fr-FR\",\"@id\":\"https:\/\/www.africa-press.net\/cotedivoire\/politique\/reformes-de-ouattara-et-impact-sur-le-secteur-prive#primaryimage\",\"url\":\"https:\/\/static.africa-press.net\/cote\/sites\/43\/2025\/10\/sm_1760709724.591021.jpg\",\"contentUrl\":\"https:\/\/static.africa-press.net\/cote\/sites\/43\/2025\/10\/sm_1760709724.591021.jpg\",\"width\":720,\"height\":392,\"caption\":\"R\u00e9formes de Ouattara et Impact sur le Secteur Priv\u00e9\"},{\"@type\":\"BreadcrumbList\",\"@id\":\"https:\/\/www.africa-press.net\/cotedivoire\/politique\/reformes-de-ouattara-et-impact-sur-le-secteur-prive#breadcrumb\",\"itemListElement\":[{\"@type\":\"ListItem\",\"position\":1,\"name\":\"Accueil\",\"item\":\"https:\/\/www.africa-press.net\/cotedivoire\/\"},{\"@type\":\"ListItem\",\"position\":2,\"name\":\"R\u00e9formes de Ouattara et Impact sur le Secteur Priv\u00e9\"}]},{\"@type\":\"WebSite\",\"@id\":\"https:\/\/www.africa-press.net\/cotedivoire\/#website\",\"url\":\"https:\/\/www.africa-press.net\/cotedivoire\/\",\"name\":\"C\u00f4te d&#039;Ivoire\",\"description\":\"Just another Africa News Agency Sites site\",\"potentialAction\":[{\"@type\":\"SearchAction\",\"target\":{\"@type\":\"EntryPoint\",\"urlTemplate\":\"https:\/\/www.africa-press.net\/cotedivoire\/?s={search_term_string}\"},\"query-input\":{\"@type\":\"PropertyValueSpecification\",\"valueRequired\":true,\"valueName\":\"search_term_string\"}}],\"inLanguage\":\"fr-FR\"},{\"@type\":\"Person\",\"@id\":\"https:\/\/www.africa-press.net\/cotedivoire\/#\/schema\/person\/2b1cf3cd81a31e3cd26889ca66d677f1\",\"name\":\"cfeditorfr\"}]}<\/script>\n<!-- \/ Yoast SEO Premium plugin. -->","yoast_head_json":{"title":"R\u00e9formes de Ouattara et Impact sur le Secteur Priv\u00e9 - C\u00f4te d&#039;Ivoire","description":"Avec une e\u0301loquence mai\u0302trise\u0301e et une pe\u0301dagogie limpide, l\u2019Honorable Marcel Zinsou, de\u0301pute\u0301 d\u2019Aboisso et vice-pre\u0301sid ...","robots":{"index":"index","follow":"follow","max-snippet":"max-snippet:-1","max-image-preview":"max-image-preview:large","max-video-preview":"max-video-preview:-1"},"canonical":"https:\/\/www.africa-press.net\/cotedivoire\/politique\/reformes-de-ouattara-et-impact-sur-le-secteur-prive","og_locale":"fr_FR","og_type":"article","og_title":"R\u00e9formes de Ouattara et Impact sur le Secteur Priv\u00e9","og_description":"Avec une e\u0301loquence mai\u0302trise\u0301e et une pe\u0301dagogie limpide, l\u2019Honorable Marcel Zinsou, de\u0301pute\u0301 d\u2019Aboisso et vice-pre\u0301sid ...","og_url":"https:\/\/www.africa-press.net\/cotedivoire\/politique\/reformes-de-ouattara-et-impact-sur-le-secteur-prive","og_site_name":"C\u00f4te d&#039;Ivoire","article_published_time":"2025-10-17T16:56:52+00:00","article_modified_time":"2025-10-17T17:32:27+00:00","og_image":[{"width":720,"height":392,"url":"https:\/\/static.africa-press.net\/cote\/sites\/43\/2025\/10\/sm_1760709724.591021.jpg","type":"image\/jpeg"}],"author":"cfeditorfr","twitter_card":"summary_large_image","twitter_misc":{"\u00c9crit par":"cfeditorfr","Dur\u00e9e de lecture estim\u00e9e":"3 minutes"},"schema":{"@context":"https:\/\/schema.org","@graph":[{"@type":"Article","@id":"https:\/\/www.africa-press.net\/cotedivoire\/politique\/reformes-de-ouattara-et-impact-sur-le-secteur-prive#article","isPartOf":{"@id":"https:\/\/www.africa-press.net\/cotedivoire\/politique\/reformes-de-ouattara-et-impact-sur-le-secteur-prive"},"author":{"name":"cfeditorfr","@id":"https:\/\/www.africa-press.net\/cotedivoire\/#\/schema\/person\/2b1cf3cd81a31e3cd26889ca66d677f1"},"headline":"R\u00e9formes de Ouattara et Impact sur le Secteur Priv\u00e9","datePublished":"2025-10-17T16:56:52+00:00","dateModified":"2025-10-17T17:32:27+00:00","mainEntityOfPage":{"@id":"https:\/\/www.africa-press.net\/cotedivoire\/politique\/reformes-de-ouattara-et-impact-sur-le-secteur-prive"},"wordCount":544,"commentCount":0,"image":{"@id":"https:\/\/www.africa-press.net\/cotedivoire\/politique\/reformes-de-ouattara-et-impact-sur-le-secteur-prive#primaryimage"},"thumbnailUrl":"https:\/\/static.africa-press.net\/cote\/sites\/43\/2025\/10\/sm_1760709724.591021.jpg","keywords":["Alassane Ouattara","champions","C\u00d4TE D'IVOIRE","Economie","ivoirienne","Marcel Zinsou","nationaux","PEADO","Priv\u00e9","RHDP","secteur"],"articleSection":["Politique","Toutes les actualit\u00e9s"],"inLanguage":"fr-FR","potentialAction":[{"@type":"CommentAction","name":"Comment","target":["https:\/\/www.africa-press.net\/cotedivoire\/politique\/reformes-de-ouattara-et-impact-sur-le-secteur-prive#respond"]}]},{"@type":"WebPage","@id":"https:\/\/www.africa-press.net\/cotedivoire\/politique\/reformes-de-ouattara-et-impact-sur-le-secteur-prive","url":"https:\/\/www.africa-press.net\/cotedivoire\/politique\/reformes-de-ouattara-et-impact-sur-le-secteur-prive","name":"R\u00e9formes de Ouattara et Impact sur le Secteur Priv\u00e9 - C\u00f4te d&#039;Ivoire","isPartOf":{"@id":"https:\/\/www.africa-press.net\/cotedivoire\/#website"},"primaryImageOfPage":{"@id":"https:\/\/www.africa-press.net\/cotedivoire\/politique\/reformes-de-ouattara-et-impact-sur-le-secteur-prive#primaryimage"},"image":{"@id":"https:\/\/www.africa-press.net\/cotedivoire\/politique\/reformes-de-ouattara-et-impact-sur-le-secteur-prive#primaryimage"},"thumbnailUrl":"https:\/\/static.africa-press.net\/cote\/sites\/43\/2025\/10\/sm_1760709724.591021.jpg","datePublished":"2025-10-17T16:56:52+00:00","dateModified":"2025-10-17T17:32:27+00:00","author":{"@id":"https:\/\/www.africa-press.net\/cotedivoire\/#\/schema\/person\/2b1cf3cd81a31e3cd26889ca66d677f1"},"description":"Avec une e\u0301loquence mai\u0302trise\u0301e et une pe\u0301dagogie limpide, l\u2019Honorable Marcel Zinsou, de\u0301pute\u0301 d\u2019Aboisso et vice-pre\u0301sid ...","breadcrumb":{"@id":"https:\/\/www.africa-press.net\/cotedivoire\/politique\/reformes-de-ouattara-et-impact-sur-le-secteur-prive#breadcrumb"},"inLanguage":"fr-FR","potentialAction":[{"@type":"ReadAction","target":["https:\/\/www.africa-press.net\/cotedivoire\/politique\/reformes-de-ouattara-et-impact-sur-le-secteur-prive"]}]},{"@type":"ImageObject","inLanguage":"fr-FR","@id":"https:\/\/www.africa-press.net\/cotedivoire\/politique\/reformes-de-ouattara-et-impact-sur-le-secteur-prive#primaryimage","url":"https:\/\/static.africa-press.net\/cote\/sites\/43\/2025\/10\/sm_1760709724.591021.jpg","contentUrl":"https:\/\/static.africa-press.net\/cote\/sites\/43\/2025\/10\/sm_1760709724.591021.jpg","width":720,"height":392,"caption":"R\u00e9formes de Ouattara et Impact sur le Secteur Priv\u00e9"},{"@type":"BreadcrumbList","@id":"https:\/\/www.africa-press.net\/cotedivoire\/politique\/reformes-de-ouattara-et-impact-sur-le-secteur-prive#breadcrumb","itemListElement":[{"@type":"ListItem","position":1,"name":"Accueil","item":"https:\/\/www.africa-press.net\/cotedivoire\/"},{"@type":"ListItem","position":2,"name":"R\u00e9formes de Ouattara et Impact sur le Secteur Priv\u00e9"}]},{"@type":"WebSite","@id":"https:\/\/www.africa-press.net\/cotedivoire\/#website","url":"https:\/\/www.africa-press.net\/cotedivoire\/","name":"C\u00f4te d&#039;Ivoire","description":"Just another Africa News Agency Sites site","potentialAction":[{"@type":"SearchAction","target":{"@type":"EntryPoint","urlTemplate":"https:\/\/www.africa-press.net\/cotedivoire\/?s={search_term_string}"},"query-input":{"@type":"PropertyValueSpecification","valueRequired":true,"valueName":"search_term_string"}}],"inLanguage":"fr-FR"},{"@type":"Person","@id":"https:\/\/www.africa-press.net\/cotedivoire\/#\/schema\/person\/2b1cf3cd81a31e3cd26889ca66d677f1","name":"cfeditorfr"}]}},"_links":{"self":[{"href":"https:\/\/www.africa-press.net\/cotedivoire\/wp-json\/wp\/v2\/posts\/106971","targetHints":{"allow":["GET"]}}],"collection":[{"href":"https:\/\/www.africa-press.net\/cotedivoire\/wp-json\/wp\/v2\/posts"}],"about":[{"href":"https:\/\/www.africa-press.net\/cotedivoire\/wp-json\/wp\/v2\/types\/post"}],"author":[{"embeddable":true,"href":"https:\/\/www.africa-press.net\/cotedivoire\/wp-json\/wp\/v2\/users\/82"}],"replies":[{"embeddable":true,"href":"https:\/\/www.africa-press.net\/cotedivoire\/wp-json\/wp\/v2\/comments?post=106971"}],"version-history":[{"count":0,"href":"https:\/\/www.africa-press.net\/cotedivoire\/wp-json\/wp\/v2\/posts\/106971\/revisions"}],"wp:featuredmedia":[{"embeddable":true,"href":"https:\/\/www.africa-press.net\/cotedivoire\/wp-json\/wp\/v2\/media\/106970"}],"wp:attachment":[{"href":"https:\/\/www.africa-press.net\/cotedivoire\/wp-json\/wp\/v2\/media?parent=106971"}],"wp:term":[{"taxonomy":"category","embeddable":true,"href":"https:\/\/www.africa-press.net\/cotedivoire\/wp-json\/wp\/v2\/categories?post=106971"},{"taxonomy":"post_tag","embeddable":true,"href":"https:\/\/www.africa-press.net\/cotedivoire\/wp-json\/wp\/v2\/tags?post=106971"}],"curies":[{"name":"wp","href":"https:\/\/api.w.org\/{rel}","templated":true}]}}