{"id":10699,"date":"2021-07-31T13:18:01","date_gmt":"2021-07-31T13:18:01","guid":{"rendered":"https:\/\/www.africa-press.net\/cotedivoire\/?p=10699"},"modified":"2021-07-31T19:09:02","modified_gmt":"2021-07-31T19:09:02","slug":"kks-a-gbagbo-et-ouattara-on-vous-applaudira-si-en-2025-on-a-une-presidentielle-inclusive-et-consensuelle-avec-une-cei-non-partisane","status":"publish","type":"post","link":"https:\/\/www.africa-press.net\/cotedivoire\/dossiers\/kks-a-gbagbo-et-ouattara-on-vous-applaudira-si-en-2025-on-a-une-presidentielle-inclusive-et-consensuelle-avec-une-cei-non-partisane","title":{"rendered":"KKS \u00e0 Gbagbo et Ouattara: \u00ab\u00a0On vous applaudira si en 2025 on a une pr\u00e9sidentielle inclusive et consensuelle avec une CEI non partisane\u00a0\u00bb"},"content":{"rendered":"<p><span style=\"color: #ff6600\"><strong><a href=\"https:\/\/www.africa-press.net\/\">Africa-Press<\/a> &#8211; <a href=\"https:\/\/www.africa-press.net\/cotedivoire\">C\u00f4te d&rsquo;Ivoire<\/a>. <\/strong><\/span>\u00a0la chronique des grandes rencontres de la r\u00e9publique s\u2019est enrichie d\u2019une nouvelle ligne en lettres d\u2019or : les retrouvailles entre Alassane Ouattara et Laurent Gbagbo, deux amis et fr\u00e8res que la politique a oppos\u00e9s jusqu\u2019\u00e0 la guerre.<\/p>\n<p>Comme :<\/p>\n<p>\u2013 Le 13 septembre 1988, avec le Pr\u00e9sident Houphou\u00ebt Boigny et l\u2019irr\u00e9ductible opposant d\u2019alors, Laurent Gbagbo, revenant d\u2019exil ;<\/p>\n<p>\u2013 Le 22 janvier 2002, avec la rencontre des quatre \u2018\u2019grands\u2019\u2019 Laurent Gbagbo, Konan B\u00e9di\u00e9, Gu\u00e9\u00ef Robert et Alassane Ouattara \u00e0 Yamoussoukro ;<\/p>\n<p>\u2013 Le 31 juillet 2007, avec le Pr\u00e9sident Laurent Gbagbo et le Chef de la r\u00e9bellion, Soro Guillaume, \u00e0 la c\u00e9r\u00e9monie dite de la flamme de la paix \u00e0 Bouak\u00e9 ;<\/p>\n<p>\u2013 Le 11 novembre 2020, avec les Pr\u00e9sidents Alassane Ouattara et Konan B\u00e9di\u00e9 \u00e0 l\u2019h\u00f4tel du golf ;<\/p>\n<p>\u2013 Le 11 juillet 2021, avec les Pr\u00e9sidents Konan B\u00e9di\u00e9 et Laurent Gbagbo \u00e0 Daoukro ;<\/p>\n<p>Les deux principaux protagonistes de la crise post\u00e9lectorale de 2011 ont gratifi\u00e9 la C\u00f4te d\u2019Ivoire et le monde entier d\u2019une belle image de concorde et de fraternit\u00e9.<\/p>\n<p>Devant un acte aussi salutaire et important de sens pour la r\u00e9conciliation, l\u2019ap\u00f4tre de la paix et le neutre r\u00e9conciliateur que je suis, celui qui fait de la r\u00e9conciliation nationale son leitmotiv et une mission sacerdotale ne peut garder le silence.<\/p>\n<p>C\u2019est pourquoi, rompant momentan\u00e9ment le moment d\u2019ermitage et d\u2019observation que j\u2019ai d\u00e9cid\u00e9 de m\u2019imposer suite \u00e0 la forfaiture du 31 octobre 2020 et l\u2019attitude controvers\u00e9e de l\u2019opposition ivoirienne, je veux, par la pr\u00e9sente, me f\u00e9liciter de cette \u00e9volution positive et saluer \u00e0 leurs justes valeurs le grand acte pos\u00e9 mais aussi le sens de l\u2019humilit\u00e9 et de la fraternit\u00e9 des deux acteurs, le Pr\u00e9sident Alassane Ouattara et le Pr\u00e9sident Gbagbo Laurent. C\u2019est tout \u00e0 leur honneur.<\/p>\n<p>Toutefois, l\u2019exp\u00e9rience des m\u00e9morables dates rappel\u00e9es plus haut et leurs suites , dates dont j\u2019ai d\u00e9lib\u00e9r\u00e9ment limit\u00e9 la liste par souci d\u2019\u00e9conomie pour ne tenir compte que des plus \u00e9mouvantes tenues sur le sol ivoirien, vous \u00e9pargnant celles tout aussi \u00e9mouvantes des nombreuses capitales du monde, nous enseignent que les retrouvailles entre les protagonistes, aussi salutaires qu\u2019elles puissent \u00eatre parce que utiles et n\u00e9cessaires pour le dialogue politique, ne signifient gu\u00e8re la r\u00e9conciliation assur\u00e9e encore moins la paix garantie.<\/p>\n<p>Une visite r\u00e9trospective de ces grands sommets entre fr\u00e8res ennemis de la politique ivoirienne tout le long de la derni\u00e8re moiti\u00e9 de nos soixante ans d\u2019ind\u00e9pendance montre que les rencontres du genre de celle du 27 juillet s\u2019inscrivent dans une tradition bien ancr\u00e9e dans les meurs politiques en C\u00f4te d\u2019Ivoire. Une tradition h\u00e9las dont les fruits ont rarement honor\u00e9 la promesse des fleurs.<\/p>\n<p>La r\u00e9conciliation, celle qui doit aboutir \u00e0 ressouder les ressorts de la nation, \u00e0 r\u00e9-tricoter les relations entre nos communaut\u00e9s, \u00e0 panser les c\u0153urs meurtris par tant de malheurs, \u00e0 r\u00e9parer les dommages de tant d\u2019ann\u00e9es d\u2019\u00e9preuves et de souffrances, \u00e0 mettre fin aux crises cycliques et aux guerres fratricides \u00e0 chaque \u00e9lection, cette r\u00e9conciliation-l\u00e0 est une n\u00e9cessit\u00e9 nationale. Elle concerne toutes les forces vivres de la nation et ne saurait se limiter \u00e0 quelques personnalit\u00e9s fussent-elles Pr\u00e9sident et ex-Pr\u00e9sidents de la r\u00e9publique.<\/p>\n<p>Les derniers \u00e9v\u00e8nements dramatiques et les affrontements qui nous ont encore cout\u00e9 officiellement plus de 87 pertes en vies humaines montrent que contrairement \u00e0 l\u2019affirmation du Chef de l\u2019Etat, la crise, m\u00eame si elle ne s\u2019av\u00e8re pas ouverte, demeure ancr\u00e9e dans les c\u0153urs et les esprits. Du reste, le fait m\u00eame que la requ\u00eate principale de son visiteur du jour porte sur les prisonniers de la crise, reste la plus parfaite preuve que la crise n\u2019est pas encore derri\u00e8re nous.<\/p>\n<p>Depuis les douloureux \u00e9v\u00e8nements de 2020, une ann\u00e9e s\u2019est \u00e9coul\u00e9e. Rien n\u2019a encore \u00e9t\u00e9 entrepris pour enrayer les causes et pr\u00e9venir de futures troubles. 2025, c\u2019est d\u00e9j\u00e0 dans quatre petites ann\u00e9es. Allons-nous \u00e0 nouveau nous complaire dans notre tradition \u00e9gotique des petits arrangements partisans et personnels pour nous retrouver \u00e0 nouveau au bord du pr\u00e9cipice en 2025 ?<\/p>\n<p>La r\u00e9conciliation nationale, celle de mon entendement, ne se d\u00e9cr\u00e8te pas. Elle ne se proclame pas. Elle se fait. Elle se fait \u00e0 travers un processus inclusif et consensuel et dans un cadre impartial et non partisan.<\/p>\n<p>C\u2019est pourquoi, tout en r\u00e9it\u00e9rant mes f\u00e9licitations aux Pr\u00e9sidents Gbagbo et Ouattara et en encourageant \u00e0 davantage de rencontres de ce type, rencontres qui restent des approches n\u00e9cessaires pour le dialogue politique et la pr\u00e9paration du processus, il me plait de r\u00e9it\u00e9rer ici, comme je le fais depuis plusieurs ann\u00e9es, mon appel au dialogue national, c\u2019est-\u00e0-dire \u00e0 une concertation avec toutes les forces vives de la nation \u00e0 l\u2019effet d\u2019une catharsis g\u00e9n\u00e9rale pour une v\u00e9ritable r\u00e9conciliation et une paix sociale durable en C\u00f4te d\u2019Ivoire.<\/p>\n<p>\u00ab Les temps sont m\u00fbrs, les temps sont m\u00fbrs pour aller \u00e0 la r\u00e9conciliation, les temps sont m\u00fbrs pour faire la paix, les temps sont m\u00fbrs pour que tous les fils et toutes les filles de la C\u00f4te d\u2019Ivoire se retrouvent\u2026 ne perdez plus le temps\u2026 \u00bb a r\u00e9cemment exhort\u00e9 le Pr\u00e9lat.<\/p>\n<p>Allons donc et allons franchement car en tout \u00e9tat de cause, la r\u00e9conciliation s\u2019imposera \u00e0 tous. Elle se fera comme il se doit et selon le plan de Dieu car telle est Sa volont\u00e9 pour le peuple de C\u00f4te d\u2019Ivoire, Son peuple.<\/p>\n<p>Que Dieu b\u00e9nisse la C\u00f4te d\u2019Ivoire.<\/p>\n<p>A tr\u00e8s bient\u00f4t.<\/p>\n<p>Fait \u00e0 Abidjan, le 30 juillet 2021<\/p>\n<p>Konan Kouadio Sim\u00e9on<\/p>\n<p>Pr\u00e9sident d\u2019Initiatives Pour la Paix en C\u00f4te d\u2019Ivoire (IPPCI)<\/p>\n<p>Pr\u00e9sident de la plateforme citoyenne Consensus National pour le Changement, la R\u00e9conciliation et la Paix en C\u00f4te d\u2019Ivoire (CNCRP-CI)<\/p>\n<p>Candidats aux \u00e9lections pr\u00e9sidentielles de 2010 et 2015.<\/p>\n","protected":false},"excerpt":{"rendered":"<p>Africa-Press &#8211; C\u00f4te d&rsquo;Ivoire. \u00a0la chronique des grandes rencontres de la r\u00e9publique s\u2019est enrichie d\u2019une nouvelle ligne en lettres d\u2019or : les retrouvailles entre Alassane Ouattara et Laurent Gbagbo, deux amis et fr\u00e8res que la politique a oppos\u00e9s jusqu\u2019\u00e0 la guerre. Comme : \u2013 Le 13 septembre 1988, avec le Pr\u00e9sident Houphou\u00ebt Boigny et l\u2019irr\u00e9ductible [&hellip;]<\/p>\n","protected":false},"author":82,"featured_media":10698,"comment_status":"open","ping_status":"closed","sticky":false,"template":"","format":"standard","meta":{"footnotes":""},"categories":[7,11,20,10],"tags":[56,63,29],"class_list":["post-10699","post","type-post","status-publish","format-standard","has-post-thumbnail","hentry","category-dossiers","category-homepage-french","category-top-nouvelles","category-toutes-les-actualites","tag-africa-press","tag-africa-press-cote-divoire","tag-cote-divoire"],"yoast_head":"<!-- This site is optimized with the Yoast SEO Premium plugin v26.1 (Yoast SEO v27.0) - https:\/\/yoast.com\/product\/yoast-seo-premium-wordpress\/ -->\n<title>KKS \u00e0 Gbagbo et Ouattara: \u00ab\u00a0On vous applaudira si en 2025 on a une pr\u00e9sidentielle inclusive et consensuelle avec une CEI non partisane\u00a0\u00bb - C\u00f4te d&#039;Ivoire<\/title>\n<meta name=\"description\" content=\"Le mardi 27 juillet 2021, la chronique des grandes rencontres de la r\u00e9publique s\u2019est enrichie d\u2019une nouvelle ligne en le ...\" \/>\n<meta name=\"robots\" content=\"index, follow, max-snippet:-1, max-image-preview:large, max-video-preview:-1\" \/>\n<link rel=\"canonical\" href=\"https:\/\/www.africa-press.net\/cotedivoire\/dossiers\/kks-a-gbagbo-et-ouattara-on-vous-applaudira-si-en-2025-on-a-une-presidentielle-inclusive-et-consensuelle-avec-une-cei-non-partisane\" \/>\n<meta property=\"og:locale\" content=\"fr_FR\" \/>\n<meta property=\"og:type\" content=\"article\" \/>\n<meta property=\"og:title\" content=\"KKS \u00e0 Gbagbo et Ouattara: \u00ab\u00a0On vous applaudira si en 2025 on a une pr\u00e9sidentielle inclusive et consensuelle avec une CEI non partisane\u00a0\u00bb\" \/>\n<meta property=\"og:description\" content=\"Le mardi 27 juillet 2021, la chronique des grandes rencontres de la r\u00e9publique s\u2019est enrichie d\u2019une nouvelle ligne en le ...\" \/>\n<meta property=\"og:url\" content=\"https:\/\/www.africa-press.net\/cotedivoire\/dossiers\/kks-a-gbagbo-et-ouattara-on-vous-applaudira-si-en-2025-on-a-une-presidentielle-inclusive-et-consensuelle-avec-une-cei-non-partisane\" \/>\n<meta property=\"og:site_name\" content=\"C\u00f4te d&#039;Ivoire\" \/>\n<meta property=\"article:published_time\" content=\"2021-07-31T13:18:01+00:00\" \/>\n<meta property=\"article:modified_time\" content=\"2021-07-31T19:09:02+00:00\" \/>\n<meta property=\"og:image\" content=\"https:\/\/static.africa-press.net\/cote\/sites\/43\/2021\/07\/img-610547a225ea3.jpg\" \/>\n\t<meta property=\"og:image:width\" content=\"720\" \/>\n\t<meta property=\"og:image:height\" content=\"360\" \/>\n\t<meta property=\"og:image:type\" content=\"image\/jpeg\" \/>\n<meta name=\"author\" content=\"cfeditorfr\" \/>\n<meta name=\"twitter:card\" content=\"summary_large_image\" \/>\n<meta name=\"twitter:label1\" content=\"\u00c9crit par\" \/>\n\t<meta name=\"twitter:data1\" content=\"cfeditorfr\" \/>\n\t<meta name=\"twitter:label2\" content=\"Dur\u00e9e de lecture estim\u00e9e\" \/>\n\t<meta name=\"twitter:data2\" content=\"4 minutes\" \/>\n<script type=\"application\/ld+json\" class=\"yoast-schema-graph\">{\"@context\":\"https:\/\/schema.org\",\"@graph\":[{\"@type\":\"Article\",\"@id\":\"https:\/\/www.africa-press.net\/cotedivoire\/dossiers\/kks-a-gbagbo-et-ouattara-on-vous-applaudira-si-en-2025-on-a-une-presidentielle-inclusive-et-consensuelle-avec-une-cei-non-partisane#article\",\"isPartOf\":{\"@id\":\"https:\/\/www.africa-press.net\/cotedivoire\/dossiers\/kks-a-gbagbo-et-ouattara-on-vous-applaudira-si-en-2025-on-a-une-presidentielle-inclusive-et-consensuelle-avec-une-cei-non-partisane\"},\"author\":{\"name\":\"cfeditorfr\",\"@id\":\"https:\/\/www.africa-press.net\/cotedivoire\/#\/schema\/person\/2b1cf3cd81a31e3cd26889ca66d677f1\"},\"headline\":\"KKS \u00e0 Gbagbo et Ouattara: \u00ab\u00a0On vous applaudira si en 2025 on a une pr\u00e9sidentielle inclusive et consensuelle avec une CEI non partisane\u00a0\u00bb\",\"datePublished\":\"2021-07-31T13:18:01+00:00\",\"dateModified\":\"2021-07-31T19:09:02+00:00\",\"mainEntityOfPage\":{\"@id\":\"https:\/\/www.africa-press.net\/cotedivoire\/dossiers\/kks-a-gbagbo-et-ouattara-on-vous-applaudira-si-en-2025-on-a-une-presidentielle-inclusive-et-consensuelle-avec-une-cei-non-partisane\"},\"wordCount\":1047,\"commentCount\":0,\"image\":{\"@id\":\"https:\/\/www.africa-press.net\/cotedivoire\/dossiers\/kks-a-gbagbo-et-ouattara-on-vous-applaudira-si-en-2025-on-a-une-presidentielle-inclusive-et-consensuelle-avec-une-cei-non-partisane#primaryimage\"},\"thumbnailUrl\":\"https:\/\/static.africa-press.net\/cote\/sites\/43\/2021\/07\/img-610547a225ea3.jpg\",\"keywords\":[\"Africa Press\",\"Africa Press-C\u00f4te d'Ivoire\",\"C\u00d4TE D'IVOIRE\"],\"articleSection\":[\"Dossiers\",\"homepage-french\",\"Top Nouvelles\",\"Toutes les actualit\u00e9s\"],\"inLanguage\":\"fr-FR\",\"potentialAction\":[{\"@type\":\"CommentAction\",\"name\":\"Comment\",\"target\":[\"https:\/\/www.africa-press.net\/cotedivoire\/dossiers\/kks-a-gbagbo-et-ouattara-on-vous-applaudira-si-en-2025-on-a-une-presidentielle-inclusive-et-consensuelle-avec-une-cei-non-partisane#respond\"]}]},{\"@type\":\"WebPage\",\"@id\":\"https:\/\/www.africa-press.net\/cotedivoire\/dossiers\/kks-a-gbagbo-et-ouattara-on-vous-applaudira-si-en-2025-on-a-une-presidentielle-inclusive-et-consensuelle-avec-une-cei-non-partisane\",\"url\":\"https:\/\/www.africa-press.net\/cotedivoire\/dossiers\/kks-a-gbagbo-et-ouattara-on-vous-applaudira-si-en-2025-on-a-une-presidentielle-inclusive-et-consensuelle-avec-une-cei-non-partisane\",\"name\":\"KKS \u00e0 Gbagbo et Ouattara: \u00ab\u00a0On vous applaudira si en 2025 on a une pr\u00e9sidentielle inclusive et consensuelle avec une CEI non partisane\u00a0\u00bb - C\u00f4te d&#039;Ivoire\",\"isPartOf\":{\"@id\":\"https:\/\/www.africa-press.net\/cotedivoire\/#website\"},\"primaryImageOfPage\":{\"@id\":\"https:\/\/www.africa-press.net\/cotedivoire\/dossiers\/kks-a-gbagbo-et-ouattara-on-vous-applaudira-si-en-2025-on-a-une-presidentielle-inclusive-et-consensuelle-avec-une-cei-non-partisane#primaryimage\"},\"image\":{\"@id\":\"https:\/\/www.africa-press.net\/cotedivoire\/dossiers\/kks-a-gbagbo-et-ouattara-on-vous-applaudira-si-en-2025-on-a-une-presidentielle-inclusive-et-consensuelle-avec-une-cei-non-partisane#primaryimage\"},\"thumbnailUrl\":\"https:\/\/static.africa-press.net\/cote\/sites\/43\/2021\/07\/img-610547a225ea3.jpg\",\"datePublished\":\"2021-07-31T13:18:01+00:00\",\"dateModified\":\"2021-07-31T19:09:02+00:00\",\"author\":{\"@id\":\"https:\/\/www.africa-press.net\/cotedivoire\/#\/schema\/person\/2b1cf3cd81a31e3cd26889ca66d677f1\"},\"description\":\"Le mardi 27 juillet 2021, la chronique des grandes rencontres de la r\u00e9publique s\u2019est enrichie d\u2019une nouvelle ligne en le ...\",\"breadcrumb\":{\"@id\":\"https:\/\/www.africa-press.net\/cotedivoire\/dossiers\/kks-a-gbagbo-et-ouattara-on-vous-applaudira-si-en-2025-on-a-une-presidentielle-inclusive-et-consensuelle-avec-une-cei-non-partisane#breadcrumb\"},\"inLanguage\":\"fr-FR\",\"potentialAction\":[{\"@type\":\"ReadAction\",\"target\":[\"https:\/\/www.africa-press.net\/cotedivoire\/dossiers\/kks-a-gbagbo-et-ouattara-on-vous-applaudira-si-en-2025-on-a-une-presidentielle-inclusive-et-consensuelle-avec-une-cei-non-partisane\"]}]},{\"@type\":\"ImageObject\",\"inLanguage\":\"fr-FR\",\"@id\":\"https:\/\/www.africa-press.net\/cotedivoire\/dossiers\/kks-a-gbagbo-et-ouattara-on-vous-applaudira-si-en-2025-on-a-une-presidentielle-inclusive-et-consensuelle-avec-une-cei-non-partisane#primaryimage\",\"url\":\"https:\/\/static.africa-press.net\/cote\/sites\/43\/2021\/07\/img-610547a225ea3.jpg\",\"contentUrl\":\"https:\/\/static.africa-press.net\/cote\/sites\/43\/2021\/07\/img-610547a225ea3.jpg\",\"width\":720,\"height\":360,\"caption\":\"KKS \u00e0 Gbagbo et Ouattara: \u00ab\u00a0On vous applaudira si en 2025 on a une pr\u00e9sidentielle inclusive et consensuelle avec une CEI non partisane\u00a0\u00bb\"},{\"@type\":\"BreadcrumbList\",\"@id\":\"https:\/\/www.africa-press.net\/cotedivoire\/dossiers\/kks-a-gbagbo-et-ouattara-on-vous-applaudira-si-en-2025-on-a-une-presidentielle-inclusive-et-consensuelle-avec-une-cei-non-partisane#breadcrumb\",\"itemListElement\":[{\"@type\":\"ListItem\",\"position\":1,\"name\":\"Accueil\",\"item\":\"https:\/\/www.africa-press.net\/cotedivoire\/\"},{\"@type\":\"ListItem\",\"position\":2,\"name\":\"KKS \u00e0 Gbagbo et Ouattara: \u00ab\u00a0On vous applaudira si en 2025 on a une pr\u00e9sidentielle inclusive et consensuelle avec une CEI non partisane\u00a0\u00bb\"}]},{\"@type\":\"WebSite\",\"@id\":\"https:\/\/www.africa-press.net\/cotedivoire\/#website\",\"url\":\"https:\/\/www.africa-press.net\/cotedivoire\/\",\"name\":\"C\u00f4te d&#039;Ivoire\",\"description\":\"Just another Africa News Agency Sites site\",\"potentialAction\":[{\"@type\":\"SearchAction\",\"target\":{\"@type\":\"EntryPoint\",\"urlTemplate\":\"https:\/\/www.africa-press.net\/cotedivoire\/?s={search_term_string}\"},\"query-input\":{\"@type\":\"PropertyValueSpecification\",\"valueRequired\":true,\"valueName\":\"search_term_string\"}}],\"inLanguage\":\"fr-FR\"},{\"@type\":\"Person\",\"@id\":\"https:\/\/www.africa-press.net\/cotedivoire\/#\/schema\/person\/2b1cf3cd81a31e3cd26889ca66d677f1\",\"name\":\"cfeditorfr\"}]}<\/script>\n<!-- \/ Yoast SEO Premium plugin. -->","yoast_head_json":{"title":"KKS \u00e0 Gbagbo et Ouattara: \u00ab\u00a0On vous applaudira si en 2025 on a une pr\u00e9sidentielle inclusive et consensuelle avec une CEI non partisane\u00a0\u00bb - C\u00f4te d&#039;Ivoire","description":"Le mardi 27 juillet 2021, la chronique des grandes rencontres de la r\u00e9publique s\u2019est enrichie d\u2019une nouvelle ligne en le ...","robots":{"index":"index","follow":"follow","max-snippet":"max-snippet:-1","max-image-preview":"max-image-preview:large","max-video-preview":"max-video-preview:-1"},"canonical":"https:\/\/www.africa-press.net\/cotedivoire\/dossiers\/kks-a-gbagbo-et-ouattara-on-vous-applaudira-si-en-2025-on-a-une-presidentielle-inclusive-et-consensuelle-avec-une-cei-non-partisane","og_locale":"fr_FR","og_type":"article","og_title":"KKS \u00e0 Gbagbo et Ouattara: \u00ab\u00a0On vous applaudira si en 2025 on a une pr\u00e9sidentielle inclusive et consensuelle avec une CEI non partisane\u00a0\u00bb","og_description":"Le mardi 27 juillet 2021, la chronique des grandes rencontres de la r\u00e9publique s\u2019est enrichie d\u2019une nouvelle ligne en le ...","og_url":"https:\/\/www.africa-press.net\/cotedivoire\/dossiers\/kks-a-gbagbo-et-ouattara-on-vous-applaudira-si-en-2025-on-a-une-presidentielle-inclusive-et-consensuelle-avec-une-cei-non-partisane","og_site_name":"C\u00f4te d&#039;Ivoire","article_published_time":"2021-07-31T13:18:01+00:00","article_modified_time":"2021-07-31T19:09:02+00:00","og_image":[{"width":720,"height":360,"url":"https:\/\/static.africa-press.net\/cote\/sites\/43\/2021\/07\/img-610547a225ea3.jpg","type":"image\/jpeg"}],"author":"cfeditorfr","twitter_card":"summary_large_image","twitter_misc":{"\u00c9crit par":"cfeditorfr","Dur\u00e9e de lecture estim\u00e9e":"4 minutes"},"schema":{"@context":"https:\/\/schema.org","@graph":[{"@type":"Article","@id":"https:\/\/www.africa-press.net\/cotedivoire\/dossiers\/kks-a-gbagbo-et-ouattara-on-vous-applaudira-si-en-2025-on-a-une-presidentielle-inclusive-et-consensuelle-avec-une-cei-non-partisane#article","isPartOf":{"@id":"https:\/\/www.africa-press.net\/cotedivoire\/dossiers\/kks-a-gbagbo-et-ouattara-on-vous-applaudira-si-en-2025-on-a-une-presidentielle-inclusive-et-consensuelle-avec-une-cei-non-partisane"},"author":{"name":"cfeditorfr","@id":"https:\/\/www.africa-press.net\/cotedivoire\/#\/schema\/person\/2b1cf3cd81a31e3cd26889ca66d677f1"},"headline":"KKS \u00e0 Gbagbo et Ouattara: \u00ab\u00a0On vous applaudira si en 2025 on a une pr\u00e9sidentielle inclusive et consensuelle avec une CEI non partisane\u00a0\u00bb","datePublished":"2021-07-31T13:18:01+00:00","dateModified":"2021-07-31T19:09:02+00:00","mainEntityOfPage":{"@id":"https:\/\/www.africa-press.net\/cotedivoire\/dossiers\/kks-a-gbagbo-et-ouattara-on-vous-applaudira-si-en-2025-on-a-une-presidentielle-inclusive-et-consensuelle-avec-une-cei-non-partisane"},"wordCount":1047,"commentCount":0,"image":{"@id":"https:\/\/www.africa-press.net\/cotedivoire\/dossiers\/kks-a-gbagbo-et-ouattara-on-vous-applaudira-si-en-2025-on-a-une-presidentielle-inclusive-et-consensuelle-avec-une-cei-non-partisane#primaryimage"},"thumbnailUrl":"https:\/\/static.africa-press.net\/cote\/sites\/43\/2021\/07\/img-610547a225ea3.jpg","keywords":["Africa Press","Africa Press-C\u00f4te d'Ivoire","C\u00d4TE D'IVOIRE"],"articleSection":["Dossiers","homepage-french","Top Nouvelles","Toutes les actualit\u00e9s"],"inLanguage":"fr-FR","potentialAction":[{"@type":"CommentAction","name":"Comment","target":["https:\/\/www.africa-press.net\/cotedivoire\/dossiers\/kks-a-gbagbo-et-ouattara-on-vous-applaudira-si-en-2025-on-a-une-presidentielle-inclusive-et-consensuelle-avec-une-cei-non-partisane#respond"]}]},{"@type":"WebPage","@id":"https:\/\/www.africa-press.net\/cotedivoire\/dossiers\/kks-a-gbagbo-et-ouattara-on-vous-applaudira-si-en-2025-on-a-une-presidentielle-inclusive-et-consensuelle-avec-une-cei-non-partisane","url":"https:\/\/www.africa-press.net\/cotedivoire\/dossiers\/kks-a-gbagbo-et-ouattara-on-vous-applaudira-si-en-2025-on-a-une-presidentielle-inclusive-et-consensuelle-avec-une-cei-non-partisane","name":"KKS \u00e0 Gbagbo et Ouattara: \u00ab\u00a0On vous applaudira si en 2025 on a une pr\u00e9sidentielle inclusive et consensuelle avec une CEI non partisane\u00a0\u00bb - C\u00f4te d&#039;Ivoire","isPartOf":{"@id":"https:\/\/www.africa-press.net\/cotedivoire\/#website"},"primaryImageOfPage":{"@id":"https:\/\/www.africa-press.net\/cotedivoire\/dossiers\/kks-a-gbagbo-et-ouattara-on-vous-applaudira-si-en-2025-on-a-une-presidentielle-inclusive-et-consensuelle-avec-une-cei-non-partisane#primaryimage"},"image":{"@id":"https:\/\/www.africa-press.net\/cotedivoire\/dossiers\/kks-a-gbagbo-et-ouattara-on-vous-applaudira-si-en-2025-on-a-une-presidentielle-inclusive-et-consensuelle-avec-une-cei-non-partisane#primaryimage"},"thumbnailUrl":"https:\/\/static.africa-press.net\/cote\/sites\/43\/2021\/07\/img-610547a225ea3.jpg","datePublished":"2021-07-31T13:18:01+00:00","dateModified":"2021-07-31T19:09:02+00:00","author":{"@id":"https:\/\/www.africa-press.net\/cotedivoire\/#\/schema\/person\/2b1cf3cd81a31e3cd26889ca66d677f1"},"description":"Le mardi 27 juillet 2021, la chronique des grandes rencontres de la r\u00e9publique s\u2019est enrichie d\u2019une nouvelle ligne en le ...","breadcrumb":{"@id":"https:\/\/www.africa-press.net\/cotedivoire\/dossiers\/kks-a-gbagbo-et-ouattara-on-vous-applaudira-si-en-2025-on-a-une-presidentielle-inclusive-et-consensuelle-avec-une-cei-non-partisane#breadcrumb"},"inLanguage":"fr-FR","potentialAction":[{"@type":"ReadAction","target":["https:\/\/www.africa-press.net\/cotedivoire\/dossiers\/kks-a-gbagbo-et-ouattara-on-vous-applaudira-si-en-2025-on-a-une-presidentielle-inclusive-et-consensuelle-avec-une-cei-non-partisane"]}]},{"@type":"ImageObject","inLanguage":"fr-FR","@id":"https:\/\/www.africa-press.net\/cotedivoire\/dossiers\/kks-a-gbagbo-et-ouattara-on-vous-applaudira-si-en-2025-on-a-une-presidentielle-inclusive-et-consensuelle-avec-une-cei-non-partisane#primaryimage","url":"https:\/\/static.africa-press.net\/cote\/sites\/43\/2021\/07\/img-610547a225ea3.jpg","contentUrl":"https:\/\/static.africa-press.net\/cote\/sites\/43\/2021\/07\/img-610547a225ea3.jpg","width":720,"height":360,"caption":"KKS \u00e0 Gbagbo et Ouattara: \u00ab\u00a0On vous applaudira si en 2025 on a une pr\u00e9sidentielle inclusive et consensuelle avec une CEI non partisane\u00a0\u00bb"},{"@type":"BreadcrumbList","@id":"https:\/\/www.africa-press.net\/cotedivoire\/dossiers\/kks-a-gbagbo-et-ouattara-on-vous-applaudira-si-en-2025-on-a-une-presidentielle-inclusive-et-consensuelle-avec-une-cei-non-partisane#breadcrumb","itemListElement":[{"@type":"ListItem","position":1,"name":"Accueil","item":"https:\/\/www.africa-press.net\/cotedivoire\/"},{"@type":"ListItem","position":2,"name":"KKS \u00e0 Gbagbo et Ouattara: \u00ab\u00a0On vous applaudira si en 2025 on a une pr\u00e9sidentielle inclusive et consensuelle avec une CEI non partisane\u00a0\u00bb"}]},{"@type":"WebSite","@id":"https:\/\/www.africa-press.net\/cotedivoire\/#website","url":"https:\/\/www.africa-press.net\/cotedivoire\/","name":"C\u00f4te d&#039;Ivoire","description":"Just another Africa News Agency Sites site","potentialAction":[{"@type":"SearchAction","target":{"@type":"EntryPoint","urlTemplate":"https:\/\/www.africa-press.net\/cotedivoire\/?s={search_term_string}"},"query-input":{"@type":"PropertyValueSpecification","valueRequired":true,"valueName":"search_term_string"}}],"inLanguage":"fr-FR"},{"@type":"Person","@id":"https:\/\/www.africa-press.net\/cotedivoire\/#\/schema\/person\/2b1cf3cd81a31e3cd26889ca66d677f1","name":"cfeditorfr"}]}},"_links":{"self":[{"href":"https:\/\/www.africa-press.net\/cotedivoire\/wp-json\/wp\/v2\/posts\/10699","targetHints":{"allow":["GET"]}}],"collection":[{"href":"https:\/\/www.africa-press.net\/cotedivoire\/wp-json\/wp\/v2\/posts"}],"about":[{"href":"https:\/\/www.africa-press.net\/cotedivoire\/wp-json\/wp\/v2\/types\/post"}],"author":[{"embeddable":true,"href":"https:\/\/www.africa-press.net\/cotedivoire\/wp-json\/wp\/v2\/users\/82"}],"replies":[{"embeddable":true,"href":"https:\/\/www.africa-press.net\/cotedivoire\/wp-json\/wp\/v2\/comments?post=10699"}],"version-history":[{"count":0,"href":"https:\/\/www.africa-press.net\/cotedivoire\/wp-json\/wp\/v2\/posts\/10699\/revisions"}],"wp:featuredmedia":[{"embeddable":true,"href":"https:\/\/www.africa-press.net\/cotedivoire\/wp-json\/wp\/v2\/media\/10698"}],"wp:attachment":[{"href":"https:\/\/www.africa-press.net\/cotedivoire\/wp-json\/wp\/v2\/media?parent=10699"}],"wp:term":[{"taxonomy":"category","embeddable":true,"href":"https:\/\/www.africa-press.net\/cotedivoire\/wp-json\/wp\/v2\/categories?post=10699"},{"taxonomy":"post_tag","embeddable":true,"href":"https:\/\/www.africa-press.net\/cotedivoire\/wp-json\/wp\/v2\/tags?post=10699"}],"curies":[{"name":"wp","href":"https:\/\/api.w.org\/{rel}","templated":true}]}}