{"id":107005,"date":"2025-10-17T17:30:08","date_gmt":"2025-10-17T17:30:08","guid":{"rendered":"https:\/\/www.africa-press.net\/cotedivoire\/politique\/ouattara-presente-le-projet-zanzan-2030-a-bondoukou"},"modified":"2025-10-17T17:37:10","modified_gmt":"2025-10-17T17:37:10","slug":"ouattara-presente-le-projet-zanzan-2030-a-bondoukou","status":"publish","type":"post","link":"https:\/\/www.africa-press.net\/cotedivoire\/politique\/ouattara-presente-le-projet-zanzan-2030-a-bondoukou","title":{"rendered":"Ouattara Pr\u00e9sente le Projet Zanzan 2030 \u00e0 Bondoukou"},"content":{"rendered":"<p><span style=\"color: #ff6600\"><strong>Africa-Press &#8211; C\u00f4te d&rsquo;Ivoire. <\/strong><\/span>Le candidat du RHDP et pre\u0301sident sortant, Alassane Ouattara, poursuit sa campagne pour l\u2019e\u0301lection pre\u0301sidentielle du 25 octobre 2025. Ce jeudi 16 octobre, il a marque\u0301 une e\u0301tape majeure a\u0300 Bondoukou, capitale du District du Zanzan, ou\u0300 il a rencontre\u0301 les rois, chefs traditionnels, cadres, jeunes et femmes, devant une foule nombreuse rassemble\u0301e sur la place du marche\u0301.<\/p>\n<p>Dans un discours chaleureux et ferme, le chef de l\u2019E\u0301tat sortant a non seulement exprime\u0301 sa reconnaissance pour l\u2019accueil qui lui a e\u0301te\u0301 re\u0301serve\u0301, mais a e\u0301galement de\u0301taille\u0301 un programme ambitieux de de\u0301veloppement pour la re\u0301gion, tout en sollicitant un nouveau mandat pour poursuivre ses re\u0301formes.<\/p>\n<p>\u00ab Je suis tre\u0300s heureux d\u2019e\u0302tre ici, dans cette ville riche de son patrimoine culturel et spirituel \u00bb, a de\u0301clare\u0301 le pre\u0301sident, visiblement e\u0301mu par l&rsquo;accueil enthousiaste. Rappelant l\u2019histoire de Bondoukou, terre de brassage ethnique et religieux, il a salue\u0301 la cohabitation pacifique entre les Brons, Lobis, Malinke\u0301s, Agnis, Koulangos et bien d\u2019autres peuples.<\/p>\n<p>Le pre\u0301sident a rendu un hommage appuye\u0301 aux rois et chefs traditionnels pour leur ro\u0302le central dans le maintien de la cohe\u0301sion sociale. Il a e\u0301galement salue\u0301 la mobilisation exceptionnelle orchestre\u0301e par le directeur re\u0301gional de campagne, Kobenan Kouassi Adjoumani, ainsi que l\u2019engagement de la ministre Kaba Niale\u0301, actuellement en mission a\u0300 Washington.<\/p>\n<p>Revenant sur son action depuis son arrive\u0301e au pouvoir, Alassane Ouattara a dresse\u0301 un bilan flatteur de son passage dans la re\u0301gion du Zanzan. Il s&rsquo;agit de 283 localite\u0301s e\u0301lectrifie\u0301es, faisant passer le taux de couverture e\u0301lectrique de 30 % en 2011 a\u0300 90 % en 2025. Le cap du 100 % est pre\u0301vu dans quelques mois. De 34 lyce\u0301es et colle\u0300ges construits, 1 262 salles de classe, un lyce\u0301e d\u2019excellence pour jeunes filles en construction, et une universite\u0301 publique de\u0301ja\u0300 fonctionnelle a\u0300 Bondoukou. De 28 cha\u0302teaux d\u2019eau construits, 5 ho\u0302pitaux ge\u0301ne\u0301raux et le CHR re\u0301habilite\u0301s, de la re\u0301habilitation de grandes voies routie\u0300res, notamment l\u2019axe Bondoukou-Soko (frontie\u0300re Ghana), Bondoukou-Bouna, et la route de l&rsquo;Est. Et des projets agricoles d\u2019envergure, notamment dans l\u2019anacarde, avec l\u2019appui du ministre Adjoumani.<\/p>\n<p>\u00ab En 14 ans, nous avons fait plus pour le Zanzan que ce qui a e\u0301te\u0301 accompli durant les 50 anne\u0301es pre\u0301ce\u0301dentes \u00bb, a-t-il affirme\u0301.<\/p>\n<p>\u00ab Ce n\u2019est que le de\u0301but, gra\u0302ce a\u0300 votre soutien. \u00bb<\/p>\n<p>Alassane Ouattara a annonce\u0301 une nouvelle se\u0301rie d\u2019investissements pour acce\u0301le\u0301rer la transformation du Zanzan. Le candidat du RHDP a annonce\u0301, le bitumage de 10 km de routes a\u0300 Bondoukou et Bouna, 3 km a\u0300 Koun-Fao, Sande\u0301gue\u0301, Tanda, Transua, ainsi que la route Tanda-Amavi, la construction de l\u2019axe routier Bouake\u0301\u2013Bondoukou via Satama Sokoura, pour relier l\u2019Est a\u0300 l\u2019autoroute du Centre, le bitumage de l\u2019axe Koun-Fao\u2013Transua\u2013Assue\u0301fry, la construction de l\u2019INFAS a\u0300 Bondoukou, du CAFOP et d\u2019un nouveau CHR a\u0300 Bouna et la cre\u0301ation de cinq po\u0302les agro-industriels re\u0301gionaux, dont un a\u0300 Bondoukou, pour favoriser la transformation locale de la production agricole.<\/p>\n<p>Le pre\u0301sident a souligne\u0301 l\u2019importance de l\u2019autonomisation des femmes a\u0300 travers le FAFCI (Fonds d\u2019appui aux femmes de Co\u0302te d\u2019Ivoire), initie\u0301 et supervise\u0301 par la Premie\u0300re Dame, Dominique Ouattara.<\/p>\n<p>\u00ab Nos me\u0300res, s\u0153urs et filles font preuve d\u2019un courage et d\u2019un esprit d\u2019initiative admirables. \u00bb<\/p>\n<p>Co\u0302te\u0301 jeunesse, il a mis en avant le programme \u00ab\u00a0Zanzan 2030\u00a0\u00bb, qui vise a\u0300 cre\u0301er des opportunite\u0301s dans l\u2019agriculture, les me\u0301tiers verts et la technologie.<\/p>\n<p>En clo\u0302ture de son intervention, Alassane Ouattara a officiellement pre\u0301sente\u0301 sa candidature a\u0300 la pre\u0301sidentielle devant les populations du Zanzan: \u00ab Je suis candidat pour que notre pays continue d\u2019e\u0302tre prospe\u0300re, en paix et en se\u0301curite\u0301. Je suis candidat pour que les conditions de vie des Ivoiriens s\u2019ame\u0301liorent davantage, notamment ici, dans le Zanzan. \u00bb<\/p>\n<p>Il a lance\u0301 un appel vibrant a\u0300 la mobilisation: \u00ab Le 25 octobre, je vous invite a\u0300 voter massivement pour ADO. Oui, votez ADO pour la construction d\u2019un grand pays, d\u2019une grande nation, stable, solidaire et prospe\u0300re. \u00bb<\/p>\n<p>Rendez-vous le 25 octobre 2025 dans les urnes. Le Zanzan semble plus que jamais de\u0301cide\u0301 a\u0300 soutenir \u00ab son candidat \u00bb, Alassane Ouattara.<\/p>\n<p><strong>Pour plus d&rsquo;informations et d&rsquo;analyses sur la <span style=\"color: #ff6600\">C\u00f4te d&rsquo;Ivoire<\/span>, suivez <span style=\"color: #ff6600\">Africa-Press<\/span><\/strong><\/p>\n","protected":false},"excerpt":{"rendered":"<p>Africa-Press &#8211; C\u00f4te d&rsquo;Ivoire. Le candidat du RHDP et pre\u0301sident sortant, Alassane Ouattara, poursuit sa campagne pour l\u2019e\u0301lection pre\u0301sidentielle du 25 octobre 2025. Ce jeudi 16 octobre, il a marque\u0301 une e\u0301tape majeure a\u0300 Bondoukou, capitale du District du Zanzan, ou\u0300 il a rencontre\u0301 les rois, chefs traditionnels, cadres, jeunes et femmes, devant une foule [&hellip;]<\/p>\n","protected":false},"author":82,"featured_media":107003,"comment_status":"open","ping_status":"closed","sticky":false,"template":"","format":"standard","meta":{"footnotes":""},"categories":[2,10],"tags":[19232,839,29,1583,687,86,41,2780,742,371,4446],"class_list":["post-107005","post","type-post","status-publish","format-standard","has-post-thumbnail","hentry","category-politique","category-toutes-les-actualites","tag-aassane-ouattara","tag-bondoukou","tag-cote-divoire","tag-developpement","tag-district","tag-education","tag-elections","tag-infrastructures","tag-presidentielle-2025","tag-rhdp","tag-zanzan"],"yoast_head":"<!-- This site is optimized with the Yoast SEO Premium plugin v26.1 (Yoast SEO v27.0) - https:\/\/yoast.com\/product\/yoast-seo-premium-wordpress\/ -->\n<title>Ouattara Pr\u00e9sente le Projet Zanzan 2030 \u00e0 Bondoukou - C\u00f4te d&#039;Ivoire<\/title>\n<meta name=\"description\" content=\"Le candidat du RHDP et pre\u0301sident sortant, Alassane Ouattara, poursuit sa campagne pour l\u2019e\u0301lection pre\u0301sidentielle du 2 ...\" \/>\n<meta name=\"robots\" content=\"index, follow, max-snippet:-1, max-image-preview:large, max-video-preview:-1\" \/>\n<link rel=\"canonical\" href=\"https:\/\/www.africa-press.net\/cotedivoire\/politique\/ouattara-presente-le-projet-zanzan-2030-a-bondoukou\" \/>\n<meta property=\"og:locale\" content=\"fr_FR\" \/>\n<meta property=\"og:type\" content=\"article\" \/>\n<meta property=\"og:title\" content=\"Ouattara Pr\u00e9sente le Projet Zanzan 2030 \u00e0 Bondoukou\" \/>\n<meta property=\"og:description\" content=\"Le candidat du RHDP et pre\u0301sident sortant, Alassane Ouattara, poursuit sa campagne pour l\u2019e\u0301lection pre\u0301sidentielle du 2 ...\" \/>\n<meta property=\"og:url\" content=\"https:\/\/www.africa-press.net\/cotedivoire\/politique\/ouattara-presente-le-projet-zanzan-2030-a-bondoukou\" \/>\n<meta property=\"og:site_name\" content=\"C\u00f4te d&#039;Ivoire\" \/>\n<meta property=\"article:published_time\" content=\"2025-10-17T17:30:08+00:00\" \/>\n<meta property=\"article:modified_time\" content=\"2025-10-17T17:37:10+00:00\" \/>\n<meta property=\"og:image\" content=\"https:\/\/static.africa-press.net\/cote\/sites\/43\/2025\/10\/sm_1760709984.261685.jpg\" \/>\n\t<meta property=\"og:image:width\" content=\"720\" \/>\n\t<meta property=\"og:image:height\" content=\"364\" \/>\n\t<meta property=\"og:image:type\" content=\"image\/jpeg\" \/>\n<meta name=\"author\" content=\"cfeditorfr\" \/>\n<meta name=\"twitter:card\" content=\"summary_large_image\" \/>\n<meta name=\"twitter:label1\" content=\"\u00c9crit par\" \/>\n\t<meta name=\"twitter:data1\" content=\"cfeditorfr\" \/>\n\t<meta name=\"twitter:label2\" content=\"Dur\u00e9e de lecture estim\u00e9e\" \/>\n\t<meta name=\"twitter:data2\" content=\"4 minutes\" \/>\n<script type=\"application\/ld+json\" class=\"yoast-schema-graph\">{\"@context\":\"https:\/\/schema.org\",\"@graph\":[{\"@type\":\"Article\",\"@id\":\"https:\/\/www.africa-press.net\/cotedivoire\/politique\/ouattara-presente-le-projet-zanzan-2030-a-bondoukou#article\",\"isPartOf\":{\"@id\":\"https:\/\/www.africa-press.net\/cotedivoire\/politique\/ouattara-presente-le-projet-zanzan-2030-a-bondoukou\"},\"author\":{\"name\":\"cfeditorfr\",\"@id\":\"https:\/\/www.africa-press.net\/cotedivoire\/#\/schema\/person\/2b1cf3cd81a31e3cd26889ca66d677f1\"},\"headline\":\"Ouattara Pr\u00e9sente le Projet Zanzan 2030 \u00e0 Bondoukou\",\"datePublished\":\"2025-10-17T17:30:08+00:00\",\"dateModified\":\"2025-10-17T17:37:10+00:00\",\"mainEntityOfPage\":{\"@id\":\"https:\/\/www.africa-press.net\/cotedivoire\/politique\/ouattara-presente-le-projet-zanzan-2030-a-bondoukou\"},\"wordCount\":764,\"commentCount\":0,\"image\":{\"@id\":\"https:\/\/www.africa-press.net\/cotedivoire\/politique\/ouattara-presente-le-projet-zanzan-2030-a-bondoukou#primaryimage\"},\"thumbnailUrl\":\"https:\/\/static.africa-press.net\/cote\/sites\/43\/2025\/10\/sm_1760709984.261685.jpg\",\"keywords\":[\"Aassane Ouattara\",\"Bondoukou\",\"C\u00d4TE D'IVOIRE\",\"d\u00e9veloppement\",\"district\",\"\u00c9ducation\",\"\u00c9lections\",\"infrastructures\",\"pr\u00e9sidentielle 2025\",\"RHDP\",\"Zanzan\"],\"articleSection\":[\"Politique\",\"Toutes les actualit\u00e9s\"],\"inLanguage\":\"fr-FR\",\"potentialAction\":[{\"@type\":\"CommentAction\",\"name\":\"Comment\",\"target\":[\"https:\/\/www.africa-press.net\/cotedivoire\/politique\/ouattara-presente-le-projet-zanzan-2030-a-bondoukou#respond\"]}]},{\"@type\":\"WebPage\",\"@id\":\"https:\/\/www.africa-press.net\/cotedivoire\/politique\/ouattara-presente-le-projet-zanzan-2030-a-bondoukou\",\"url\":\"https:\/\/www.africa-press.net\/cotedivoire\/politique\/ouattara-presente-le-projet-zanzan-2030-a-bondoukou\",\"name\":\"Ouattara Pr\u00e9sente le Projet Zanzan 2030 \u00e0 Bondoukou - C\u00f4te d&#039;Ivoire\",\"isPartOf\":{\"@id\":\"https:\/\/www.africa-press.net\/cotedivoire\/#website\"},\"primaryImageOfPage\":{\"@id\":\"https:\/\/www.africa-press.net\/cotedivoire\/politique\/ouattara-presente-le-projet-zanzan-2030-a-bondoukou#primaryimage\"},\"image\":{\"@id\":\"https:\/\/www.africa-press.net\/cotedivoire\/politique\/ouattara-presente-le-projet-zanzan-2030-a-bondoukou#primaryimage\"},\"thumbnailUrl\":\"https:\/\/static.africa-press.net\/cote\/sites\/43\/2025\/10\/sm_1760709984.261685.jpg\",\"datePublished\":\"2025-10-17T17:30:08+00:00\",\"dateModified\":\"2025-10-17T17:37:10+00:00\",\"author\":{\"@id\":\"https:\/\/www.africa-press.net\/cotedivoire\/#\/schema\/person\/2b1cf3cd81a31e3cd26889ca66d677f1\"},\"description\":\"Le candidat du RHDP et pre\u0301sident sortant, Alassane Ouattara, poursuit sa campagne pour l\u2019e\u0301lection pre\u0301sidentielle du 2 ...\",\"breadcrumb\":{\"@id\":\"https:\/\/www.africa-press.net\/cotedivoire\/politique\/ouattara-presente-le-projet-zanzan-2030-a-bondoukou#breadcrumb\"},\"inLanguage\":\"fr-FR\",\"potentialAction\":[{\"@type\":\"ReadAction\",\"target\":[\"https:\/\/www.africa-press.net\/cotedivoire\/politique\/ouattara-presente-le-projet-zanzan-2030-a-bondoukou\"]}]},{\"@type\":\"ImageObject\",\"inLanguage\":\"fr-FR\",\"@id\":\"https:\/\/www.africa-press.net\/cotedivoire\/politique\/ouattara-presente-le-projet-zanzan-2030-a-bondoukou#primaryimage\",\"url\":\"https:\/\/static.africa-press.net\/cote\/sites\/43\/2025\/10\/sm_1760709984.261685.jpg\",\"contentUrl\":\"https:\/\/static.africa-press.net\/cote\/sites\/43\/2025\/10\/sm_1760709984.261685.jpg\",\"width\":720,\"height\":364,\"caption\":\"Ouattara Pr\u00e9sente le Projet Zanzan 2030 \u00e0 Bondoukou\"},{\"@type\":\"BreadcrumbList\",\"@id\":\"https:\/\/www.africa-press.net\/cotedivoire\/politique\/ouattara-presente-le-projet-zanzan-2030-a-bondoukou#breadcrumb\",\"itemListElement\":[{\"@type\":\"ListItem\",\"position\":1,\"name\":\"Accueil\",\"item\":\"https:\/\/www.africa-press.net\/cotedivoire\/\"},{\"@type\":\"ListItem\",\"position\":2,\"name\":\"Ouattara Pr\u00e9sente le Projet Zanzan 2030 \u00e0 Bondoukou\"}]},{\"@type\":\"WebSite\",\"@id\":\"https:\/\/www.africa-press.net\/cotedivoire\/#website\",\"url\":\"https:\/\/www.africa-press.net\/cotedivoire\/\",\"name\":\"C\u00f4te d&#039;Ivoire\",\"description\":\"Just another Africa News Agency Sites site\",\"potentialAction\":[{\"@type\":\"SearchAction\",\"target\":{\"@type\":\"EntryPoint\",\"urlTemplate\":\"https:\/\/www.africa-press.net\/cotedivoire\/?s={search_term_string}\"},\"query-input\":{\"@type\":\"PropertyValueSpecification\",\"valueRequired\":true,\"valueName\":\"search_term_string\"}}],\"inLanguage\":\"fr-FR\"},{\"@type\":\"Person\",\"@id\":\"https:\/\/www.africa-press.net\/cotedivoire\/#\/schema\/person\/2b1cf3cd81a31e3cd26889ca66d677f1\",\"name\":\"cfeditorfr\"}]}<\/script>\n<!-- \/ Yoast SEO Premium plugin. -->","yoast_head_json":{"title":"Ouattara Pr\u00e9sente le Projet Zanzan 2030 \u00e0 Bondoukou - C\u00f4te d&#039;Ivoire","description":"Le candidat du RHDP et pre\u0301sident sortant, Alassane Ouattara, poursuit sa campagne pour l\u2019e\u0301lection pre\u0301sidentielle du 2 ...","robots":{"index":"index","follow":"follow","max-snippet":"max-snippet:-1","max-image-preview":"max-image-preview:large","max-video-preview":"max-video-preview:-1"},"canonical":"https:\/\/www.africa-press.net\/cotedivoire\/politique\/ouattara-presente-le-projet-zanzan-2030-a-bondoukou","og_locale":"fr_FR","og_type":"article","og_title":"Ouattara Pr\u00e9sente le Projet Zanzan 2030 \u00e0 Bondoukou","og_description":"Le candidat du RHDP et pre\u0301sident sortant, Alassane Ouattara, poursuit sa campagne pour l\u2019e\u0301lection pre\u0301sidentielle du 2 ...","og_url":"https:\/\/www.africa-press.net\/cotedivoire\/politique\/ouattara-presente-le-projet-zanzan-2030-a-bondoukou","og_site_name":"C\u00f4te d&#039;Ivoire","article_published_time":"2025-10-17T17:30:08+00:00","article_modified_time":"2025-10-17T17:37:10+00:00","og_image":[{"width":720,"height":364,"url":"https:\/\/static.africa-press.net\/cote\/sites\/43\/2025\/10\/sm_1760709984.261685.jpg","type":"image\/jpeg"}],"author":"cfeditorfr","twitter_card":"summary_large_image","twitter_misc":{"\u00c9crit par":"cfeditorfr","Dur\u00e9e de lecture estim\u00e9e":"4 minutes"},"schema":{"@context":"https:\/\/schema.org","@graph":[{"@type":"Article","@id":"https:\/\/www.africa-press.net\/cotedivoire\/politique\/ouattara-presente-le-projet-zanzan-2030-a-bondoukou#article","isPartOf":{"@id":"https:\/\/www.africa-press.net\/cotedivoire\/politique\/ouattara-presente-le-projet-zanzan-2030-a-bondoukou"},"author":{"name":"cfeditorfr","@id":"https:\/\/www.africa-press.net\/cotedivoire\/#\/schema\/person\/2b1cf3cd81a31e3cd26889ca66d677f1"},"headline":"Ouattara Pr\u00e9sente le Projet Zanzan 2030 \u00e0 Bondoukou","datePublished":"2025-10-17T17:30:08+00:00","dateModified":"2025-10-17T17:37:10+00:00","mainEntityOfPage":{"@id":"https:\/\/www.africa-press.net\/cotedivoire\/politique\/ouattara-presente-le-projet-zanzan-2030-a-bondoukou"},"wordCount":764,"commentCount":0,"image":{"@id":"https:\/\/www.africa-press.net\/cotedivoire\/politique\/ouattara-presente-le-projet-zanzan-2030-a-bondoukou#primaryimage"},"thumbnailUrl":"https:\/\/static.africa-press.net\/cote\/sites\/43\/2025\/10\/sm_1760709984.261685.jpg","keywords":["Aassane Ouattara","Bondoukou","C\u00d4TE D'IVOIRE","d\u00e9veloppement","district","\u00c9ducation","\u00c9lections","infrastructures","pr\u00e9sidentielle 2025","RHDP","Zanzan"],"articleSection":["Politique","Toutes les actualit\u00e9s"],"inLanguage":"fr-FR","potentialAction":[{"@type":"CommentAction","name":"Comment","target":["https:\/\/www.africa-press.net\/cotedivoire\/politique\/ouattara-presente-le-projet-zanzan-2030-a-bondoukou#respond"]}]},{"@type":"WebPage","@id":"https:\/\/www.africa-press.net\/cotedivoire\/politique\/ouattara-presente-le-projet-zanzan-2030-a-bondoukou","url":"https:\/\/www.africa-press.net\/cotedivoire\/politique\/ouattara-presente-le-projet-zanzan-2030-a-bondoukou","name":"Ouattara Pr\u00e9sente le Projet Zanzan 2030 \u00e0 Bondoukou - C\u00f4te d&#039;Ivoire","isPartOf":{"@id":"https:\/\/www.africa-press.net\/cotedivoire\/#website"},"primaryImageOfPage":{"@id":"https:\/\/www.africa-press.net\/cotedivoire\/politique\/ouattara-presente-le-projet-zanzan-2030-a-bondoukou#primaryimage"},"image":{"@id":"https:\/\/www.africa-press.net\/cotedivoire\/politique\/ouattara-presente-le-projet-zanzan-2030-a-bondoukou#primaryimage"},"thumbnailUrl":"https:\/\/static.africa-press.net\/cote\/sites\/43\/2025\/10\/sm_1760709984.261685.jpg","datePublished":"2025-10-17T17:30:08+00:00","dateModified":"2025-10-17T17:37:10+00:00","author":{"@id":"https:\/\/www.africa-press.net\/cotedivoire\/#\/schema\/person\/2b1cf3cd81a31e3cd26889ca66d677f1"},"description":"Le candidat du RHDP et pre\u0301sident sortant, Alassane Ouattara, poursuit sa campagne pour l\u2019e\u0301lection pre\u0301sidentielle du 2 ...","breadcrumb":{"@id":"https:\/\/www.africa-press.net\/cotedivoire\/politique\/ouattara-presente-le-projet-zanzan-2030-a-bondoukou#breadcrumb"},"inLanguage":"fr-FR","potentialAction":[{"@type":"ReadAction","target":["https:\/\/www.africa-press.net\/cotedivoire\/politique\/ouattara-presente-le-projet-zanzan-2030-a-bondoukou"]}]},{"@type":"ImageObject","inLanguage":"fr-FR","@id":"https:\/\/www.africa-press.net\/cotedivoire\/politique\/ouattara-presente-le-projet-zanzan-2030-a-bondoukou#primaryimage","url":"https:\/\/static.africa-press.net\/cote\/sites\/43\/2025\/10\/sm_1760709984.261685.jpg","contentUrl":"https:\/\/static.africa-press.net\/cote\/sites\/43\/2025\/10\/sm_1760709984.261685.jpg","width":720,"height":364,"caption":"Ouattara Pr\u00e9sente le Projet Zanzan 2030 \u00e0 Bondoukou"},{"@type":"BreadcrumbList","@id":"https:\/\/www.africa-press.net\/cotedivoire\/politique\/ouattara-presente-le-projet-zanzan-2030-a-bondoukou#breadcrumb","itemListElement":[{"@type":"ListItem","position":1,"name":"Accueil","item":"https:\/\/www.africa-press.net\/cotedivoire\/"},{"@type":"ListItem","position":2,"name":"Ouattara Pr\u00e9sente le Projet Zanzan 2030 \u00e0 Bondoukou"}]},{"@type":"WebSite","@id":"https:\/\/www.africa-press.net\/cotedivoire\/#website","url":"https:\/\/www.africa-press.net\/cotedivoire\/","name":"C\u00f4te d&#039;Ivoire","description":"Just another Africa News Agency Sites site","potentialAction":[{"@type":"SearchAction","target":{"@type":"EntryPoint","urlTemplate":"https:\/\/www.africa-press.net\/cotedivoire\/?s={search_term_string}"},"query-input":{"@type":"PropertyValueSpecification","valueRequired":true,"valueName":"search_term_string"}}],"inLanguage":"fr-FR"},{"@type":"Person","@id":"https:\/\/www.africa-press.net\/cotedivoire\/#\/schema\/person\/2b1cf3cd81a31e3cd26889ca66d677f1","name":"cfeditorfr"}]}},"_links":{"self":[{"href":"https:\/\/www.africa-press.net\/cotedivoire\/wp-json\/wp\/v2\/posts\/107005","targetHints":{"allow":["GET"]}}],"collection":[{"href":"https:\/\/www.africa-press.net\/cotedivoire\/wp-json\/wp\/v2\/posts"}],"about":[{"href":"https:\/\/www.africa-press.net\/cotedivoire\/wp-json\/wp\/v2\/types\/post"}],"author":[{"embeddable":true,"href":"https:\/\/www.africa-press.net\/cotedivoire\/wp-json\/wp\/v2\/users\/82"}],"replies":[{"embeddable":true,"href":"https:\/\/www.africa-press.net\/cotedivoire\/wp-json\/wp\/v2\/comments?post=107005"}],"version-history":[{"count":0,"href":"https:\/\/www.africa-press.net\/cotedivoire\/wp-json\/wp\/v2\/posts\/107005\/revisions"}],"wp:featuredmedia":[{"embeddable":true,"href":"https:\/\/www.africa-press.net\/cotedivoire\/wp-json\/wp\/v2\/media\/107003"}],"wp:attachment":[{"href":"https:\/\/www.africa-press.net\/cotedivoire\/wp-json\/wp\/v2\/media?parent=107005"}],"wp:term":[{"taxonomy":"category","embeddable":true,"href":"https:\/\/www.africa-press.net\/cotedivoire\/wp-json\/wp\/v2\/categories?post=107005"},{"taxonomy":"post_tag","embeddable":true,"href":"https:\/\/www.africa-press.net\/cotedivoire\/wp-json\/wp\/v2\/tags?post=107005"}],"curies":[{"name":"wp","href":"https:\/\/api.w.org\/{rel}","templated":true}]}}