{"id":107057,"date":"2025-10-18T15:49:16","date_gmt":"2025-10-18T15:49:16","guid":{"rendered":"https:\/\/www.africa-press.net\/cotedivoire\/politique\/ouattara-mobilise-la-jeunesse-ivoirienne-pour-sa-candidature"},"modified":"2025-10-18T15:56:26","modified_gmt":"2025-10-18T15:56:26","slug":"ouattara-mobilise-la-jeunesse-ivoirienne-pour-sa-candidature","status":"publish","type":"post","link":"https:\/\/www.africa-press.net\/cotedivoire\/politique\/ouattara-mobilise-la-jeunesse-ivoirienne-pour-sa-candidature","title":{"rendered":"Ouattara Mobilise La Jeunesse Ivoirienne Pour Sa Candidature"},"content":{"rendered":"<p><span style=\"color: #ff6600\"><strong>Africa-Press &#8211; C\u00f4te d&rsquo;Ivoire. <\/strong><\/span>A\u0300 une semaine du scrutin pre\u0301sidentiel du 25 octobre, le Pre\u0301sident sortant et candidat du Rassemblement des Houphoue\u0308tistes pour la De\u0301mocratie et la Paix (RHDP), Alassane Ouattara, a tenu un grand meeting de la jeunesse au Stade Fe\u0301lix Houphoue\u0308t-Boigny. Sous une pluie perc\u0327ue comme \u00ab une be\u0301ne\u0301diction \u00bb, des milliers de jeunes venus de toutes les re\u0301gions du pays ont re\u0301pondu pre\u0301sents pour afficher leur soutien au candidat du RHDP.<\/p>\n<p>Aux co\u0302te\u0301s de son e\u0301pouse Dominique Ouattara, de son e\u0301quipe de campagne, du Vice-pre\u0301sident, du Premier ministre et de plusieurs membres du gouvernement, Alassane Ouattara a e\u0301te\u0301 accueilli avec ferveur par une foule compacte et enthousiaste. Loin d\u2019e\u0302tre dissuasive, la pluie a e\u0301te\u0301 interpre\u0301te\u0301e par le Pre\u0301sident comme un signe favorable.<\/p>\n<p>\u00ab La pluie tombe, c\u2019est une ve\u0301ritable be\u0301ne\u0301diction \u00bb, a-t-il lance\u0301, visiblement e\u0301mu par l\u2019accueil des jeunes.<\/p>\n<p>Dans un discours rythme\u0301 et e\u0301nergique, Alassane Ouattara a multiplie\u0301 les promesses, tout en rappelant les re\u0301alisations de ses pre\u0301ce\u0301dents mandats. Il a mis en avant les avance\u0301es majeures en matie\u0300re d\u2019e\u0301ducation, de formation et d\u2019insertion professionnelle.<\/p>\n<p>\u00ab Aujourd\u2019hui, nous avons 9 universite\u0301s, des centres de formation dans toutes les re\u0301gions, plus de 100 000 projets de jeunes finance\u0301s. Des milliers ont e\u0301te\u0301 forme\u0301s, accompagne\u0301s, recrute\u0301s&#8230; Et cela va continuer ! \u00bb, a-t-il martele\u0301, sous les acclamations.<\/p>\n<p>Le chef de l\u2019E\u0301tat sortant a affirme\u0301 que sa candidature e\u0301tait motive\u0301e par sa volonte\u0301 de poursuivre l\u2019\u0153uvre engage\u0301e pour la jeunesse ivoirienne.<\/p>\n<p>\u00ab Oui, c\u2019est pour vous que j\u2019ai accepte\u0301 d\u2019e\u0302tre candidat. Pour que vous puissiez apprendre, travailler, entreprendre, e\u0302tre inde\u0301pendants et contribuer a\u0300 la construction de notre beau pays. \u00bb<\/p>\n<p>A\u0300 une semaine du scrutin, Alassane Ouattara a appele\u0301 les jeunes a\u0300 se rendre massivement aux urnes: \u00ab Allez voter le 25 octobre ! Te\u0301le\u0301phonez a\u0300 tous ceux que vous connaissez pour leur demander d\u2019aller voter. Partout, dans le nord, le sud, l\u2019est, l\u2019ouest, le centre&#8230; Votez pour ADO, c\u2019est voter pour la stabilite\u0301, pour la prospe\u0301rite\u0301 ! \u00bb<\/p>\n<p>Il a insiste\u0301 sur la discipline, soulignant que l\u2019avenir de la Co\u0302te d\u2019Ivoire de\u0301pendait de l&rsquo;engagement responsable de sa jeunesse: \u00ab Notre grande nation a besoin de vous, de votre e\u0301nergie, de votre contribution. \u00bb<\/p>\n<p>Le moment fort de la journe\u0301e a e\u0301te\u0301 le discours enflamme\u0301 du porte-parole des jeunes, Gnabroyou Dessou Guy Schadrac, qui a re\u0301affirme\u0301 l\u2019engagement total de la jeunesse en faveur du Pre\u0301sident Ouattara: \u00ab Merci, Pre\u0301sident Alassane Ouattara, pour avoir fait de la jeunesse une priorite\u0301 nationale. Vous ne promettez pas, vous agissez. Vous avez donne\u0301 a\u0300 chaque jeune une place dans notre grande nation. \u00bb<\/p>\n<p>Le jeune leader a poursuivi avec un message de mobilisation claire: \u00ab Nous choisissons la stabilite\u0301, nous choisissons la paix, nous choisissons Alassane Ouattara. Le 25 octobre, tous et toutes dans les urnes pour ADO, un coup K.O. ! \u00bb<\/p>\n<p>En clo\u0302turant son discours, Alassane Ouattara a confie\u0301 a\u0300 la jeunesse une part importante de son ambition politique: \u00ab La Co\u0302te d\u2019Ivoire a besoin de vous. Nous allons continuer ensemble. E\u0302tes-vous d\u2019accord que cela continue? \u00bb<\/p>\n<p>Et la jeunesse a re\u0301pondu en ch\u0153ur: \u00ab OUI, OUI ! \u00bb<\/p>\n<p>Ce rassemblement marquant, a\u0300 moins de 10 jours de l\u2019e\u0301lection pre\u0301sidentielle, te\u0301moigne de la strate\u0301gie du RHDP: mobiliser massivement la jeunesse, moteur de\u0301mographique et e\u0301lectoral du pays, autour d\u2019un message de stabilite\u0301, de continuite\u0301 et de de\u0301veloppement. Le pari d\u2019un \u00ab coup K.O. \u00bb au soir du 25 octobre est de\u0301sormais lance\u0301.<\/p>\n<p><strong>Pour plus d&rsquo;informations et d&rsquo;analyses sur la <span style=\"color: #ff6600\">C\u00f4te d&rsquo;Ivoire<\/span>, suivez <span style=\"color: #ff6600\">Africa-Press<\/span><\/strong><\/p>\n","protected":false},"excerpt":{"rendered":"<p>Africa-Press &#8211; C\u00f4te d&rsquo;Ivoire. A\u0300 une semaine du scrutin pre\u0301sidentiel du 25 octobre, le Pre\u0301sident sortant et candidat du Rassemblement des Houphoue\u0308tistes pour la De\u0301mocratie et la Paix (RHDP), Alassane Ouattara, a tenu un grand meeting de la jeunesse au Stade Fe\u0301lix Houphoue\u0308t-Boigny. Sous une pluie perc\u0327ue comme \u00ab une be\u0301ne\u0301diction \u00bb, des milliers de [&hellip;]<\/p>\n","protected":false},"author":82,"featured_media":107056,"comment_status":"open","ping_status":"closed","sticky":false,"template":"","format":"standard","meta":{"footnotes":""},"categories":[2,20,10],"tags":[30,8151,38,29,3558,7257,19238,312,371],"class_list":["post-107057","post","type-post","status-publish","format-standard","has-post-thumbnail","hentry","category-politique","category-top-nouvelles","category-toutes-les-actualites","tag-abidjan","tag-ado","tag-alassane-ouattara","tag-cote-divoire","tag-election","tag-ivoirienne","tag-meeting-politique","tag-presidentielle","tag-rhdp"],"yoast_head":"<!-- This site is optimized with the Yoast SEO Premium plugin v26.1 (Yoast SEO v27.0) - https:\/\/yoast.com\/product\/yoast-seo-premium-wordpress\/ -->\n<title>Ouattara Mobilise La Jeunesse Ivoirienne Pour Sa Candidature - C\u00f4te d&#039;Ivoire<\/title>\n<meta name=\"description\" content=\"A\u0300 une semaine du scrutin pre\u0301sidentiel du 25 octobre, le Pre\u0301sident sortant et candidat du Rassemblement des Houphoue\u0308t ...\" \/>\n<meta name=\"robots\" content=\"index, follow, max-snippet:-1, max-image-preview:large, max-video-preview:-1\" \/>\n<link rel=\"canonical\" href=\"https:\/\/www.africa-press.net\/cotedivoire\/politique\/ouattara-mobilise-la-jeunesse-ivoirienne-pour-sa-candidature\" \/>\n<meta property=\"og:locale\" content=\"fr_FR\" \/>\n<meta property=\"og:type\" content=\"article\" \/>\n<meta property=\"og:title\" content=\"Ouattara Mobilise La Jeunesse Ivoirienne Pour Sa Candidature\" \/>\n<meta property=\"og:description\" content=\"A\u0300 une semaine du scrutin pre\u0301sidentiel du 25 octobre, le Pre\u0301sident sortant et candidat du Rassemblement des Houphoue\u0308t ...\" \/>\n<meta property=\"og:url\" content=\"https:\/\/www.africa-press.net\/cotedivoire\/politique\/ouattara-mobilise-la-jeunesse-ivoirienne-pour-sa-candidature\" \/>\n<meta property=\"og:site_name\" content=\"C\u00f4te d&#039;Ivoire\" \/>\n<meta property=\"article:published_time\" content=\"2025-10-18T15:49:16+00:00\" \/>\n<meta property=\"article:modified_time\" content=\"2025-10-18T15:56:26+00:00\" \/>\n<meta property=\"og:image\" content=\"https:\/\/static.africa-press.net\/cote\/sites\/43\/2025\/10\/sm_1760790194.859337.jpg\" \/>\n\t<meta property=\"og:image:width\" content=\"720\" \/>\n\t<meta property=\"og:image:height\" content=\"339\" \/>\n\t<meta property=\"og:image:type\" content=\"image\/jpeg\" \/>\n<meta name=\"author\" content=\"cfeditorfr\" \/>\n<meta name=\"twitter:card\" content=\"summary_large_image\" \/>\n<meta name=\"twitter:label1\" content=\"\u00c9crit par\" \/>\n\t<meta name=\"twitter:data1\" content=\"cfeditorfr\" \/>\n\t<meta name=\"twitter:label2\" content=\"Dur\u00e9e de lecture estim\u00e9e\" \/>\n\t<meta name=\"twitter:data2\" content=\"4 minutes\" \/>\n<script type=\"application\/ld+json\" class=\"yoast-schema-graph\">{\"@context\":\"https:\/\/schema.org\",\"@graph\":[{\"@type\":\"Article\",\"@id\":\"https:\/\/www.africa-press.net\/cotedivoire\/politique\/ouattara-mobilise-la-jeunesse-ivoirienne-pour-sa-candidature#article\",\"isPartOf\":{\"@id\":\"https:\/\/www.africa-press.net\/cotedivoire\/politique\/ouattara-mobilise-la-jeunesse-ivoirienne-pour-sa-candidature\"},\"author\":{\"name\":\"cfeditorfr\",\"@id\":\"https:\/\/www.africa-press.net\/cotedivoire\/#\/schema\/person\/2b1cf3cd81a31e3cd26889ca66d677f1\"},\"headline\":\"Ouattara Mobilise La Jeunesse Ivoirienne Pour Sa Candidature\",\"datePublished\":\"2025-10-18T15:49:16+00:00\",\"dateModified\":\"2025-10-18T15:56:26+00:00\",\"mainEntityOfPage\":{\"@id\":\"https:\/\/www.africa-press.net\/cotedivoire\/politique\/ouattara-mobilise-la-jeunesse-ivoirienne-pour-sa-candidature\"},\"wordCount\":658,\"commentCount\":0,\"image\":{\"@id\":\"https:\/\/www.africa-press.net\/cotedivoire\/politique\/ouattara-mobilise-la-jeunesse-ivoirienne-pour-sa-candidature#primaryimage\"},\"thumbnailUrl\":\"https:\/\/static.africa-press.net\/cote\/sites\/43\/2025\/10\/sm_1760790194.859337.jpg\",\"keywords\":[\"Abidjan\",\"ADO\",\"Alassane Ouattara\",\"C\u00d4TE D'IVOIRE\",\"\u00e9lection\",\"ivoirienne\",\"meeting politique\",\"pr\u00e9sidentielle\",\"RHDP\"],\"articleSection\":[\"Politique\",\"Top Nouvelles\",\"Toutes les actualit\u00e9s\"],\"inLanguage\":\"fr-FR\",\"potentialAction\":[{\"@type\":\"CommentAction\",\"name\":\"Comment\",\"target\":[\"https:\/\/www.africa-press.net\/cotedivoire\/politique\/ouattara-mobilise-la-jeunesse-ivoirienne-pour-sa-candidature#respond\"]}]},{\"@type\":\"WebPage\",\"@id\":\"https:\/\/www.africa-press.net\/cotedivoire\/politique\/ouattara-mobilise-la-jeunesse-ivoirienne-pour-sa-candidature\",\"url\":\"https:\/\/www.africa-press.net\/cotedivoire\/politique\/ouattara-mobilise-la-jeunesse-ivoirienne-pour-sa-candidature\",\"name\":\"Ouattara Mobilise La Jeunesse Ivoirienne Pour Sa Candidature - C\u00f4te d&#039;Ivoire\",\"isPartOf\":{\"@id\":\"https:\/\/www.africa-press.net\/cotedivoire\/#website\"},\"primaryImageOfPage\":{\"@id\":\"https:\/\/www.africa-press.net\/cotedivoire\/politique\/ouattara-mobilise-la-jeunesse-ivoirienne-pour-sa-candidature#primaryimage\"},\"image\":{\"@id\":\"https:\/\/www.africa-press.net\/cotedivoire\/politique\/ouattara-mobilise-la-jeunesse-ivoirienne-pour-sa-candidature#primaryimage\"},\"thumbnailUrl\":\"https:\/\/static.africa-press.net\/cote\/sites\/43\/2025\/10\/sm_1760790194.859337.jpg\",\"datePublished\":\"2025-10-18T15:49:16+00:00\",\"dateModified\":\"2025-10-18T15:56:26+00:00\",\"author\":{\"@id\":\"https:\/\/www.africa-press.net\/cotedivoire\/#\/schema\/person\/2b1cf3cd81a31e3cd26889ca66d677f1\"},\"description\":\"A\u0300 une semaine du scrutin pre\u0301sidentiel du 25 octobre, le Pre\u0301sident sortant et candidat du Rassemblement des Houphoue\u0308t ...\",\"breadcrumb\":{\"@id\":\"https:\/\/www.africa-press.net\/cotedivoire\/politique\/ouattara-mobilise-la-jeunesse-ivoirienne-pour-sa-candidature#breadcrumb\"},\"inLanguage\":\"fr-FR\",\"potentialAction\":[{\"@type\":\"ReadAction\",\"target\":[\"https:\/\/www.africa-press.net\/cotedivoire\/politique\/ouattara-mobilise-la-jeunesse-ivoirienne-pour-sa-candidature\"]}]},{\"@type\":\"ImageObject\",\"inLanguage\":\"fr-FR\",\"@id\":\"https:\/\/www.africa-press.net\/cotedivoire\/politique\/ouattara-mobilise-la-jeunesse-ivoirienne-pour-sa-candidature#primaryimage\",\"url\":\"https:\/\/static.africa-press.net\/cote\/sites\/43\/2025\/10\/sm_1760790194.859337.jpg\",\"contentUrl\":\"https:\/\/static.africa-press.net\/cote\/sites\/43\/2025\/10\/sm_1760790194.859337.jpg\",\"width\":720,\"height\":339,\"caption\":\"Ouattara Mobilise La Jeunesse Ivoirienne Pour Sa Candidature\"},{\"@type\":\"BreadcrumbList\",\"@id\":\"https:\/\/www.africa-press.net\/cotedivoire\/politique\/ouattara-mobilise-la-jeunesse-ivoirienne-pour-sa-candidature#breadcrumb\",\"itemListElement\":[{\"@type\":\"ListItem\",\"position\":1,\"name\":\"Accueil\",\"item\":\"https:\/\/www.africa-press.net\/cotedivoire\/\"},{\"@type\":\"ListItem\",\"position\":2,\"name\":\"Ouattara Mobilise La Jeunesse Ivoirienne Pour Sa Candidature\"}]},{\"@type\":\"WebSite\",\"@id\":\"https:\/\/www.africa-press.net\/cotedivoire\/#website\",\"url\":\"https:\/\/www.africa-press.net\/cotedivoire\/\",\"name\":\"C\u00f4te d&#039;Ivoire\",\"description\":\"Just another Africa News Agency Sites site\",\"potentialAction\":[{\"@type\":\"SearchAction\",\"target\":{\"@type\":\"EntryPoint\",\"urlTemplate\":\"https:\/\/www.africa-press.net\/cotedivoire\/?s={search_term_string}\"},\"query-input\":{\"@type\":\"PropertyValueSpecification\",\"valueRequired\":true,\"valueName\":\"search_term_string\"}}],\"inLanguage\":\"fr-FR\"},{\"@type\":\"Person\",\"@id\":\"https:\/\/www.africa-press.net\/cotedivoire\/#\/schema\/person\/2b1cf3cd81a31e3cd26889ca66d677f1\",\"name\":\"cfeditorfr\"}]}<\/script>\n<!-- \/ Yoast SEO Premium plugin. -->","yoast_head_json":{"title":"Ouattara Mobilise La Jeunesse Ivoirienne Pour Sa Candidature - C\u00f4te d&#039;Ivoire","description":"A\u0300 une semaine du scrutin pre\u0301sidentiel du 25 octobre, le Pre\u0301sident sortant et candidat du Rassemblement des Houphoue\u0308t ...","robots":{"index":"index","follow":"follow","max-snippet":"max-snippet:-1","max-image-preview":"max-image-preview:large","max-video-preview":"max-video-preview:-1"},"canonical":"https:\/\/www.africa-press.net\/cotedivoire\/politique\/ouattara-mobilise-la-jeunesse-ivoirienne-pour-sa-candidature","og_locale":"fr_FR","og_type":"article","og_title":"Ouattara Mobilise La Jeunesse Ivoirienne Pour Sa Candidature","og_description":"A\u0300 une semaine du scrutin pre\u0301sidentiel du 25 octobre, le Pre\u0301sident sortant et candidat du Rassemblement des Houphoue\u0308t ...","og_url":"https:\/\/www.africa-press.net\/cotedivoire\/politique\/ouattara-mobilise-la-jeunesse-ivoirienne-pour-sa-candidature","og_site_name":"C\u00f4te d&#039;Ivoire","article_published_time":"2025-10-18T15:49:16+00:00","article_modified_time":"2025-10-18T15:56:26+00:00","og_image":[{"width":720,"height":339,"url":"https:\/\/static.africa-press.net\/cote\/sites\/43\/2025\/10\/sm_1760790194.859337.jpg","type":"image\/jpeg"}],"author":"cfeditorfr","twitter_card":"summary_large_image","twitter_misc":{"\u00c9crit par":"cfeditorfr","Dur\u00e9e de lecture estim\u00e9e":"4 minutes"},"schema":{"@context":"https:\/\/schema.org","@graph":[{"@type":"Article","@id":"https:\/\/www.africa-press.net\/cotedivoire\/politique\/ouattara-mobilise-la-jeunesse-ivoirienne-pour-sa-candidature#article","isPartOf":{"@id":"https:\/\/www.africa-press.net\/cotedivoire\/politique\/ouattara-mobilise-la-jeunesse-ivoirienne-pour-sa-candidature"},"author":{"name":"cfeditorfr","@id":"https:\/\/www.africa-press.net\/cotedivoire\/#\/schema\/person\/2b1cf3cd81a31e3cd26889ca66d677f1"},"headline":"Ouattara Mobilise La Jeunesse Ivoirienne Pour Sa Candidature","datePublished":"2025-10-18T15:49:16+00:00","dateModified":"2025-10-18T15:56:26+00:00","mainEntityOfPage":{"@id":"https:\/\/www.africa-press.net\/cotedivoire\/politique\/ouattara-mobilise-la-jeunesse-ivoirienne-pour-sa-candidature"},"wordCount":658,"commentCount":0,"image":{"@id":"https:\/\/www.africa-press.net\/cotedivoire\/politique\/ouattara-mobilise-la-jeunesse-ivoirienne-pour-sa-candidature#primaryimage"},"thumbnailUrl":"https:\/\/static.africa-press.net\/cote\/sites\/43\/2025\/10\/sm_1760790194.859337.jpg","keywords":["Abidjan","ADO","Alassane Ouattara","C\u00d4TE D'IVOIRE","\u00e9lection","ivoirienne","meeting politique","pr\u00e9sidentielle","RHDP"],"articleSection":["Politique","Top Nouvelles","Toutes les actualit\u00e9s"],"inLanguage":"fr-FR","potentialAction":[{"@type":"CommentAction","name":"Comment","target":["https:\/\/www.africa-press.net\/cotedivoire\/politique\/ouattara-mobilise-la-jeunesse-ivoirienne-pour-sa-candidature#respond"]}]},{"@type":"WebPage","@id":"https:\/\/www.africa-press.net\/cotedivoire\/politique\/ouattara-mobilise-la-jeunesse-ivoirienne-pour-sa-candidature","url":"https:\/\/www.africa-press.net\/cotedivoire\/politique\/ouattara-mobilise-la-jeunesse-ivoirienne-pour-sa-candidature","name":"Ouattara Mobilise La Jeunesse Ivoirienne Pour Sa Candidature - C\u00f4te d&#039;Ivoire","isPartOf":{"@id":"https:\/\/www.africa-press.net\/cotedivoire\/#website"},"primaryImageOfPage":{"@id":"https:\/\/www.africa-press.net\/cotedivoire\/politique\/ouattara-mobilise-la-jeunesse-ivoirienne-pour-sa-candidature#primaryimage"},"image":{"@id":"https:\/\/www.africa-press.net\/cotedivoire\/politique\/ouattara-mobilise-la-jeunesse-ivoirienne-pour-sa-candidature#primaryimage"},"thumbnailUrl":"https:\/\/static.africa-press.net\/cote\/sites\/43\/2025\/10\/sm_1760790194.859337.jpg","datePublished":"2025-10-18T15:49:16+00:00","dateModified":"2025-10-18T15:56:26+00:00","author":{"@id":"https:\/\/www.africa-press.net\/cotedivoire\/#\/schema\/person\/2b1cf3cd81a31e3cd26889ca66d677f1"},"description":"A\u0300 une semaine du scrutin pre\u0301sidentiel du 25 octobre, le Pre\u0301sident sortant et candidat du Rassemblement des Houphoue\u0308t ...","breadcrumb":{"@id":"https:\/\/www.africa-press.net\/cotedivoire\/politique\/ouattara-mobilise-la-jeunesse-ivoirienne-pour-sa-candidature#breadcrumb"},"inLanguage":"fr-FR","potentialAction":[{"@type":"ReadAction","target":["https:\/\/www.africa-press.net\/cotedivoire\/politique\/ouattara-mobilise-la-jeunesse-ivoirienne-pour-sa-candidature"]}]},{"@type":"ImageObject","inLanguage":"fr-FR","@id":"https:\/\/www.africa-press.net\/cotedivoire\/politique\/ouattara-mobilise-la-jeunesse-ivoirienne-pour-sa-candidature#primaryimage","url":"https:\/\/static.africa-press.net\/cote\/sites\/43\/2025\/10\/sm_1760790194.859337.jpg","contentUrl":"https:\/\/static.africa-press.net\/cote\/sites\/43\/2025\/10\/sm_1760790194.859337.jpg","width":720,"height":339,"caption":"Ouattara Mobilise La Jeunesse Ivoirienne Pour Sa Candidature"},{"@type":"BreadcrumbList","@id":"https:\/\/www.africa-press.net\/cotedivoire\/politique\/ouattara-mobilise-la-jeunesse-ivoirienne-pour-sa-candidature#breadcrumb","itemListElement":[{"@type":"ListItem","position":1,"name":"Accueil","item":"https:\/\/www.africa-press.net\/cotedivoire\/"},{"@type":"ListItem","position":2,"name":"Ouattara Mobilise La Jeunesse Ivoirienne Pour Sa Candidature"}]},{"@type":"WebSite","@id":"https:\/\/www.africa-press.net\/cotedivoire\/#website","url":"https:\/\/www.africa-press.net\/cotedivoire\/","name":"C\u00f4te d&#039;Ivoire","description":"Just another Africa News Agency Sites site","potentialAction":[{"@type":"SearchAction","target":{"@type":"EntryPoint","urlTemplate":"https:\/\/www.africa-press.net\/cotedivoire\/?s={search_term_string}"},"query-input":{"@type":"PropertyValueSpecification","valueRequired":true,"valueName":"search_term_string"}}],"inLanguage":"fr-FR"},{"@type":"Person","@id":"https:\/\/www.africa-press.net\/cotedivoire\/#\/schema\/person\/2b1cf3cd81a31e3cd26889ca66d677f1","name":"cfeditorfr"}]}},"_links":{"self":[{"href":"https:\/\/www.africa-press.net\/cotedivoire\/wp-json\/wp\/v2\/posts\/107057","targetHints":{"allow":["GET"]}}],"collection":[{"href":"https:\/\/www.africa-press.net\/cotedivoire\/wp-json\/wp\/v2\/posts"}],"about":[{"href":"https:\/\/www.africa-press.net\/cotedivoire\/wp-json\/wp\/v2\/types\/post"}],"author":[{"embeddable":true,"href":"https:\/\/www.africa-press.net\/cotedivoire\/wp-json\/wp\/v2\/users\/82"}],"replies":[{"embeddable":true,"href":"https:\/\/www.africa-press.net\/cotedivoire\/wp-json\/wp\/v2\/comments?post=107057"}],"version-history":[{"count":0,"href":"https:\/\/www.africa-press.net\/cotedivoire\/wp-json\/wp\/v2\/posts\/107057\/revisions"}],"wp:featuredmedia":[{"embeddable":true,"href":"https:\/\/www.africa-press.net\/cotedivoire\/wp-json\/wp\/v2\/media\/107056"}],"wp:attachment":[{"href":"https:\/\/www.africa-press.net\/cotedivoire\/wp-json\/wp\/v2\/media?parent=107057"}],"wp:term":[{"taxonomy":"category","embeddable":true,"href":"https:\/\/www.africa-press.net\/cotedivoire\/wp-json\/wp\/v2\/categories?post=107057"},{"taxonomy":"post_tag","embeddable":true,"href":"https:\/\/www.africa-press.net\/cotedivoire\/wp-json\/wp\/v2\/tags?post=107057"}],"curies":[{"name":"wp","href":"https:\/\/api.w.org\/{rel}","templated":true}]}}