{"id":107075,"date":"2025-10-19T18:24:41","date_gmt":"2025-10-19T18:24:41","guid":{"rendered":"https:\/\/www.africa-press.net\/cotedivoire\/politique\/mobilisation-de-koumassi-pour-ado-par-adjaratou-traore"},"modified":"2025-10-19T18:43:12","modified_gmt":"2025-10-19T18:43:12","slug":"mobilisation-de-koumassi-pour-ado-par-adjaratou-traore","status":"publish","type":"post","link":"https:\/\/www.africa-press.net\/cotedivoire\/politique\/mobilisation-de-koumassi-pour-ado-par-adjaratou-traore","title":{"rendered":"Mobilisation de Koumassi pour ADO par Adjaratou Traor\u00e9"},"content":{"rendered":"<p><span style=\"color: #ff6600\"><strong>Africa-Press &#8211; C\u00f4te d&rsquo;Ivoire. <\/strong><\/span>Le c\u0153ur politique de Koumassi a battu plus fort ce week-end alors que le Rassemblement des Houphoue\u0308tistes pour la De\u0301mocratie et la Paix (RHDP) y a tenu un rassemblement d&rsquo;envergure. En mission officielle pour le compte de la Directrice de campagne des mouvements et associations du RHDP, la De\u0301pute\u0301e de Koumassi et Pre\u0301sidente du Mouvement Partisans Engage\u0301s pour ADO (PE-ADO), l\u2019Honorable Adjaratou Traore\u0301-Coulibaly, a livre\u0301 un discours vibrant, salue\u0301 par une foule e\u0301lectrise\u0301e par la ferveur militante.<\/p>\n<p>Avec une rare intensite\u0301 e\u0301motionnelle et une conviction ine\u0301branlable, la De\u0301pute\u0301e a rendu un hommage appuye\u0301 au Pre\u0301sident Alassane Ouattara, salue\u0301 comme \u00ab l\u2019He\u0301ritier et le Ba\u0302tisseur de la Nouvelle Re\u0301publique \u00bb. Pour elle, le Chef de l\u2019E\u0301tat incarne bien plus qu\u2019une simple continuite\u0301 politique ; il est le moteur d\u2019une refondation profonde de la nation ivoirienne.<\/p>\n<p>\u00ab Devant son bilan exceptionnel et la vision d\u2019avenir qu\u2019il trace pour notre pays, il faut le reconnai\u0302tre, le Pre\u0301sident Alassane Ouattara n\u2019est pas seulement le successeur du Pre\u0301sident Fe\u0301lix Houphoue\u0308t-Boigny, il en est le digne he\u0301ritier et le refondateur de la Co\u0302te d\u2019Ivoire moderne \u00bb, a-t-elle de\u0301clare\u0301 sous les acclamations.<\/p>\n<p>Poursuivant son allocution, l\u2019Honorable Adjaratou Traore\u0301-Coulibaly a e\u0301tabli un paralle\u0300le historique entre les deux figures emble\u0301matiques de la nation: le Pre\u0301sident Fe\u0301lix Houphoue\u0308t-Boigny, pe\u0300re de l\u2019inde\u0301pendance et fondateur des premie\u0300res bases de la prospe\u0301rite\u0301 ivoirienne, et le Pre\u0301sident Alassane Ouattara, artisan de la reconstruction, de la consolidation de\u0301mocratique et d\u2019un essor e\u0301conomique sans pre\u0301ce\u0301dent.<\/p>\n<p>Sous la gouvernance d\u2019Alassane Ouattara, la Co\u0302te d\u2019Ivoire a connu une me\u0301tamorphose: infrastructures modernes, stabilite\u0301 institutionnelle, croissance soutenue, ame\u0301lioration tangible des conditions de vie. Autant d\u2019indicateurs qui positionnent aujourd\u2019hui le pays comme l\u2019un des po\u0302les majeurs du de\u0301veloppement en Afrique de l\u2019Ouest.<\/p>\n<p>\u00ab Le Pre\u0301sident Ouattara est le seul dirigeant, depuis Houphoue\u0308t-Boigny, a\u0300 avoir refonde\u0301 et durablement e\u0301leve\u0301 la Re\u0301publique ivoirienne \u00bb, a insiste\u0301 la De\u0301pute\u0301e.<\/p>\n<p>Dans une ambiance galvanise\u0301e, les militants du RHDP ont salue\u0301 l\u2019intervention de leur repre\u0301sentante avec enthousiasme, re\u0301affirmant leur engagement a\u0300 de\u0301fendre les acquis du Pre\u0301sident Ouattara et a\u0300 porter haut les couleurs du parti. La mobilisation a\u0300 Koumassi te\u0301moigne de l\u2019ancrage populaire du RHDP, en particulier dans les bastions urbains, ou\u0300 les re\u0301sultats du de\u0301veloppement sont visibles et ve\u0301cus au quotidien.<\/p>\n<p>Par ce discours fort, l\u2019Honorable Adjaratou Traore\u0301-Coulibaly a rappele\u0301 la responsabilite\u0301 collective de pre\u0301server le legs politique, e\u0301conomique et social de celui qu\u2019elle qualifie de \u00ab Ba\u0302tisseur de la Nouvelle Co\u0302te d\u2019Ivoire \u00bb.<\/p>\n<p><strong>Pour plus d&rsquo;informations et d&rsquo;analyses sur la <span style=\"color: #ff6600\">C\u00f4te d&rsquo;Ivoire<\/span>, suivez <span style=\"color: #ff6600\">Africa-Press<\/span><\/strong><\/p>\n","protected":false},"excerpt":{"rendered":"<p>Africa-Press &#8211; C\u00f4te d&rsquo;Ivoire. Le c\u0153ur politique de Koumassi a battu plus fort ce week-end alors que le Rassemblement des Houphoue\u0308tistes pour la De\u0301mocratie et la Paix (RHDP) y a tenu un rassemblement d&rsquo;envergure. En mission officielle pour le compte de la Directrice de campagne des mouvements et associations du RHDP, la De\u0301pute\u0301e de Koumassi [&hellip;]<\/p>\n","protected":false},"author":82,"featured_media":107074,"comment_status":"open","ping_status":"closed","sticky":false,"template":"","format":"standard","meta":{"footnotes":""},"categories":[2,20,10],"tags":[38,29,954,10425,19243,19189,371,19242],"class_list":["post-107075","post","type-post","status-publish","format-standard","has-post-thumbnail","hentry","category-politique","category-top-nouvelles","category-toutes-les-actualites","tag-alassane-ouattara","tag-cote-divoire","tag-koumassi","tag-leadership","tag-nouvelle-republique","tag-peado","tag-rhdp","tag-traore-coulibaly"],"yoast_head":"<!-- This site is optimized with the Yoast SEO Premium plugin v26.1 (Yoast SEO v27.0) - https:\/\/yoast.com\/product\/yoast-seo-premium-wordpress\/ -->\n<title>Mobilisation de Koumassi pour ADO par Adjaratou Traor\u00e9 - C\u00f4te d&#039;Ivoire<\/title>\n<meta name=\"description\" content=\"Le c\u0153ur politique de Koumassi a battu plus fort ce week-end alors que le Rassemblement des Houphoue\u0308tistes pour la De\u0301mo ...\" \/>\n<meta name=\"robots\" content=\"index, follow, max-snippet:-1, max-image-preview:large, max-video-preview:-1\" \/>\n<link rel=\"canonical\" href=\"https:\/\/www.africa-press.net\/cotedivoire\/politique\/mobilisation-de-koumassi-pour-ado-par-adjaratou-traore\" \/>\n<meta property=\"og:locale\" content=\"fr_FR\" \/>\n<meta property=\"og:type\" content=\"article\" \/>\n<meta property=\"og:title\" content=\"Mobilisation de Koumassi pour ADO par Adjaratou Traor\u00e9\" \/>\n<meta property=\"og:description\" content=\"Le c\u0153ur politique de Koumassi a battu plus fort ce week-end alors que le Rassemblement des Houphoue\u0308tistes pour la De\u0301mo ...\" \/>\n<meta property=\"og:url\" content=\"https:\/\/www.africa-press.net\/cotedivoire\/politique\/mobilisation-de-koumassi-pour-ado-par-adjaratou-traore\" \/>\n<meta property=\"og:site_name\" content=\"C\u00f4te d&#039;Ivoire\" \/>\n<meta property=\"article:published_time\" content=\"2025-10-19T18:24:41+00:00\" \/>\n<meta property=\"article:modified_time\" content=\"2025-10-19T18:43:12+00:00\" \/>\n<meta property=\"og:image\" content=\"https:\/\/static.africa-press.net\/cote\/sites\/43\/2025\/10\/sm_1760886405.996406.jpg\" \/>\n\t<meta property=\"og:image:width\" content=\"720\" \/>\n\t<meta property=\"og:image:height\" content=\"382\" \/>\n\t<meta property=\"og:image:type\" content=\"image\/jpeg\" \/>\n<meta name=\"author\" content=\"cfeditorfr\" \/>\n<meta name=\"twitter:card\" content=\"summary_large_image\" \/>\n<meta name=\"twitter:label1\" content=\"\u00c9crit par\" \/>\n\t<meta name=\"twitter:data1\" content=\"cfeditorfr\" \/>\n\t<meta name=\"twitter:label2\" content=\"Dur\u00e9e de lecture estim\u00e9e\" \/>\n\t<meta name=\"twitter:data2\" content=\"3 minutes\" \/>\n<script type=\"application\/ld+json\" class=\"yoast-schema-graph\">{\"@context\":\"https:\/\/schema.org\",\"@graph\":[{\"@type\":\"Article\",\"@id\":\"https:\/\/www.africa-press.net\/cotedivoire\/politique\/mobilisation-de-koumassi-pour-ado-par-adjaratou-traore#article\",\"isPartOf\":{\"@id\":\"https:\/\/www.africa-press.net\/cotedivoire\/politique\/mobilisation-de-koumassi-pour-ado-par-adjaratou-traore\"},\"author\":{\"name\":\"cfeditorfr\",\"@id\":\"https:\/\/www.africa-press.net\/cotedivoire\/#\/schema\/person\/2b1cf3cd81a31e3cd26889ca66d677f1\"},\"headline\":\"Mobilisation de Koumassi pour ADO par Adjaratou Traor\u00e9\",\"datePublished\":\"2025-10-19T18:24:41+00:00\",\"dateModified\":\"2025-10-19T18:43:12+00:00\",\"mainEntityOfPage\":{\"@id\":\"https:\/\/www.africa-press.net\/cotedivoire\/politique\/mobilisation-de-koumassi-pour-ado-par-adjaratou-traore\"},\"wordCount\":511,\"commentCount\":0,\"image\":{\"@id\":\"https:\/\/www.africa-press.net\/cotedivoire\/politique\/mobilisation-de-koumassi-pour-ado-par-adjaratou-traore#primaryimage\"},\"thumbnailUrl\":\"https:\/\/static.africa-press.net\/cote\/sites\/43\/2025\/10\/sm_1760886405.996406.jpg\",\"keywords\":[\"Alassane Ouattara\",\"C\u00d4TE D'IVOIRE\",\"Koumassi\",\"leadership\",\"nouvelle r\u00e9publique\",\"PEADO\",\"RHDP\",\"Traor\u00e9 Coulibaly\"],\"articleSection\":[\"Politique\",\"Top Nouvelles\",\"Toutes les actualit\u00e9s\"],\"inLanguage\":\"fr-FR\",\"potentialAction\":[{\"@type\":\"CommentAction\",\"name\":\"Comment\",\"target\":[\"https:\/\/www.africa-press.net\/cotedivoire\/politique\/mobilisation-de-koumassi-pour-ado-par-adjaratou-traore#respond\"]}]},{\"@type\":\"WebPage\",\"@id\":\"https:\/\/www.africa-press.net\/cotedivoire\/politique\/mobilisation-de-koumassi-pour-ado-par-adjaratou-traore\",\"url\":\"https:\/\/www.africa-press.net\/cotedivoire\/politique\/mobilisation-de-koumassi-pour-ado-par-adjaratou-traore\",\"name\":\"Mobilisation de Koumassi pour ADO par Adjaratou Traor\u00e9 - C\u00f4te d&#039;Ivoire\",\"isPartOf\":{\"@id\":\"https:\/\/www.africa-press.net\/cotedivoire\/#website\"},\"primaryImageOfPage\":{\"@id\":\"https:\/\/www.africa-press.net\/cotedivoire\/politique\/mobilisation-de-koumassi-pour-ado-par-adjaratou-traore#primaryimage\"},\"image\":{\"@id\":\"https:\/\/www.africa-press.net\/cotedivoire\/politique\/mobilisation-de-koumassi-pour-ado-par-adjaratou-traore#primaryimage\"},\"thumbnailUrl\":\"https:\/\/static.africa-press.net\/cote\/sites\/43\/2025\/10\/sm_1760886405.996406.jpg\",\"datePublished\":\"2025-10-19T18:24:41+00:00\",\"dateModified\":\"2025-10-19T18:43:12+00:00\",\"author\":{\"@id\":\"https:\/\/www.africa-press.net\/cotedivoire\/#\/schema\/person\/2b1cf3cd81a31e3cd26889ca66d677f1\"},\"description\":\"Le c\u0153ur politique de Koumassi a battu plus fort ce week-end alors que le Rassemblement des Houphoue\u0308tistes pour la De\u0301mo ...\",\"breadcrumb\":{\"@id\":\"https:\/\/www.africa-press.net\/cotedivoire\/politique\/mobilisation-de-koumassi-pour-ado-par-adjaratou-traore#breadcrumb\"},\"inLanguage\":\"fr-FR\",\"potentialAction\":[{\"@type\":\"ReadAction\",\"target\":[\"https:\/\/www.africa-press.net\/cotedivoire\/politique\/mobilisation-de-koumassi-pour-ado-par-adjaratou-traore\"]}]},{\"@type\":\"ImageObject\",\"inLanguage\":\"fr-FR\",\"@id\":\"https:\/\/www.africa-press.net\/cotedivoire\/politique\/mobilisation-de-koumassi-pour-ado-par-adjaratou-traore#primaryimage\",\"url\":\"https:\/\/static.africa-press.net\/cote\/sites\/43\/2025\/10\/sm_1760886405.996406.jpg\",\"contentUrl\":\"https:\/\/static.africa-press.net\/cote\/sites\/43\/2025\/10\/sm_1760886405.996406.jpg\",\"width\":720,\"height\":382,\"caption\":\"Mobilisation de Koumassi pour ADO par Adjaratou Traor\u00e9\"},{\"@type\":\"BreadcrumbList\",\"@id\":\"https:\/\/www.africa-press.net\/cotedivoire\/politique\/mobilisation-de-koumassi-pour-ado-par-adjaratou-traore#breadcrumb\",\"itemListElement\":[{\"@type\":\"ListItem\",\"position\":1,\"name\":\"Accueil\",\"item\":\"https:\/\/www.africa-press.net\/cotedivoire\/\"},{\"@type\":\"ListItem\",\"position\":2,\"name\":\"Mobilisation de Koumassi pour ADO par Adjaratou Traor\u00e9\"}]},{\"@type\":\"WebSite\",\"@id\":\"https:\/\/www.africa-press.net\/cotedivoire\/#website\",\"url\":\"https:\/\/www.africa-press.net\/cotedivoire\/\",\"name\":\"C\u00f4te d&#039;Ivoire\",\"description\":\"Just another Africa News Agency Sites site\",\"potentialAction\":[{\"@type\":\"SearchAction\",\"target\":{\"@type\":\"EntryPoint\",\"urlTemplate\":\"https:\/\/www.africa-press.net\/cotedivoire\/?s={search_term_string}\"},\"query-input\":{\"@type\":\"PropertyValueSpecification\",\"valueRequired\":true,\"valueName\":\"search_term_string\"}}],\"inLanguage\":\"fr-FR\"},{\"@type\":\"Person\",\"@id\":\"https:\/\/www.africa-press.net\/cotedivoire\/#\/schema\/person\/2b1cf3cd81a31e3cd26889ca66d677f1\",\"name\":\"cfeditorfr\"}]}<\/script>\n<!-- \/ Yoast SEO Premium plugin. -->","yoast_head_json":{"title":"Mobilisation de Koumassi pour ADO par Adjaratou Traor\u00e9 - C\u00f4te d&#039;Ivoire","description":"Le c\u0153ur politique de Koumassi a battu plus fort ce week-end alors que le Rassemblement des Houphoue\u0308tistes pour la De\u0301mo ...","robots":{"index":"index","follow":"follow","max-snippet":"max-snippet:-1","max-image-preview":"max-image-preview:large","max-video-preview":"max-video-preview:-1"},"canonical":"https:\/\/www.africa-press.net\/cotedivoire\/politique\/mobilisation-de-koumassi-pour-ado-par-adjaratou-traore","og_locale":"fr_FR","og_type":"article","og_title":"Mobilisation de Koumassi pour ADO par Adjaratou Traor\u00e9","og_description":"Le c\u0153ur politique de Koumassi a battu plus fort ce week-end alors que le Rassemblement des Houphoue\u0308tistes pour la De\u0301mo ...","og_url":"https:\/\/www.africa-press.net\/cotedivoire\/politique\/mobilisation-de-koumassi-pour-ado-par-adjaratou-traore","og_site_name":"C\u00f4te d&#039;Ivoire","article_published_time":"2025-10-19T18:24:41+00:00","article_modified_time":"2025-10-19T18:43:12+00:00","og_image":[{"width":720,"height":382,"url":"https:\/\/static.africa-press.net\/cote\/sites\/43\/2025\/10\/sm_1760886405.996406.jpg","type":"image\/jpeg"}],"author":"cfeditorfr","twitter_card":"summary_large_image","twitter_misc":{"\u00c9crit par":"cfeditorfr","Dur\u00e9e de lecture estim\u00e9e":"3 minutes"},"schema":{"@context":"https:\/\/schema.org","@graph":[{"@type":"Article","@id":"https:\/\/www.africa-press.net\/cotedivoire\/politique\/mobilisation-de-koumassi-pour-ado-par-adjaratou-traore#article","isPartOf":{"@id":"https:\/\/www.africa-press.net\/cotedivoire\/politique\/mobilisation-de-koumassi-pour-ado-par-adjaratou-traore"},"author":{"name":"cfeditorfr","@id":"https:\/\/www.africa-press.net\/cotedivoire\/#\/schema\/person\/2b1cf3cd81a31e3cd26889ca66d677f1"},"headline":"Mobilisation de Koumassi pour ADO par Adjaratou Traor\u00e9","datePublished":"2025-10-19T18:24:41+00:00","dateModified":"2025-10-19T18:43:12+00:00","mainEntityOfPage":{"@id":"https:\/\/www.africa-press.net\/cotedivoire\/politique\/mobilisation-de-koumassi-pour-ado-par-adjaratou-traore"},"wordCount":511,"commentCount":0,"image":{"@id":"https:\/\/www.africa-press.net\/cotedivoire\/politique\/mobilisation-de-koumassi-pour-ado-par-adjaratou-traore#primaryimage"},"thumbnailUrl":"https:\/\/static.africa-press.net\/cote\/sites\/43\/2025\/10\/sm_1760886405.996406.jpg","keywords":["Alassane Ouattara","C\u00d4TE D'IVOIRE","Koumassi","leadership","nouvelle r\u00e9publique","PEADO","RHDP","Traor\u00e9 Coulibaly"],"articleSection":["Politique","Top Nouvelles","Toutes les actualit\u00e9s"],"inLanguage":"fr-FR","potentialAction":[{"@type":"CommentAction","name":"Comment","target":["https:\/\/www.africa-press.net\/cotedivoire\/politique\/mobilisation-de-koumassi-pour-ado-par-adjaratou-traore#respond"]}]},{"@type":"WebPage","@id":"https:\/\/www.africa-press.net\/cotedivoire\/politique\/mobilisation-de-koumassi-pour-ado-par-adjaratou-traore","url":"https:\/\/www.africa-press.net\/cotedivoire\/politique\/mobilisation-de-koumassi-pour-ado-par-adjaratou-traore","name":"Mobilisation de Koumassi pour ADO par Adjaratou Traor\u00e9 - C\u00f4te d&#039;Ivoire","isPartOf":{"@id":"https:\/\/www.africa-press.net\/cotedivoire\/#website"},"primaryImageOfPage":{"@id":"https:\/\/www.africa-press.net\/cotedivoire\/politique\/mobilisation-de-koumassi-pour-ado-par-adjaratou-traore#primaryimage"},"image":{"@id":"https:\/\/www.africa-press.net\/cotedivoire\/politique\/mobilisation-de-koumassi-pour-ado-par-adjaratou-traore#primaryimage"},"thumbnailUrl":"https:\/\/static.africa-press.net\/cote\/sites\/43\/2025\/10\/sm_1760886405.996406.jpg","datePublished":"2025-10-19T18:24:41+00:00","dateModified":"2025-10-19T18:43:12+00:00","author":{"@id":"https:\/\/www.africa-press.net\/cotedivoire\/#\/schema\/person\/2b1cf3cd81a31e3cd26889ca66d677f1"},"description":"Le c\u0153ur politique de Koumassi a battu plus fort ce week-end alors que le Rassemblement des Houphoue\u0308tistes pour la De\u0301mo ...","breadcrumb":{"@id":"https:\/\/www.africa-press.net\/cotedivoire\/politique\/mobilisation-de-koumassi-pour-ado-par-adjaratou-traore#breadcrumb"},"inLanguage":"fr-FR","potentialAction":[{"@type":"ReadAction","target":["https:\/\/www.africa-press.net\/cotedivoire\/politique\/mobilisation-de-koumassi-pour-ado-par-adjaratou-traore"]}]},{"@type":"ImageObject","inLanguage":"fr-FR","@id":"https:\/\/www.africa-press.net\/cotedivoire\/politique\/mobilisation-de-koumassi-pour-ado-par-adjaratou-traore#primaryimage","url":"https:\/\/static.africa-press.net\/cote\/sites\/43\/2025\/10\/sm_1760886405.996406.jpg","contentUrl":"https:\/\/static.africa-press.net\/cote\/sites\/43\/2025\/10\/sm_1760886405.996406.jpg","width":720,"height":382,"caption":"Mobilisation de Koumassi pour ADO par Adjaratou Traor\u00e9"},{"@type":"BreadcrumbList","@id":"https:\/\/www.africa-press.net\/cotedivoire\/politique\/mobilisation-de-koumassi-pour-ado-par-adjaratou-traore#breadcrumb","itemListElement":[{"@type":"ListItem","position":1,"name":"Accueil","item":"https:\/\/www.africa-press.net\/cotedivoire\/"},{"@type":"ListItem","position":2,"name":"Mobilisation de Koumassi pour ADO par Adjaratou Traor\u00e9"}]},{"@type":"WebSite","@id":"https:\/\/www.africa-press.net\/cotedivoire\/#website","url":"https:\/\/www.africa-press.net\/cotedivoire\/","name":"C\u00f4te d&#039;Ivoire","description":"Just another Africa News Agency Sites site","potentialAction":[{"@type":"SearchAction","target":{"@type":"EntryPoint","urlTemplate":"https:\/\/www.africa-press.net\/cotedivoire\/?s={search_term_string}"},"query-input":{"@type":"PropertyValueSpecification","valueRequired":true,"valueName":"search_term_string"}}],"inLanguage":"fr-FR"},{"@type":"Person","@id":"https:\/\/www.africa-press.net\/cotedivoire\/#\/schema\/person\/2b1cf3cd81a31e3cd26889ca66d677f1","name":"cfeditorfr"}]}},"_links":{"self":[{"href":"https:\/\/www.africa-press.net\/cotedivoire\/wp-json\/wp\/v2\/posts\/107075","targetHints":{"allow":["GET"]}}],"collection":[{"href":"https:\/\/www.africa-press.net\/cotedivoire\/wp-json\/wp\/v2\/posts"}],"about":[{"href":"https:\/\/www.africa-press.net\/cotedivoire\/wp-json\/wp\/v2\/types\/post"}],"author":[{"embeddable":true,"href":"https:\/\/www.africa-press.net\/cotedivoire\/wp-json\/wp\/v2\/users\/82"}],"replies":[{"embeddable":true,"href":"https:\/\/www.africa-press.net\/cotedivoire\/wp-json\/wp\/v2\/comments?post=107075"}],"version-history":[{"count":0,"href":"https:\/\/www.africa-press.net\/cotedivoire\/wp-json\/wp\/v2\/posts\/107075\/revisions"}],"wp:featuredmedia":[{"embeddable":true,"href":"https:\/\/www.africa-press.net\/cotedivoire\/wp-json\/wp\/v2\/media\/107074"}],"wp:attachment":[{"href":"https:\/\/www.africa-press.net\/cotedivoire\/wp-json\/wp\/v2\/media?parent=107075"}],"wp:term":[{"taxonomy":"category","embeddable":true,"href":"https:\/\/www.africa-press.net\/cotedivoire\/wp-json\/wp\/v2\/categories?post=107075"},{"taxonomy":"post_tag","embeddable":true,"href":"https:\/\/www.africa-press.net\/cotedivoire\/wp-json\/wp\/v2\/tags?post=107075"}],"curies":[{"name":"wp","href":"https:\/\/api.w.org\/{rel}","templated":true}]}}