{"id":10709,"date":"2021-08-01T14:44:47","date_gmt":"2021-08-01T14:44:47","guid":{"rendered":"https:\/\/www.africa-press.net\/cotedivoire\/?p=10709"},"modified":"2021-08-01T18:52:43","modified_gmt":"2021-08-01T18:52:43","slug":"lappel-de-les-democrates-de-cote-divoire-a-la-classe-politique","status":"publish","type":"post","link":"https:\/\/www.africa-press.net\/cotedivoire\/politique\/lappel-de-les-democrates-de-cote-divoire-a-la-classe-politique","title":{"rendered":"L\u2019Appel de \u00abLes D\u00e9mocrates de C\u00f4te d\u2019Ivoire\u00bb \u00e0 la classe politique"},"content":{"rendered":"<p><span style=\"color: #ff6600\"><strong><a href=\"https:\/\/www.africa-press.net\/\">Africa-Press<\/a> &#8211; <a href=\"https:\/\/www.africa-press.net\/cotedivoire\">C\u00f4te d&rsquo;Ivoire<\/a>. <\/strong><\/span>L\u2019actualit\u00e9 politique de cette semaine a vu le retour des vieux d\u00e9mons ivoiriens. Se taire devant ces d\u00e9rives serait un acte de l\u00e2chet\u00e9 parce que, quand le bateau sombre, tout le monde coule. Et, la premi\u00e8re victime, c\u2019est le peuple. Il ne faut pas attendre que le bateau soit ivre avant d\u2019agir. Aussi le mouvement \u00ab Les D\u00e9mocrates de C\u00f4te d\u2019Ivoire \u00bb a-t-il d\u00e9cid\u00e9 d\u2019en appeler au sens de la responsabilit\u00e9 de la classe politique et de lancer un appel aux ivoiriens.<\/p>\n<p>Le p\u00e9ril qui guette notre nation est grand. Aussi est-il plus qu\u2019urgent que les filles et fils de ce pays se retrouvent, se parlent et s\u2019entendent. La menace djihadiste qui guette \u00e0 nos portes recommande, pour \u00eatre g\u00e9r\u00e9e avec efficacit\u00e9, un environnement de paix et de concorde nationale. Le mouvement \u00ab Les D\u00e9mocrates de C\u00f4te d\u2019Ivoire \u00bb appelle instamment les partis politiques de la C\u00f4te d\u2019Ivoire \u00e0 cr\u00e9er les conditions de cette concorde et de cet environnement socio-politique apais\u00e9. La responsabilit\u00e9 premi\u00e8re incombe au Rassemblement des houphou\u00ebtistes pour la d\u00e9mocratie et la paix (RHDP) au pouvoir. La responsabilit\u00e9 incombe aussi \u00e0 l\u2019opposition. Tous deux doivent cr\u00e9er les conditions de l\u2019apaisement social.<\/p>\n<p>Il est imp\u00e9rieux d\u2019amenuiser les fronti\u00e8res des fractures sociales et politiques pour ne pas que les djihadistes, toujours \u00e0 l\u2019aff\u00fbt et qui essaient de prendre pieds dans le nord du pays, en profitent pour essaimer parmi nous. Pour le moment, nous avons affaire \u00e0 des attaques sporadiques. Mais, qu\u2019en sera-t-il demain pendant que nous serions concentr\u00e9s \u00e0 nous battre pour le pouvoir ?<\/p>\n<p>Face \u00e0 cette menace et aux urgences sociales, il nous faut minimiser nos divergences et nos diff\u00e9rences id\u00e9ologiques. Que l\u2019on soit de gauche ou de droite, il faut apporter \u00e0 la menace djihadiste et aux urgences sociales une r\u00e9ponse concert\u00e9e et ad\u00e9quate. L\u2019amour de la patrie et la volont\u00e9 politique suffisent pour cela. C\u2019est pourquoi le mouvement \u00ab Les D\u00e9mocrates de C\u00f4te d\u2019Ivoire \u00bb salue le rapprochement entre les Pr\u00e9sidents Henri Konan B\u00e9di\u00e9 et Laurent Gbagbo qui sont d\u2019ob\u00e9diences politiques diff\u00e9rentes. L\u2019int\u00e9r\u00eat de la C\u00f4te d\u2019Ivoire est plus important que les int\u00e9r\u00eats particuliers et les id\u00e9ologies politiques. Et, il n\u2019y a pas d\u2019alliance contre-nature quand il faut sauver la C\u00f4te d\u2019Ivoire des d\u00e9mons de la division, du sectarisme et devant les urgences sociales \u00e0 r\u00e9soudre pour garantir un meilleur avenir pour les ivoiriens.<\/p>\n<p>Les ivoiriens veulent manger \u00e0 leur faim et, ils demandent que la vie soit moins ch\u00e8re pour eux plut\u00f4t que d\u2019augmenter les taxes pour les appauvrir davantage.<\/p>\n<p>Les ivoiriens veulent un toit pour garantir \u00e0 leur famille un environnement s\u00e9curis\u00e9 et ne demandent pas \u00e0 vivre dans des loyers chers et que le prix des mat\u00e9riaux de construction soit augment\u00e9 \u00e0 tout-va, hypoth\u00e9quant leur r\u00eave de s\u2019offrir un toit d\u00e9cent.<\/p>\n<p>Les ivoiriens veulent des h\u00f4pitaux avec des plateaux techniques ad\u00e9quats pour leur permettre de se soigner pour vivre le plus longtemps possible et non \u00eatre des candidats \u00e0 une mort certaine en fr\u00e9quentant des h\u00f4pitaux aux plateaux techniques approximatifs fuis par les gouvernants eux-m\u00eames.<\/p>\n<p>Les ivoiriens veulent une \u00e9cole de qualit\u00e9 qui garantisse un avenir certain \u00e0 leurs enfants et non une \u00e9cole qui forme \u00e0 un ch\u00f4mage certain quand elle ne les d\u00e9forme pas.<\/p>\n<p>Les ivoiriens veulent une classe politique r\u00e9concili\u00e9e et non une classe politique constamment en conflit avec elle-m\u00eame pour des crises socio-politiques \u00e0 r\u00e9p\u00e9tition dont le peuple paie le plus lourd tribut.<\/p>\n<p>Le chantier de la r\u00e9conciliation nationale est rest\u00e9 entier depuis 2011 et attend des initiatives plus que symboliques. Cette probl\u00e9matique aurait pu \u00eatre \u00e9vacu\u00e9e si les r\u00e9solutions du Cadre Permanent de Dialogue en 2012 avaient \u00e9t\u00e9 abord\u00e9es avec honn\u00eatet\u00e9 par les gouvernements successifs qui ont plut\u00f4t opt\u00e9 pour le cosm\u00e9tique et les effets d\u2019annonce et si les recommandations de la Commission Dialogue V\u00e9rit\u00e9 et R\u00e9conciliation (CDVR) n\u2019avaient pas \u00e9t\u00e9 froiss\u00e9es et jet\u00e9es. A la v\u00e9rit\u00e9, il manque la volont\u00e9 politique pour sortir la C\u00f4te d\u2019Ivoire de la zone de turbulences sans fin qu\u2019elle traverse depuis 1993. Les sc\u00e8nes inhumaines v\u00e9cues en octobre 2020 montrent que les ranc\u0153urs restent intactes et, il suffit que le climat politique se crispe pour les raviver. L\u2019absence de conflit n\u2019est pas synonyme de paix ; loin de l\u00e0.<\/p>\n<p>Le chantier de la r\u00e9conciliation nationale ne doit pas avoir pour objectif de tenir des gens en laisse ou de les museler pour un r\u00e8gne tranquille mais il doit permettre \u00e0 la C\u00f4te d\u2019Ivoire de renouer avec sa culture de paix, fondement des relations fraternelles qui lient la soixantaine d\u2019ethnies qui la compose. Se taire pour qu\u2019un pouvoir gouverne tranquillement n\u2019a jamais exist\u00e9 en d\u00e9mocratie. Les mots ne sont pas des \u00e9lecteurs encore moins des ba\u00efonnettes, m\u00eame s\u2019ils conditionnent le jeu politique. Il faut que les uns et les autres puissent mener sereinement leurs activit\u00e9s politiques pour garantir une offre politique plus large et diversifi\u00e9e et non man\u0153uvrer pour une offre politique \u00e9triqu\u00e9e.<\/p>\n<p>Le mouvement \u00ab Les D\u00e9mocrates de C\u00f4te d\u2019Ivoire \u00bb d\u00e9nonce le rejet du dialogue national exprim\u00e9 officiellement par le pouvoir RHDP \u00e0 travers les propos tenus par son directeur ex\u00e9cutif. Devant ce rejet de tout dialogue national inclusif, \u00ab Les D\u00e9mocrates de C\u00f4te d\u2019Ivoire \u00bb demande \u00e0 l\u2019ONU et \u00e0 l\u2019Union Europ\u00e9enne qui ont activement \u0153uvr\u00e9 pour le d\u00e9nouement que l\u2019on sait de la crise de 2010-2011 d\u2019intervenir avant que la situation ne s\u2019envenime \u00e0 nouveau et soit hors de tout contr\u00f4le. Le verdict de la Cour P\u00e9nale Internationale a remis en cause des v\u00e9rit\u00e9s accept\u00e9es en 2010-2011 comme des \u00e9vidences et demande aux partenaires de la C\u00f4te d\u2019Ivoire de jouer le r\u00f4le de facilitateurs pour un dialogue national inclusif et une r\u00e9conciliation v\u00e9ritable. Les menaces \u00e0 peine voil\u00e9es prof\u00e9r\u00e9es par le directeur ex\u00e9cutif du RHDP \u00e0 l\u2019encontre de l\u2019ancien Pr\u00e9sident Laurent Gbagbo sont inacceptables et de nature \u00e0 embraser \u00e0 nouveau le pays. Parce qu\u2019elle menace dangereusement la paix sociale, cette atmosph\u00e8re naissance de violence verbale demande d\u2019agir de mani\u00e8re urgente.<\/p>\n<p>Il faut se m\u00e9fier de l\u2019orgasme du pouvoir qui pousse aux rodomontades et am\u00e8ne \u00e0 emprunter des voies contraires \u00e0 celles de la sagesse. La C\u00f4te d\u2019Ivoire ne va pas rest\u00e9e dans le bellicisme sans fin pour un r\u00e8gne que l\u2019on voudrait voir durer cinquante ans. Un homme de paix n\u2019a pas peur du dialogue qui ne fait, d\u2019ailleurs, que renforcer sa stature de faiseur de paix.<\/p>\n<p>Nous avons suffisamment d\u00e9montr\u00e9 notre maturit\u00e9 politique et montr\u00e9 \u00e0 la face du monde que nous savons nous entendre autour de l\u2019essentiel, la C\u00f4te d\u2019Ivoire, qu\u2019il serait d\u00e9sesp\u00e9rant que le chantier de la r\u00e9conciliation qui commence par un dialogue national inclusif soit laiss\u00e9 pour compte pour des questions de strat\u00e9gie politique d\u2019accaparement du pouvoir. Il faut, pour une fois, en C\u00f4te d\u2019Ivoire, avoir le courage de crever l\u2019abc\u00e8s et sortir des demi-v\u00e9rit\u00e9s et autres langues de bois pour une r\u00e9conciliation vraie. S\u2019ent\u00eater dans des demi-v\u00e9rit\u00e9s et des silences complices est le meilleur moyen de ne pas sortir le pays des crises sans fin. Les demi-v\u00e9rit\u00e9s et les strat\u00e9gies d\u2019accaparement du pouvoir ont produit 1995, 1999, 2002, 2010, 2011 et 2020. Jusque-l\u00e0, aucune le\u00e7on n\u2019a \u00e9t\u00e9 tir\u00e9e ; les uns devenant pires que leurs pr\u00e9d\u00e9cesseurs. Les ivoiriens ont besoin de v\u00e9rit\u00e9. Les ivoiriens ont besoin de savoir qui a fait quoi et pourquoi afin qu\u2019ils ne vivent plus les boycotts actifs, les coups d\u2019Etat ou tentatives de coup d\u2019Etat, les oppositions arm\u00e9es animatrices de r\u00e9bellion ainsi que les emprisonnements pour mettre une museli\u00e8re aux emp\u00eacheurs de manger et de gouverner tranquillement, tous aux cons\u00e9quences inqualifiables pour la construction d\u2019une nation viable.<\/p>\n<p>&nbsp;<\/p>\n","protected":false},"excerpt":{"rendered":"<p>Africa-Press &#8211; C\u00f4te d&rsquo;Ivoire. L\u2019actualit\u00e9 politique de cette semaine a vu le retour des vieux d\u00e9mons ivoiriens. Se taire devant ces d\u00e9rives serait un acte de l\u00e2chet\u00e9 parce que, quand le bateau sombre, tout le monde coule. Et, la premi\u00e8re victime, c\u2019est le peuple. Il ne faut pas attendre que le bateau soit ivre avant [&hellip;]<\/p>\n","protected":false},"author":82,"featured_media":10708,"comment_status":"open","ping_status":"closed","sticky":false,"template":"","format":"standard","meta":{"footnotes":""},"categories":[11,2,20,10],"tags":[56,63,29],"class_list":["post-10709","post","type-post","status-publish","format-standard","has-post-thumbnail","hentry","category-homepage-french","category-politique","category-top-nouvelles","category-toutes-les-actualites","tag-africa-press","tag-africa-press-cote-divoire","tag-cote-divoire"],"yoast_head":"<!-- This site is optimized with the Yoast SEO Premium plugin v26.1 (Yoast SEO v27.0) - https:\/\/yoast.com\/product\/yoast-seo-premium-wordpress\/ -->\n<title>L\u2019Appel de \u00abLes D\u00e9mocrates de C\u00f4te d\u2019Ivoire\u00bb \u00e0 la classe politique - C\u00f4te d&#039;Ivoire<\/title>\n<meta name=\"description\" content=\"L\u2019actualit\u00e9 politique de cette semaine a vu le retour des vieux d\u00e9mons ivoiriens. Se taire devant ces d\u00e9rives serait un ...\" \/>\n<meta name=\"robots\" content=\"index, follow, max-snippet:-1, max-image-preview:large, max-video-preview:-1\" \/>\n<link rel=\"canonical\" href=\"https:\/\/www.africa-press.net\/cotedivoire\/politique\/lappel-de-les-democrates-de-cote-divoire-a-la-classe-politique\" \/>\n<meta property=\"og:locale\" content=\"fr_FR\" \/>\n<meta property=\"og:type\" content=\"article\" \/>\n<meta property=\"og:title\" content=\"L\u2019Appel de \u00abLes D\u00e9mocrates de C\u00f4te d\u2019Ivoire\u00bb \u00e0 la classe politique\" \/>\n<meta property=\"og:description\" content=\"L\u2019actualit\u00e9 politique de cette semaine a vu le retour des vieux d\u00e9mons ivoiriens. Se taire devant ces d\u00e9rives serait un ...\" \/>\n<meta property=\"og:url\" content=\"https:\/\/www.africa-press.net\/cotedivoire\/politique\/lappel-de-les-democrates-de-cote-divoire-a-la-classe-politique\" \/>\n<meta property=\"og:site_name\" content=\"C\u00f4te d&#039;Ivoire\" \/>\n<meta property=\"article:published_time\" content=\"2021-08-01T14:44:47+00:00\" \/>\n<meta property=\"article:modified_time\" content=\"2021-08-01T18:52:43+00:00\" \/>\n<meta property=\"og:image\" content=\"https:\/\/static.africa-press.net\/cote\/sites\/43\/2021\/08\/img-6106b0f93bd8f.jpg\" \/>\n\t<meta property=\"og:image:width\" content=\"720\" \/>\n\t<meta property=\"og:image:height\" content=\"360\" \/>\n\t<meta property=\"og:image:type\" content=\"image\/jpeg\" \/>\n<meta name=\"author\" content=\"cfeditorfr\" \/>\n<meta name=\"twitter:card\" content=\"summary_large_image\" \/>\n<meta name=\"twitter:label1\" content=\"\u00c9crit par\" \/>\n\t<meta name=\"twitter:data1\" content=\"cfeditorfr\" \/>\n\t<meta name=\"twitter:label2\" content=\"Dur\u00e9e de lecture estim\u00e9e\" \/>\n\t<meta name=\"twitter:data2\" content=\"7 minutes\" \/>\n<script type=\"application\/ld+json\" class=\"yoast-schema-graph\">{\"@context\":\"https:\/\/schema.org\",\"@graph\":[{\"@type\":\"Article\",\"@id\":\"https:\/\/www.africa-press.net\/cotedivoire\/politique\/lappel-de-les-democrates-de-cote-divoire-a-la-classe-politique#article\",\"isPartOf\":{\"@id\":\"https:\/\/www.africa-press.net\/cotedivoire\/politique\/lappel-de-les-democrates-de-cote-divoire-a-la-classe-politique\"},\"author\":{\"name\":\"cfeditorfr\",\"@id\":\"https:\/\/www.africa-press.net\/cotedivoire\/#\/schema\/person\/2b1cf3cd81a31e3cd26889ca66d677f1\"},\"headline\":\"L\u2019Appel de \u00abLes D\u00e9mocrates de C\u00f4te d\u2019Ivoire\u00bb \u00e0 la classe politique\",\"datePublished\":\"2021-08-01T14:44:47+00:00\",\"dateModified\":\"2021-08-01T18:52:43+00:00\",\"mainEntityOfPage\":{\"@id\":\"https:\/\/www.africa-press.net\/cotedivoire\/politique\/lappel-de-les-democrates-de-cote-divoire-a-la-classe-politique\"},\"wordCount\":1430,\"commentCount\":0,\"image\":{\"@id\":\"https:\/\/www.africa-press.net\/cotedivoire\/politique\/lappel-de-les-democrates-de-cote-divoire-a-la-classe-politique#primaryimage\"},\"thumbnailUrl\":\"https:\/\/static.africa-press.net\/cote\/sites\/43\/2021\/08\/img-6106b0f93bd8f.jpg\",\"keywords\":[\"Africa Press\",\"Africa Press-C\u00f4te d'Ivoire\",\"C\u00d4TE D'IVOIRE\"],\"articleSection\":[\"homepage-french\",\"Politique\",\"Top Nouvelles\",\"Toutes les actualit\u00e9s\"],\"inLanguage\":\"fr-FR\",\"potentialAction\":[{\"@type\":\"CommentAction\",\"name\":\"Comment\",\"target\":[\"https:\/\/www.africa-press.net\/cotedivoire\/politique\/lappel-de-les-democrates-de-cote-divoire-a-la-classe-politique#respond\"]}]},{\"@type\":\"WebPage\",\"@id\":\"https:\/\/www.africa-press.net\/cotedivoire\/politique\/lappel-de-les-democrates-de-cote-divoire-a-la-classe-politique\",\"url\":\"https:\/\/www.africa-press.net\/cotedivoire\/politique\/lappel-de-les-democrates-de-cote-divoire-a-la-classe-politique\",\"name\":\"L\u2019Appel de \u00abLes D\u00e9mocrates de C\u00f4te d\u2019Ivoire\u00bb \u00e0 la classe politique - C\u00f4te d&#039;Ivoire\",\"isPartOf\":{\"@id\":\"https:\/\/www.africa-press.net\/cotedivoire\/#website\"},\"primaryImageOfPage\":{\"@id\":\"https:\/\/www.africa-press.net\/cotedivoire\/politique\/lappel-de-les-democrates-de-cote-divoire-a-la-classe-politique#primaryimage\"},\"image\":{\"@id\":\"https:\/\/www.africa-press.net\/cotedivoire\/politique\/lappel-de-les-democrates-de-cote-divoire-a-la-classe-politique#primaryimage\"},\"thumbnailUrl\":\"https:\/\/static.africa-press.net\/cote\/sites\/43\/2021\/08\/img-6106b0f93bd8f.jpg\",\"datePublished\":\"2021-08-01T14:44:47+00:00\",\"dateModified\":\"2021-08-01T18:52:43+00:00\",\"author\":{\"@id\":\"https:\/\/www.africa-press.net\/cotedivoire\/#\/schema\/person\/2b1cf3cd81a31e3cd26889ca66d677f1\"},\"description\":\"L\u2019actualit\u00e9 politique de cette semaine a vu le retour des vieux d\u00e9mons ivoiriens. Se taire devant ces d\u00e9rives serait un ...\",\"breadcrumb\":{\"@id\":\"https:\/\/www.africa-press.net\/cotedivoire\/politique\/lappel-de-les-democrates-de-cote-divoire-a-la-classe-politique#breadcrumb\"},\"inLanguage\":\"fr-FR\",\"potentialAction\":[{\"@type\":\"ReadAction\",\"target\":[\"https:\/\/www.africa-press.net\/cotedivoire\/politique\/lappel-de-les-democrates-de-cote-divoire-a-la-classe-politique\"]}]},{\"@type\":\"ImageObject\",\"inLanguage\":\"fr-FR\",\"@id\":\"https:\/\/www.africa-press.net\/cotedivoire\/politique\/lappel-de-les-democrates-de-cote-divoire-a-la-classe-politique#primaryimage\",\"url\":\"https:\/\/static.africa-press.net\/cote\/sites\/43\/2021\/08\/img-6106b0f93bd8f.jpg\",\"contentUrl\":\"https:\/\/static.africa-press.net\/cote\/sites\/43\/2021\/08\/img-6106b0f93bd8f.jpg\",\"width\":720,\"height\":360,\"caption\":\"L\u2019Appel de \u00abLes D\u00e9mocrates de C\u00f4te d\u2019Ivoire\u00bb \u00e0 la classe politique\"},{\"@type\":\"BreadcrumbList\",\"@id\":\"https:\/\/www.africa-press.net\/cotedivoire\/politique\/lappel-de-les-democrates-de-cote-divoire-a-la-classe-politique#breadcrumb\",\"itemListElement\":[{\"@type\":\"ListItem\",\"position\":1,\"name\":\"Accueil\",\"item\":\"https:\/\/www.africa-press.net\/cotedivoire\/\"},{\"@type\":\"ListItem\",\"position\":2,\"name\":\"L\u2019Appel de \u00abLes D\u00e9mocrates de C\u00f4te d\u2019Ivoire\u00bb \u00e0 la classe politique\"}]},{\"@type\":\"WebSite\",\"@id\":\"https:\/\/www.africa-press.net\/cotedivoire\/#website\",\"url\":\"https:\/\/www.africa-press.net\/cotedivoire\/\",\"name\":\"C\u00f4te d&#039;Ivoire\",\"description\":\"Just another Africa News Agency Sites site\",\"potentialAction\":[{\"@type\":\"SearchAction\",\"target\":{\"@type\":\"EntryPoint\",\"urlTemplate\":\"https:\/\/www.africa-press.net\/cotedivoire\/?s={search_term_string}\"},\"query-input\":{\"@type\":\"PropertyValueSpecification\",\"valueRequired\":true,\"valueName\":\"search_term_string\"}}],\"inLanguage\":\"fr-FR\"},{\"@type\":\"Person\",\"@id\":\"https:\/\/www.africa-press.net\/cotedivoire\/#\/schema\/person\/2b1cf3cd81a31e3cd26889ca66d677f1\",\"name\":\"cfeditorfr\"}]}<\/script>\n<!-- \/ Yoast SEO Premium plugin. -->","yoast_head_json":{"title":"L\u2019Appel de \u00abLes D\u00e9mocrates de C\u00f4te d\u2019Ivoire\u00bb \u00e0 la classe politique - C\u00f4te d&#039;Ivoire","description":"L\u2019actualit\u00e9 politique de cette semaine a vu le retour des vieux d\u00e9mons ivoiriens. Se taire devant ces d\u00e9rives serait un ...","robots":{"index":"index","follow":"follow","max-snippet":"max-snippet:-1","max-image-preview":"max-image-preview:large","max-video-preview":"max-video-preview:-1"},"canonical":"https:\/\/www.africa-press.net\/cotedivoire\/politique\/lappel-de-les-democrates-de-cote-divoire-a-la-classe-politique","og_locale":"fr_FR","og_type":"article","og_title":"L\u2019Appel de \u00abLes D\u00e9mocrates de C\u00f4te d\u2019Ivoire\u00bb \u00e0 la classe politique","og_description":"L\u2019actualit\u00e9 politique de cette semaine a vu le retour des vieux d\u00e9mons ivoiriens. Se taire devant ces d\u00e9rives serait un ...","og_url":"https:\/\/www.africa-press.net\/cotedivoire\/politique\/lappel-de-les-democrates-de-cote-divoire-a-la-classe-politique","og_site_name":"C\u00f4te d&#039;Ivoire","article_published_time":"2021-08-01T14:44:47+00:00","article_modified_time":"2021-08-01T18:52:43+00:00","og_image":[{"width":720,"height":360,"url":"https:\/\/static.africa-press.net\/cote\/sites\/43\/2021\/08\/img-6106b0f93bd8f.jpg","type":"image\/jpeg"}],"author":"cfeditorfr","twitter_card":"summary_large_image","twitter_misc":{"\u00c9crit par":"cfeditorfr","Dur\u00e9e de lecture estim\u00e9e":"7 minutes"},"schema":{"@context":"https:\/\/schema.org","@graph":[{"@type":"Article","@id":"https:\/\/www.africa-press.net\/cotedivoire\/politique\/lappel-de-les-democrates-de-cote-divoire-a-la-classe-politique#article","isPartOf":{"@id":"https:\/\/www.africa-press.net\/cotedivoire\/politique\/lappel-de-les-democrates-de-cote-divoire-a-la-classe-politique"},"author":{"name":"cfeditorfr","@id":"https:\/\/www.africa-press.net\/cotedivoire\/#\/schema\/person\/2b1cf3cd81a31e3cd26889ca66d677f1"},"headline":"L\u2019Appel de \u00abLes D\u00e9mocrates de C\u00f4te d\u2019Ivoire\u00bb \u00e0 la classe politique","datePublished":"2021-08-01T14:44:47+00:00","dateModified":"2021-08-01T18:52:43+00:00","mainEntityOfPage":{"@id":"https:\/\/www.africa-press.net\/cotedivoire\/politique\/lappel-de-les-democrates-de-cote-divoire-a-la-classe-politique"},"wordCount":1430,"commentCount":0,"image":{"@id":"https:\/\/www.africa-press.net\/cotedivoire\/politique\/lappel-de-les-democrates-de-cote-divoire-a-la-classe-politique#primaryimage"},"thumbnailUrl":"https:\/\/static.africa-press.net\/cote\/sites\/43\/2021\/08\/img-6106b0f93bd8f.jpg","keywords":["Africa Press","Africa Press-C\u00f4te d'Ivoire","C\u00d4TE D'IVOIRE"],"articleSection":["homepage-french","Politique","Top Nouvelles","Toutes les actualit\u00e9s"],"inLanguage":"fr-FR","potentialAction":[{"@type":"CommentAction","name":"Comment","target":["https:\/\/www.africa-press.net\/cotedivoire\/politique\/lappel-de-les-democrates-de-cote-divoire-a-la-classe-politique#respond"]}]},{"@type":"WebPage","@id":"https:\/\/www.africa-press.net\/cotedivoire\/politique\/lappel-de-les-democrates-de-cote-divoire-a-la-classe-politique","url":"https:\/\/www.africa-press.net\/cotedivoire\/politique\/lappel-de-les-democrates-de-cote-divoire-a-la-classe-politique","name":"L\u2019Appel de \u00abLes D\u00e9mocrates de C\u00f4te d\u2019Ivoire\u00bb \u00e0 la classe politique - C\u00f4te d&#039;Ivoire","isPartOf":{"@id":"https:\/\/www.africa-press.net\/cotedivoire\/#website"},"primaryImageOfPage":{"@id":"https:\/\/www.africa-press.net\/cotedivoire\/politique\/lappel-de-les-democrates-de-cote-divoire-a-la-classe-politique#primaryimage"},"image":{"@id":"https:\/\/www.africa-press.net\/cotedivoire\/politique\/lappel-de-les-democrates-de-cote-divoire-a-la-classe-politique#primaryimage"},"thumbnailUrl":"https:\/\/static.africa-press.net\/cote\/sites\/43\/2021\/08\/img-6106b0f93bd8f.jpg","datePublished":"2021-08-01T14:44:47+00:00","dateModified":"2021-08-01T18:52:43+00:00","author":{"@id":"https:\/\/www.africa-press.net\/cotedivoire\/#\/schema\/person\/2b1cf3cd81a31e3cd26889ca66d677f1"},"description":"L\u2019actualit\u00e9 politique de cette semaine a vu le retour des vieux d\u00e9mons ivoiriens. Se taire devant ces d\u00e9rives serait un ...","breadcrumb":{"@id":"https:\/\/www.africa-press.net\/cotedivoire\/politique\/lappel-de-les-democrates-de-cote-divoire-a-la-classe-politique#breadcrumb"},"inLanguage":"fr-FR","potentialAction":[{"@type":"ReadAction","target":["https:\/\/www.africa-press.net\/cotedivoire\/politique\/lappel-de-les-democrates-de-cote-divoire-a-la-classe-politique"]}]},{"@type":"ImageObject","inLanguage":"fr-FR","@id":"https:\/\/www.africa-press.net\/cotedivoire\/politique\/lappel-de-les-democrates-de-cote-divoire-a-la-classe-politique#primaryimage","url":"https:\/\/static.africa-press.net\/cote\/sites\/43\/2021\/08\/img-6106b0f93bd8f.jpg","contentUrl":"https:\/\/static.africa-press.net\/cote\/sites\/43\/2021\/08\/img-6106b0f93bd8f.jpg","width":720,"height":360,"caption":"L\u2019Appel de \u00abLes D\u00e9mocrates de C\u00f4te d\u2019Ivoire\u00bb \u00e0 la classe politique"},{"@type":"BreadcrumbList","@id":"https:\/\/www.africa-press.net\/cotedivoire\/politique\/lappel-de-les-democrates-de-cote-divoire-a-la-classe-politique#breadcrumb","itemListElement":[{"@type":"ListItem","position":1,"name":"Accueil","item":"https:\/\/www.africa-press.net\/cotedivoire\/"},{"@type":"ListItem","position":2,"name":"L\u2019Appel de \u00abLes D\u00e9mocrates de C\u00f4te d\u2019Ivoire\u00bb \u00e0 la classe politique"}]},{"@type":"WebSite","@id":"https:\/\/www.africa-press.net\/cotedivoire\/#website","url":"https:\/\/www.africa-press.net\/cotedivoire\/","name":"C\u00f4te d&#039;Ivoire","description":"Just another Africa News Agency Sites site","potentialAction":[{"@type":"SearchAction","target":{"@type":"EntryPoint","urlTemplate":"https:\/\/www.africa-press.net\/cotedivoire\/?s={search_term_string}"},"query-input":{"@type":"PropertyValueSpecification","valueRequired":true,"valueName":"search_term_string"}}],"inLanguage":"fr-FR"},{"@type":"Person","@id":"https:\/\/www.africa-press.net\/cotedivoire\/#\/schema\/person\/2b1cf3cd81a31e3cd26889ca66d677f1","name":"cfeditorfr"}]}},"_links":{"self":[{"href":"https:\/\/www.africa-press.net\/cotedivoire\/wp-json\/wp\/v2\/posts\/10709","targetHints":{"allow":["GET"]}}],"collection":[{"href":"https:\/\/www.africa-press.net\/cotedivoire\/wp-json\/wp\/v2\/posts"}],"about":[{"href":"https:\/\/www.africa-press.net\/cotedivoire\/wp-json\/wp\/v2\/types\/post"}],"author":[{"embeddable":true,"href":"https:\/\/www.africa-press.net\/cotedivoire\/wp-json\/wp\/v2\/users\/82"}],"replies":[{"embeddable":true,"href":"https:\/\/www.africa-press.net\/cotedivoire\/wp-json\/wp\/v2\/comments?post=10709"}],"version-history":[{"count":0,"href":"https:\/\/www.africa-press.net\/cotedivoire\/wp-json\/wp\/v2\/posts\/10709\/revisions"}],"wp:featuredmedia":[{"embeddable":true,"href":"https:\/\/www.africa-press.net\/cotedivoire\/wp-json\/wp\/v2\/media\/10708"}],"wp:attachment":[{"href":"https:\/\/www.africa-press.net\/cotedivoire\/wp-json\/wp\/v2\/media?parent=10709"}],"wp:term":[{"taxonomy":"category","embeddable":true,"href":"https:\/\/www.africa-press.net\/cotedivoire\/wp-json\/wp\/v2\/categories?post=10709"},{"taxonomy":"post_tag","embeddable":true,"href":"https:\/\/www.africa-press.net\/cotedivoire\/wp-json\/wp\/v2\/tags?post=10709"}],"curies":[{"name":"wp","href":"https:\/\/api.w.org\/{rel}","templated":true}]}}