{"id":107104,"date":"2025-10-20T18:38:25","date_gmt":"2025-10-20T18:38:25","guid":{"rendered":"https:\/\/www.africa-press.net\/cotedivoire\/politique\/tidjane-thiam-liberer-la-cote-divoire-en-7-jours"},"modified":"2025-10-20T18:55:09","modified_gmt":"2025-10-20T18:55:09","slug":"tidjane-thiam-liberer-la-cote-divoire-en-7-jours","status":"publish","type":"post","link":"https:\/\/www.africa-press.net\/cotedivoire\/politique\/tidjane-thiam-liberer-la-cote-divoire-en-7-jours","title":{"rendered":"Tidjane Thiam: Libe\u0301rer la Co\u0302te d&rsquo;Ivoire en 7 jours"},"content":{"rendered":"<p><span style=\"color: #ff6600\"><strong>Africa-Press &#8211; C\u00f4te d&rsquo;Ivoire. <\/strong><\/span>En te\u0302te d&rsquo;une manifestation a\u0300 Paris contre le 4e mandat d\u2019Alassane Ouattara, Tidjane Thiam e\u0301tait pre\u0300s d&rsquo;opposants ivoiriens de la diaspora pour appeler a\u0300 l\u2019unite\u0301 sacre\u0301e pour faire barrage a\u0300 ce qu\u2019il qualifie de de\u0301rive autoritaire.<\/p>\n<p>La marche s\u2019est de\u0301roule\u0301e entre la place du Trocade\u0301ro et la place Victor Hugo. Le pre\u0301sident du PDCI-RDA, en exil en France depuis avril dernier, a prononce\u0301 un discours devant un parterre d&rsquo;anti-Ouattara.<\/p>\n<p>Une centaine, venus de France, d\u2019Allemagne, de Suisse, d\u2019Italie, de Belgique, d\u2019Angleterre et d\u2019Espagne, les manifestants ont re\u0301pondu a\u0300 l\u2019appel des partis de l&rsquo;opposition radicale, PDCI-RDA, FPI, GPS, PPA-CI et des mouvements associe\u0301s citoyens tels que \u00ab\u00a0Trop, c\u2019est trop\u00a0\u00bb.<\/p>\n<p>Leur message e\u0301tait clair: refus cate\u0301gorique du 4e mandat d\u2019Alassane Ouattara, de\u0301nonciation des atteintes aux liberte\u0301s fondamentales et exigence de la libe\u0301ration des prisonniers politiques.<\/p>\n<p>Sans la pre\u0301sence de Laurent Gbagbo ou Guillaume Soro, le point d\u2019orgue de cette mobilisation fut, de fait, l\u2019intervention de Tidjane Thiam.<\/p>\n<p>\u00ab\u00a0Nous sommes ensemble dans ce combat. Rien n\u2019est plus important que la semaine qui arrive. Nous avons sept jours pour libe\u0301rer la Co\u0302te d\u2019Ivoire. Dieu a cre\u0301e\u0301 le monde en sept jours. Nous allons libe\u0301rer la Co\u0302te d\u2019Ivoire en sept jours.\u00a0\u00bb, a lance\u0301 celui qui a e\u0301te\u0301 prive\u0301 de pre\u0301sidentielle suite a\u0300 une de\u0301cision de justice apre\u0300s s&rsquo;e\u0302tre enro\u0302le\u0301 sur la liste e\u0301lectorale alors qu&rsquo;il n&rsquo;avait pas encore renonce\u0301 a\u0300 sa nationalite\u0301 franc\u0327aise.<\/p>\n<p>Quand certains e\u0301voquent un deuxie\u0300me mandat dans la 3e Re\u0301publique, pour Thiam, le quatrie\u0300me mandat du pre\u0301sident Ouattara est non seulement \u00ab\u00a0ille\u0301gal et anticonstitutionnel\u00a0\u00bb, mais aussi une \u00ab\u00a0mauvaise surprise\u00a0\u00bb dans un pays cense\u0301 respecter la limitation a\u0300 deux mandats.<\/p>\n<p>Il a e\u0301galement de\u0301nonce\u0301 les condamnations re\u0301centes inflige\u0301es aux militants de l\u2019opposition: \u00ab\u00a0Des pauvres gens ont e\u0301te\u0301 condamne\u0301s a\u0300 36 mois de prison pour avoir manifeste\u0301 pacifiquement. Voila\u0300 des gens qui ont construit leur pouvoir sur deux choses: la peur et l\u2019argent. Nous ne sommes pas des sauvages, nous pouvons avoir une de\u0301mocratie digne, ou\u0300 tous les candidats s\u2019affrontent a\u0300 e\u0301galite\u0301, et ou\u0300 le meilleur gagne.\u00a0\u00bb<\/p>\n<p>Le leader du PDCI-RDA a poursuivi son discours en pointant du doigt la re\u0301pression des liberte\u0301s publiques en Co\u0302te d\u2019Ivoire: \u00ab\u00a0Comment, dans notre propre pays, ou\u0300 nous sommes ne\u0301s, ne pouvons-nous pas parler? Ne pouvons-nous pas marcher? Il faut que c\u0327a cesse !\u00a0\u00bb<\/p>\n<p>Et de conclure en appelant a\u0300 une union sacre\u0301e des forces vives pour faire barrage a\u0300 ce qu\u2019il qualifie de de\u0301rive dictatoriale: \u00ab\u00a0Le pre\u0301sident Laurent Gbagbo a dit: &lsquo;Trop, c\u2019est trop&rsquo;. Et vraiment, trop, c\u2019est trop. N\u2019ayez pas peur. Restons unis. Unis, nous vaincrons.\u00a0\u00bb<\/p>\n<p>Les manifestants, hommes, femmes, jeunes, brandissaient pancartes et drapeaux, chantant des slogans hostiles au re\u0301gime actuel. Tina Topo, figure des femmes patriotes, a de\u0301clare\u0301: \u00ab\u00a0Nous sommes des guerrie\u0300res. On ne se fatigue jamais. Nous allons le terrasser !\u00a0\u00bb<\/p>\n<p>Herve\u0301 Dje\u0301dje\u0301 a, de son co\u0302te\u0301, insiste\u0301 sur la ne\u0301cessite\u0301 de maintenir la pression: \u00ab\u00a0C\u2019est le de\u0301but des manifestations ici en Europe. Nous n\u2019allons pas reculer. Ouattara va nous sentir.\u00a0\u00bb<\/p>\n<p>Me\u0302me si sur place en Co\u0302te d&rsquo;Ivoire l&rsquo;opposition radicale bute sur une population locale peu encline a\u0300 son discours et des appels a\u0300 marcher, le message du jour allait dans le sens d&rsquo;une nouvelle dynamique de re\u0301sistance en marche. Les opposants ivoiriens de la diaspora entendent bien jouer leur ro\u0302le dans le combat pour l\u2019alternance.<\/p>\n<p>Me\u0302me si manifester en France parait de\u0301risoire, les organisateurs ont ne\u0301anmoins annonce\u0301 une prochaine mobilisation samedi prochain, avec un code vestimentaire fort: blanc et rouge, couleurs symboliques de la lutte contre l\u2019injustice et la re\u0301pression.<\/p>\n<p>Si du co\u0302te\u0301 d&rsquo;Abidjan la campagne se de\u0301roule normalement co\u0302te\u0301 pouvoir comme opposition, chacun en meeting de part et d&rsquo;autre dans une ambiance bon enfant, a\u0300 Paris, ce samedi 18 octobre 2025, la diaspora ivoirienne proche de l&rsquo;opposition radicale a tente\u0301 de se faire entendre.<\/p>\n\r\n                <style type=\"text\/css\">\r\n                    \r\n                    #td_uid_1_69f473b166f0d  .td-doubleSlider-2 .td-item1 {\r\n                        background: url(https:\/\/static.africa-press.net\/cote\/sites\/43\/2025\/10\/sm_1760973809.000541-80x60.jpg) 0 0 no-repeat;\r\n                    }\r\n                <\/style>\r\n\r\n                <div id=\"td_uid_1_69f473b166f0d\" class=\"td-gallery td-slide-on-2-columns\">\r\n                    <div class=\"post_td_gallery\">\r\n                        <div class=\"td-gallery-slide-top\">\r\n                           <div class=\"td-gallery-title\"><\/div>\r\n\r\n                            <div class=\"td-gallery-controls-wrapper\">\r\n                                <div class=\"td-gallery-slide-count\"><span class=\"td-gallery-slide-item-focus\">1<\/span> de 1<\/div>\r\n                                <div class=\"td-gallery-slide-prev-next-but\">\r\n                                    <i class = \"td-icon-left doubleSliderPrevButton\"><\/i>\r\n                                    <i class = \"td-icon-right doubleSliderNextButton\"><\/i>\r\n                                <\/div>\r\n                            <\/div>\r\n                        <\/div>\r\n\r\n                        <div class = \"td-doubleSlider-1 \">\r\n                            <div class = \"td-slider\">\r\n                                \r\n                    <div class = \"td-slide-item td-item1\">\r\n                        <figure class=\"td-slide-galery-figure td-slide-popup-gallery\">\r\n                            <a class=\"slide-gallery-image-link\" href=\"https:\/\/static.africa-press.net\/cote\/sites\/43\/2025\/10\/sm_1760973809.000541.jpg\" title=\"sm_1760973809.000541\"  data-caption=\"\"  data-description=\"\">\r\n                                <img decoding=\"async\" src=\"https:\/\/static.africa-press.net\/cote\/sites\/43\/2025\/10\/sm_1760973809.000541.jpg\" srcset=\"https:\/\/static.africa-press.net\/cote\/sites\/43\/2025\/10\/sm_1760973809.000541.jpg 1000w, https:\/\/static.africa-press.net\/cote\/sites\/43\/2025\/10\/sm_1760973809.000541-300x162.jpg 300w, https:\/\/static.africa-press.net\/cote\/sites\/43\/2025\/10\/sm_1760973809.000541-768x414.jpg 768w\" sizes=\"(max-width: 1000px) 100vw, 1000px\" alt=\"\">\r\n                            <\/a>\r\n                            \r\n                        <\/figure>\r\n                    <\/div>\r\n                            <\/div>\r\n                        <\/div>\r\n\r\n                        <div class = \"td-doubleSlider-2\">\r\n                            <div class = \"td-slider\">\r\n                                \r\n                    <div class = \"td-button td-item1\">\r\n                        <div class = \"td-border\"><\/div>\r\n                    <\/div>\r\n                            <\/div>\r\n                        <\/div>\r\n\r\n                    <\/div>\r\n\r\n                <\/div>\r\n                \n<p><strong>Pour plus d&rsquo;informations et d&rsquo;analyses sur la <span style=\"color: #ff6600\">C\u00f4te d&rsquo;Ivoire<\/span>, suivez <span style=\"color: #ff6600\">Africa-Press<\/span><\/strong><\/p>\n","protected":false},"excerpt":{"rendered":"<p>Africa-Press &#8211; C\u00f4te d&rsquo;Ivoire. En te\u0302te d&rsquo;une manifestation a\u0300 Paris contre le 4e mandat d\u2019Alassane Ouattara, Tidjane Thiam e\u0301tait pre\u0300s d&rsquo;opposants ivoiriens de la diaspora pour appeler a\u0300 l\u2019unite\u0301 sacre\u0301e pour faire barrage a\u0300 ce qu\u2019il qualifie de de\u0301rive autoritaire. La marche s\u2019est de\u0301roule\u0301e entre la place du Trocade\u0301ro et la place Victor Hugo. Le [&hellip;]<\/p>\n","protected":false},"author":82,"featured_media":107103,"comment_status":"open","ping_status":"closed","sticky":false,"template":"","format":"standard","meta":{"footnotes":""},"categories":[2,10],"tags":[18685,29,18759,19249,1375,534,727,19246,739,3124,2442,19248],"class_list":["post-107104","post","type-post","status-publish","format-standard","has-post-thumbnail","hentry","category-politique","category-toutes-les-actualites","tag-4e-mandat","tag-cote-divoire","tag-diaspora-ivoirienne","tag-dictature","tag-manifestation","tag-marche","tag-ouattara","tag-paris2025","tag-pdci-rda","tag-prisonniers","tag-tidjane-thiam","tag-trop-cest-trop-3"],"yoast_head":"<!-- This site is optimized with the Yoast SEO Premium plugin v26.1 (Yoast SEO v27.0) - https:\/\/yoast.com\/product\/yoast-seo-premium-wordpress\/ -->\n<title>Tidjane Thiam: Libe\u0301rer la Co\u0302te d&#039;Ivoire en 7 jours - C\u00f4te d&#039;Ivoire<\/title>\n<meta name=\"description\" content=\"En te\u0302te d&#039;une manifestation a\u0300 Paris contre le 4e mandat d\u2019Alassane Ouattara, Tidjane Thiam e\u0301tait pre\u0300s d&#039;opposants iv ...\" \/>\n<meta name=\"robots\" content=\"index, follow, max-snippet:-1, max-image-preview:large, max-video-preview:-1\" \/>\n<link rel=\"canonical\" href=\"https:\/\/www.africa-press.net\/cotedivoire\/politique\/tidjane-thiam-liberer-la-cote-divoire-en-7-jours\" \/>\n<meta property=\"og:locale\" content=\"fr_FR\" \/>\n<meta property=\"og:type\" content=\"article\" \/>\n<meta property=\"og:title\" content=\"Tidjane Thiam: Libe\u0301rer la Co\u0302te d&#039;Ivoire en 7 jours\" \/>\n<meta property=\"og:description\" content=\"En te\u0302te d&#039;une manifestation a\u0300 Paris contre le 4e mandat d\u2019Alassane Ouattara, Tidjane Thiam e\u0301tait pre\u0300s d&#039;opposants iv ...\" \/>\n<meta property=\"og:url\" content=\"https:\/\/www.africa-press.net\/cotedivoire\/politique\/tidjane-thiam-liberer-la-cote-divoire-en-7-jours\" \/>\n<meta property=\"og:site_name\" content=\"C\u00f4te d&#039;Ivoire\" \/>\n<meta property=\"article:published_time\" content=\"2025-10-20T18:38:25+00:00\" \/>\n<meta property=\"article:modified_time\" content=\"2025-10-20T18:55:09+00:00\" \/>\n<meta property=\"og:image\" content=\"https:\/\/static.africa-press.net\/cote\/sites\/43\/2025\/10\/sm_1760973853.089636.jpg\" \/>\n\t<meta property=\"og:image:width\" content=\"720\" \/>\n\t<meta property=\"og:image:height\" content=\"379\" \/>\n\t<meta property=\"og:image:type\" content=\"image\/jpeg\" \/>\n<meta name=\"author\" content=\"cfeditorfr\" \/>\n<meta name=\"twitter:card\" content=\"summary_large_image\" \/>\n<meta name=\"twitter:label1\" content=\"\u00c9crit par\" \/>\n\t<meta name=\"twitter:data1\" content=\"cfeditorfr\" \/>\n\t<meta name=\"twitter:label2\" content=\"Dur\u00e9e de lecture estim\u00e9e\" \/>\n\t<meta name=\"twitter:data2\" content=\"4 minutes\" \/>\n<script type=\"application\/ld+json\" class=\"yoast-schema-graph\">{\"@context\":\"https:\/\/schema.org\",\"@graph\":[{\"@type\":\"Article\",\"@id\":\"https:\/\/www.africa-press.net\/cotedivoire\/politique\/tidjane-thiam-liberer-la-cote-divoire-en-7-jours#article\",\"isPartOf\":{\"@id\":\"https:\/\/www.africa-press.net\/cotedivoire\/politique\/tidjane-thiam-liberer-la-cote-divoire-en-7-jours\"},\"author\":{\"name\":\"cfeditorfr\",\"@id\":\"https:\/\/www.africa-press.net\/cotedivoire\/#\/schema\/person\/2b1cf3cd81a31e3cd26889ca66d677f1\"},\"headline\":\"Tidjane Thiam: Libe\u0301rer la Co\u0302te d&rsquo;Ivoire en 7 jours\",\"datePublished\":\"2025-10-20T18:38:25+00:00\",\"dateModified\":\"2025-10-20T18:55:09+00:00\",\"mainEntityOfPage\":{\"@id\":\"https:\/\/www.africa-press.net\/cotedivoire\/politique\/tidjane-thiam-liberer-la-cote-divoire-en-7-jours\"},\"wordCount\":771,\"commentCount\":0,\"image\":{\"@id\":\"https:\/\/www.africa-press.net\/cotedivoire\/politique\/tidjane-thiam-liberer-la-cote-divoire-en-7-jours#primaryimage\"},\"thumbnailUrl\":\"https:\/\/static.africa-press.net\/cote\/sites\/43\/2025\/10\/sm_1760973853.089636.jpg\",\"keywords\":[\"4\u00e8 mandat\",\"C\u00d4TE D'IVOIRE\",\"diaspora Ivoirienne\",\"dictature\",\"manifestation\",\"march\u00e9\",\"Ouattara\",\"Paris2025\",\"PDCI-RDA\",\"prisonniers\",\"Tidjane Thiam\",\"trop cest trop\"],\"articleSection\":[\"Politique\",\"Toutes les actualit\u00e9s\"],\"inLanguage\":\"fr-FR\",\"potentialAction\":[{\"@type\":\"CommentAction\",\"name\":\"Comment\",\"target\":[\"https:\/\/www.africa-press.net\/cotedivoire\/politique\/tidjane-thiam-liberer-la-cote-divoire-en-7-jours#respond\"]}]},{\"@type\":\"WebPage\",\"@id\":\"https:\/\/www.africa-press.net\/cotedivoire\/politique\/tidjane-thiam-liberer-la-cote-divoire-en-7-jours\",\"url\":\"https:\/\/www.africa-press.net\/cotedivoire\/politique\/tidjane-thiam-liberer-la-cote-divoire-en-7-jours\",\"name\":\"Tidjane Thiam: Libe\u0301rer la Co\u0302te d'Ivoire en 7 jours - C\u00f4te d&#039;Ivoire\",\"isPartOf\":{\"@id\":\"https:\/\/www.africa-press.net\/cotedivoire\/#website\"},\"primaryImageOfPage\":{\"@id\":\"https:\/\/www.africa-press.net\/cotedivoire\/politique\/tidjane-thiam-liberer-la-cote-divoire-en-7-jours#primaryimage\"},\"image\":{\"@id\":\"https:\/\/www.africa-press.net\/cotedivoire\/politique\/tidjane-thiam-liberer-la-cote-divoire-en-7-jours#primaryimage\"},\"thumbnailUrl\":\"https:\/\/static.africa-press.net\/cote\/sites\/43\/2025\/10\/sm_1760973853.089636.jpg\",\"datePublished\":\"2025-10-20T18:38:25+00:00\",\"dateModified\":\"2025-10-20T18:55:09+00:00\",\"author\":{\"@id\":\"https:\/\/www.africa-press.net\/cotedivoire\/#\/schema\/person\/2b1cf3cd81a31e3cd26889ca66d677f1\"},\"description\":\"En te\u0302te d'une manifestation a\u0300 Paris contre le 4e mandat d\u2019Alassane Ouattara, Tidjane Thiam e\u0301tait pre\u0300s d'opposants iv ...\",\"breadcrumb\":{\"@id\":\"https:\/\/www.africa-press.net\/cotedivoire\/politique\/tidjane-thiam-liberer-la-cote-divoire-en-7-jours#breadcrumb\"},\"inLanguage\":\"fr-FR\",\"potentialAction\":[{\"@type\":\"ReadAction\",\"target\":[\"https:\/\/www.africa-press.net\/cotedivoire\/politique\/tidjane-thiam-liberer-la-cote-divoire-en-7-jours\"]}]},{\"@type\":\"ImageObject\",\"inLanguage\":\"fr-FR\",\"@id\":\"https:\/\/www.africa-press.net\/cotedivoire\/politique\/tidjane-thiam-liberer-la-cote-divoire-en-7-jours#primaryimage\",\"url\":\"https:\/\/static.africa-press.net\/cote\/sites\/43\/2025\/10\/sm_1760973853.089636.jpg\",\"contentUrl\":\"https:\/\/static.africa-press.net\/cote\/sites\/43\/2025\/10\/sm_1760973853.089636.jpg\",\"width\":720,\"height\":379,\"caption\":\"Tidjane Thiam: Libe\u0301rer la Co\u0302te d'Ivoire en 7 jours\"},{\"@type\":\"BreadcrumbList\",\"@id\":\"https:\/\/www.africa-press.net\/cotedivoire\/politique\/tidjane-thiam-liberer-la-cote-divoire-en-7-jours#breadcrumb\",\"itemListElement\":[{\"@type\":\"ListItem\",\"position\":1,\"name\":\"Accueil\",\"item\":\"https:\/\/www.africa-press.net\/cotedivoire\/\"},{\"@type\":\"ListItem\",\"position\":2,\"name\":\"Tidjane Thiam: Libe\u0301rer la Co\u0302te d&#8217;Ivoire en 7 jours\"}]},{\"@type\":\"WebSite\",\"@id\":\"https:\/\/www.africa-press.net\/cotedivoire\/#website\",\"url\":\"https:\/\/www.africa-press.net\/cotedivoire\/\",\"name\":\"C\u00f4te d&#039;Ivoire\",\"description\":\"Just another Africa News Agency Sites site\",\"potentialAction\":[{\"@type\":\"SearchAction\",\"target\":{\"@type\":\"EntryPoint\",\"urlTemplate\":\"https:\/\/www.africa-press.net\/cotedivoire\/?s={search_term_string}\"},\"query-input\":{\"@type\":\"PropertyValueSpecification\",\"valueRequired\":true,\"valueName\":\"search_term_string\"}}],\"inLanguage\":\"fr-FR\"},{\"@type\":\"Person\",\"@id\":\"https:\/\/www.africa-press.net\/cotedivoire\/#\/schema\/person\/2b1cf3cd81a31e3cd26889ca66d677f1\",\"name\":\"cfeditorfr\"}]}<\/script>\n<!-- \/ Yoast SEO Premium plugin. -->","yoast_head_json":{"title":"Tidjane Thiam: Libe\u0301rer la Co\u0302te d'Ivoire en 7 jours - C\u00f4te d&#039;Ivoire","description":"En te\u0302te d'une manifestation a\u0300 Paris contre le 4e mandat d\u2019Alassane Ouattara, Tidjane Thiam e\u0301tait pre\u0300s d'opposants iv ...","robots":{"index":"index","follow":"follow","max-snippet":"max-snippet:-1","max-image-preview":"max-image-preview:large","max-video-preview":"max-video-preview:-1"},"canonical":"https:\/\/www.africa-press.net\/cotedivoire\/politique\/tidjane-thiam-liberer-la-cote-divoire-en-7-jours","og_locale":"fr_FR","og_type":"article","og_title":"Tidjane Thiam: Libe\u0301rer la Co\u0302te d'Ivoire en 7 jours","og_description":"En te\u0302te d'une manifestation a\u0300 Paris contre le 4e mandat d\u2019Alassane Ouattara, Tidjane Thiam e\u0301tait pre\u0300s d'opposants iv ...","og_url":"https:\/\/www.africa-press.net\/cotedivoire\/politique\/tidjane-thiam-liberer-la-cote-divoire-en-7-jours","og_site_name":"C\u00f4te d&#039;Ivoire","article_published_time":"2025-10-20T18:38:25+00:00","article_modified_time":"2025-10-20T18:55:09+00:00","og_image":[{"width":720,"height":379,"url":"https:\/\/static.africa-press.net\/cote\/sites\/43\/2025\/10\/sm_1760973853.089636.jpg","type":"image\/jpeg"}],"author":"cfeditorfr","twitter_card":"summary_large_image","twitter_misc":{"\u00c9crit par":"cfeditorfr","Dur\u00e9e de lecture estim\u00e9e":"4 minutes"},"schema":{"@context":"https:\/\/schema.org","@graph":[{"@type":"Article","@id":"https:\/\/www.africa-press.net\/cotedivoire\/politique\/tidjane-thiam-liberer-la-cote-divoire-en-7-jours#article","isPartOf":{"@id":"https:\/\/www.africa-press.net\/cotedivoire\/politique\/tidjane-thiam-liberer-la-cote-divoire-en-7-jours"},"author":{"name":"cfeditorfr","@id":"https:\/\/www.africa-press.net\/cotedivoire\/#\/schema\/person\/2b1cf3cd81a31e3cd26889ca66d677f1"},"headline":"Tidjane Thiam: Libe\u0301rer la Co\u0302te d&rsquo;Ivoire en 7 jours","datePublished":"2025-10-20T18:38:25+00:00","dateModified":"2025-10-20T18:55:09+00:00","mainEntityOfPage":{"@id":"https:\/\/www.africa-press.net\/cotedivoire\/politique\/tidjane-thiam-liberer-la-cote-divoire-en-7-jours"},"wordCount":771,"commentCount":0,"image":{"@id":"https:\/\/www.africa-press.net\/cotedivoire\/politique\/tidjane-thiam-liberer-la-cote-divoire-en-7-jours#primaryimage"},"thumbnailUrl":"https:\/\/static.africa-press.net\/cote\/sites\/43\/2025\/10\/sm_1760973853.089636.jpg","keywords":["4\u00e8 mandat","C\u00d4TE D'IVOIRE","diaspora Ivoirienne","dictature","manifestation","march\u00e9","Ouattara","Paris2025","PDCI-RDA","prisonniers","Tidjane Thiam","trop cest trop"],"articleSection":["Politique","Toutes les actualit\u00e9s"],"inLanguage":"fr-FR","potentialAction":[{"@type":"CommentAction","name":"Comment","target":["https:\/\/www.africa-press.net\/cotedivoire\/politique\/tidjane-thiam-liberer-la-cote-divoire-en-7-jours#respond"]}]},{"@type":"WebPage","@id":"https:\/\/www.africa-press.net\/cotedivoire\/politique\/tidjane-thiam-liberer-la-cote-divoire-en-7-jours","url":"https:\/\/www.africa-press.net\/cotedivoire\/politique\/tidjane-thiam-liberer-la-cote-divoire-en-7-jours","name":"Tidjane Thiam: Libe\u0301rer la Co\u0302te d'Ivoire en 7 jours - C\u00f4te d&#039;Ivoire","isPartOf":{"@id":"https:\/\/www.africa-press.net\/cotedivoire\/#website"},"primaryImageOfPage":{"@id":"https:\/\/www.africa-press.net\/cotedivoire\/politique\/tidjane-thiam-liberer-la-cote-divoire-en-7-jours#primaryimage"},"image":{"@id":"https:\/\/www.africa-press.net\/cotedivoire\/politique\/tidjane-thiam-liberer-la-cote-divoire-en-7-jours#primaryimage"},"thumbnailUrl":"https:\/\/static.africa-press.net\/cote\/sites\/43\/2025\/10\/sm_1760973853.089636.jpg","datePublished":"2025-10-20T18:38:25+00:00","dateModified":"2025-10-20T18:55:09+00:00","author":{"@id":"https:\/\/www.africa-press.net\/cotedivoire\/#\/schema\/person\/2b1cf3cd81a31e3cd26889ca66d677f1"},"description":"En te\u0302te d'une manifestation a\u0300 Paris contre le 4e mandat d\u2019Alassane Ouattara, Tidjane Thiam e\u0301tait pre\u0300s d'opposants iv ...","breadcrumb":{"@id":"https:\/\/www.africa-press.net\/cotedivoire\/politique\/tidjane-thiam-liberer-la-cote-divoire-en-7-jours#breadcrumb"},"inLanguage":"fr-FR","potentialAction":[{"@type":"ReadAction","target":["https:\/\/www.africa-press.net\/cotedivoire\/politique\/tidjane-thiam-liberer-la-cote-divoire-en-7-jours"]}]},{"@type":"ImageObject","inLanguage":"fr-FR","@id":"https:\/\/www.africa-press.net\/cotedivoire\/politique\/tidjane-thiam-liberer-la-cote-divoire-en-7-jours#primaryimage","url":"https:\/\/static.africa-press.net\/cote\/sites\/43\/2025\/10\/sm_1760973853.089636.jpg","contentUrl":"https:\/\/static.africa-press.net\/cote\/sites\/43\/2025\/10\/sm_1760973853.089636.jpg","width":720,"height":379,"caption":"Tidjane Thiam: Libe\u0301rer la Co\u0302te d'Ivoire en 7 jours"},{"@type":"BreadcrumbList","@id":"https:\/\/www.africa-press.net\/cotedivoire\/politique\/tidjane-thiam-liberer-la-cote-divoire-en-7-jours#breadcrumb","itemListElement":[{"@type":"ListItem","position":1,"name":"Accueil","item":"https:\/\/www.africa-press.net\/cotedivoire\/"},{"@type":"ListItem","position":2,"name":"Tidjane Thiam: Libe\u0301rer la Co\u0302te d&#8217;Ivoire en 7 jours"}]},{"@type":"WebSite","@id":"https:\/\/www.africa-press.net\/cotedivoire\/#website","url":"https:\/\/www.africa-press.net\/cotedivoire\/","name":"C\u00f4te d&#039;Ivoire","description":"Just another Africa News Agency Sites site","potentialAction":[{"@type":"SearchAction","target":{"@type":"EntryPoint","urlTemplate":"https:\/\/www.africa-press.net\/cotedivoire\/?s={search_term_string}"},"query-input":{"@type":"PropertyValueSpecification","valueRequired":true,"valueName":"search_term_string"}}],"inLanguage":"fr-FR"},{"@type":"Person","@id":"https:\/\/www.africa-press.net\/cotedivoire\/#\/schema\/person\/2b1cf3cd81a31e3cd26889ca66d677f1","name":"cfeditorfr"}]}},"_links":{"self":[{"href":"https:\/\/www.africa-press.net\/cotedivoire\/wp-json\/wp\/v2\/posts\/107104","targetHints":{"allow":["GET"]}}],"collection":[{"href":"https:\/\/www.africa-press.net\/cotedivoire\/wp-json\/wp\/v2\/posts"}],"about":[{"href":"https:\/\/www.africa-press.net\/cotedivoire\/wp-json\/wp\/v2\/types\/post"}],"author":[{"embeddable":true,"href":"https:\/\/www.africa-press.net\/cotedivoire\/wp-json\/wp\/v2\/users\/82"}],"replies":[{"embeddable":true,"href":"https:\/\/www.africa-press.net\/cotedivoire\/wp-json\/wp\/v2\/comments?post=107104"}],"version-history":[{"count":0,"href":"https:\/\/www.africa-press.net\/cotedivoire\/wp-json\/wp\/v2\/posts\/107104\/revisions"}],"wp:featuredmedia":[{"embeddable":true,"href":"https:\/\/www.africa-press.net\/cotedivoire\/wp-json\/wp\/v2\/media\/107103"}],"wp:attachment":[{"href":"https:\/\/www.africa-press.net\/cotedivoire\/wp-json\/wp\/v2\/media?parent=107104"}],"wp:term":[{"taxonomy":"category","embeddable":true,"href":"https:\/\/www.africa-press.net\/cotedivoire\/wp-json\/wp\/v2\/categories?post=107104"},{"taxonomy":"post_tag","embeddable":true,"href":"https:\/\/www.africa-press.net\/cotedivoire\/wp-json\/wp\/v2\/tags?post=107104"}],"curies":[{"name":"wp","href":"https:\/\/api.w.org\/{rel}","templated":true}]}}