{"id":107112,"date":"2025-10-20T18:38:30","date_gmt":"2025-10-20T18:38:30","guid":{"rendered":"https:\/\/www.africa-press.net\/cotedivoire\/politique\/cisse-bacongo-soutient-ado-pour-une-presidentielle-apaisee"},"modified":"2025-10-20T18:56:24","modified_gmt":"2025-10-20T18:56:24","slug":"cisse-bacongo-soutient-ado-pour-une-presidentielle-apaisee","status":"publish","type":"post","link":"https:\/\/www.africa-press.net\/cotedivoire\/politique\/cisse-bacongo-soutient-ado-pour-une-presidentielle-apaisee","title":{"rendered":"Ciss\u00e9 Bacongo Soutient ADO Pour Une Pr\u00e9sidentielle Apais\u00e9e"},"content":{"rendered":"<p><span style=\"color: #ff6600\"><strong>Africa-Press &#8211; C\u00f4te d&rsquo;Ivoire. <\/strong><\/span>A\u0300 une semaine d\u2019un scrutin pre\u0301sidentiel de\u0301cisif, le ministre-gouverneur du District autonome d\u2019Abidjan, Cisse\u0301 Ibrahima Bacongo, a convie\u0301, ce dimanche 19 octobre les chefs traditionnels Atchan et Akye\u0301 a\u0300 un de\u0301jeuner symbolique a\u0300 l\u2019espace Latrille Events. Un moment de fraternite\u0301, mais surtout un acte politique fort: confier a\u0300 ces garants de la tradition la candidature du pre\u0301sident Alassane Ouattara et lancer un appel solennel a\u0300 la paix.<\/p>\n<p>\u00ab Je suis venu vous confier la Co\u0302te d\u2019Ivoire et la candidature du pre\u0301sident Alassane Ouattara afin que, quelle que soit l\u2019issue du scrutin, la paix re\u0300gne dans le pays \u00bb, a de\u0301clare\u0301 Cisse\u0301 Bacongo, dans une intervention bre\u0300ve mais percutante.<\/p>\n<p>Refusant les discours longs et formels, le ministre-gouverneur a mise\u0301 sur la proximite\u0301 et la franchise: \u00ab Cette invitation vous a e\u0301te\u0301 lance\u0301e il y a a\u0300 peine 72 heures, et pourtant vous e\u0302tes la\u0300, en nombre. Cela te\u0301moigne d\u2019un attachement profond et since\u0300re. \u00bb<\/p>\n<p>Dans un contexte e\u0301lectoral souvent sensible, Cisse\u0301 Bacongo a souligne\u0301 l\u2019importance cruciale des chefs traditionnels dans la stabilite\u0301 sociale: \u00ab Nous ne pouvons rien faire sans vous. Ce sont vous qui ge\u0301rez les communaute\u0301s, vous qui portez la coutume et qui pouvez invoquer les ma\u0302nes de nos ance\u0302tres. \u00bb<\/p>\n<p>Se projetant au-dela\u0300 de la pre\u0301sidentielle, il a e\u0301voque\u0301 les enjeux e\u0301conomiques, se\u0301curitaires et mone\u0301taires qui, selon lui, justifient la continuite\u0301 du pre\u0301sident Ouattara a\u0300 la te\u0302te de l\u2019E\u0301tat. Mais il a surtout insiste\u0301 sur la ne\u0301cessite\u0301 de pre\u0301server la paix: \u00ab Chaque ge\u0301ne\u0301ration a sa responsabilite\u0301. Ceux qui nous ont pre\u0301ce\u0301de\u0301s ont fait leur part. A\u0300 nous, maintenant, de faire la no\u0302tre, dans la paix. \u00bb<\/p>\n<p>Il a e\u0301galement pre\u0301cise\u0301 que cette de\u0301marche a e\u0301te\u0301 approuve\u0301e par le Premier ministre Robert Beugre\u0301 Mambe\u0301, qu\u2019il repre\u0301sentait officiellement: \u00ab J\u2019ai informe\u0301 le Premier ministre. Il m\u2019a autorise\u0301 a\u0300 porter ce message. On peut l\u2019e\u0301pargner pour pre\u0301server sa sante\u0301 \u00bb, a-t-il glisse\u0301 avec humour.<\/p>\n<p>Porte-parole des chefs Atchan et Akye\u0301, le Dr Adobi Ake\u0301 Placide a pris la parole pour interroger la complexite\u0301 humaine face a\u0300 la paix: \u00ab Pourquoi la guerre trouve-t-elle si facilement refuge dans le c\u0153ur de l\u2019homme, alors que la paix, elle, doit e\u0302tre enseigne\u0301e? \u00bb a-t-il demande\u0301, citant l\u2019UNESCO.<\/p>\n<p>Il a ensuite re\u0301affirme\u0301 l\u2019engagement des chefs traditionnels en faveur de la paix: \u00ab Partout, partout, comme le disent les jeunes, nous sommes mobilise\u0301s pour sensibiliser nos communaute\u0301s \u00bb, a-t-il assure\u0301, saluant les efforts de terrain de plusieurs chefs, dont Agoba Fe\u0301lix et N\u2019Tcho.<\/p>\n<p>Les chefs ont e\u0301galement exprime\u0301 leur reconnaissance envers le district d\u2019Abidjan pour les moyens mis a\u0300 leur disposition: ve\u0301hicules, assurances, mais surtout la confiance qui leur est te\u0301moigne\u0301e.<\/p>\n<p>Repre\u0301sentant le District, Danho Paulin, de\u0301pute\u0301-maire d\u2019Atte\u0301coube\u0301 et 1er vice-gouverneur, a annonce\u0301 une initiative majeure: la construction prochaine d\u2019un sie\u0300ge pour les chefs Atchan et Akye\u0301, sur un site de 2 hectares a\u0300 Akandje\u0301.<\/p>\n<p>\u00ab Le pre\u0301sident a fait la promesse. Apre\u0300s les e\u0301lections, ce sera une re\u0301alite\u0301 \u00bb, a-t-il affirme\u0301.<\/p>\n<p>Danho a e\u0301galement salue\u0301 l\u2019unite\u0301, la solidarite\u0301 et l\u2019hospitalite\u0301 de la Co\u0302te d\u2019Ivoire, reflet de la vision du Pre\u0301sident Ouattara.<\/p>\n<p>Au-dela\u0300 des discours politiques, le message de cette rencontre e\u0301tait clair: l\u2019unite\u0301 nationale commence par la paix locale.<\/p>\n<p>Et cette paix durable repose sur ceux qui portent la tradition: les chefs, ve\u0301ritables ba\u0302tisseurs de la cohe\u0301sion sociale.<\/p>\n<p><strong>Pour plus d&rsquo;informations et d&rsquo;analyses sur la <span style=\"color: #ff6600\">C\u00f4te d&rsquo;Ivoire<\/span>, suivez <span style=\"color: #ff6600\">Africa-Press<\/span><\/strong><\/p>\n","protected":false},"excerpt":{"rendered":"<p>Africa-Press &#8211; C\u00f4te d&rsquo;Ivoire. A\u0300 une semaine d\u2019un scrutin pre\u0301sidentiel de\u0301cisif, le ministre-gouverneur du District autonome d\u2019Abidjan, Cisse\u0301 Ibrahima Bacongo, a convie\u0301, ce dimanche 19 octobre les chefs traditionnels Atchan et Akye\u0301 a\u0300 un de\u0301jeuner symbolique a\u0300 l\u2019espace Latrille Events. Un moment de fraternite\u0301, mais surtout un acte politique fort: confier a\u0300 ces garants de [&hellip;]<\/p>\n","protected":false},"author":82,"featured_media":107111,"comment_status":"open","ping_status":"closed","sticky":false,"template":"","format":"standard","meta":{"footnotes":""},"categories":[2,10],"tags":[30,8151,8354,1286,9260,951,19251,29,3558,600,312,371],"class_list":["post-107112","post","type-post","status-publish","format-standard","has-post-thumbnail","hentry","category-politique","category-toutes-les-actualites","tag-abidjan","tag-ado","tag-akye","tag-atchan","tag-chefs-traditionnels","tag-cisse-bacongo","tag-civ2025","tag-cote-divoire","tag-election","tag-paix","tag-presidentielle","tag-rhdp"],"yoast_head":"<!-- This site is optimized with the Yoast SEO Premium plugin v26.1 (Yoast SEO v27.0) - https:\/\/yoast.com\/product\/yoast-seo-premium-wordpress\/ -->\n<title>Ciss\u00e9 Bacongo Soutient ADO Pour Une Pr\u00e9sidentielle Apais\u00e9e - C\u00f4te d&#039;Ivoire<\/title>\n<meta name=\"description\" content=\"A\u0300 une semaine d\u2019un scrutin pre\u0301sidentiel de\u0301cisif, le ministre-gouverneur du District autonome d\u2019Abidjan, Cisse\u0301 Ibrahi ...\" \/>\n<meta name=\"robots\" content=\"index, follow, max-snippet:-1, max-image-preview:large, max-video-preview:-1\" \/>\n<link rel=\"canonical\" href=\"https:\/\/www.africa-press.net\/cotedivoire\/politique\/cisse-bacongo-soutient-ado-pour-une-presidentielle-apaisee\" \/>\n<meta property=\"og:locale\" content=\"fr_FR\" \/>\n<meta property=\"og:type\" content=\"article\" \/>\n<meta property=\"og:title\" content=\"Ciss\u00e9 Bacongo Soutient ADO Pour Une Pr\u00e9sidentielle Apais\u00e9e\" \/>\n<meta property=\"og:description\" content=\"A\u0300 une semaine d\u2019un scrutin pre\u0301sidentiel de\u0301cisif, le ministre-gouverneur du District autonome d\u2019Abidjan, Cisse\u0301 Ibrahi ...\" \/>\n<meta property=\"og:url\" content=\"https:\/\/www.africa-press.net\/cotedivoire\/politique\/cisse-bacongo-soutient-ado-pour-une-presidentielle-apaisee\" \/>\n<meta property=\"og:site_name\" content=\"C\u00f4te d&#039;Ivoire\" \/>\n<meta property=\"article:published_time\" content=\"2025-10-20T18:38:30+00:00\" \/>\n<meta property=\"article:modified_time\" content=\"2025-10-20T18:56:24+00:00\" \/>\n<meta property=\"og:image\" content=\"https:\/\/static.africa-press.net\/cote\/sites\/43\/2025\/10\/sm_1760973945.68506.jpg\" \/>\n\t<meta property=\"og:image:width\" content=\"720\" \/>\n\t<meta property=\"og:image:height\" content=\"402\" \/>\n\t<meta property=\"og:image:type\" content=\"image\/jpeg\" \/>\n<meta name=\"author\" content=\"cfeditorfr\" \/>\n<meta name=\"twitter:card\" content=\"summary_large_image\" \/>\n<meta name=\"twitter:label1\" content=\"\u00c9crit par\" \/>\n\t<meta name=\"twitter:data1\" content=\"cfeditorfr\" \/>\n\t<meta name=\"twitter:label2\" content=\"Dur\u00e9e de lecture estim\u00e9e\" \/>\n\t<meta name=\"twitter:data2\" content=\"3 minutes\" \/>\n<script type=\"application\/ld+json\" class=\"yoast-schema-graph\">{\"@context\":\"https:\/\/schema.org\",\"@graph\":[{\"@type\":\"Article\",\"@id\":\"https:\/\/www.africa-press.net\/cotedivoire\/politique\/cisse-bacongo-soutient-ado-pour-une-presidentielle-apaisee#article\",\"isPartOf\":{\"@id\":\"https:\/\/www.africa-press.net\/cotedivoire\/politique\/cisse-bacongo-soutient-ado-pour-une-presidentielle-apaisee\"},\"author\":{\"name\":\"cfeditorfr\",\"@id\":\"https:\/\/www.africa-press.net\/cotedivoire\/#\/schema\/person\/2b1cf3cd81a31e3cd26889ca66d677f1\"},\"headline\":\"Ciss\u00e9 Bacongo Soutient ADO Pour Une Pr\u00e9sidentielle Apais\u00e9e\",\"datePublished\":\"2025-10-20T18:38:30+00:00\",\"dateModified\":\"2025-10-20T18:56:24+00:00\",\"mainEntityOfPage\":{\"@id\":\"https:\/\/www.africa-press.net\/cotedivoire\/politique\/cisse-bacongo-soutient-ado-pour-une-presidentielle-apaisee\"},\"wordCount\":649,\"commentCount\":0,\"image\":{\"@id\":\"https:\/\/www.africa-press.net\/cotedivoire\/politique\/cisse-bacongo-soutient-ado-pour-une-presidentielle-apaisee#primaryimage\"},\"thumbnailUrl\":\"https:\/\/static.africa-press.net\/cote\/sites\/43\/2025\/10\/sm_1760973945.68506.jpg\",\"keywords\":[\"Abidjan\",\"ADO\",\"Aky\u00e9\",\"Atchan\",\"chefs traditionnels\",\"Ciss\u00e9 Bacongo\",\"CIV2025\",\"C\u00d4TE D'IVOIRE\",\"\u00e9lection\",\"paix\",\"pr\u00e9sidentielle\",\"RHDP\"],\"articleSection\":[\"Politique\",\"Toutes les actualit\u00e9s\"],\"inLanguage\":\"fr-FR\",\"potentialAction\":[{\"@type\":\"CommentAction\",\"name\":\"Comment\",\"target\":[\"https:\/\/www.africa-press.net\/cotedivoire\/politique\/cisse-bacongo-soutient-ado-pour-une-presidentielle-apaisee#respond\"]}]},{\"@type\":\"WebPage\",\"@id\":\"https:\/\/www.africa-press.net\/cotedivoire\/politique\/cisse-bacongo-soutient-ado-pour-une-presidentielle-apaisee\",\"url\":\"https:\/\/www.africa-press.net\/cotedivoire\/politique\/cisse-bacongo-soutient-ado-pour-une-presidentielle-apaisee\",\"name\":\"Ciss\u00e9 Bacongo Soutient ADO Pour Une Pr\u00e9sidentielle Apais\u00e9e - C\u00f4te d&#039;Ivoire\",\"isPartOf\":{\"@id\":\"https:\/\/www.africa-press.net\/cotedivoire\/#website\"},\"primaryImageOfPage\":{\"@id\":\"https:\/\/www.africa-press.net\/cotedivoire\/politique\/cisse-bacongo-soutient-ado-pour-une-presidentielle-apaisee#primaryimage\"},\"image\":{\"@id\":\"https:\/\/www.africa-press.net\/cotedivoire\/politique\/cisse-bacongo-soutient-ado-pour-une-presidentielle-apaisee#primaryimage\"},\"thumbnailUrl\":\"https:\/\/static.africa-press.net\/cote\/sites\/43\/2025\/10\/sm_1760973945.68506.jpg\",\"datePublished\":\"2025-10-20T18:38:30+00:00\",\"dateModified\":\"2025-10-20T18:56:24+00:00\",\"author\":{\"@id\":\"https:\/\/www.africa-press.net\/cotedivoire\/#\/schema\/person\/2b1cf3cd81a31e3cd26889ca66d677f1\"},\"description\":\"A\u0300 une semaine d\u2019un scrutin pre\u0301sidentiel de\u0301cisif, le ministre-gouverneur du District autonome d\u2019Abidjan, Cisse\u0301 Ibrahi ...\",\"breadcrumb\":{\"@id\":\"https:\/\/www.africa-press.net\/cotedivoire\/politique\/cisse-bacongo-soutient-ado-pour-une-presidentielle-apaisee#breadcrumb\"},\"inLanguage\":\"fr-FR\",\"potentialAction\":[{\"@type\":\"ReadAction\",\"target\":[\"https:\/\/www.africa-press.net\/cotedivoire\/politique\/cisse-bacongo-soutient-ado-pour-une-presidentielle-apaisee\"]}]},{\"@type\":\"ImageObject\",\"inLanguage\":\"fr-FR\",\"@id\":\"https:\/\/www.africa-press.net\/cotedivoire\/politique\/cisse-bacongo-soutient-ado-pour-une-presidentielle-apaisee#primaryimage\",\"url\":\"https:\/\/static.africa-press.net\/cote\/sites\/43\/2025\/10\/sm_1760973945.68506.jpg\",\"contentUrl\":\"https:\/\/static.africa-press.net\/cote\/sites\/43\/2025\/10\/sm_1760973945.68506.jpg\",\"width\":720,\"height\":402,\"caption\":\"Ciss\u00e9 Bacongo Soutient ADO Pour Une Pr\u00e9sidentielle Apais\u00e9e\"},{\"@type\":\"BreadcrumbList\",\"@id\":\"https:\/\/www.africa-press.net\/cotedivoire\/politique\/cisse-bacongo-soutient-ado-pour-une-presidentielle-apaisee#breadcrumb\",\"itemListElement\":[{\"@type\":\"ListItem\",\"position\":1,\"name\":\"Accueil\",\"item\":\"https:\/\/www.africa-press.net\/cotedivoire\/\"},{\"@type\":\"ListItem\",\"position\":2,\"name\":\"Ciss\u00e9 Bacongo Soutient ADO Pour Une Pr\u00e9sidentielle Apais\u00e9e\"}]},{\"@type\":\"WebSite\",\"@id\":\"https:\/\/www.africa-press.net\/cotedivoire\/#website\",\"url\":\"https:\/\/www.africa-press.net\/cotedivoire\/\",\"name\":\"C\u00f4te d&#039;Ivoire\",\"description\":\"Just another Africa News Agency Sites site\",\"potentialAction\":[{\"@type\":\"SearchAction\",\"target\":{\"@type\":\"EntryPoint\",\"urlTemplate\":\"https:\/\/www.africa-press.net\/cotedivoire\/?s={search_term_string}\"},\"query-input\":{\"@type\":\"PropertyValueSpecification\",\"valueRequired\":true,\"valueName\":\"search_term_string\"}}],\"inLanguage\":\"fr-FR\"},{\"@type\":\"Person\",\"@id\":\"https:\/\/www.africa-press.net\/cotedivoire\/#\/schema\/person\/2b1cf3cd81a31e3cd26889ca66d677f1\",\"name\":\"cfeditorfr\"}]}<\/script>\n<!-- \/ Yoast SEO Premium plugin. -->","yoast_head_json":{"title":"Ciss\u00e9 Bacongo Soutient ADO Pour Une Pr\u00e9sidentielle Apais\u00e9e - C\u00f4te d&#039;Ivoire","description":"A\u0300 une semaine d\u2019un scrutin pre\u0301sidentiel de\u0301cisif, le ministre-gouverneur du District autonome d\u2019Abidjan, Cisse\u0301 Ibrahi ...","robots":{"index":"index","follow":"follow","max-snippet":"max-snippet:-1","max-image-preview":"max-image-preview:large","max-video-preview":"max-video-preview:-1"},"canonical":"https:\/\/www.africa-press.net\/cotedivoire\/politique\/cisse-bacongo-soutient-ado-pour-une-presidentielle-apaisee","og_locale":"fr_FR","og_type":"article","og_title":"Ciss\u00e9 Bacongo Soutient ADO Pour Une Pr\u00e9sidentielle Apais\u00e9e","og_description":"A\u0300 une semaine d\u2019un scrutin pre\u0301sidentiel de\u0301cisif, le ministre-gouverneur du District autonome d\u2019Abidjan, Cisse\u0301 Ibrahi ...","og_url":"https:\/\/www.africa-press.net\/cotedivoire\/politique\/cisse-bacongo-soutient-ado-pour-une-presidentielle-apaisee","og_site_name":"C\u00f4te d&#039;Ivoire","article_published_time":"2025-10-20T18:38:30+00:00","article_modified_time":"2025-10-20T18:56:24+00:00","og_image":[{"width":720,"height":402,"url":"https:\/\/static.africa-press.net\/cote\/sites\/43\/2025\/10\/sm_1760973945.68506.jpg","type":"image\/jpeg"}],"author":"cfeditorfr","twitter_card":"summary_large_image","twitter_misc":{"\u00c9crit par":"cfeditorfr","Dur\u00e9e de lecture estim\u00e9e":"3 minutes"},"schema":{"@context":"https:\/\/schema.org","@graph":[{"@type":"Article","@id":"https:\/\/www.africa-press.net\/cotedivoire\/politique\/cisse-bacongo-soutient-ado-pour-une-presidentielle-apaisee#article","isPartOf":{"@id":"https:\/\/www.africa-press.net\/cotedivoire\/politique\/cisse-bacongo-soutient-ado-pour-une-presidentielle-apaisee"},"author":{"name":"cfeditorfr","@id":"https:\/\/www.africa-press.net\/cotedivoire\/#\/schema\/person\/2b1cf3cd81a31e3cd26889ca66d677f1"},"headline":"Ciss\u00e9 Bacongo Soutient ADO Pour Une Pr\u00e9sidentielle Apais\u00e9e","datePublished":"2025-10-20T18:38:30+00:00","dateModified":"2025-10-20T18:56:24+00:00","mainEntityOfPage":{"@id":"https:\/\/www.africa-press.net\/cotedivoire\/politique\/cisse-bacongo-soutient-ado-pour-une-presidentielle-apaisee"},"wordCount":649,"commentCount":0,"image":{"@id":"https:\/\/www.africa-press.net\/cotedivoire\/politique\/cisse-bacongo-soutient-ado-pour-une-presidentielle-apaisee#primaryimage"},"thumbnailUrl":"https:\/\/static.africa-press.net\/cote\/sites\/43\/2025\/10\/sm_1760973945.68506.jpg","keywords":["Abidjan","ADO","Aky\u00e9","Atchan","chefs traditionnels","Ciss\u00e9 Bacongo","CIV2025","C\u00d4TE D'IVOIRE","\u00e9lection","paix","pr\u00e9sidentielle","RHDP"],"articleSection":["Politique","Toutes les actualit\u00e9s"],"inLanguage":"fr-FR","potentialAction":[{"@type":"CommentAction","name":"Comment","target":["https:\/\/www.africa-press.net\/cotedivoire\/politique\/cisse-bacongo-soutient-ado-pour-une-presidentielle-apaisee#respond"]}]},{"@type":"WebPage","@id":"https:\/\/www.africa-press.net\/cotedivoire\/politique\/cisse-bacongo-soutient-ado-pour-une-presidentielle-apaisee","url":"https:\/\/www.africa-press.net\/cotedivoire\/politique\/cisse-bacongo-soutient-ado-pour-une-presidentielle-apaisee","name":"Ciss\u00e9 Bacongo Soutient ADO Pour Une Pr\u00e9sidentielle Apais\u00e9e - C\u00f4te d&#039;Ivoire","isPartOf":{"@id":"https:\/\/www.africa-press.net\/cotedivoire\/#website"},"primaryImageOfPage":{"@id":"https:\/\/www.africa-press.net\/cotedivoire\/politique\/cisse-bacongo-soutient-ado-pour-une-presidentielle-apaisee#primaryimage"},"image":{"@id":"https:\/\/www.africa-press.net\/cotedivoire\/politique\/cisse-bacongo-soutient-ado-pour-une-presidentielle-apaisee#primaryimage"},"thumbnailUrl":"https:\/\/static.africa-press.net\/cote\/sites\/43\/2025\/10\/sm_1760973945.68506.jpg","datePublished":"2025-10-20T18:38:30+00:00","dateModified":"2025-10-20T18:56:24+00:00","author":{"@id":"https:\/\/www.africa-press.net\/cotedivoire\/#\/schema\/person\/2b1cf3cd81a31e3cd26889ca66d677f1"},"description":"A\u0300 une semaine d\u2019un scrutin pre\u0301sidentiel de\u0301cisif, le ministre-gouverneur du District autonome d\u2019Abidjan, Cisse\u0301 Ibrahi ...","breadcrumb":{"@id":"https:\/\/www.africa-press.net\/cotedivoire\/politique\/cisse-bacongo-soutient-ado-pour-une-presidentielle-apaisee#breadcrumb"},"inLanguage":"fr-FR","potentialAction":[{"@type":"ReadAction","target":["https:\/\/www.africa-press.net\/cotedivoire\/politique\/cisse-bacongo-soutient-ado-pour-une-presidentielle-apaisee"]}]},{"@type":"ImageObject","inLanguage":"fr-FR","@id":"https:\/\/www.africa-press.net\/cotedivoire\/politique\/cisse-bacongo-soutient-ado-pour-une-presidentielle-apaisee#primaryimage","url":"https:\/\/static.africa-press.net\/cote\/sites\/43\/2025\/10\/sm_1760973945.68506.jpg","contentUrl":"https:\/\/static.africa-press.net\/cote\/sites\/43\/2025\/10\/sm_1760973945.68506.jpg","width":720,"height":402,"caption":"Ciss\u00e9 Bacongo Soutient ADO Pour Une Pr\u00e9sidentielle Apais\u00e9e"},{"@type":"BreadcrumbList","@id":"https:\/\/www.africa-press.net\/cotedivoire\/politique\/cisse-bacongo-soutient-ado-pour-une-presidentielle-apaisee#breadcrumb","itemListElement":[{"@type":"ListItem","position":1,"name":"Accueil","item":"https:\/\/www.africa-press.net\/cotedivoire\/"},{"@type":"ListItem","position":2,"name":"Ciss\u00e9 Bacongo Soutient ADO Pour Une Pr\u00e9sidentielle Apais\u00e9e"}]},{"@type":"WebSite","@id":"https:\/\/www.africa-press.net\/cotedivoire\/#website","url":"https:\/\/www.africa-press.net\/cotedivoire\/","name":"C\u00f4te d&#039;Ivoire","description":"Just another Africa News Agency Sites site","potentialAction":[{"@type":"SearchAction","target":{"@type":"EntryPoint","urlTemplate":"https:\/\/www.africa-press.net\/cotedivoire\/?s={search_term_string}"},"query-input":{"@type":"PropertyValueSpecification","valueRequired":true,"valueName":"search_term_string"}}],"inLanguage":"fr-FR"},{"@type":"Person","@id":"https:\/\/www.africa-press.net\/cotedivoire\/#\/schema\/person\/2b1cf3cd81a31e3cd26889ca66d677f1","name":"cfeditorfr"}]}},"_links":{"self":[{"href":"https:\/\/www.africa-press.net\/cotedivoire\/wp-json\/wp\/v2\/posts\/107112","targetHints":{"allow":["GET"]}}],"collection":[{"href":"https:\/\/www.africa-press.net\/cotedivoire\/wp-json\/wp\/v2\/posts"}],"about":[{"href":"https:\/\/www.africa-press.net\/cotedivoire\/wp-json\/wp\/v2\/types\/post"}],"author":[{"embeddable":true,"href":"https:\/\/www.africa-press.net\/cotedivoire\/wp-json\/wp\/v2\/users\/82"}],"replies":[{"embeddable":true,"href":"https:\/\/www.africa-press.net\/cotedivoire\/wp-json\/wp\/v2\/comments?post=107112"}],"version-history":[{"count":0,"href":"https:\/\/www.africa-press.net\/cotedivoire\/wp-json\/wp\/v2\/posts\/107112\/revisions"}],"wp:featuredmedia":[{"embeddable":true,"href":"https:\/\/www.africa-press.net\/cotedivoire\/wp-json\/wp\/v2\/media\/107111"}],"wp:attachment":[{"href":"https:\/\/www.africa-press.net\/cotedivoire\/wp-json\/wp\/v2\/media?parent=107112"}],"wp:term":[{"taxonomy":"category","embeddable":true,"href":"https:\/\/www.africa-press.net\/cotedivoire\/wp-json\/wp\/v2\/categories?post=107112"},{"taxonomy":"post_tag","embeddable":true,"href":"https:\/\/www.africa-press.net\/cotedivoire\/wp-json\/wp\/v2\/tags?post=107112"}],"curies":[{"name":"wp","href":"https:\/\/api.w.org\/{rel}","templated":true}]}}