{"id":107115,"date":"2025-10-20T18:38:30","date_gmt":"2025-10-20T18:38:30","guid":{"rendered":"https:\/\/www.africa-press.net\/cotedivoire\/politique\/jeunes-de-la-me-demandent-pardon-a-achi-et-soutiennent-ouattara"},"modified":"2025-10-20T18:56:39","modified_gmt":"2025-10-20T18:56:39","slug":"jeunes-de-la-me-demandent-pardon-a-achi-et-soutiennent-ouattara","status":"publish","type":"post","link":"https:\/\/www.africa-press.net\/cotedivoire\/politique\/jeunes-de-la-me-demandent-pardon-a-achi-et-soutiennent-ouattara","title":{"rendered":"Jeunes de la M\u00e9 demandent pardon \u00e0 Achi et soutiennent Ouattara"},"content":{"rendered":"<p><span style=\"color: #ff6600\"><strong>Africa-Press &#8211; C\u00f4te d&rsquo;Ivoire. <\/strong><\/span>Une semaine apre\u0300s les actes de vandalisme survenus dans la re\u0301gion de la Me\u0301, une de\u0301le\u0301gation de jeunes repentants, accompagne\u0301s de leurs chefs de village, s\u2019est rendue a\u0300 Adzope\u0301 pour pre\u0301senter officiellement ses excuses a\u0300 Patrick Achi, Ministre d\u2019E\u0301tat et conseiller spe\u0301cial du Pre\u0301sident de la Re\u0301publique.<\/p>\n<p>\u00ab\u00a0Nous avons honte. Nous regrettons ame\u0300rement ces actes.\u00a0\u00bb C\u2019est avec e\u0301motion et humilite\u0301 que les jeunes ayant re\u0301cemment e\u0301rige\u0301 des barricades sur les routes de la Me\u0301 ont exprime\u0301 leur repentir, ce samedi 18 octobre, a\u0300 la Maison de la culture d\u2019Adzope\u0301, devant une foule nombreuse compose\u0301e de chefs traditionnels, de femmes, et de notables venus en soutien.<\/p>\n<p>La salle et la cour de la Maison de la culture e\u0301taient trop e\u0301troites pour contenir l\u2019ensemble des populations venues manifester leur attachement a\u0300 la paix et a\u0300 l\u2019ordre re\u0301publicain. Les jeunes, fatigue\u0301s de vivre dans la honte depuis ces e\u0301ve\u0301nements, ont supplie\u0301 Patrick Achi de bien vouloir transmettre leurs excuses au Pre\u0301sident Alassane Ouattara.<\/p>\n<p>Dans leurs interventions, les jeunes ont insiste\u0301 sur leur reconnaissance envers les actions de de\u0301veloppement initie\u0301es par le gouvernement dans leurs villages.<\/p>\n<p>\u00ab Nous savons ce que vous avez re\u0301alise\u0301 ici, Monsieur le Premier ministre. L\u2019Attie\u0301 n\u2019est pas ingrat \u00bb, ont-ils de\u0301clare\u0301 d\u2019une me\u0302me voix, promettant de ne plus jamais se livrer a\u0300 de tels agissements.<\/p>\n<p>Prenant la parole a\u0300 leur tour, les chefs de canton et de village ont fermement condamne\u0301 les violences, les qualifiant de contraires aux valeurs de respect, de loyaute\u0301 et de paix de leurs communaute\u0301s.<\/p>\n<p>Dans une motion solennelle lue en public, ils ont renouvele\u0301 leur soutien inde\u0301fectible a\u0300 Patrick Achi: \u00ab Homme de paix et de de\u0301veloppement \u00bb, ont-ils souligne\u0301, avant d\u2019ajouter: \u00ab Nous disons avec force: plus jamais, et au grand jamais, de tels actes dans la re\u0301gion de la Me\u0301. Nous re\u0301affirmons notre attachement au Pre\u0301sident de la Re\u0301publique, me\u0302me en pe\u0301riode e\u0301lectorale. \u00bb<\/p>\n<p>Visiblement touche\u0301 par les marques de regret et de loyaute\u0301, Patrick Achi a salue\u0301 la de\u0301marche de ses concitoyens, tout en les invitant a\u0300 transformer leurs paroles en actes concrets lors de la prochaine e\u0301lection pre\u0301sidentielle pre\u0301vue le 25 octobre.<\/p>\n<p>\u00ab Ce que certains ont voulu transformer en crise est pour nous ici un incident regrettable. Mais nous devons en tirer les lec\u0327ons, car la pe\u0301riode e\u0301lectorale est sensible \u00bb, a-t-il de\u0301clare\u0301.<\/p>\n<p>Il a e\u0301galement promis de transmettre fide\u0300lement les excuses des populations de la Me\u0301 au Pre\u0301sident Ouattara.<\/p>\n<p>Cet acte collectif de repentance ouvre la voie a\u0300 un retour a\u0300 l\u2019apaisement dans cette re\u0301gion strate\u0301gique de la Co\u0302te d\u2019Ivoire. Reste de\u0301sormais a\u0300 traduire cet engagement dans les urnes, dans la paix et la maturite\u0301 politique.<\/p>\n<p><strong>Pour plus d&rsquo;informations et d&rsquo;analyses sur la <span style=\"color: #ff6600\">C\u00f4te d&rsquo;Ivoire<\/span>, suivez <span style=\"color: #ff6600\">Africa-Press<\/span><\/strong><\/p>\n","protected":false},"excerpt":{"rendered":"<p>Africa-Press &#8211; C\u00f4te d&rsquo;Ivoire. Une semaine apre\u0300s les actes de vandalisme survenus dans la re\u0301gion de la Me\u0301, une de\u0301le\u0301gation de jeunes repentants, accompagne\u0301s de leurs chefs de village, s\u2019est rendue a\u0300 Adzope\u0301 pour pre\u0301senter officiellement ses excuses a\u0300 Patrick Achi, Ministre d\u2019E\u0301tat et conseiller spe\u0301cial du Pre\u0301sident de la Re\u0301publique. \u00ab\u00a0Nous avons honte. Nous [&hellip;]<\/p>\n","protected":false},"author":82,"featured_media":107114,"comment_status":"open","ping_status":"closed","sticky":false,"template":"","format":"standard","meta":{"footnotes":""},"categories":[2,10],"tags":[4851,38,4859,29,2611,600,402,601,19252],"class_list":["post-107115","post","type-post","status-publish","format-standard","has-post-thumbnail","hentry","category-politique","category-toutes-les-actualites","tag-adzope","tag-alassane-ouattara","tag-cohesion-sociale","tag-cote-divoire","tag-jeunesse","tag-paix","tag-patrick-achi","tag-reconciliation","tag-region-me"],"yoast_head":"<!-- This site is optimized with the Yoast SEO Premium plugin v26.1 (Yoast SEO v27.0) - https:\/\/yoast.com\/product\/yoast-seo-premium-wordpress\/ -->\n<title>Jeunes de la M\u00e9 demandent pardon \u00e0 Achi et soutiennent Ouattara - C\u00f4te d&#039;Ivoire<\/title>\n<meta name=\"description\" content=\"Une semaine apre\u0300s les actes de vandalisme survenus dans la re\u0301gion de la Me\u0301, une de\u0301le\u0301gation de jeunes repentants, ac ...\" \/>\n<meta name=\"robots\" content=\"index, follow, max-snippet:-1, max-image-preview:large, max-video-preview:-1\" \/>\n<link rel=\"canonical\" href=\"https:\/\/www.africa-press.net\/cotedivoire\/politique\/jeunes-de-la-me-demandent-pardon-a-achi-et-soutiennent-ouattara\" \/>\n<meta property=\"og:locale\" content=\"fr_FR\" \/>\n<meta property=\"og:type\" content=\"article\" \/>\n<meta property=\"og:title\" content=\"Jeunes de la M\u00e9 demandent pardon \u00e0 Achi et soutiennent Ouattara\" \/>\n<meta property=\"og:description\" content=\"Une semaine apre\u0300s les actes de vandalisme survenus dans la re\u0301gion de la Me\u0301, une de\u0301le\u0301gation de jeunes repentants, ac ...\" \/>\n<meta property=\"og:url\" content=\"https:\/\/www.africa-press.net\/cotedivoire\/politique\/jeunes-de-la-me-demandent-pardon-a-achi-et-soutiennent-ouattara\" \/>\n<meta property=\"og:site_name\" content=\"C\u00f4te d&#039;Ivoire\" \/>\n<meta property=\"article:published_time\" content=\"2025-10-20T18:38:30+00:00\" \/>\n<meta property=\"article:modified_time\" content=\"2025-10-20T18:56:39+00:00\" \/>\n<meta property=\"og:image\" content=\"https:\/\/static.africa-press.net\/cote\/sites\/43\/2025\/10\/sm_1760973963.967944.jpg\" \/>\n\t<meta property=\"og:image:width\" content=\"720\" \/>\n\t<meta property=\"og:image:height\" content=\"480\" \/>\n\t<meta property=\"og:image:type\" content=\"image\/jpeg\" \/>\n<meta name=\"author\" content=\"cfeditorfr\" \/>\n<meta name=\"twitter:card\" content=\"summary_large_image\" \/>\n<meta name=\"twitter:label1\" content=\"\u00c9crit par\" \/>\n\t<meta name=\"twitter:data1\" content=\"cfeditorfr\" \/>\n\t<meta name=\"twitter:label2\" content=\"Dur\u00e9e de lecture estim\u00e9e\" \/>\n\t<meta name=\"twitter:data2\" content=\"3 minutes\" \/>\n<script type=\"application\/ld+json\" class=\"yoast-schema-graph\">{\"@context\":\"https:\/\/schema.org\",\"@graph\":[{\"@type\":\"Article\",\"@id\":\"https:\/\/www.africa-press.net\/cotedivoire\/politique\/jeunes-de-la-me-demandent-pardon-a-achi-et-soutiennent-ouattara#article\",\"isPartOf\":{\"@id\":\"https:\/\/www.africa-press.net\/cotedivoire\/politique\/jeunes-de-la-me-demandent-pardon-a-achi-et-soutiennent-ouattara\"},\"author\":{\"name\":\"cfeditorfr\",\"@id\":\"https:\/\/www.africa-press.net\/cotedivoire\/#\/schema\/person\/2b1cf3cd81a31e3cd26889ca66d677f1\"},\"headline\":\"Jeunes de la M\u00e9 demandent pardon \u00e0 Achi et soutiennent Ouattara\",\"datePublished\":\"2025-10-20T18:38:30+00:00\",\"dateModified\":\"2025-10-20T18:56:39+00:00\",\"mainEntityOfPage\":{\"@id\":\"https:\/\/www.africa-press.net\/cotedivoire\/politique\/jeunes-de-la-me-demandent-pardon-a-achi-et-soutiennent-ouattara\"},\"wordCount\":523,\"commentCount\":0,\"image\":{\"@id\":\"https:\/\/www.africa-press.net\/cotedivoire\/politique\/jeunes-de-la-me-demandent-pardon-a-achi-et-soutiennent-ouattara#primaryimage\"},\"thumbnailUrl\":\"https:\/\/static.africa-press.net\/cote\/sites\/43\/2025\/10\/sm_1760973963.967944.jpg\",\"keywords\":[\"Adzop\u00e9\",\"Alassane Ouattara\",\"coh\u00e9sion sociale\",\"C\u00d4TE D'IVOIRE\",\"jeunesse\",\"paix\",\"Patrick Achi\",\"r\u00e9conciliation\",\"r\u00e9gion M\u00e9\"],\"articleSection\":[\"Politique\",\"Toutes les actualit\u00e9s\"],\"inLanguage\":\"fr-FR\",\"potentialAction\":[{\"@type\":\"CommentAction\",\"name\":\"Comment\",\"target\":[\"https:\/\/www.africa-press.net\/cotedivoire\/politique\/jeunes-de-la-me-demandent-pardon-a-achi-et-soutiennent-ouattara#respond\"]}]},{\"@type\":\"WebPage\",\"@id\":\"https:\/\/www.africa-press.net\/cotedivoire\/politique\/jeunes-de-la-me-demandent-pardon-a-achi-et-soutiennent-ouattara\",\"url\":\"https:\/\/www.africa-press.net\/cotedivoire\/politique\/jeunes-de-la-me-demandent-pardon-a-achi-et-soutiennent-ouattara\",\"name\":\"Jeunes de la M\u00e9 demandent pardon \u00e0 Achi et soutiennent Ouattara - C\u00f4te d&#039;Ivoire\",\"isPartOf\":{\"@id\":\"https:\/\/www.africa-press.net\/cotedivoire\/#website\"},\"primaryImageOfPage\":{\"@id\":\"https:\/\/www.africa-press.net\/cotedivoire\/politique\/jeunes-de-la-me-demandent-pardon-a-achi-et-soutiennent-ouattara#primaryimage\"},\"image\":{\"@id\":\"https:\/\/www.africa-press.net\/cotedivoire\/politique\/jeunes-de-la-me-demandent-pardon-a-achi-et-soutiennent-ouattara#primaryimage\"},\"thumbnailUrl\":\"https:\/\/static.africa-press.net\/cote\/sites\/43\/2025\/10\/sm_1760973963.967944.jpg\",\"datePublished\":\"2025-10-20T18:38:30+00:00\",\"dateModified\":\"2025-10-20T18:56:39+00:00\",\"author\":{\"@id\":\"https:\/\/www.africa-press.net\/cotedivoire\/#\/schema\/person\/2b1cf3cd81a31e3cd26889ca66d677f1\"},\"description\":\"Une semaine apre\u0300s les actes de vandalisme survenus dans la re\u0301gion de la Me\u0301, une de\u0301le\u0301gation de jeunes repentants, ac ...\",\"breadcrumb\":{\"@id\":\"https:\/\/www.africa-press.net\/cotedivoire\/politique\/jeunes-de-la-me-demandent-pardon-a-achi-et-soutiennent-ouattara#breadcrumb\"},\"inLanguage\":\"fr-FR\",\"potentialAction\":[{\"@type\":\"ReadAction\",\"target\":[\"https:\/\/www.africa-press.net\/cotedivoire\/politique\/jeunes-de-la-me-demandent-pardon-a-achi-et-soutiennent-ouattara\"]}]},{\"@type\":\"ImageObject\",\"inLanguage\":\"fr-FR\",\"@id\":\"https:\/\/www.africa-press.net\/cotedivoire\/politique\/jeunes-de-la-me-demandent-pardon-a-achi-et-soutiennent-ouattara#primaryimage\",\"url\":\"https:\/\/static.africa-press.net\/cote\/sites\/43\/2025\/10\/sm_1760973963.967944.jpg\",\"contentUrl\":\"https:\/\/static.africa-press.net\/cote\/sites\/43\/2025\/10\/sm_1760973963.967944.jpg\",\"width\":720,\"height\":480,\"caption\":\"Jeunes de la M\u00e9 demandent pardon \u00e0 Achi et soutiennent Ouattara\"},{\"@type\":\"BreadcrumbList\",\"@id\":\"https:\/\/www.africa-press.net\/cotedivoire\/politique\/jeunes-de-la-me-demandent-pardon-a-achi-et-soutiennent-ouattara#breadcrumb\",\"itemListElement\":[{\"@type\":\"ListItem\",\"position\":1,\"name\":\"Accueil\",\"item\":\"https:\/\/www.africa-press.net\/cotedivoire\/\"},{\"@type\":\"ListItem\",\"position\":2,\"name\":\"Jeunes de la M\u00e9 demandent pardon \u00e0 Achi et soutiennent Ouattara\"}]},{\"@type\":\"WebSite\",\"@id\":\"https:\/\/www.africa-press.net\/cotedivoire\/#website\",\"url\":\"https:\/\/www.africa-press.net\/cotedivoire\/\",\"name\":\"C\u00f4te d&#039;Ivoire\",\"description\":\"Just another Africa News Agency Sites site\",\"potentialAction\":[{\"@type\":\"SearchAction\",\"target\":{\"@type\":\"EntryPoint\",\"urlTemplate\":\"https:\/\/www.africa-press.net\/cotedivoire\/?s={search_term_string}\"},\"query-input\":{\"@type\":\"PropertyValueSpecification\",\"valueRequired\":true,\"valueName\":\"search_term_string\"}}],\"inLanguage\":\"fr-FR\"},{\"@type\":\"Person\",\"@id\":\"https:\/\/www.africa-press.net\/cotedivoire\/#\/schema\/person\/2b1cf3cd81a31e3cd26889ca66d677f1\",\"name\":\"cfeditorfr\"}]}<\/script>\n<!-- \/ Yoast SEO Premium plugin. -->","yoast_head_json":{"title":"Jeunes de la M\u00e9 demandent pardon \u00e0 Achi et soutiennent Ouattara - C\u00f4te d&#039;Ivoire","description":"Une semaine apre\u0300s les actes de vandalisme survenus dans la re\u0301gion de la Me\u0301, une de\u0301le\u0301gation de jeunes repentants, ac ...","robots":{"index":"index","follow":"follow","max-snippet":"max-snippet:-1","max-image-preview":"max-image-preview:large","max-video-preview":"max-video-preview:-1"},"canonical":"https:\/\/www.africa-press.net\/cotedivoire\/politique\/jeunes-de-la-me-demandent-pardon-a-achi-et-soutiennent-ouattara","og_locale":"fr_FR","og_type":"article","og_title":"Jeunes de la M\u00e9 demandent pardon \u00e0 Achi et soutiennent Ouattara","og_description":"Une semaine apre\u0300s les actes de vandalisme survenus dans la re\u0301gion de la Me\u0301, une de\u0301le\u0301gation de jeunes repentants, ac ...","og_url":"https:\/\/www.africa-press.net\/cotedivoire\/politique\/jeunes-de-la-me-demandent-pardon-a-achi-et-soutiennent-ouattara","og_site_name":"C\u00f4te d&#039;Ivoire","article_published_time":"2025-10-20T18:38:30+00:00","article_modified_time":"2025-10-20T18:56:39+00:00","og_image":[{"width":720,"height":480,"url":"https:\/\/static.africa-press.net\/cote\/sites\/43\/2025\/10\/sm_1760973963.967944.jpg","type":"image\/jpeg"}],"author":"cfeditorfr","twitter_card":"summary_large_image","twitter_misc":{"\u00c9crit par":"cfeditorfr","Dur\u00e9e de lecture estim\u00e9e":"3 minutes"},"schema":{"@context":"https:\/\/schema.org","@graph":[{"@type":"Article","@id":"https:\/\/www.africa-press.net\/cotedivoire\/politique\/jeunes-de-la-me-demandent-pardon-a-achi-et-soutiennent-ouattara#article","isPartOf":{"@id":"https:\/\/www.africa-press.net\/cotedivoire\/politique\/jeunes-de-la-me-demandent-pardon-a-achi-et-soutiennent-ouattara"},"author":{"name":"cfeditorfr","@id":"https:\/\/www.africa-press.net\/cotedivoire\/#\/schema\/person\/2b1cf3cd81a31e3cd26889ca66d677f1"},"headline":"Jeunes de la M\u00e9 demandent pardon \u00e0 Achi et soutiennent Ouattara","datePublished":"2025-10-20T18:38:30+00:00","dateModified":"2025-10-20T18:56:39+00:00","mainEntityOfPage":{"@id":"https:\/\/www.africa-press.net\/cotedivoire\/politique\/jeunes-de-la-me-demandent-pardon-a-achi-et-soutiennent-ouattara"},"wordCount":523,"commentCount":0,"image":{"@id":"https:\/\/www.africa-press.net\/cotedivoire\/politique\/jeunes-de-la-me-demandent-pardon-a-achi-et-soutiennent-ouattara#primaryimage"},"thumbnailUrl":"https:\/\/static.africa-press.net\/cote\/sites\/43\/2025\/10\/sm_1760973963.967944.jpg","keywords":["Adzop\u00e9","Alassane Ouattara","coh\u00e9sion sociale","C\u00d4TE D'IVOIRE","jeunesse","paix","Patrick Achi","r\u00e9conciliation","r\u00e9gion M\u00e9"],"articleSection":["Politique","Toutes les actualit\u00e9s"],"inLanguage":"fr-FR","potentialAction":[{"@type":"CommentAction","name":"Comment","target":["https:\/\/www.africa-press.net\/cotedivoire\/politique\/jeunes-de-la-me-demandent-pardon-a-achi-et-soutiennent-ouattara#respond"]}]},{"@type":"WebPage","@id":"https:\/\/www.africa-press.net\/cotedivoire\/politique\/jeunes-de-la-me-demandent-pardon-a-achi-et-soutiennent-ouattara","url":"https:\/\/www.africa-press.net\/cotedivoire\/politique\/jeunes-de-la-me-demandent-pardon-a-achi-et-soutiennent-ouattara","name":"Jeunes de la M\u00e9 demandent pardon \u00e0 Achi et soutiennent Ouattara - C\u00f4te d&#039;Ivoire","isPartOf":{"@id":"https:\/\/www.africa-press.net\/cotedivoire\/#website"},"primaryImageOfPage":{"@id":"https:\/\/www.africa-press.net\/cotedivoire\/politique\/jeunes-de-la-me-demandent-pardon-a-achi-et-soutiennent-ouattara#primaryimage"},"image":{"@id":"https:\/\/www.africa-press.net\/cotedivoire\/politique\/jeunes-de-la-me-demandent-pardon-a-achi-et-soutiennent-ouattara#primaryimage"},"thumbnailUrl":"https:\/\/static.africa-press.net\/cote\/sites\/43\/2025\/10\/sm_1760973963.967944.jpg","datePublished":"2025-10-20T18:38:30+00:00","dateModified":"2025-10-20T18:56:39+00:00","author":{"@id":"https:\/\/www.africa-press.net\/cotedivoire\/#\/schema\/person\/2b1cf3cd81a31e3cd26889ca66d677f1"},"description":"Une semaine apre\u0300s les actes de vandalisme survenus dans la re\u0301gion de la Me\u0301, une de\u0301le\u0301gation de jeunes repentants, ac ...","breadcrumb":{"@id":"https:\/\/www.africa-press.net\/cotedivoire\/politique\/jeunes-de-la-me-demandent-pardon-a-achi-et-soutiennent-ouattara#breadcrumb"},"inLanguage":"fr-FR","potentialAction":[{"@type":"ReadAction","target":["https:\/\/www.africa-press.net\/cotedivoire\/politique\/jeunes-de-la-me-demandent-pardon-a-achi-et-soutiennent-ouattara"]}]},{"@type":"ImageObject","inLanguage":"fr-FR","@id":"https:\/\/www.africa-press.net\/cotedivoire\/politique\/jeunes-de-la-me-demandent-pardon-a-achi-et-soutiennent-ouattara#primaryimage","url":"https:\/\/static.africa-press.net\/cote\/sites\/43\/2025\/10\/sm_1760973963.967944.jpg","contentUrl":"https:\/\/static.africa-press.net\/cote\/sites\/43\/2025\/10\/sm_1760973963.967944.jpg","width":720,"height":480,"caption":"Jeunes de la M\u00e9 demandent pardon \u00e0 Achi et soutiennent Ouattara"},{"@type":"BreadcrumbList","@id":"https:\/\/www.africa-press.net\/cotedivoire\/politique\/jeunes-de-la-me-demandent-pardon-a-achi-et-soutiennent-ouattara#breadcrumb","itemListElement":[{"@type":"ListItem","position":1,"name":"Accueil","item":"https:\/\/www.africa-press.net\/cotedivoire\/"},{"@type":"ListItem","position":2,"name":"Jeunes de la M\u00e9 demandent pardon \u00e0 Achi et soutiennent Ouattara"}]},{"@type":"WebSite","@id":"https:\/\/www.africa-press.net\/cotedivoire\/#website","url":"https:\/\/www.africa-press.net\/cotedivoire\/","name":"C\u00f4te d&#039;Ivoire","description":"Just another Africa News Agency Sites site","potentialAction":[{"@type":"SearchAction","target":{"@type":"EntryPoint","urlTemplate":"https:\/\/www.africa-press.net\/cotedivoire\/?s={search_term_string}"},"query-input":{"@type":"PropertyValueSpecification","valueRequired":true,"valueName":"search_term_string"}}],"inLanguage":"fr-FR"},{"@type":"Person","@id":"https:\/\/www.africa-press.net\/cotedivoire\/#\/schema\/person\/2b1cf3cd81a31e3cd26889ca66d677f1","name":"cfeditorfr"}]}},"_links":{"self":[{"href":"https:\/\/www.africa-press.net\/cotedivoire\/wp-json\/wp\/v2\/posts\/107115","targetHints":{"allow":["GET"]}}],"collection":[{"href":"https:\/\/www.africa-press.net\/cotedivoire\/wp-json\/wp\/v2\/posts"}],"about":[{"href":"https:\/\/www.africa-press.net\/cotedivoire\/wp-json\/wp\/v2\/types\/post"}],"author":[{"embeddable":true,"href":"https:\/\/www.africa-press.net\/cotedivoire\/wp-json\/wp\/v2\/users\/82"}],"replies":[{"embeddable":true,"href":"https:\/\/www.africa-press.net\/cotedivoire\/wp-json\/wp\/v2\/comments?post=107115"}],"version-history":[{"count":0,"href":"https:\/\/www.africa-press.net\/cotedivoire\/wp-json\/wp\/v2\/posts\/107115\/revisions"}],"wp:featuredmedia":[{"embeddable":true,"href":"https:\/\/www.africa-press.net\/cotedivoire\/wp-json\/wp\/v2\/media\/107114"}],"wp:attachment":[{"href":"https:\/\/www.africa-press.net\/cotedivoire\/wp-json\/wp\/v2\/media?parent=107115"}],"wp:term":[{"taxonomy":"category","embeddable":true,"href":"https:\/\/www.africa-press.net\/cotedivoire\/wp-json\/wp\/v2\/categories?post=107115"},{"taxonomy":"post_tag","embeddable":true,"href":"https:\/\/www.africa-press.net\/cotedivoire\/wp-json\/wp\/v2\/tags?post=107115"}],"curies":[{"name":"wp","href":"https:\/\/api.w.org\/{rel}","templated":true}]}}