{"id":107118,"date":"2025-10-20T18:38:30","date_gmt":"2025-10-20T18:38:30","guid":{"rendered":"https:\/\/www.africa-press.net\/cotedivoire\/politique\/succes-de-pe-ado-et-leadership-dalassane-ouattara"},"modified":"2025-10-20T18:56:56","modified_gmt":"2025-10-20T18:56:56","slug":"succes-de-pe-ado-et-leadership-dalassane-ouattara","status":"publish","type":"post","link":"https:\/\/www.africa-press.net\/cotedivoire\/politique\/succes-de-pe-ado-et-leadership-dalassane-ouattara","title":{"rendered":"Succ\u00e8s de PE-ADO et leadership d&rsquo;Alassane Ouattara"},"content":{"rendered":"<p><span style=\"color: #ff6600\"><strong>Africa-Press &#8211; C\u00f4te d&rsquo;Ivoire. <\/strong><\/span>Le mouvement citoyen PE-ADO a frappe\u0301 un grand coup ce dimanche 19 octobre 2025, lors de son quatrie\u0300me meeting en ligne. Place\u0301e sous le the\u0300me \u00ab Co\u0302te d\u2019Ivoire, pilier de la stabilite\u0301 sous-re\u0301gionale: un leadership fort pour une CEDEAO unie et re\u0301siliente \u00bb, la confe\u0301rence virtuelle a connu un engouement sans pre\u0301ce\u0301dent, confirmant l&rsquo;ancrage du de\u0301bat politique dans l&rsquo;espace nume\u0301rique ivoirien et ouest-africain.<\/p>\n<p>Diffuse\u0301 en direct sur plusieurs plateformes, l\u2019e\u0301ve\u0301nement a rassemble\u0301 22 000 spectateurs, ge\u0301ne\u0301re\u0301 plus de 21 000 partages et enregistre\u0301 3,1 millions d\u2019interactions. Des chiffres impressionnants qui te\u0301moignent de la vitalite\u0301 du de\u0301bat citoyen et de l&rsquo;inte\u0301re\u0302t grandissant pour les enjeux ge\u0301opolitiques sous-re\u0301gionaux.<\/p>\n<p>Cette performance nume\u0301rique propulse PE-ADO comme un acteur incontournable de la mobilisation politique en ligne en Co\u0302te d\u2019Ivoire, avec une audience transge\u0301ne\u0301rationnelle et transfrontalie\u0300re.<\/p>\n<p>Anime\u0301e par la pre\u0301sidente du mouvement PE-ADO, e\u0301galement Vice-Pre\u0301sidente du Parlement de la CEDEAO et Pre\u0301sidente du Groupe Parlementaire CEDEAO en Co\u0302te d\u2019Ivoire, la confe\u0301rence a mis en lumie\u0300re la transformation profonde du ro\u0302le ivoirien au sein de la Communaute\u0301 E\u0301conomique des E\u0301tats de l\u2019Afrique de l\u2019Ouest (CEDEAO).<\/p>\n<p>La confe\u0301rencie\u0300re a trace\u0301 un paralle\u0300le saisissant entre la situation d\u2019avant 2011 marque\u0301e par un isolement diplomatique et un effacement sur la sce\u0300ne communautaire et la position actuelle de la Co\u0302te d\u2019Ivoire, de\u0301sormais conside\u0301re\u0301e comme un acteur central de la stabilite\u0301 re\u0301gionale.<\/p>\n<p>Au c\u0153ur du message: le leadership du Pre\u0301sident Alassane Ouattara, pre\u0301sente\u0301 comme l\u2019architecte du redressement ivoirien. Selon la pre\u0301sidente de PE-ADO, le chef de l\u2019E\u0301tat a su conjuguer croissance e\u0301conomique et influence diplomatique, e\u0301levant la Co\u0302te d\u2019Ivoire au rang de mode\u0300le de bonne gouvernance et de me\u0301diateur cre\u0301dible dans les crises re\u0301gionales.<\/p>\n<p>L&rsquo;accession du pays a\u0300 la Vice-Pre\u0301sidence du Parlement de la CEDEAO symbolise cette monte\u0301e en puissance, fruit d\u2019une diplomatie active et respecte\u0301e. Le Pre\u0301sident Ouattara est de\u0301sormais qualifie\u0301 de \u00ab sage de la sous-re\u0301gion \u00bb, sollicite\u0301 pour ses positions e\u0301quilibre\u0301es dans les moments critiques.<\/p>\n<p>Au-dela\u0300 du bilan, l&rsquo;e\u0301ve\u0301nement s\u2019est conclu sur un appel fort a\u0300 la mobilisation citoyenne. La pre\u0301sidente du mouvement a exhorte\u0301 les Ivoiriens a\u0300 retirer massivement leurs cartes d\u2019e\u0301lecteur, condition ne\u0301cessaire, selon elle, a\u0300 \u00ab une victoire historique et e\u0301crasante \u00bb en faveur de leur \u00ab Champion \u00bb, Son Excellence Alassane Ouattara.<\/p>\n<p>\u00ab La Co\u0302te d\u2019Ivoire d\u2019aujourd\u2019hui n\u2019est plus un maillon faible. Elle est le pilier de la stabilite\u0301 en Afrique de l\u2019Ouest. Ce ro\u0302le, nous devons le consolider par les urnes \u00bb, a-t-elle martele\u0301 avec conviction.<\/p>\n<p>Le meeting e\u0301tait co-anime\u0301 par plusieurs figures influentes du nume\u0301rique, dont l\u2019Honorable YakayakadeParis, Madame Rachelle Crasso, Ge\u0301ne\u0301ral Ose\u0301, Zasso Patrick, Kimia et Mielo Be\u0301be\u0301s. Leur pre\u0301sence a renforce\u0301 la dimension participative de l&rsquo;e\u0301ve\u0301nement, transformant le meeting en un ve\u0301ritable espace d\u2019e\u0301change entre politique, jeunesse et innovation.<\/p>\n<p>A\u0300 moins d\u2019une semaine de l\u2019e\u0301lection pre\u0301sidentielle, PE-ADO continue de structurer sa base, a\u0300 la fois en ligne et sur le terrain. En s\u2019appuyant sur le bilan d\u2019Alassane Ouattara et sur une strate\u0301gie de communication digitale percutante, le mouvement s\u2019impose comme un acteur central du de\u0301bat politique ivoirien.<\/p>\n<p><strong>Pour plus d&rsquo;informations et d&rsquo;analyses sur la <span style=\"color: #ff6600\">C\u00f4te d&rsquo;Ivoire<\/span>, suivez <span style=\"color: #ff6600\">Africa-Press<\/span><\/strong><\/p>\n","protected":false},"excerpt":{"rendered":"<p>Africa-Press &#8211; C\u00f4te d&rsquo;Ivoire. Le mouvement citoyen PE-ADO a frappe\u0301 un grand coup ce dimanche 19 octobre 2025, lors de son quatrie\u0300me meeting en ligne. Place\u0301e sous le the\u0300me \u00ab Co\u0302te d\u2019Ivoire, pilier de la stabilite\u0301 sous-re\u0301gionale: un leadership fort pour une CEDEAO unie et re\u0301siliente \u00bb, la confe\u0301rence virtuelle a connu un engouement sans [&hellip;]<\/p>\n","protected":false},"author":82,"featured_media":107117,"comment_status":"open","ping_status":"closed","sticky":false,"template":"","format":"standard","meta":{"footnotes":""},"categories":[2,10],"tags":[38,1150,29,10425,19253,2014,19189,2663,9649],"class_list":["post-107118","post","type-post","status-publish","format-standard","has-post-thumbnail","hentry","category-politique","category-toutes-les-actualites","tag-alassane-ouattara","tag-cedeao","tag-cote-divoire","tag-leadership","tag-meeting-virtuel","tag-numerique","tag-peado","tag-regional","tag-stabilite"],"yoast_head":"<!-- This site is optimized with the Yoast SEO Premium plugin v26.1 (Yoast SEO v27.0) - https:\/\/yoast.com\/product\/yoast-seo-premium-wordpress\/ -->\n<title>Succ\u00e8s de PE-ADO et leadership d&#039;Alassane Ouattara - C\u00f4te d&#039;Ivoire<\/title>\n<meta name=\"description\" content=\"Le mouvement citoyen PE-ADO a frappe\u0301 un grand coup ce dimanche 19 octobre 2025, lors de son quatrie\u0300me meeting en ligne ...\" \/>\n<meta name=\"robots\" content=\"index, follow, max-snippet:-1, max-image-preview:large, max-video-preview:-1\" \/>\n<link rel=\"canonical\" href=\"https:\/\/www.africa-press.net\/cotedivoire\/politique\/succes-de-pe-ado-et-leadership-dalassane-ouattara\" \/>\n<meta property=\"og:locale\" content=\"fr_FR\" \/>\n<meta property=\"og:type\" content=\"article\" \/>\n<meta property=\"og:title\" content=\"Succ\u00e8s de PE-ADO et leadership d&#039;Alassane Ouattara\" \/>\n<meta property=\"og:description\" content=\"Le mouvement citoyen PE-ADO a frappe\u0301 un grand coup ce dimanche 19 octobre 2025, lors de son quatrie\u0300me meeting en ligne ...\" \/>\n<meta property=\"og:url\" content=\"https:\/\/www.africa-press.net\/cotedivoire\/politique\/succes-de-pe-ado-et-leadership-dalassane-ouattara\" \/>\n<meta property=\"og:site_name\" content=\"C\u00f4te d&#039;Ivoire\" \/>\n<meta property=\"article:published_time\" content=\"2025-10-20T18:38:30+00:00\" \/>\n<meta property=\"article:modified_time\" content=\"2025-10-20T18:56:56+00:00\" \/>\n<meta property=\"og:image\" content=\"https:\/\/static.africa-press.net\/cote\/sites\/43\/2025\/10\/sm_1760973980.657598.jpg\" \/>\n\t<meta property=\"og:image:width\" content=\"720\" \/>\n\t<meta property=\"og:image:height\" content=\"439\" \/>\n\t<meta property=\"og:image:type\" content=\"image\/jpeg\" \/>\n<meta name=\"author\" content=\"cfeditorfr\" \/>\n<meta name=\"twitter:card\" content=\"summary_large_image\" \/>\n<meta name=\"twitter:label1\" content=\"\u00c9crit par\" \/>\n\t<meta name=\"twitter:data1\" content=\"cfeditorfr\" \/>\n\t<meta name=\"twitter:label2\" content=\"Dur\u00e9e de lecture estim\u00e9e\" \/>\n\t<meta name=\"twitter:data2\" content=\"3 minutes\" \/>\n<script type=\"application\/ld+json\" class=\"yoast-schema-graph\">{\"@context\":\"https:\/\/schema.org\",\"@graph\":[{\"@type\":\"Article\",\"@id\":\"https:\/\/www.africa-press.net\/cotedivoire\/politique\/succes-de-pe-ado-et-leadership-dalassane-ouattara#article\",\"isPartOf\":{\"@id\":\"https:\/\/www.africa-press.net\/cotedivoire\/politique\/succes-de-pe-ado-et-leadership-dalassane-ouattara\"},\"author\":{\"name\":\"cfeditorfr\",\"@id\":\"https:\/\/www.africa-press.net\/cotedivoire\/#\/schema\/person\/2b1cf3cd81a31e3cd26889ca66d677f1\"},\"headline\":\"Succ\u00e8s de PE-ADO et leadership d&rsquo;Alassane Ouattara\",\"datePublished\":\"2025-10-20T18:38:30+00:00\",\"dateModified\":\"2025-10-20T18:56:56+00:00\",\"mainEntityOfPage\":{\"@id\":\"https:\/\/www.africa-press.net\/cotedivoire\/politique\/succes-de-pe-ado-et-leadership-dalassane-ouattara\"},\"wordCount\":631,\"commentCount\":0,\"image\":{\"@id\":\"https:\/\/www.africa-press.net\/cotedivoire\/politique\/succes-de-pe-ado-et-leadership-dalassane-ouattara#primaryimage\"},\"thumbnailUrl\":\"https:\/\/static.africa-press.net\/cote\/sites\/43\/2025\/10\/sm_1760973980.657598.jpg\",\"keywords\":[\"Alassane Ouattara\",\"CEDEAO\",\"C\u00d4TE D'IVOIRE\",\"leadership\",\"meeting virtuel\",\"Num\u00e9rique\",\"PEADO\",\"Regional\",\"stabilit\u00e9\"],\"articleSection\":[\"Politique\",\"Toutes les actualit\u00e9s\"],\"inLanguage\":\"fr-FR\",\"potentialAction\":[{\"@type\":\"CommentAction\",\"name\":\"Comment\",\"target\":[\"https:\/\/www.africa-press.net\/cotedivoire\/politique\/succes-de-pe-ado-et-leadership-dalassane-ouattara#respond\"]}]},{\"@type\":\"WebPage\",\"@id\":\"https:\/\/www.africa-press.net\/cotedivoire\/politique\/succes-de-pe-ado-et-leadership-dalassane-ouattara\",\"url\":\"https:\/\/www.africa-press.net\/cotedivoire\/politique\/succes-de-pe-ado-et-leadership-dalassane-ouattara\",\"name\":\"Succ\u00e8s de PE-ADO et leadership d'Alassane Ouattara - C\u00f4te d&#039;Ivoire\",\"isPartOf\":{\"@id\":\"https:\/\/www.africa-press.net\/cotedivoire\/#website\"},\"primaryImageOfPage\":{\"@id\":\"https:\/\/www.africa-press.net\/cotedivoire\/politique\/succes-de-pe-ado-et-leadership-dalassane-ouattara#primaryimage\"},\"image\":{\"@id\":\"https:\/\/www.africa-press.net\/cotedivoire\/politique\/succes-de-pe-ado-et-leadership-dalassane-ouattara#primaryimage\"},\"thumbnailUrl\":\"https:\/\/static.africa-press.net\/cote\/sites\/43\/2025\/10\/sm_1760973980.657598.jpg\",\"datePublished\":\"2025-10-20T18:38:30+00:00\",\"dateModified\":\"2025-10-20T18:56:56+00:00\",\"author\":{\"@id\":\"https:\/\/www.africa-press.net\/cotedivoire\/#\/schema\/person\/2b1cf3cd81a31e3cd26889ca66d677f1\"},\"description\":\"Le mouvement citoyen PE-ADO a frappe\u0301 un grand coup ce dimanche 19 octobre 2025, lors de son quatrie\u0300me meeting en ligne ...\",\"breadcrumb\":{\"@id\":\"https:\/\/www.africa-press.net\/cotedivoire\/politique\/succes-de-pe-ado-et-leadership-dalassane-ouattara#breadcrumb\"},\"inLanguage\":\"fr-FR\",\"potentialAction\":[{\"@type\":\"ReadAction\",\"target\":[\"https:\/\/www.africa-press.net\/cotedivoire\/politique\/succes-de-pe-ado-et-leadership-dalassane-ouattara\"]}]},{\"@type\":\"ImageObject\",\"inLanguage\":\"fr-FR\",\"@id\":\"https:\/\/www.africa-press.net\/cotedivoire\/politique\/succes-de-pe-ado-et-leadership-dalassane-ouattara#primaryimage\",\"url\":\"https:\/\/static.africa-press.net\/cote\/sites\/43\/2025\/10\/sm_1760973980.657598.jpg\",\"contentUrl\":\"https:\/\/static.africa-press.net\/cote\/sites\/43\/2025\/10\/sm_1760973980.657598.jpg\",\"width\":720,\"height\":439,\"caption\":\"Succ\u00e8s de PE-ADO et leadership d'Alassane Ouattara\"},{\"@type\":\"BreadcrumbList\",\"@id\":\"https:\/\/www.africa-press.net\/cotedivoire\/politique\/succes-de-pe-ado-et-leadership-dalassane-ouattara#breadcrumb\",\"itemListElement\":[{\"@type\":\"ListItem\",\"position\":1,\"name\":\"Accueil\",\"item\":\"https:\/\/www.africa-press.net\/cotedivoire\/\"},{\"@type\":\"ListItem\",\"position\":2,\"name\":\"Succ\u00e8s de PE-ADO et leadership d&#8217;Alassane Ouattara\"}]},{\"@type\":\"WebSite\",\"@id\":\"https:\/\/www.africa-press.net\/cotedivoire\/#website\",\"url\":\"https:\/\/www.africa-press.net\/cotedivoire\/\",\"name\":\"C\u00f4te d&#039;Ivoire\",\"description\":\"Just another Africa News Agency Sites site\",\"potentialAction\":[{\"@type\":\"SearchAction\",\"target\":{\"@type\":\"EntryPoint\",\"urlTemplate\":\"https:\/\/www.africa-press.net\/cotedivoire\/?s={search_term_string}\"},\"query-input\":{\"@type\":\"PropertyValueSpecification\",\"valueRequired\":true,\"valueName\":\"search_term_string\"}}],\"inLanguage\":\"fr-FR\"},{\"@type\":\"Person\",\"@id\":\"https:\/\/www.africa-press.net\/cotedivoire\/#\/schema\/person\/2b1cf3cd81a31e3cd26889ca66d677f1\",\"name\":\"cfeditorfr\"}]}<\/script>\n<!-- \/ Yoast SEO Premium plugin. -->","yoast_head_json":{"title":"Succ\u00e8s de PE-ADO et leadership d'Alassane Ouattara - C\u00f4te d&#039;Ivoire","description":"Le mouvement citoyen PE-ADO a frappe\u0301 un grand coup ce dimanche 19 octobre 2025, lors de son quatrie\u0300me meeting en ligne ...","robots":{"index":"index","follow":"follow","max-snippet":"max-snippet:-1","max-image-preview":"max-image-preview:large","max-video-preview":"max-video-preview:-1"},"canonical":"https:\/\/www.africa-press.net\/cotedivoire\/politique\/succes-de-pe-ado-et-leadership-dalassane-ouattara","og_locale":"fr_FR","og_type":"article","og_title":"Succ\u00e8s de PE-ADO et leadership d'Alassane Ouattara","og_description":"Le mouvement citoyen PE-ADO a frappe\u0301 un grand coup ce dimanche 19 octobre 2025, lors de son quatrie\u0300me meeting en ligne ...","og_url":"https:\/\/www.africa-press.net\/cotedivoire\/politique\/succes-de-pe-ado-et-leadership-dalassane-ouattara","og_site_name":"C\u00f4te d&#039;Ivoire","article_published_time":"2025-10-20T18:38:30+00:00","article_modified_time":"2025-10-20T18:56:56+00:00","og_image":[{"width":720,"height":439,"url":"https:\/\/static.africa-press.net\/cote\/sites\/43\/2025\/10\/sm_1760973980.657598.jpg","type":"image\/jpeg"}],"author":"cfeditorfr","twitter_card":"summary_large_image","twitter_misc":{"\u00c9crit par":"cfeditorfr","Dur\u00e9e de lecture estim\u00e9e":"3 minutes"},"schema":{"@context":"https:\/\/schema.org","@graph":[{"@type":"Article","@id":"https:\/\/www.africa-press.net\/cotedivoire\/politique\/succes-de-pe-ado-et-leadership-dalassane-ouattara#article","isPartOf":{"@id":"https:\/\/www.africa-press.net\/cotedivoire\/politique\/succes-de-pe-ado-et-leadership-dalassane-ouattara"},"author":{"name":"cfeditorfr","@id":"https:\/\/www.africa-press.net\/cotedivoire\/#\/schema\/person\/2b1cf3cd81a31e3cd26889ca66d677f1"},"headline":"Succ\u00e8s de PE-ADO et leadership d&rsquo;Alassane Ouattara","datePublished":"2025-10-20T18:38:30+00:00","dateModified":"2025-10-20T18:56:56+00:00","mainEntityOfPage":{"@id":"https:\/\/www.africa-press.net\/cotedivoire\/politique\/succes-de-pe-ado-et-leadership-dalassane-ouattara"},"wordCount":631,"commentCount":0,"image":{"@id":"https:\/\/www.africa-press.net\/cotedivoire\/politique\/succes-de-pe-ado-et-leadership-dalassane-ouattara#primaryimage"},"thumbnailUrl":"https:\/\/static.africa-press.net\/cote\/sites\/43\/2025\/10\/sm_1760973980.657598.jpg","keywords":["Alassane Ouattara","CEDEAO","C\u00d4TE D'IVOIRE","leadership","meeting virtuel","Num\u00e9rique","PEADO","Regional","stabilit\u00e9"],"articleSection":["Politique","Toutes les actualit\u00e9s"],"inLanguage":"fr-FR","potentialAction":[{"@type":"CommentAction","name":"Comment","target":["https:\/\/www.africa-press.net\/cotedivoire\/politique\/succes-de-pe-ado-et-leadership-dalassane-ouattara#respond"]}]},{"@type":"WebPage","@id":"https:\/\/www.africa-press.net\/cotedivoire\/politique\/succes-de-pe-ado-et-leadership-dalassane-ouattara","url":"https:\/\/www.africa-press.net\/cotedivoire\/politique\/succes-de-pe-ado-et-leadership-dalassane-ouattara","name":"Succ\u00e8s de PE-ADO et leadership d'Alassane Ouattara - C\u00f4te d&#039;Ivoire","isPartOf":{"@id":"https:\/\/www.africa-press.net\/cotedivoire\/#website"},"primaryImageOfPage":{"@id":"https:\/\/www.africa-press.net\/cotedivoire\/politique\/succes-de-pe-ado-et-leadership-dalassane-ouattara#primaryimage"},"image":{"@id":"https:\/\/www.africa-press.net\/cotedivoire\/politique\/succes-de-pe-ado-et-leadership-dalassane-ouattara#primaryimage"},"thumbnailUrl":"https:\/\/static.africa-press.net\/cote\/sites\/43\/2025\/10\/sm_1760973980.657598.jpg","datePublished":"2025-10-20T18:38:30+00:00","dateModified":"2025-10-20T18:56:56+00:00","author":{"@id":"https:\/\/www.africa-press.net\/cotedivoire\/#\/schema\/person\/2b1cf3cd81a31e3cd26889ca66d677f1"},"description":"Le mouvement citoyen PE-ADO a frappe\u0301 un grand coup ce dimanche 19 octobre 2025, lors de son quatrie\u0300me meeting en ligne ...","breadcrumb":{"@id":"https:\/\/www.africa-press.net\/cotedivoire\/politique\/succes-de-pe-ado-et-leadership-dalassane-ouattara#breadcrumb"},"inLanguage":"fr-FR","potentialAction":[{"@type":"ReadAction","target":["https:\/\/www.africa-press.net\/cotedivoire\/politique\/succes-de-pe-ado-et-leadership-dalassane-ouattara"]}]},{"@type":"ImageObject","inLanguage":"fr-FR","@id":"https:\/\/www.africa-press.net\/cotedivoire\/politique\/succes-de-pe-ado-et-leadership-dalassane-ouattara#primaryimage","url":"https:\/\/static.africa-press.net\/cote\/sites\/43\/2025\/10\/sm_1760973980.657598.jpg","contentUrl":"https:\/\/static.africa-press.net\/cote\/sites\/43\/2025\/10\/sm_1760973980.657598.jpg","width":720,"height":439,"caption":"Succ\u00e8s de PE-ADO et leadership d'Alassane Ouattara"},{"@type":"BreadcrumbList","@id":"https:\/\/www.africa-press.net\/cotedivoire\/politique\/succes-de-pe-ado-et-leadership-dalassane-ouattara#breadcrumb","itemListElement":[{"@type":"ListItem","position":1,"name":"Accueil","item":"https:\/\/www.africa-press.net\/cotedivoire\/"},{"@type":"ListItem","position":2,"name":"Succ\u00e8s de PE-ADO et leadership d&#8217;Alassane Ouattara"}]},{"@type":"WebSite","@id":"https:\/\/www.africa-press.net\/cotedivoire\/#website","url":"https:\/\/www.africa-press.net\/cotedivoire\/","name":"C\u00f4te d&#039;Ivoire","description":"Just another Africa News Agency Sites site","potentialAction":[{"@type":"SearchAction","target":{"@type":"EntryPoint","urlTemplate":"https:\/\/www.africa-press.net\/cotedivoire\/?s={search_term_string}"},"query-input":{"@type":"PropertyValueSpecification","valueRequired":true,"valueName":"search_term_string"}}],"inLanguage":"fr-FR"},{"@type":"Person","@id":"https:\/\/www.africa-press.net\/cotedivoire\/#\/schema\/person\/2b1cf3cd81a31e3cd26889ca66d677f1","name":"cfeditorfr"}]}},"_links":{"self":[{"href":"https:\/\/www.africa-press.net\/cotedivoire\/wp-json\/wp\/v2\/posts\/107118","targetHints":{"allow":["GET"]}}],"collection":[{"href":"https:\/\/www.africa-press.net\/cotedivoire\/wp-json\/wp\/v2\/posts"}],"about":[{"href":"https:\/\/www.africa-press.net\/cotedivoire\/wp-json\/wp\/v2\/types\/post"}],"author":[{"embeddable":true,"href":"https:\/\/www.africa-press.net\/cotedivoire\/wp-json\/wp\/v2\/users\/82"}],"replies":[{"embeddable":true,"href":"https:\/\/www.africa-press.net\/cotedivoire\/wp-json\/wp\/v2\/comments?post=107118"}],"version-history":[{"count":0,"href":"https:\/\/www.africa-press.net\/cotedivoire\/wp-json\/wp\/v2\/posts\/107118\/revisions"}],"wp:featuredmedia":[{"embeddable":true,"href":"https:\/\/www.africa-press.net\/cotedivoire\/wp-json\/wp\/v2\/media\/107117"}],"wp:attachment":[{"href":"https:\/\/www.africa-press.net\/cotedivoire\/wp-json\/wp\/v2\/media?parent=107118"}],"wp:term":[{"taxonomy":"category","embeddable":true,"href":"https:\/\/www.africa-press.net\/cotedivoire\/wp-json\/wp\/v2\/categories?post=107118"},{"taxonomy":"post_tag","embeddable":true,"href":"https:\/\/www.africa-press.net\/cotedivoire\/wp-json\/wp\/v2\/tags?post=107118"}],"curies":[{"name":"wp","href":"https:\/\/api.w.org\/{rel}","templated":true}]}}