{"id":107196,"date":"2025-10-21T16:18:34","date_gmt":"2025-10-21T16:18:34","guid":{"rendered":"https:\/\/www.africa-press.net\/cotedivoire\/politique\/yopougon-sengage-a-100-pour-ouattara-en-2025"},"modified":"2025-10-21T16:45:04","modified_gmt":"2025-10-21T16:45:04","slug":"yopougon-sengage-a-100-pour-ouattara-en-2025","status":"publish","type":"post","link":"https:\/\/www.africa-press.net\/cotedivoire\/politique\/yopougon-sengage-a-100-pour-ouattara-en-2025","title":{"rendered":"Yopougon S&rsquo;engage \u00e0 100 % Pour Ouattara en 2025"},"content":{"rendered":"<p><span style=\"color: #ff6600\"><strong>Africa-Press &#8211; C\u00f4te d&rsquo;Ivoire. <\/strong><\/span>Le 20 octobre 2025, une vague d\u2019engagement populaire a de\u0301ferle\u0301 sur le quartier Ficgayo a\u0300 Yopougon, alors que le QG de campagne du RHDP a accueilli une mobilisation exceptionnelle sous la houlette d\u2019Adama Bictogo. Le directeur re\u0301gional de campagne dans la commune a re\u0301uni une mosai\u0308que de communaute\u0301s, de\u0301termine\u0301es a\u0300 faire triompher le pre\u0301sident Alassane Ouattara de\u0300s le premier tour.<\/p>\n<p>De\u0300s les premie\u0300res heures de la matine\u0301e, l\u2019ambiance e\u0301tait e\u0301lectrique au quartier ge\u0301ne\u0301ral du RHDP. A\u0300 9h, les peuples We\u0302, Dan, Be\u0301te\u0301 et Gouro ont ouvert le bal des rencontres. Une heure plus tard, les communaute\u0301s du Woroba, d\u2019Odienne\u0301, du Zanzan et les Se\u0301noufo ont pris le relais, affichant leur fide\u0301lite\u0301 au pre\u0301sident sortant.<\/p>\n<p>L\u2019apre\u0300s-midi, ce sont les femmes commerc\u0327antes issues des 42 marche\u0301s de Yopougon qui ont fait une entre\u0301e remarque\u0301e. Accompagne\u0301es de leurs pre\u0301sidents de marche\u0301s, elles sont venues exprimer avec ferveur leur soutien inde\u0301fectible a\u0300 Alassane Ouattara. Mme Tchad Lou Franc\u0327oise, porte-parole des pre\u0301sidents de marche\u0301s, n\u2019a pas ma\u0302che\u0301 ses mots: \u00ab Dites au pre\u0301sident Ouattara que nous voyons ce qu\u2019il fait pour nous, commerc\u0327ants de Yopougon. Avec l\u2019ouverture prochaine du plus grand marche\u0301 de Gesco, notre engagement ne se discute pas. Yopougon, c\u2019est pour ADO ! \u00bb<\/p>\n<p>Surnomme\u0301 \u00ab le Diamant Noir de Yopougon \u00bb, Adama Bictogo a, tout au long de la journe\u0301e, enchai\u0302ne\u0301 les rencontres, transmettant les salutations et la gratitude du pre\u0301sident Ouattara aux diffe\u0301rentes communaute\u0301s: \u00ab Le pre\u0301sident m\u2019a simplement envoye\u0301 vous dire merci. Il m\u2019a appele\u0301 a\u0300 9h50 pour s\u2019assurer que j\u2019e\u0301tais bien a\u0300 l\u2019heure. Voila\u0300 un homme de rigueur, de proximite\u0301 et de foi. \u00bb<\/p>\n<p>Adama Bictogo n\u2019a pas manque\u0301 de louer le bilan du chef de l\u2019E\u0301tat, le qualifiant d\u2019\u00ab homme de Dieu \u00bb pour son \u0153uvre de de\u0301veloppement e\u0301quilibre\u0301 a\u0300 travers toutes les re\u0301gions de la Co\u0302te d\u2019Ivoire: \u00ab Il aurait pu se contenter de sa re\u0301gion, mais il a choisi de construire une nation unie. Si Alassane Ouattara n\u2019est pas un enfant de Dieu, qui peut l\u2019e\u0302tre? \u00bb<\/p>\n<p>Dans un ton a\u0300 la fois politique et fraternel, Bictogo a exhorte\u0301 les chefs communautaires a\u0300 \u0153uvrer pour la paix et la re\u0301conciliation, valeurs cardinales du RHDP: \u00ab L\u2019honneur ne se trouve pas dans la vengeance, mais dans le pardon. La vengeance divise, le pardon construit. \u00bb<\/p>\n<p>Chacune des communaute\u0301s pre\u0301sentes a re\u0301affirme\u0301 son engagement. Nanan Dibi 1er, porte-parole du Zanzan a e\u0301te\u0301 clair: \u00ab\u00a0Le Zanzan est et restera fide\u0300le au pre\u0301sident Ouattara. \u00bb<\/p>\n<p>Doumbia Abdoulaye, repre\u0301sentant des Odienne\u0301ka, a pre\u0301dit un re\u0301sultat sans appel:\u00ab Le Dengue\u0301le\u0301 ne de\u0301cevra pas. Ce sera un coup K.O de\u0300s le premier tour ! \u00bb<\/p>\n<p>Me\u0302me ferveur chez le Woroba, avec l\u2019annonce de la cre\u0301ation d\u2019une direction communautaire de\u0301die\u0301e a\u0300 la mobilisation. Le chef Diomande\u0301 a promis:\u00ab 100 % des voix au pre\u0301sident Ouattara. \u00bb<\/p>\n<p>Nilara Diarrassouba, au nom des Se\u0301noufo, a conclu en rappelant que le pre\u0301sident est \u00ab un digne fils du Nord \u00bb et que \u00ab tout le Grand Nord est mobilise\u0301 pour sa victoire. \u00bb<\/p>\n<p>A\u0300 l\u2019issue de cette journe\u0301e de rencontres et de de\u0301clarations fortes, le message est sans e\u0301quivoque: Yopougon est pre\u0302t a\u0300 offrir une victoire e\u0301crasante a\u0300 Alassane Ouattara. Femmes commerc\u0327antes, chefs de communaute\u0301s, cadres et jeunes leaders se tiennent mobilise\u0301s pour faire du scrutin du 25 octobre un triomphe pour le candidat du RHDP.<\/p>\n<p>Le compte a\u0300 rebours est lance\u0301. Et pour Adama Bictogo, le verdict attendu est clair: \u00ab Le 25 octobre, Yopougon doit dire que c\u2019est ga\u0302te\u0301 ! \u00bb<\/p>\n<p><strong>Pour plus d&rsquo;informations et d&rsquo;analyses sur la <span style=\"color: #ff6600\">C\u00f4te d&rsquo;Ivoire<\/span>, suivez <span style=\"color: #ff6600\">Africa-Press<\/span><\/strong><\/p>\n","protected":false},"excerpt":{"rendered":"<p>Africa-Press &#8211; C\u00f4te d&rsquo;Ivoire. Le 20 octobre 2025, une vague d\u2019engagement populaire a de\u0301ferle\u0301 sur le quartier Ficgayo a\u0300 Yopougon, alors que le QG de campagne du RHDP a accueilli une mobilisation exceptionnelle sous la houlette d\u2019Adama Bictogo. Le directeur re\u0301gional de campagne dans la commune a re\u0301uni une mosai\u0308que de communaute\u0301s, de\u0301termine\u0301es a\u0300 faire [&hellip;]<\/p>\n","protected":false},"author":82,"featured_media":107195,"comment_status":"open","ping_status":"closed","sticky":false,"template":"","format":"standard","meta":{"footnotes":""},"categories":[2,10],"tags":[1265,38,2711,4287,29,3228,7054,60,371,540],"class_list":["post-107196","post","type-post","status-publish","format-standard","has-post-thumbnail","hentry","category-politique","category-toutes-les-actualites","tag-adama-bictogo","tag-alassane-ouattara","tag-campagne","tag-communautaire","tag-cote-divoire","tag-electorale","tag-mobilisation","tag-politique","tag-rhdp","tag-yopougon"],"yoast_head":"<!-- This site is optimized with the Yoast SEO Premium plugin v26.1 (Yoast SEO v27.0) - https:\/\/yoast.com\/product\/yoast-seo-premium-wordpress\/ -->\n<title>Yopougon S&#039;engage \u00e0 100 % Pour Ouattara en 2025 - C\u00f4te d&#039;Ivoire<\/title>\n<meta name=\"description\" content=\"Le 20 octobre 2025, une vague d\u2019engagement populaire a de\u0301ferle\u0301 sur le quartier Ficgayo a\u0300 Yopougon, alors que le QG de ...\" \/>\n<meta name=\"robots\" content=\"index, follow, max-snippet:-1, max-image-preview:large, max-video-preview:-1\" \/>\n<link rel=\"canonical\" href=\"https:\/\/www.africa-press.net\/cotedivoire\/politique\/yopougon-sengage-a-100-pour-ouattara-en-2025\" \/>\n<meta property=\"og:locale\" content=\"fr_FR\" \/>\n<meta property=\"og:type\" content=\"article\" \/>\n<meta property=\"og:title\" content=\"Yopougon S&#039;engage \u00e0 100 % Pour Ouattara en 2025\" \/>\n<meta property=\"og:description\" content=\"Le 20 octobre 2025, une vague d\u2019engagement populaire a de\u0301ferle\u0301 sur le quartier Ficgayo a\u0300 Yopougon, alors que le QG de ...\" \/>\n<meta property=\"og:url\" content=\"https:\/\/www.africa-press.net\/cotedivoire\/politique\/yopougon-sengage-a-100-pour-ouattara-en-2025\" \/>\n<meta property=\"og:site_name\" content=\"C\u00f4te d&#039;Ivoire\" \/>\n<meta property=\"article:published_time\" content=\"2025-10-21T16:18:34+00:00\" \/>\n<meta property=\"article:modified_time\" content=\"2025-10-21T16:45:04+00:00\" \/>\n<meta property=\"og:image\" content=\"https:\/\/static.africa-press.net\/cote\/sites\/43\/2025\/10\/sm_1761052303.467726.jpg\" \/>\n\t<meta property=\"og:image:width\" content=\"720\" \/>\n\t<meta property=\"og:image:height\" content=\"346\" \/>\n\t<meta property=\"og:image:type\" content=\"image\/jpeg\" \/>\n<meta name=\"author\" content=\"cfeditorfr\" \/>\n<meta name=\"twitter:card\" content=\"summary_large_image\" \/>\n<meta name=\"twitter:label1\" content=\"\u00c9crit par\" \/>\n\t<meta name=\"twitter:data1\" content=\"cfeditorfr\" \/>\n\t<meta name=\"twitter:label2\" content=\"Dur\u00e9e de lecture estim\u00e9e\" \/>\n\t<meta name=\"twitter:data2\" content=\"3 minutes\" \/>\n<script type=\"application\/ld+json\" class=\"yoast-schema-graph\">{\"@context\":\"https:\/\/schema.org\",\"@graph\":[{\"@type\":\"Article\",\"@id\":\"https:\/\/www.africa-press.net\/cotedivoire\/politique\/yopougon-sengage-a-100-pour-ouattara-en-2025#article\",\"isPartOf\":{\"@id\":\"https:\/\/www.africa-press.net\/cotedivoire\/politique\/yopougon-sengage-a-100-pour-ouattara-en-2025\"},\"author\":{\"name\":\"cfeditorfr\",\"@id\":\"https:\/\/www.africa-press.net\/cotedivoire\/#\/schema\/person\/2b1cf3cd81a31e3cd26889ca66d677f1\"},\"headline\":\"Yopougon S&rsquo;engage \u00e0 100 % Pour Ouattara en 2025\",\"datePublished\":\"2025-10-21T16:18:34+00:00\",\"dateModified\":\"2025-10-21T16:45:04+00:00\",\"mainEntityOfPage\":{\"@id\":\"https:\/\/www.africa-press.net\/cotedivoire\/politique\/yopougon-sengage-a-100-pour-ouattara-en-2025\"},\"wordCount\":678,\"commentCount\":0,\"image\":{\"@id\":\"https:\/\/www.africa-press.net\/cotedivoire\/politique\/yopougon-sengage-a-100-pour-ouattara-en-2025#primaryimage\"},\"thumbnailUrl\":\"https:\/\/static.africa-press.net\/cote\/sites\/43\/2025\/10\/sm_1761052303.467726.jpg\",\"keywords\":[\"Adama Bictogo\",\"Alassane Ouattara\",\"campagne\",\"communautaire\",\"C\u00d4TE D'IVOIRE\",\"\u00e9lectorale\",\"mobilisation\",\"Politique\",\"RHDP\",\"Yopougon\"],\"articleSection\":[\"Politique\",\"Toutes les actualit\u00e9s\"],\"inLanguage\":\"fr-FR\",\"potentialAction\":[{\"@type\":\"CommentAction\",\"name\":\"Comment\",\"target\":[\"https:\/\/www.africa-press.net\/cotedivoire\/politique\/yopougon-sengage-a-100-pour-ouattara-en-2025#respond\"]}]},{\"@type\":\"WebPage\",\"@id\":\"https:\/\/www.africa-press.net\/cotedivoire\/politique\/yopougon-sengage-a-100-pour-ouattara-en-2025\",\"url\":\"https:\/\/www.africa-press.net\/cotedivoire\/politique\/yopougon-sengage-a-100-pour-ouattara-en-2025\",\"name\":\"Yopougon S'engage \u00e0 100 % Pour Ouattara en 2025 - C\u00f4te d&#039;Ivoire\",\"isPartOf\":{\"@id\":\"https:\/\/www.africa-press.net\/cotedivoire\/#website\"},\"primaryImageOfPage\":{\"@id\":\"https:\/\/www.africa-press.net\/cotedivoire\/politique\/yopougon-sengage-a-100-pour-ouattara-en-2025#primaryimage\"},\"image\":{\"@id\":\"https:\/\/www.africa-press.net\/cotedivoire\/politique\/yopougon-sengage-a-100-pour-ouattara-en-2025#primaryimage\"},\"thumbnailUrl\":\"https:\/\/static.africa-press.net\/cote\/sites\/43\/2025\/10\/sm_1761052303.467726.jpg\",\"datePublished\":\"2025-10-21T16:18:34+00:00\",\"dateModified\":\"2025-10-21T16:45:04+00:00\",\"author\":{\"@id\":\"https:\/\/www.africa-press.net\/cotedivoire\/#\/schema\/person\/2b1cf3cd81a31e3cd26889ca66d677f1\"},\"description\":\"Le 20 octobre 2025, une vague d\u2019engagement populaire a de\u0301ferle\u0301 sur le quartier Ficgayo a\u0300 Yopougon, alors que le QG de ...\",\"breadcrumb\":{\"@id\":\"https:\/\/www.africa-press.net\/cotedivoire\/politique\/yopougon-sengage-a-100-pour-ouattara-en-2025#breadcrumb\"},\"inLanguage\":\"fr-FR\",\"potentialAction\":[{\"@type\":\"ReadAction\",\"target\":[\"https:\/\/www.africa-press.net\/cotedivoire\/politique\/yopougon-sengage-a-100-pour-ouattara-en-2025\"]}]},{\"@type\":\"ImageObject\",\"inLanguage\":\"fr-FR\",\"@id\":\"https:\/\/www.africa-press.net\/cotedivoire\/politique\/yopougon-sengage-a-100-pour-ouattara-en-2025#primaryimage\",\"url\":\"https:\/\/static.africa-press.net\/cote\/sites\/43\/2025\/10\/sm_1761052303.467726.jpg\",\"contentUrl\":\"https:\/\/static.africa-press.net\/cote\/sites\/43\/2025\/10\/sm_1761052303.467726.jpg\",\"width\":720,\"height\":346,\"caption\":\"Yopougon S'engage \u00e0 100 % Pour Ouattara en 2025\"},{\"@type\":\"BreadcrumbList\",\"@id\":\"https:\/\/www.africa-press.net\/cotedivoire\/politique\/yopougon-sengage-a-100-pour-ouattara-en-2025#breadcrumb\",\"itemListElement\":[{\"@type\":\"ListItem\",\"position\":1,\"name\":\"Accueil\",\"item\":\"https:\/\/www.africa-press.net\/cotedivoire\/\"},{\"@type\":\"ListItem\",\"position\":2,\"name\":\"Yopougon S&#8217;engage \u00e0 100 % Pour Ouattara en 2025\"}]},{\"@type\":\"WebSite\",\"@id\":\"https:\/\/www.africa-press.net\/cotedivoire\/#website\",\"url\":\"https:\/\/www.africa-press.net\/cotedivoire\/\",\"name\":\"C\u00f4te d&#039;Ivoire\",\"description\":\"Just another Africa News Agency Sites site\",\"potentialAction\":[{\"@type\":\"SearchAction\",\"target\":{\"@type\":\"EntryPoint\",\"urlTemplate\":\"https:\/\/www.africa-press.net\/cotedivoire\/?s={search_term_string}\"},\"query-input\":{\"@type\":\"PropertyValueSpecification\",\"valueRequired\":true,\"valueName\":\"search_term_string\"}}],\"inLanguage\":\"fr-FR\"},{\"@type\":\"Person\",\"@id\":\"https:\/\/www.africa-press.net\/cotedivoire\/#\/schema\/person\/2b1cf3cd81a31e3cd26889ca66d677f1\",\"name\":\"cfeditorfr\"}]}<\/script>\n<!-- \/ Yoast SEO Premium plugin. -->","yoast_head_json":{"title":"Yopougon S'engage \u00e0 100 % Pour Ouattara en 2025 - C\u00f4te d&#039;Ivoire","description":"Le 20 octobre 2025, une vague d\u2019engagement populaire a de\u0301ferle\u0301 sur le quartier Ficgayo a\u0300 Yopougon, alors que le QG de ...","robots":{"index":"index","follow":"follow","max-snippet":"max-snippet:-1","max-image-preview":"max-image-preview:large","max-video-preview":"max-video-preview:-1"},"canonical":"https:\/\/www.africa-press.net\/cotedivoire\/politique\/yopougon-sengage-a-100-pour-ouattara-en-2025","og_locale":"fr_FR","og_type":"article","og_title":"Yopougon S'engage \u00e0 100 % Pour Ouattara en 2025","og_description":"Le 20 octobre 2025, une vague d\u2019engagement populaire a de\u0301ferle\u0301 sur le quartier Ficgayo a\u0300 Yopougon, alors que le QG de ...","og_url":"https:\/\/www.africa-press.net\/cotedivoire\/politique\/yopougon-sengage-a-100-pour-ouattara-en-2025","og_site_name":"C\u00f4te d&#039;Ivoire","article_published_time":"2025-10-21T16:18:34+00:00","article_modified_time":"2025-10-21T16:45:04+00:00","og_image":[{"width":720,"height":346,"url":"https:\/\/static.africa-press.net\/cote\/sites\/43\/2025\/10\/sm_1761052303.467726.jpg","type":"image\/jpeg"}],"author":"cfeditorfr","twitter_card":"summary_large_image","twitter_misc":{"\u00c9crit par":"cfeditorfr","Dur\u00e9e de lecture estim\u00e9e":"3 minutes"},"schema":{"@context":"https:\/\/schema.org","@graph":[{"@type":"Article","@id":"https:\/\/www.africa-press.net\/cotedivoire\/politique\/yopougon-sengage-a-100-pour-ouattara-en-2025#article","isPartOf":{"@id":"https:\/\/www.africa-press.net\/cotedivoire\/politique\/yopougon-sengage-a-100-pour-ouattara-en-2025"},"author":{"name":"cfeditorfr","@id":"https:\/\/www.africa-press.net\/cotedivoire\/#\/schema\/person\/2b1cf3cd81a31e3cd26889ca66d677f1"},"headline":"Yopougon S&rsquo;engage \u00e0 100 % Pour Ouattara en 2025","datePublished":"2025-10-21T16:18:34+00:00","dateModified":"2025-10-21T16:45:04+00:00","mainEntityOfPage":{"@id":"https:\/\/www.africa-press.net\/cotedivoire\/politique\/yopougon-sengage-a-100-pour-ouattara-en-2025"},"wordCount":678,"commentCount":0,"image":{"@id":"https:\/\/www.africa-press.net\/cotedivoire\/politique\/yopougon-sengage-a-100-pour-ouattara-en-2025#primaryimage"},"thumbnailUrl":"https:\/\/static.africa-press.net\/cote\/sites\/43\/2025\/10\/sm_1761052303.467726.jpg","keywords":["Adama Bictogo","Alassane Ouattara","campagne","communautaire","C\u00d4TE D'IVOIRE","\u00e9lectorale","mobilisation","Politique","RHDP","Yopougon"],"articleSection":["Politique","Toutes les actualit\u00e9s"],"inLanguage":"fr-FR","potentialAction":[{"@type":"CommentAction","name":"Comment","target":["https:\/\/www.africa-press.net\/cotedivoire\/politique\/yopougon-sengage-a-100-pour-ouattara-en-2025#respond"]}]},{"@type":"WebPage","@id":"https:\/\/www.africa-press.net\/cotedivoire\/politique\/yopougon-sengage-a-100-pour-ouattara-en-2025","url":"https:\/\/www.africa-press.net\/cotedivoire\/politique\/yopougon-sengage-a-100-pour-ouattara-en-2025","name":"Yopougon S'engage \u00e0 100 % Pour Ouattara en 2025 - C\u00f4te d&#039;Ivoire","isPartOf":{"@id":"https:\/\/www.africa-press.net\/cotedivoire\/#website"},"primaryImageOfPage":{"@id":"https:\/\/www.africa-press.net\/cotedivoire\/politique\/yopougon-sengage-a-100-pour-ouattara-en-2025#primaryimage"},"image":{"@id":"https:\/\/www.africa-press.net\/cotedivoire\/politique\/yopougon-sengage-a-100-pour-ouattara-en-2025#primaryimage"},"thumbnailUrl":"https:\/\/static.africa-press.net\/cote\/sites\/43\/2025\/10\/sm_1761052303.467726.jpg","datePublished":"2025-10-21T16:18:34+00:00","dateModified":"2025-10-21T16:45:04+00:00","author":{"@id":"https:\/\/www.africa-press.net\/cotedivoire\/#\/schema\/person\/2b1cf3cd81a31e3cd26889ca66d677f1"},"description":"Le 20 octobre 2025, une vague d\u2019engagement populaire a de\u0301ferle\u0301 sur le quartier Ficgayo a\u0300 Yopougon, alors que le QG de ...","breadcrumb":{"@id":"https:\/\/www.africa-press.net\/cotedivoire\/politique\/yopougon-sengage-a-100-pour-ouattara-en-2025#breadcrumb"},"inLanguage":"fr-FR","potentialAction":[{"@type":"ReadAction","target":["https:\/\/www.africa-press.net\/cotedivoire\/politique\/yopougon-sengage-a-100-pour-ouattara-en-2025"]}]},{"@type":"ImageObject","inLanguage":"fr-FR","@id":"https:\/\/www.africa-press.net\/cotedivoire\/politique\/yopougon-sengage-a-100-pour-ouattara-en-2025#primaryimage","url":"https:\/\/static.africa-press.net\/cote\/sites\/43\/2025\/10\/sm_1761052303.467726.jpg","contentUrl":"https:\/\/static.africa-press.net\/cote\/sites\/43\/2025\/10\/sm_1761052303.467726.jpg","width":720,"height":346,"caption":"Yopougon S'engage \u00e0 100 % Pour Ouattara en 2025"},{"@type":"BreadcrumbList","@id":"https:\/\/www.africa-press.net\/cotedivoire\/politique\/yopougon-sengage-a-100-pour-ouattara-en-2025#breadcrumb","itemListElement":[{"@type":"ListItem","position":1,"name":"Accueil","item":"https:\/\/www.africa-press.net\/cotedivoire\/"},{"@type":"ListItem","position":2,"name":"Yopougon S&#8217;engage \u00e0 100 % Pour Ouattara en 2025"}]},{"@type":"WebSite","@id":"https:\/\/www.africa-press.net\/cotedivoire\/#website","url":"https:\/\/www.africa-press.net\/cotedivoire\/","name":"C\u00f4te d&#039;Ivoire","description":"Just another Africa News Agency Sites site","potentialAction":[{"@type":"SearchAction","target":{"@type":"EntryPoint","urlTemplate":"https:\/\/www.africa-press.net\/cotedivoire\/?s={search_term_string}"},"query-input":{"@type":"PropertyValueSpecification","valueRequired":true,"valueName":"search_term_string"}}],"inLanguage":"fr-FR"},{"@type":"Person","@id":"https:\/\/www.africa-press.net\/cotedivoire\/#\/schema\/person\/2b1cf3cd81a31e3cd26889ca66d677f1","name":"cfeditorfr"}]}},"_links":{"self":[{"href":"https:\/\/www.africa-press.net\/cotedivoire\/wp-json\/wp\/v2\/posts\/107196","targetHints":{"allow":["GET"]}}],"collection":[{"href":"https:\/\/www.africa-press.net\/cotedivoire\/wp-json\/wp\/v2\/posts"}],"about":[{"href":"https:\/\/www.africa-press.net\/cotedivoire\/wp-json\/wp\/v2\/types\/post"}],"author":[{"embeddable":true,"href":"https:\/\/www.africa-press.net\/cotedivoire\/wp-json\/wp\/v2\/users\/82"}],"replies":[{"embeddable":true,"href":"https:\/\/www.africa-press.net\/cotedivoire\/wp-json\/wp\/v2\/comments?post=107196"}],"version-history":[{"count":0,"href":"https:\/\/www.africa-press.net\/cotedivoire\/wp-json\/wp\/v2\/posts\/107196\/revisions"}],"wp:featuredmedia":[{"embeddable":true,"href":"https:\/\/www.africa-press.net\/cotedivoire\/wp-json\/wp\/v2\/media\/107195"}],"wp:attachment":[{"href":"https:\/\/www.africa-press.net\/cotedivoire\/wp-json\/wp\/v2\/media?parent=107196"}],"wp:term":[{"taxonomy":"category","embeddable":true,"href":"https:\/\/www.africa-press.net\/cotedivoire\/wp-json\/wp\/v2\/categories?post=107196"},{"taxonomy":"post_tag","embeddable":true,"href":"https:\/\/www.africa-press.net\/cotedivoire\/wp-json\/wp\/v2\/tags?post=107196"}],"curies":[{"name":"wp","href":"https:\/\/api.w.org\/{rel}","templated":true}]}}