{"id":107208,"date":"2025-10-21T16:19:50","date_gmt":"2025-10-21T16:19:50","guid":{"rendered":"https:\/\/www.africa-press.net\/cotedivoire\/politique\/cote-divoire-mobilisation-des-militants-rhdp-pour-la-presidentielle"},"modified":"2025-10-21T16:50:19","modified_gmt":"2025-10-21T16:50:19","slug":"cote-divoire-mobilisation-des-militants-rhdp-pour-la-presidentielle","status":"publish","type":"post","link":"https:\/\/www.africa-press.net\/cotedivoire\/politique\/cote-divoire-mobilisation-des-militants-rhdp-pour-la-presidentielle","title":{"rendered":"C\u00f4te d&rsquo;Ivoire Mobilisation des militants RHDP pour la pr\u00e9sidentielle"},"content":{"rendered":"<p><span style=\"color: #ff6600\"><strong>Africa-Press &#8211; C\u00f4te d&rsquo;Ivoire. <\/strong><\/span>Le lundi 20 octobre 2025, la commune du Plateau a vibre\u0301 au rythme d\u2019un imposant rassemblement du Rassemblement des Houphoue\u0308tistes pour la De\u0301mocratie et la Paix (RHDP). Organise\u0301 par Ouattara Dramane, plus connu sous les initiales OD, Directeur re\u0301gional de campagne pour la commune, ce meeting a rassemble\u0301 une foule enthousiaste, de\u0301termine\u0301e a\u0300 assurer la re\u0301e\u0301lection du pre\u0301sident Alassane Ouattara de\u0300s le premier tour de la pre\u0301sidentielle, pre\u0301vu pour le 25 octobre.<\/p>\n<p>La ce\u0301re\u0301monie s\u2019est tenue sous la pre\u0301sidence de Cisse\u0301 Ibrahim Bacongo, ministre-gouverneur du District autonome d\u2019Abidjan, secre\u0301taire exe\u0301cutif du RHDP et Directeur national adjoint de campagne. Sa pre\u0301sence a e\u0301te\u0301 salue\u0301e comme un gage de rigueur et d&rsquo;engagement politique. Le meeting a surpasse\u0301 toutes les attentes, tant par l\u2019ampleur de la mobilisation que par la qualite\u0301 des interventions.<\/p>\n<p>Dans une ambiance marque\u0301e par la ferveur militante, OD a exprime\u0301 sa profonde reconnaissance a\u0300 son \u00ab parrain politique \u00bb, le ministre Cisse\u0301 Bacongo, qu\u2019il a qualifie\u0301 de \u00ab source d\u2019inspiration \u00bb et d\u2019\u00ab exigeant mentor \u00bb. \u00ab J\u2019aime l\u2019exigence, car j\u2019aime le travail bien fait \u00bb, a-t-il affirme\u0301, saluant la rigueur et la constance de celui qu\u2019il conside\u0300re comme un mode\u0300le de leadership.<\/p>\n<p>OD a profite\u0301 de cette tribune pour rappeler les nombreuses re\u0301alisations du pre\u0301sident Ouattara dans la commune du Plateau, pre\u0301sente\u0301es comme des symboles forts du de\u0301veloppement national. Parmi elles, la Tour F, la plus haute d\u2019Afrique, la re\u0301novation du stade Fe\u0301lix Houphoue\u0308t-Boigny et la construction de la gare du futur me\u0301tro d\u2019Abidjan.<\/p>\n<p>Autant de projets qu\u2019il a attribue\u0301s a\u0300 la vision strate\u0301gique du chef de l\u2019E\u0301tat.<\/p>\n<p>Insistant sur l\u2019importance du scrutin du 25 octobre, OD a appele\u0301 les e\u0301lecteurs du Plateau a\u0300 une mobilisation sans faille: \u00ab Le Plateau doit e\u0302tre en te\u0302te des suffrages au niveau national \u00bb, a-t-il martele\u0301, s\u2019adressant directement aux 97 933 e\u0301lecteurs de la commune.<\/p>\n<p>Il a e\u0301galement salue\u0301 le ro\u0302le de\u0301terminant des femmes et des jeunes dans cette campagne. \u00ab Le pre\u0301sident l\u2019a dit: s\u2019il a accepte\u0301 ce mandat, c\u2019est pour vous, les jeunes, pour aller encore plus loin et garantir la paix. \u00bb<\/p>\n<p>Repre\u0301sentant les populations du Plateau, Fatou Konate\u0301 a affirme\u0301 leur soutien inde\u0301fectible a\u0300 Alassane Ouattara. Elle a invite\u0301 tous les militants a\u0300 retirer leurs cartes d\u2019e\u0301lecteurs afin d\u2019assurer une large victoire.<\/p>\n<p>\u00ab Nous sommes fiers du parcours du pre\u0301sident. Le Plateau sera au rendez-vous pour lui te\u0301moigner sa gratitude \u00bb, a-t-elle de\u0301clare\u0301.<\/p>\n<p>En conclusion, OD a lance\u0301 un dernier appel mobilisateur: \u00ab Le 25, personne ne doit rester a\u0300 la maison. Allons tous dire merci a\u0300 ce grand homme ! \u00bb<\/p>\n<p>Confiant et de\u0301termine\u0301, il a promis une victoire \u00ab e\u0301crasante \u00bb au Plateau, qu\u2019il conside\u0300re comme le plus beau cadeau que les militants puissent offrir au pre\u0301sident Ouattara. Ce meeting marque un tournant de\u0301cisif dans la dynamique e\u0301lectorale du RHDP, dont les troupes semblent plus que jamais pre\u0302tes a\u0300 faire triompher leur candidat.<\/p>\n<p><strong>Pour plus d&rsquo;informations et d&rsquo;analyses sur la <span style=\"color: #ff6600\">C\u00f4te d&rsquo;Ivoire<\/span>, suivez <span style=\"color: #ff6600\">Africa-Press<\/span><\/strong><\/p>\n","protected":false},"excerpt":{"rendered":"<p>Africa-Press &#8211; C\u00f4te d&rsquo;Ivoire. Le lundi 20 octobre 2025, la commune du Plateau a vibre\u0301 au rythme d\u2019un imposant rassemblement du Rassemblement des Houphoue\u0308tistes pour la De\u0301mocratie et la Paix (RHDP). Organise\u0301 par Ouattara Dramane, plus connu sous les initiales OD, Directeur re\u0301gional de campagne pour la commune, ce meeting a rassemble\u0301 une foule enthousiaste, [&hellip;]<\/p>\n","protected":false},"author":82,"featured_media":107207,"comment_status":"open","ping_status":"closed","sticky":false,"template":"","format":"standard","meta":{"footnotes":""},"categories":[2,10],"tags":[38,810,29,18556,7257,19274,7054,7026,527,60,371],"class_list":["post-107208","post","type-post","status-publish","format-standard","has-post-thumbnail","hentry","category-politique","category-toutes-les-actualites","tag-alassane-ouattara","tag-bacongo","tag-cote-divoire","tag-elections-2025","tag-ivoirienne","tag-jeunesse-engagee","tag-mobilisation","tag-od","tag-plateau","tag-politique","tag-rhdp"],"yoast_head":"<!-- This site is optimized with the Yoast SEO Premium plugin v26.1 (Yoast SEO v27.0) - https:\/\/yoast.com\/product\/yoast-seo-premium-wordpress\/ -->\n<title>C\u00f4te d&#039;Ivoire Mobilisation des militants RHDP pour la pr\u00e9sidentielle - C\u00f4te d&#039;Ivoire<\/title>\n<meta name=\"description\" content=\"Le lundi 20 octobre 2025, la commune du Plateau a vibre\u0301 au rythme d\u2019un imposant rassemblement du Rassemblement des Houp ...\" \/>\n<meta name=\"robots\" content=\"index, follow, max-snippet:-1, max-image-preview:large, max-video-preview:-1\" \/>\n<link rel=\"canonical\" href=\"https:\/\/www.africa-press.net\/cotedivoire\/politique\/cote-divoire-mobilisation-des-militants-rhdp-pour-la-presidentielle\" \/>\n<meta property=\"og:locale\" content=\"fr_FR\" \/>\n<meta property=\"og:type\" content=\"article\" \/>\n<meta property=\"og:title\" content=\"C\u00f4te d&#039;Ivoire Mobilisation des militants RHDP pour la pr\u00e9sidentielle\" \/>\n<meta property=\"og:description\" content=\"Le lundi 20 octobre 2025, la commune du Plateau a vibre\u0301 au rythme d\u2019un imposant rassemblement du Rassemblement des Houp ...\" \/>\n<meta property=\"og:url\" content=\"https:\/\/www.africa-press.net\/cotedivoire\/politique\/cote-divoire-mobilisation-des-militants-rhdp-pour-la-presidentielle\" \/>\n<meta property=\"og:site_name\" content=\"C\u00f4te d&#039;Ivoire\" \/>\n<meta property=\"article:published_time\" content=\"2025-10-21T16:19:50+00:00\" \/>\n<meta property=\"article:modified_time\" content=\"2025-10-21T16:50:19+00:00\" \/>\n<meta property=\"og:image\" content=\"https:\/\/static.africa-press.net\/cote\/sites\/43\/2025\/10\/sm_1761052365.500525.jpg\" \/>\n\t<meta property=\"og:image:width\" content=\"720\" \/>\n\t<meta property=\"og:image:height\" content=\"481\" \/>\n\t<meta property=\"og:image:type\" content=\"image\/jpeg\" \/>\n<meta name=\"author\" content=\"cfeditorfr\" \/>\n<meta name=\"twitter:card\" content=\"summary_large_image\" \/>\n<meta name=\"twitter:label1\" content=\"\u00c9crit par\" \/>\n\t<meta name=\"twitter:data1\" content=\"cfeditorfr\" \/>\n\t<meta name=\"twitter:label2\" content=\"Dur\u00e9e de lecture estim\u00e9e\" \/>\n\t<meta name=\"twitter:data2\" content=\"3 minutes\" \/>\n<script type=\"application\/ld+json\" class=\"yoast-schema-graph\">{\"@context\":\"https:\/\/schema.org\",\"@graph\":[{\"@type\":\"Article\",\"@id\":\"https:\/\/www.africa-press.net\/cotedivoire\/politique\/cote-divoire-mobilisation-des-militants-rhdp-pour-la-presidentielle#article\",\"isPartOf\":{\"@id\":\"https:\/\/www.africa-press.net\/cotedivoire\/politique\/cote-divoire-mobilisation-des-militants-rhdp-pour-la-presidentielle\"},\"author\":{\"name\":\"cfeditorfr\",\"@id\":\"https:\/\/www.africa-press.net\/cotedivoire\/#\/schema\/person\/2b1cf3cd81a31e3cd26889ca66d677f1\"},\"headline\":\"C\u00f4te d&rsquo;Ivoire Mobilisation des militants RHDP pour la pr\u00e9sidentielle\",\"datePublished\":\"2025-10-21T16:19:50+00:00\",\"dateModified\":\"2025-10-21T16:50:19+00:00\",\"mainEntityOfPage\":{\"@id\":\"https:\/\/www.africa-press.net\/cotedivoire\/politique\/cote-divoire-mobilisation-des-militants-rhdp-pour-la-presidentielle\"},\"wordCount\":564,\"commentCount\":0,\"image\":{\"@id\":\"https:\/\/www.africa-press.net\/cotedivoire\/politique\/cote-divoire-mobilisation-des-militants-rhdp-pour-la-presidentielle#primaryimage\"},\"thumbnailUrl\":\"https:\/\/static.africa-press.net\/cote\/sites\/43\/2025\/10\/sm_1761052365.500525.jpg\",\"keywords\":[\"Alassane Ouattara\",\"Bacongo\",\"C\u00d4TE D'IVOIRE\",\"\u00e9lections 2025\",\"ivoirienne\",\"jeunesse engag\u00e9e\",\"mobilisation\",\"OD\",\"Plateau\",\"Politique\",\"RHDP\"],\"articleSection\":[\"Politique\",\"Toutes les actualit\u00e9s\"],\"inLanguage\":\"fr-FR\",\"potentialAction\":[{\"@type\":\"CommentAction\",\"name\":\"Comment\",\"target\":[\"https:\/\/www.africa-press.net\/cotedivoire\/politique\/cote-divoire-mobilisation-des-militants-rhdp-pour-la-presidentielle#respond\"]}]},{\"@type\":\"WebPage\",\"@id\":\"https:\/\/www.africa-press.net\/cotedivoire\/politique\/cote-divoire-mobilisation-des-militants-rhdp-pour-la-presidentielle\",\"url\":\"https:\/\/www.africa-press.net\/cotedivoire\/politique\/cote-divoire-mobilisation-des-militants-rhdp-pour-la-presidentielle\",\"name\":\"C\u00f4te d'Ivoire Mobilisation des militants RHDP pour la pr\u00e9sidentielle - C\u00f4te d&#039;Ivoire\",\"isPartOf\":{\"@id\":\"https:\/\/www.africa-press.net\/cotedivoire\/#website\"},\"primaryImageOfPage\":{\"@id\":\"https:\/\/www.africa-press.net\/cotedivoire\/politique\/cote-divoire-mobilisation-des-militants-rhdp-pour-la-presidentielle#primaryimage\"},\"image\":{\"@id\":\"https:\/\/www.africa-press.net\/cotedivoire\/politique\/cote-divoire-mobilisation-des-militants-rhdp-pour-la-presidentielle#primaryimage\"},\"thumbnailUrl\":\"https:\/\/static.africa-press.net\/cote\/sites\/43\/2025\/10\/sm_1761052365.500525.jpg\",\"datePublished\":\"2025-10-21T16:19:50+00:00\",\"dateModified\":\"2025-10-21T16:50:19+00:00\",\"author\":{\"@id\":\"https:\/\/www.africa-press.net\/cotedivoire\/#\/schema\/person\/2b1cf3cd81a31e3cd26889ca66d677f1\"},\"description\":\"Le lundi 20 octobre 2025, la commune du Plateau a vibre\u0301 au rythme d\u2019un imposant rassemblement du Rassemblement des Houp ...\",\"breadcrumb\":{\"@id\":\"https:\/\/www.africa-press.net\/cotedivoire\/politique\/cote-divoire-mobilisation-des-militants-rhdp-pour-la-presidentielle#breadcrumb\"},\"inLanguage\":\"fr-FR\",\"potentialAction\":[{\"@type\":\"ReadAction\",\"target\":[\"https:\/\/www.africa-press.net\/cotedivoire\/politique\/cote-divoire-mobilisation-des-militants-rhdp-pour-la-presidentielle\"]}]},{\"@type\":\"ImageObject\",\"inLanguage\":\"fr-FR\",\"@id\":\"https:\/\/www.africa-press.net\/cotedivoire\/politique\/cote-divoire-mobilisation-des-militants-rhdp-pour-la-presidentielle#primaryimage\",\"url\":\"https:\/\/static.africa-press.net\/cote\/sites\/43\/2025\/10\/sm_1761052365.500525.jpg\",\"contentUrl\":\"https:\/\/static.africa-press.net\/cote\/sites\/43\/2025\/10\/sm_1761052365.500525.jpg\",\"width\":720,\"height\":481,\"caption\":\"C\u00f4te d'Ivoire Mobilisation des militants RHDP pour la pr\u00e9sidentielle\"},{\"@type\":\"BreadcrumbList\",\"@id\":\"https:\/\/www.africa-press.net\/cotedivoire\/politique\/cote-divoire-mobilisation-des-militants-rhdp-pour-la-presidentielle#breadcrumb\",\"itemListElement\":[{\"@type\":\"ListItem\",\"position\":1,\"name\":\"Accueil\",\"item\":\"https:\/\/www.africa-press.net\/cotedivoire\/\"},{\"@type\":\"ListItem\",\"position\":2,\"name\":\"C\u00f4te d&#8217;Ivoire Mobilisation des militants RHDP pour la pr\u00e9sidentielle\"}]},{\"@type\":\"WebSite\",\"@id\":\"https:\/\/www.africa-press.net\/cotedivoire\/#website\",\"url\":\"https:\/\/www.africa-press.net\/cotedivoire\/\",\"name\":\"C\u00f4te d&#039;Ivoire\",\"description\":\"Just another Africa News Agency Sites site\",\"potentialAction\":[{\"@type\":\"SearchAction\",\"target\":{\"@type\":\"EntryPoint\",\"urlTemplate\":\"https:\/\/www.africa-press.net\/cotedivoire\/?s={search_term_string}\"},\"query-input\":{\"@type\":\"PropertyValueSpecification\",\"valueRequired\":true,\"valueName\":\"search_term_string\"}}],\"inLanguage\":\"fr-FR\"},{\"@type\":\"Person\",\"@id\":\"https:\/\/www.africa-press.net\/cotedivoire\/#\/schema\/person\/2b1cf3cd81a31e3cd26889ca66d677f1\",\"name\":\"cfeditorfr\"}]}<\/script>\n<!-- \/ Yoast SEO Premium plugin. -->","yoast_head_json":{"title":"C\u00f4te d'Ivoire Mobilisation des militants RHDP pour la pr\u00e9sidentielle - C\u00f4te d&#039;Ivoire","description":"Le lundi 20 octobre 2025, la commune du Plateau a vibre\u0301 au rythme d\u2019un imposant rassemblement du Rassemblement des Houp ...","robots":{"index":"index","follow":"follow","max-snippet":"max-snippet:-1","max-image-preview":"max-image-preview:large","max-video-preview":"max-video-preview:-1"},"canonical":"https:\/\/www.africa-press.net\/cotedivoire\/politique\/cote-divoire-mobilisation-des-militants-rhdp-pour-la-presidentielle","og_locale":"fr_FR","og_type":"article","og_title":"C\u00f4te d'Ivoire Mobilisation des militants RHDP pour la pr\u00e9sidentielle","og_description":"Le lundi 20 octobre 2025, la commune du Plateau a vibre\u0301 au rythme d\u2019un imposant rassemblement du Rassemblement des Houp ...","og_url":"https:\/\/www.africa-press.net\/cotedivoire\/politique\/cote-divoire-mobilisation-des-militants-rhdp-pour-la-presidentielle","og_site_name":"C\u00f4te d&#039;Ivoire","article_published_time":"2025-10-21T16:19:50+00:00","article_modified_time":"2025-10-21T16:50:19+00:00","og_image":[{"width":720,"height":481,"url":"https:\/\/static.africa-press.net\/cote\/sites\/43\/2025\/10\/sm_1761052365.500525.jpg","type":"image\/jpeg"}],"author":"cfeditorfr","twitter_card":"summary_large_image","twitter_misc":{"\u00c9crit par":"cfeditorfr","Dur\u00e9e de lecture estim\u00e9e":"3 minutes"},"schema":{"@context":"https:\/\/schema.org","@graph":[{"@type":"Article","@id":"https:\/\/www.africa-press.net\/cotedivoire\/politique\/cote-divoire-mobilisation-des-militants-rhdp-pour-la-presidentielle#article","isPartOf":{"@id":"https:\/\/www.africa-press.net\/cotedivoire\/politique\/cote-divoire-mobilisation-des-militants-rhdp-pour-la-presidentielle"},"author":{"name":"cfeditorfr","@id":"https:\/\/www.africa-press.net\/cotedivoire\/#\/schema\/person\/2b1cf3cd81a31e3cd26889ca66d677f1"},"headline":"C\u00f4te d&rsquo;Ivoire Mobilisation des militants RHDP pour la pr\u00e9sidentielle","datePublished":"2025-10-21T16:19:50+00:00","dateModified":"2025-10-21T16:50:19+00:00","mainEntityOfPage":{"@id":"https:\/\/www.africa-press.net\/cotedivoire\/politique\/cote-divoire-mobilisation-des-militants-rhdp-pour-la-presidentielle"},"wordCount":564,"commentCount":0,"image":{"@id":"https:\/\/www.africa-press.net\/cotedivoire\/politique\/cote-divoire-mobilisation-des-militants-rhdp-pour-la-presidentielle#primaryimage"},"thumbnailUrl":"https:\/\/static.africa-press.net\/cote\/sites\/43\/2025\/10\/sm_1761052365.500525.jpg","keywords":["Alassane Ouattara","Bacongo","C\u00d4TE D'IVOIRE","\u00e9lections 2025","ivoirienne","jeunesse engag\u00e9e","mobilisation","OD","Plateau","Politique","RHDP"],"articleSection":["Politique","Toutes les actualit\u00e9s"],"inLanguage":"fr-FR","potentialAction":[{"@type":"CommentAction","name":"Comment","target":["https:\/\/www.africa-press.net\/cotedivoire\/politique\/cote-divoire-mobilisation-des-militants-rhdp-pour-la-presidentielle#respond"]}]},{"@type":"WebPage","@id":"https:\/\/www.africa-press.net\/cotedivoire\/politique\/cote-divoire-mobilisation-des-militants-rhdp-pour-la-presidentielle","url":"https:\/\/www.africa-press.net\/cotedivoire\/politique\/cote-divoire-mobilisation-des-militants-rhdp-pour-la-presidentielle","name":"C\u00f4te d'Ivoire Mobilisation des militants RHDP pour la pr\u00e9sidentielle - C\u00f4te d&#039;Ivoire","isPartOf":{"@id":"https:\/\/www.africa-press.net\/cotedivoire\/#website"},"primaryImageOfPage":{"@id":"https:\/\/www.africa-press.net\/cotedivoire\/politique\/cote-divoire-mobilisation-des-militants-rhdp-pour-la-presidentielle#primaryimage"},"image":{"@id":"https:\/\/www.africa-press.net\/cotedivoire\/politique\/cote-divoire-mobilisation-des-militants-rhdp-pour-la-presidentielle#primaryimage"},"thumbnailUrl":"https:\/\/static.africa-press.net\/cote\/sites\/43\/2025\/10\/sm_1761052365.500525.jpg","datePublished":"2025-10-21T16:19:50+00:00","dateModified":"2025-10-21T16:50:19+00:00","author":{"@id":"https:\/\/www.africa-press.net\/cotedivoire\/#\/schema\/person\/2b1cf3cd81a31e3cd26889ca66d677f1"},"description":"Le lundi 20 octobre 2025, la commune du Plateau a vibre\u0301 au rythme d\u2019un imposant rassemblement du Rassemblement des Houp ...","breadcrumb":{"@id":"https:\/\/www.africa-press.net\/cotedivoire\/politique\/cote-divoire-mobilisation-des-militants-rhdp-pour-la-presidentielle#breadcrumb"},"inLanguage":"fr-FR","potentialAction":[{"@type":"ReadAction","target":["https:\/\/www.africa-press.net\/cotedivoire\/politique\/cote-divoire-mobilisation-des-militants-rhdp-pour-la-presidentielle"]}]},{"@type":"ImageObject","inLanguage":"fr-FR","@id":"https:\/\/www.africa-press.net\/cotedivoire\/politique\/cote-divoire-mobilisation-des-militants-rhdp-pour-la-presidentielle#primaryimage","url":"https:\/\/static.africa-press.net\/cote\/sites\/43\/2025\/10\/sm_1761052365.500525.jpg","contentUrl":"https:\/\/static.africa-press.net\/cote\/sites\/43\/2025\/10\/sm_1761052365.500525.jpg","width":720,"height":481,"caption":"C\u00f4te d'Ivoire Mobilisation des militants RHDP pour la pr\u00e9sidentielle"},{"@type":"BreadcrumbList","@id":"https:\/\/www.africa-press.net\/cotedivoire\/politique\/cote-divoire-mobilisation-des-militants-rhdp-pour-la-presidentielle#breadcrumb","itemListElement":[{"@type":"ListItem","position":1,"name":"Accueil","item":"https:\/\/www.africa-press.net\/cotedivoire\/"},{"@type":"ListItem","position":2,"name":"C\u00f4te d&#8217;Ivoire Mobilisation des militants RHDP pour la pr\u00e9sidentielle"}]},{"@type":"WebSite","@id":"https:\/\/www.africa-press.net\/cotedivoire\/#website","url":"https:\/\/www.africa-press.net\/cotedivoire\/","name":"C\u00f4te d&#039;Ivoire","description":"Just another Africa News Agency Sites site","potentialAction":[{"@type":"SearchAction","target":{"@type":"EntryPoint","urlTemplate":"https:\/\/www.africa-press.net\/cotedivoire\/?s={search_term_string}"},"query-input":{"@type":"PropertyValueSpecification","valueRequired":true,"valueName":"search_term_string"}}],"inLanguage":"fr-FR"},{"@type":"Person","@id":"https:\/\/www.africa-press.net\/cotedivoire\/#\/schema\/person\/2b1cf3cd81a31e3cd26889ca66d677f1","name":"cfeditorfr"}]}},"_links":{"self":[{"href":"https:\/\/www.africa-press.net\/cotedivoire\/wp-json\/wp\/v2\/posts\/107208","targetHints":{"allow":["GET"]}}],"collection":[{"href":"https:\/\/www.africa-press.net\/cotedivoire\/wp-json\/wp\/v2\/posts"}],"about":[{"href":"https:\/\/www.africa-press.net\/cotedivoire\/wp-json\/wp\/v2\/types\/post"}],"author":[{"embeddable":true,"href":"https:\/\/www.africa-press.net\/cotedivoire\/wp-json\/wp\/v2\/users\/82"}],"replies":[{"embeddable":true,"href":"https:\/\/www.africa-press.net\/cotedivoire\/wp-json\/wp\/v2\/comments?post=107208"}],"version-history":[{"count":0,"href":"https:\/\/www.africa-press.net\/cotedivoire\/wp-json\/wp\/v2\/posts\/107208\/revisions"}],"wp:featuredmedia":[{"embeddable":true,"href":"https:\/\/www.africa-press.net\/cotedivoire\/wp-json\/wp\/v2\/media\/107207"}],"wp:attachment":[{"href":"https:\/\/www.africa-press.net\/cotedivoire\/wp-json\/wp\/v2\/media?parent=107208"}],"wp:term":[{"taxonomy":"category","embeddable":true,"href":"https:\/\/www.africa-press.net\/cotedivoire\/wp-json\/wp\/v2\/categories?post=107208"},{"taxonomy":"post_tag","embeddable":true,"href":"https:\/\/www.africa-press.net\/cotedivoire\/wp-json\/wp\/v2\/tags?post=107208"}],"curies":[{"name":"wp","href":"https:\/\/api.w.org\/{rel}","templated":true}]}}