{"id":107211,"date":"2025-10-21T16:20:14","date_gmt":"2025-10-21T16:20:14","guid":{"rendered":"https:\/\/www.africa-press.net\/cotedivoire\/politique\/gestion-infrastructures-sportives-ousmane-gbane-rassure"},"modified":"2025-10-21T16:50:34","modified_gmt":"2025-10-21T16:50:34","slug":"gestion-infrastructures-sportives-ousmane-gbane-rassure","status":"publish","type":"post","link":"https:\/\/www.africa-press.net\/cotedivoire\/sports\/gestion-infrastructures-sportives-ousmane-gbane-rassure","title":{"rendered":"Gestion Infrastructures Sportives Ousmane Gban\u00e9 Rassure"},"content":{"rendered":"<p><span style=\"color: #ff6600\"><strong>Africa-Press &#8211; C\u00f4te d&rsquo;Ivoire. <\/strong><\/span>Le Directeur Ge\u0301ne\u0301ral de l\u2019Office National des Sports (ONS), Ousmane Gbane\u0301 e\u0301tait face a\u0300 la presse le lundi 20 octobre 2025.<\/p>\n<p>Il s\u2019est prononce\u0301 sur trois (03) grands points, notamment, l\u2019e\u0301tat des infrastructures sportives ; Le financement et l\u2019organisation des compe\u0301titions ; L\u2019utilisation des infrastructures dans le cadre de la campagne e\u0301lectorale.<\/p>\n<p>Abordant la situation des infrastructures, le DG de l\u2019ONS a rappele\u0301 que le pays compte aujourd\u2019hui 50 infrastructures sportives, dont 30 construites a\u0300 la faveur de la CAN 2023.<\/p>\n<p>\u00ab Ces infrastructures sont bien entretenues. Seules trois, situe\u0301es a\u0300 l\u2019inte\u0301rieur du pays, pre\u0301sentent un faible niveau de fonctionnalite\u0301 \u00bb, a-t-il pre\u0301cise\u0301.<\/p>\n<p>M. Gbane\u0301 a e\u0301galement propose\u0301 une classification en quatre niveaux: Les infrastructures de haut niveau issues de la CAN 2023: 6 stades et 24 terrains d\u2019entrai\u0302nement ; Les infrastructures re\u0301gionales, construites dans le cadre des fe\u0302tes tournantes de l\u2019inde\u0301pendance ; Les infrastructures de proximite\u0301, appele\u0301es Agoras, dont 4 sont de\u0301ja\u0300 livre\u0301es et plusieurs autres en cours d\u2019ache\u0300vement.<\/p>\n<p>Le DG a explique\u0301 que leur gestion repose sur deux approches: la gestion directe par l\u2019ONS ou la de\u0301le\u0301gation a\u0300 des tiers via des conventions.<\/p>\n<p>Entre septembre 2024 et octobre 2025, les infrastructures ge\u0301re\u0301es par l\u2019ONS ont accueilli plus d\u2019une quarantaine de compe\u0301titions, parmi lesquelles 11 ont e\u0301te\u0301 directement finance\u0301es par l\u2019E\u0301tat ivoirien.<\/p>\n<p>\u00ab Je tiens a\u0300 saluer l\u2019effort du gouvernement, qui continue de soutenir les compe\u0301titions sportives nationales et internationales, me\u0302me en cette pe\u0301riode de campagne e\u0301lectorale \u00bb , a-t-il de\u0301clare\u0301.<\/p>\n<p>Concernant la mise a\u0300 disposition des infrastructures pendant la campagne e\u0301lectorale, le Directeur Ge\u0301ne\u0301ral a indique\u0301 que tous les candidats peuvent y tenir leurs meetings, sous re\u0301serve de disponibilite\u0301 et dans le respect des conditions de location fixe\u0301es par le Conseil de Gestion.<\/p>\n<p>Interroge\u0301 sur l\u2019e\u0301tat de la pelouse du Stade Olympique Alassane Ouattara d\u2019Ebimpe\u0301, M. Gbane\u0301 a e\u0301te\u0301 formel:<\/p>\n<p>\u00ab La pelouse du stade d\u2019Ebimpe\u0301 n\u2019a aucun proble\u0300me. Le match du 14 octobre dernier s\u2019est joue\u0301 sous 38 millime\u0300tres de pluie tombe\u0301s en 24 minutes, ce qui explique les flaques d\u2019eau observe\u0301es ce jour-la\u0300. \u00bb<\/p>\n<p>Parmi les grands chantiers a\u0300 venir, le DG a cite\u0301: La construction de 7 nouvelles Agoras, livrables d\u2019ici de\u0301cembre 2026 ; Les deux piscines olympiques d\u2019Abobo et de Yopougon, pre\u0301vues pour fin 2026 ; Le nouveau sie\u0300ge de l\u2019ONS, en construction au Plateau, dont la livraison est pre\u0301vue pour mars 2026 ; Et enfin, le projet emble\u0301matique de la Cite\u0301 Olympique d\u2019Ebimpe\u0301, un complexe de 140 hectares inte\u0301grant une are\u0301na et un e\u0301cosyste\u0300me sportif complet.<\/p>\n<p>M. Ousmane Gbane\u0301 a re\u0301affirme\u0301 la de\u0301termination de l\u2019E\u0301tat a\u0300 poursuivre le financement des compe\u0301titions sportives, y compris celles non pre\u0301vues initialement dans le budget, afin de maintenir la dynamique enclenche\u0301e depuis la CAN 2023, rele\u0300ve une note de l\u2019ONS.<\/p>\n<p><strong>Pour plus d&rsquo;informations et d&rsquo;analyses sur la <span style=\"color: #ff6600\">C\u00f4te d&rsquo;Ivoire<\/span>, suivez <span style=\"color: #ff6600\">Africa-Press<\/span><\/strong><\/p>\n","protected":false},"excerpt":{"rendered":"<p>Africa-Press &#8211; C\u00f4te d&rsquo;Ivoire. Le Directeur Ge\u0301ne\u0301ral de l\u2019Office National des Sports (ONS), Ousmane Gbane\u0301 e\u0301tait face a\u0300 la presse le lundi 20 octobre 2025. Il s\u2019est prononce\u0301 sur trois (03) grands points, notamment, l\u2019e\u0301tat des infrastructures sportives ; Le financement et l\u2019organisation des compe\u0301titions ; L\u2019utilisation des infrastructures dans le cadre de la campagne [&hellip;]<\/p>\n","protected":false},"author":82,"featured_media":107209,"comment_status":"open","ping_status":"closed","sticky":false,"template":"","format":"standard","meta":{"footnotes":""},"categories":[6,10],"tags":[2113,29,1412,2780,2781,11330,2779],"class_list":["post-107211","post","type-post","status-publish","format-standard","has-post-thumbnail","hentry","category-sports","category-toutes-les-actualites","tag-can-2023","tag-cote-divoire","tag-ebimpe","tag-infrastructures","tag-ons","tag-ousmane-gbane","tag-sportives"],"yoast_head":"<!-- This site is optimized with the Yoast SEO Premium plugin v26.1 (Yoast SEO v27.0) - https:\/\/yoast.com\/product\/yoast-seo-premium-wordpress\/ -->\n<title>Gestion Infrastructures Sportives Ousmane Gban\u00e9 Rassure - C\u00f4te d&#039;Ivoire<\/title>\n<meta name=\"description\" content=\"Le Directeur Ge\u0301ne\u0301ral de l\u2019Office National des Sports (ONS), Ousmane Gbane\u0301 e\u0301tait face a\u0300 la presse le lundi 20 octobr ...\" \/>\n<meta name=\"robots\" content=\"index, follow, max-snippet:-1, max-image-preview:large, max-video-preview:-1\" \/>\n<link rel=\"canonical\" href=\"https:\/\/www.africa-press.net\/cotedivoire\/sports\/gestion-infrastructures-sportives-ousmane-gbane-rassure\" \/>\n<meta property=\"og:locale\" content=\"fr_FR\" \/>\n<meta property=\"og:type\" content=\"article\" \/>\n<meta property=\"og:title\" content=\"Gestion Infrastructures Sportives Ousmane Gban\u00e9 Rassure\" \/>\n<meta property=\"og:description\" content=\"Le Directeur Ge\u0301ne\u0301ral de l\u2019Office National des Sports (ONS), Ousmane Gbane\u0301 e\u0301tait face a\u0300 la presse le lundi 20 octobr ...\" \/>\n<meta property=\"og:url\" content=\"https:\/\/www.africa-press.net\/cotedivoire\/sports\/gestion-infrastructures-sportives-ousmane-gbane-rassure\" \/>\n<meta property=\"og:site_name\" content=\"C\u00f4te d&#039;Ivoire\" \/>\n<meta property=\"article:published_time\" content=\"2025-10-21T16:20:14+00:00\" \/>\n<meta property=\"article:modified_time\" content=\"2025-10-21T16:50:34+00:00\" \/>\n<meta property=\"og:image\" content=\"https:\/\/static.africa-press.net\/cote\/sites\/43\/2025\/10\/sm_1761052380.885587.jpg\" \/>\n\t<meta property=\"og:image:width\" content=\"720\" \/>\n\t<meta property=\"og:image:height\" content=\"355\" \/>\n\t<meta property=\"og:image:type\" content=\"image\/jpeg\" \/>\n<meta name=\"author\" content=\"cfeditorfr\" \/>\n<meta name=\"twitter:card\" content=\"summary_large_image\" \/>\n<meta name=\"twitter:label1\" content=\"\u00c9crit par\" \/>\n\t<meta name=\"twitter:data1\" content=\"cfeditorfr\" \/>\n\t<meta name=\"twitter:label2\" content=\"Dur\u00e9e de lecture estim\u00e9e\" \/>\n\t<meta name=\"twitter:data2\" content=\"3 minutes\" \/>\n<script type=\"application\/ld+json\" class=\"yoast-schema-graph\">{\"@context\":\"https:\/\/schema.org\",\"@graph\":[{\"@type\":\"Article\",\"@id\":\"https:\/\/www.africa-press.net\/cotedivoire\/sports\/gestion-infrastructures-sportives-ousmane-gbane-rassure#article\",\"isPartOf\":{\"@id\":\"https:\/\/www.africa-press.net\/cotedivoire\/sports\/gestion-infrastructures-sportives-ousmane-gbane-rassure\"},\"author\":{\"name\":\"cfeditorfr\",\"@id\":\"https:\/\/www.africa-press.net\/cotedivoire\/#\/schema\/person\/2b1cf3cd81a31e3cd26889ca66d677f1\"},\"headline\":\"Gestion Infrastructures Sportives Ousmane Gban\u00e9 Rassure\",\"datePublished\":\"2025-10-21T16:20:14+00:00\",\"dateModified\":\"2025-10-21T16:50:34+00:00\",\"mainEntityOfPage\":{\"@id\":\"https:\/\/www.africa-press.net\/cotedivoire\/sports\/gestion-infrastructures-sportives-ousmane-gbane-rassure\"},\"wordCount\":531,\"commentCount\":0,\"image\":{\"@id\":\"https:\/\/www.africa-press.net\/cotedivoire\/sports\/gestion-infrastructures-sportives-ousmane-gbane-rassure#primaryimage\"},\"thumbnailUrl\":\"https:\/\/static.africa-press.net\/cote\/sites\/43\/2025\/10\/sm_1761052380.885587.jpg\",\"keywords\":[\"CAN 2023\",\"C\u00d4TE D'IVOIRE\",\"Ebimp\u00e9\",\"infrastructures\",\"ONS\",\"Ousmane Gban\u00e9\",\"sportives\"],\"articleSection\":[\"Sports\",\"Toutes les actualit\u00e9s\"],\"inLanguage\":\"fr-FR\",\"potentialAction\":[{\"@type\":\"CommentAction\",\"name\":\"Comment\",\"target\":[\"https:\/\/www.africa-press.net\/cotedivoire\/sports\/gestion-infrastructures-sportives-ousmane-gbane-rassure#respond\"]}]},{\"@type\":\"WebPage\",\"@id\":\"https:\/\/www.africa-press.net\/cotedivoire\/sports\/gestion-infrastructures-sportives-ousmane-gbane-rassure\",\"url\":\"https:\/\/www.africa-press.net\/cotedivoire\/sports\/gestion-infrastructures-sportives-ousmane-gbane-rassure\",\"name\":\"Gestion Infrastructures Sportives Ousmane Gban\u00e9 Rassure - C\u00f4te d&#039;Ivoire\",\"isPartOf\":{\"@id\":\"https:\/\/www.africa-press.net\/cotedivoire\/#website\"},\"primaryImageOfPage\":{\"@id\":\"https:\/\/www.africa-press.net\/cotedivoire\/sports\/gestion-infrastructures-sportives-ousmane-gbane-rassure#primaryimage\"},\"image\":{\"@id\":\"https:\/\/www.africa-press.net\/cotedivoire\/sports\/gestion-infrastructures-sportives-ousmane-gbane-rassure#primaryimage\"},\"thumbnailUrl\":\"https:\/\/static.africa-press.net\/cote\/sites\/43\/2025\/10\/sm_1761052380.885587.jpg\",\"datePublished\":\"2025-10-21T16:20:14+00:00\",\"dateModified\":\"2025-10-21T16:50:34+00:00\",\"author\":{\"@id\":\"https:\/\/www.africa-press.net\/cotedivoire\/#\/schema\/person\/2b1cf3cd81a31e3cd26889ca66d677f1\"},\"description\":\"Le Directeur Ge\u0301ne\u0301ral de l\u2019Office National des Sports (ONS), Ousmane Gbane\u0301 e\u0301tait face a\u0300 la presse le lundi 20 octobr ...\",\"breadcrumb\":{\"@id\":\"https:\/\/www.africa-press.net\/cotedivoire\/sports\/gestion-infrastructures-sportives-ousmane-gbane-rassure#breadcrumb\"},\"inLanguage\":\"fr-FR\",\"potentialAction\":[{\"@type\":\"ReadAction\",\"target\":[\"https:\/\/www.africa-press.net\/cotedivoire\/sports\/gestion-infrastructures-sportives-ousmane-gbane-rassure\"]}]},{\"@type\":\"ImageObject\",\"inLanguage\":\"fr-FR\",\"@id\":\"https:\/\/www.africa-press.net\/cotedivoire\/sports\/gestion-infrastructures-sportives-ousmane-gbane-rassure#primaryimage\",\"url\":\"https:\/\/static.africa-press.net\/cote\/sites\/43\/2025\/10\/sm_1761052380.885587.jpg\",\"contentUrl\":\"https:\/\/static.africa-press.net\/cote\/sites\/43\/2025\/10\/sm_1761052380.885587.jpg\",\"width\":720,\"height\":355,\"caption\":\"Gestion Infrastructures Sportives Ousmane Gban\u00e9 Rassure\"},{\"@type\":\"BreadcrumbList\",\"@id\":\"https:\/\/www.africa-press.net\/cotedivoire\/sports\/gestion-infrastructures-sportives-ousmane-gbane-rassure#breadcrumb\",\"itemListElement\":[{\"@type\":\"ListItem\",\"position\":1,\"name\":\"Accueil\",\"item\":\"https:\/\/www.africa-press.net\/cotedivoire\/\"},{\"@type\":\"ListItem\",\"position\":2,\"name\":\"Gestion Infrastructures Sportives Ousmane Gban\u00e9 Rassure\"}]},{\"@type\":\"WebSite\",\"@id\":\"https:\/\/www.africa-press.net\/cotedivoire\/#website\",\"url\":\"https:\/\/www.africa-press.net\/cotedivoire\/\",\"name\":\"C\u00f4te d&#039;Ivoire\",\"description\":\"Just another Africa News Agency Sites site\",\"potentialAction\":[{\"@type\":\"SearchAction\",\"target\":{\"@type\":\"EntryPoint\",\"urlTemplate\":\"https:\/\/www.africa-press.net\/cotedivoire\/?s={search_term_string}\"},\"query-input\":{\"@type\":\"PropertyValueSpecification\",\"valueRequired\":true,\"valueName\":\"search_term_string\"}}],\"inLanguage\":\"fr-FR\"},{\"@type\":\"Person\",\"@id\":\"https:\/\/www.africa-press.net\/cotedivoire\/#\/schema\/person\/2b1cf3cd81a31e3cd26889ca66d677f1\",\"name\":\"cfeditorfr\"}]}<\/script>\n<!-- \/ Yoast SEO Premium plugin. -->","yoast_head_json":{"title":"Gestion Infrastructures Sportives Ousmane Gban\u00e9 Rassure - C\u00f4te d&#039;Ivoire","description":"Le Directeur Ge\u0301ne\u0301ral de l\u2019Office National des Sports (ONS), Ousmane Gbane\u0301 e\u0301tait face a\u0300 la presse le lundi 20 octobr ...","robots":{"index":"index","follow":"follow","max-snippet":"max-snippet:-1","max-image-preview":"max-image-preview:large","max-video-preview":"max-video-preview:-1"},"canonical":"https:\/\/www.africa-press.net\/cotedivoire\/sports\/gestion-infrastructures-sportives-ousmane-gbane-rassure","og_locale":"fr_FR","og_type":"article","og_title":"Gestion Infrastructures Sportives Ousmane Gban\u00e9 Rassure","og_description":"Le Directeur Ge\u0301ne\u0301ral de l\u2019Office National des Sports (ONS), Ousmane Gbane\u0301 e\u0301tait face a\u0300 la presse le lundi 20 octobr ...","og_url":"https:\/\/www.africa-press.net\/cotedivoire\/sports\/gestion-infrastructures-sportives-ousmane-gbane-rassure","og_site_name":"C\u00f4te d&#039;Ivoire","article_published_time":"2025-10-21T16:20:14+00:00","article_modified_time":"2025-10-21T16:50:34+00:00","og_image":[{"width":720,"height":355,"url":"https:\/\/static.africa-press.net\/cote\/sites\/43\/2025\/10\/sm_1761052380.885587.jpg","type":"image\/jpeg"}],"author":"cfeditorfr","twitter_card":"summary_large_image","twitter_misc":{"\u00c9crit par":"cfeditorfr","Dur\u00e9e de lecture estim\u00e9e":"3 minutes"},"schema":{"@context":"https:\/\/schema.org","@graph":[{"@type":"Article","@id":"https:\/\/www.africa-press.net\/cotedivoire\/sports\/gestion-infrastructures-sportives-ousmane-gbane-rassure#article","isPartOf":{"@id":"https:\/\/www.africa-press.net\/cotedivoire\/sports\/gestion-infrastructures-sportives-ousmane-gbane-rassure"},"author":{"name":"cfeditorfr","@id":"https:\/\/www.africa-press.net\/cotedivoire\/#\/schema\/person\/2b1cf3cd81a31e3cd26889ca66d677f1"},"headline":"Gestion Infrastructures Sportives Ousmane Gban\u00e9 Rassure","datePublished":"2025-10-21T16:20:14+00:00","dateModified":"2025-10-21T16:50:34+00:00","mainEntityOfPage":{"@id":"https:\/\/www.africa-press.net\/cotedivoire\/sports\/gestion-infrastructures-sportives-ousmane-gbane-rassure"},"wordCount":531,"commentCount":0,"image":{"@id":"https:\/\/www.africa-press.net\/cotedivoire\/sports\/gestion-infrastructures-sportives-ousmane-gbane-rassure#primaryimage"},"thumbnailUrl":"https:\/\/static.africa-press.net\/cote\/sites\/43\/2025\/10\/sm_1761052380.885587.jpg","keywords":["CAN 2023","C\u00d4TE D'IVOIRE","Ebimp\u00e9","infrastructures","ONS","Ousmane Gban\u00e9","sportives"],"articleSection":["Sports","Toutes les actualit\u00e9s"],"inLanguage":"fr-FR","potentialAction":[{"@type":"CommentAction","name":"Comment","target":["https:\/\/www.africa-press.net\/cotedivoire\/sports\/gestion-infrastructures-sportives-ousmane-gbane-rassure#respond"]}]},{"@type":"WebPage","@id":"https:\/\/www.africa-press.net\/cotedivoire\/sports\/gestion-infrastructures-sportives-ousmane-gbane-rassure","url":"https:\/\/www.africa-press.net\/cotedivoire\/sports\/gestion-infrastructures-sportives-ousmane-gbane-rassure","name":"Gestion Infrastructures Sportives Ousmane Gban\u00e9 Rassure - C\u00f4te d&#039;Ivoire","isPartOf":{"@id":"https:\/\/www.africa-press.net\/cotedivoire\/#website"},"primaryImageOfPage":{"@id":"https:\/\/www.africa-press.net\/cotedivoire\/sports\/gestion-infrastructures-sportives-ousmane-gbane-rassure#primaryimage"},"image":{"@id":"https:\/\/www.africa-press.net\/cotedivoire\/sports\/gestion-infrastructures-sportives-ousmane-gbane-rassure#primaryimage"},"thumbnailUrl":"https:\/\/static.africa-press.net\/cote\/sites\/43\/2025\/10\/sm_1761052380.885587.jpg","datePublished":"2025-10-21T16:20:14+00:00","dateModified":"2025-10-21T16:50:34+00:00","author":{"@id":"https:\/\/www.africa-press.net\/cotedivoire\/#\/schema\/person\/2b1cf3cd81a31e3cd26889ca66d677f1"},"description":"Le Directeur Ge\u0301ne\u0301ral de l\u2019Office National des Sports (ONS), Ousmane Gbane\u0301 e\u0301tait face a\u0300 la presse le lundi 20 octobr ...","breadcrumb":{"@id":"https:\/\/www.africa-press.net\/cotedivoire\/sports\/gestion-infrastructures-sportives-ousmane-gbane-rassure#breadcrumb"},"inLanguage":"fr-FR","potentialAction":[{"@type":"ReadAction","target":["https:\/\/www.africa-press.net\/cotedivoire\/sports\/gestion-infrastructures-sportives-ousmane-gbane-rassure"]}]},{"@type":"ImageObject","inLanguage":"fr-FR","@id":"https:\/\/www.africa-press.net\/cotedivoire\/sports\/gestion-infrastructures-sportives-ousmane-gbane-rassure#primaryimage","url":"https:\/\/static.africa-press.net\/cote\/sites\/43\/2025\/10\/sm_1761052380.885587.jpg","contentUrl":"https:\/\/static.africa-press.net\/cote\/sites\/43\/2025\/10\/sm_1761052380.885587.jpg","width":720,"height":355,"caption":"Gestion Infrastructures Sportives Ousmane Gban\u00e9 Rassure"},{"@type":"BreadcrumbList","@id":"https:\/\/www.africa-press.net\/cotedivoire\/sports\/gestion-infrastructures-sportives-ousmane-gbane-rassure#breadcrumb","itemListElement":[{"@type":"ListItem","position":1,"name":"Accueil","item":"https:\/\/www.africa-press.net\/cotedivoire\/"},{"@type":"ListItem","position":2,"name":"Gestion Infrastructures Sportives Ousmane Gban\u00e9 Rassure"}]},{"@type":"WebSite","@id":"https:\/\/www.africa-press.net\/cotedivoire\/#website","url":"https:\/\/www.africa-press.net\/cotedivoire\/","name":"C\u00f4te d&#039;Ivoire","description":"Just another Africa News Agency Sites site","potentialAction":[{"@type":"SearchAction","target":{"@type":"EntryPoint","urlTemplate":"https:\/\/www.africa-press.net\/cotedivoire\/?s={search_term_string}"},"query-input":{"@type":"PropertyValueSpecification","valueRequired":true,"valueName":"search_term_string"}}],"inLanguage":"fr-FR"},{"@type":"Person","@id":"https:\/\/www.africa-press.net\/cotedivoire\/#\/schema\/person\/2b1cf3cd81a31e3cd26889ca66d677f1","name":"cfeditorfr"}]}},"_links":{"self":[{"href":"https:\/\/www.africa-press.net\/cotedivoire\/wp-json\/wp\/v2\/posts\/107211","targetHints":{"allow":["GET"]}}],"collection":[{"href":"https:\/\/www.africa-press.net\/cotedivoire\/wp-json\/wp\/v2\/posts"}],"about":[{"href":"https:\/\/www.africa-press.net\/cotedivoire\/wp-json\/wp\/v2\/types\/post"}],"author":[{"embeddable":true,"href":"https:\/\/www.africa-press.net\/cotedivoire\/wp-json\/wp\/v2\/users\/82"}],"replies":[{"embeddable":true,"href":"https:\/\/www.africa-press.net\/cotedivoire\/wp-json\/wp\/v2\/comments?post=107211"}],"version-history":[{"count":0,"href":"https:\/\/www.africa-press.net\/cotedivoire\/wp-json\/wp\/v2\/posts\/107211\/revisions"}],"wp:featuredmedia":[{"embeddable":true,"href":"https:\/\/www.africa-press.net\/cotedivoire\/wp-json\/wp\/v2\/media\/107209"}],"wp:attachment":[{"href":"https:\/\/www.africa-press.net\/cotedivoire\/wp-json\/wp\/v2\/media?parent=107211"}],"wp:term":[{"taxonomy":"category","embeddable":true,"href":"https:\/\/www.africa-press.net\/cotedivoire\/wp-json\/wp\/v2\/categories?post=107211"},{"taxonomy":"post_tag","embeddable":true,"href":"https:\/\/www.africa-press.net\/cotedivoire\/wp-json\/wp\/v2\/tags?post=107211"}],"curies":[{"name":"wp","href":"https:\/\/api.w.org\/{rel}","templated":true}]}}