{"id":10733,"date":"2021-08-01T16:02:23","date_gmt":"2021-08-01T16:02:23","guid":{"rendered":"https:\/\/www.africa-press.net\/cotedivoire\/?p=10733"},"modified":"2021-08-01T18:54:04","modified_gmt":"2021-08-01T18:54:04","slug":"cote-divoire-ouattara-et-gbagbo-preferent-linjustice-au-desordre","status":"publish","type":"post","link":"https:\/\/www.africa-press.net\/cotedivoire\/dossiers\/cote-divoire-ouattara-et-gbagbo-preferent-linjustice-au-desordre","title":{"rendered":"Ouattara et Gbagbo\u00a0\u00ab\u00a0pr\u00e9f\u00e8rent l\u2019injustice au d\u00e9sordre\u00a0\u00bb"},"content":{"rendered":"<p><span style=\"color: #ff6600\"><strong><a href=\"https:\/\/www.africa-press.net\/\">Africa-Press<\/a> &#8211; <a href=\"https:\/\/www.africa-press.net\/cotedivoire\">C\u00f4te d&rsquo;Ivoire<\/a>. <\/strong><\/span>Derri\u00e8re les images des deux anciens rivaux tout sourires, c\u2019est bien plus qu\u2019une r\u00e9conciliation qui se joue. Si, pour l\u2019un comme pour l\u2019autre, la rencontre du 27 juillet vise \u00e0 tourner la page, elle n\u2019est pas exempte d\u2019arri\u00e8re-pens\u00e9es plus politiciennes.<\/p>\n<p>Alassane Ouattara a donc re\u00e7u Laurent Gbagbo le 27 juillet. Entretien de 30 minutes qualifi\u00e9 de \u00ab fraternel et cordial \u00bb, ce dont attestent les images des deux protagonistes main dans la main, de m\u00eame que leur connivence et leurs sourires lors du point de presse qui a suivi. Les deux ont fait assaut d\u2019amabilit\u00e9s, et aucune question n\u2019est venue des journalistes, comme t\u00e9tanis\u00e9s par la sc\u00e8ne.<\/p>\n<p>L\u2019actuel pr\u00e9sident veut-il ainsi rendre justice \u00e0 son pr\u00e9d\u00e9cesseur ? Et lui redonner (toute) sa place sur l\u2019\u00e9chiquier politique ? Pas s\u00fbr. Ouattara avait d\u00e9j\u00e0 restaur\u00e9 Gbagbo dans les droits et pensions auxquels il est \u00e9ligible en tant qu\u2019ancien chef d\u2019\u00c9tat, pour un montant de plusieurs milliards de F CFA. Dans une volont\u00e9 de le cantonner \u00e0 ce r\u00f4le d\u2019ex-, retrait\u00e9 de la politique active ? Ce rapprochement avec Gbagbo pourrait \u00eatre surtout pour Ouattara une tentative de neutralisation. Afin de giscardiser Gbagbo. C\u2019est-\u00e0-dire en faire le pr\u00e9sident d\u2019un seul mandat, qui ne pourra jamais revenir en effectuer un second.<\/p>\n<p><b>Trois victoires<\/b><\/p>\n<p>\u00c0 cet \u00e9gard, Ouattara consid\u00e8re que le long mandat de dix ans de Gbagbo, qui n\u2019a pas pu organiser d\u2019\u00e9lection pr\u00e9sidentielle pour cause de r\u00e9bellion arm\u00e9e dans la partie nord du pays, compte pour deux. Alors que Gbagbo, qui se repr\u00e9sentait en 2010, estime qu\u2019il n\u2019en a fait qu\u2019un seul. Giscardisation ? En mai 1981, apr\u00e8s avoir \u00e9t\u00e9 battu \u00e0 la fin d\u2019un seul septennat, le pr\u00e9sident fran\u00e7ais Val\u00e9ry Giscard d\u2019Estaing apparaissait \u00e0 la t\u00e9l\u00e9vision dans une morne adresse toute en raideur, boucl\u00e9e par un bizarre \u00ab au revoir \u00bb, o\u00f9 il se levait de sa chaise pour sortir de l\u2019\u00e9cran. Cet \u00ab au revoir \u00bb fut, en d\u00e9finitive, un adieu. Alors, \u00ab le Christ de Mama \u00bb en voie de giscardisation par Ouattara ? On en est (encore) loin. Et l\u2019int\u00e9ress\u00e9 s\u2019y refusera de toute sa force de strat\u00e8ge politique, qui est grande.<\/p>\n<p>Si Simone Ehivet veut concourir \u00e0 la pr\u00e9sidentielle de 2025, ce sera sans lui comme tremplin En 2021, Gbagbo a obtenu une triple victoire. Juridique, politique et symbolique. Victoire judiciaire avec la confirmation de son non-lieu devant la Cour p\u00e9nale internationale, qui fait d\u00e9sormais une v\u00e9tille de sa condamnation \u00e0 vingt ans de prison en C\u00f4te d\u2019Ivoire pour le braquage de la Banque centrale des \u00c9tats de l\u2019Afrique de l\u2019Ouest (BCEAO) d\u2019Abidjan, que plus personne n\u2019\u00e9voque.<\/p>\n<p>Victoire politique pour avoir \u00e9t\u00e9 pr\u00e9sent aux l\u00e9gislatives \u2013 apr\u00e8s le boycott de la pr\u00e9sidentielle \u2013 avec sa coalition et avoir r\u00e9ussi \u00e0 constituer un groupe parlementaire \u00e0 l\u2019Assembl\u00e9e nationale, avec, en cerise sur le g\u00e2teau, un porteur du nom Gbagbo \u00e9lu d\u00e9put\u00e9 : son fils Michel.<\/p>\n<p>Victoire symbolique enfin, avec un retour sous les acclamations populaires et la bousculade des foules \u00e0 Abidjan, apr\u00e8s dix ans d\u2019exil contraint et forc\u00e9 ; et maintenant, cette rencontre au palais avec le pr\u00e9sident. Laurent Gbagbo est \u00ab incapable de ne pas faire de politique \u00bb<\/p>\n<p>D\u00e8s son retour, Gbagbo a aussi lev\u00e9 une hypoth\u00e8que \u00e0 la fois personnelle et politique : en \u00ab rendant sa libert\u00e9 \u00bb \u00e0 Simone Ehivet, la vice-pr\u00e9sidente du Front populaire ivoirien (FPI) qu\u2019ils ont cofond\u00e9, dont il a officiellement demand\u00e9 le divorce. La mettant ainsi devant ses responsabilit\u00e9s : si Simone bient\u00f4t ex-Gbagbo veut concourir \u00e0 la pr\u00e9sidentielle de 2025, ce sera sans lui comme tremplin et peut-\u00eatre bien en lui passant d\u2019abord sur le corps.<\/p>\n<p>Tous ces messages sont clairs : Laurent Gbagbo, comme il l\u2019a proclam\u00e9 lors de sa rencontre-meeting avec l\u2019ancien pr\u00e9sident B\u00e9di\u00e9, son nouvel alli\u00e9 privil\u00e9gi\u00e9, est \u00ab incapable de ne pas faire de politique \u00bb. En 2025, il sera moins \u00e2g\u00e9 que Ouattara le sera \u00e0 l\u2019issue de son troisi\u00e8me mandat, ou que le candidat B\u00e9di\u00e9 l\u2019\u00e9tait en 2020. Sur le papier, \u00ab Gbagbo 2025 \u00bb para\u00eet donc s\u00e9duisant. Et son camp a int\u00e9r\u00eat \u00e0 le faire accroire pour maintenir les militants mobilis\u00e9s et renforcer ses bastions politiques.<\/p>\n<p><b>Minimum syndical<\/b><\/p>\n<p>Mais sur une sc\u00e8ne politique ivoirienne d\u00e9sormais encombr\u00e9e de pr\u00e9sidentiables quinquag\u00e9naires et sexag\u00e9naires cr\u00e9dibles pour prendre la succession du chef de l\u2019\u00c9tat, la posture de Gbagbo est plus un baroud d\u2019honneur : incarner l\u2019exigence d\u2019un coup d\u2019arr\u00eat au r\u00e9\u00e9quilibrage continu de Ouattara en faveur du Nord, qui dure depuis dix ans. Pour que la C\u00f4te d\u2019Ivoire retrouve ses \u00e9quilibres Nord-Sud.<\/p>\n<p>Lors de cette rencontre au sommet du 27 juillet, Gbagbo a ainsi demand\u00e9 le minimum syndical \u00e0 Ouattara : \u00ab Que le pr\u00e9sident fasse tout ce qu\u2019il peut pour [faire] lib\u00e9rer les prisonnier \u00bb de la crise politique de 2020. Puisque lui, Gbagbo, \u00ab leur chef de file \u00bb, est dehors.<\/p>\n<p>Apr\u00e8s le coup d\u2019\u00e9ponge sur la condamnation de l\u2019ancien pr\u00e9sident dans son pays, la cessation de l\u2019emprisonnement de ses affid\u00e9s. \u00c0 cet \u00e9gard, on rappelle volontiers en C\u00f4te d\u2019Ivoire la phrase du p\u00e8re de la nation, F\u00e9lix Houphou\u00ebt-Boigny, qui disait que \u00ab la paix est d\u2019abord un comportement \u00bb. Mais dans ce cas d\u2019esp\u00e8ce, une autre fameuse boutade de feu \u00ab le B\u00e9lier de Yamoussoukro \u00bb est plus appropri\u00e9e : \u00ab Je pr\u00e9f\u00e8re l\u2019injustice au d\u00e9sordre. \u00bb<\/p>\n<p>La r\u00e9conciliation scell\u00e9e entre Ouattara et Gbagbo est de cette eau-l\u00e0 : ils pr\u00e9f\u00e8rent l\u2019injustice au d\u00e9sordre. Sur l\u2019autel de la r\u00e9conciliation a \u00e9t\u00e9 immol\u00e9 mardi le droit des familles des 3 000 morts de la crise post-\u00e9lectorale de 2010 \u00e0 voir les bourreaux condamn\u00e9s et \u00e0 obtenir r\u00e9paration. Sans compter les centaines d\u2019autres morts des diff\u00e9rentes guerres civiles ivoiriennes. La paix (d\u00e9finitive ?) est \u00e0 ce prix.<\/p>\n","protected":false},"excerpt":{"rendered":"<p>Africa-Press &#8211; C\u00f4te d&rsquo;Ivoire. Derri\u00e8re les images des deux anciens rivaux tout sourires, c\u2019est bien plus qu\u2019une r\u00e9conciliation qui se joue. Si, pour l\u2019un comme pour l\u2019autre, la rencontre du 27 juillet vise \u00e0 tourner la page, elle n\u2019est pas exempte d\u2019arri\u00e8re-pens\u00e9es plus politiciennes. Alassane Ouattara a donc re\u00e7u Laurent Gbagbo le 27 juillet. Entretien [&hellip;]<\/p>\n","protected":false},"author":82,"featured_media":10732,"comment_status":"open","ping_status":"closed","sticky":false,"template":"","format":"standard","meta":{"footnotes":""},"categories":[7,11,20,10],"tags":[56,63,29],"class_list":["post-10733","post","type-post","status-publish","format-standard","has-post-thumbnail","hentry","category-dossiers","category-homepage-french","category-top-nouvelles","category-toutes-les-actualites","tag-africa-press","tag-africa-press-cote-divoire","tag-cote-divoire"],"yoast_head":"<!-- This site is optimized with the Yoast SEO Premium plugin v26.1 (Yoast SEO v27.0) - https:\/\/yoast.com\/product\/yoast-seo-premium-wordpress\/ -->\n<title>Ouattara et Gbagbo\u00a0\u00ab\u00a0pr\u00e9f\u00e8rent l\u2019injustice au d\u00e9sordre\u00a0\u00bb - C\u00f4te d&#039;Ivoire<\/title>\n<meta name=\"description\" content=\"Derri\u00e8re les images des deux anciens rivaux tout sourires, c\u2019est bien plus qu\u2019une r\u00e9conciliation qui se joue. Si, pour l ...\" \/>\n<meta name=\"robots\" content=\"index, follow, max-snippet:-1, max-image-preview:large, max-video-preview:-1\" \/>\n<link rel=\"canonical\" href=\"https:\/\/www.africa-press.net\/cotedivoire\/dossiers\/cote-divoire-ouattara-et-gbagbo-preferent-linjustice-au-desordre\" \/>\n<meta property=\"og:locale\" content=\"fr_FR\" \/>\n<meta property=\"og:type\" content=\"article\" \/>\n<meta property=\"og:title\" content=\"Ouattara et Gbagbo\u00a0\u00ab\u00a0pr\u00e9f\u00e8rent l\u2019injustice au d\u00e9sordre\u00a0\u00bb\" \/>\n<meta property=\"og:description\" content=\"Derri\u00e8re les images des deux anciens rivaux tout sourires, c\u2019est bien plus qu\u2019une r\u00e9conciliation qui se joue. Si, pour l ...\" \/>\n<meta property=\"og:url\" content=\"https:\/\/www.africa-press.net\/cotedivoire\/dossiers\/cote-divoire-ouattara-et-gbagbo-preferent-linjustice-au-desordre\" \/>\n<meta property=\"og:site_name\" content=\"C\u00f4te d&#039;Ivoire\" \/>\n<meta property=\"article:published_time\" content=\"2021-08-01T16:02:23+00:00\" \/>\n<meta property=\"article:modified_time\" content=\"2021-08-01T18:54:04+00:00\" \/>\n<meta property=\"og:image\" content=\"https:\/\/static.africa-press.net\/cote\/sites\/43\/2021\/08\/img-6106b5cccebd5.jpg\" \/>\n\t<meta property=\"og:image:width\" content=\"720\" \/>\n\t<meta property=\"og:image:height\" content=\"360\" \/>\n\t<meta property=\"og:image:type\" content=\"image\/jpeg\" \/>\n<meta name=\"author\" content=\"cfeditorfr\" \/>\n<meta name=\"twitter:card\" content=\"summary_large_image\" \/>\n<meta name=\"twitter:label1\" content=\"\u00c9crit par\" \/>\n\t<meta name=\"twitter:data1\" content=\"cfeditorfr\" \/>\n\t<meta name=\"twitter:label2\" content=\"Dur\u00e9e de lecture estim\u00e9e\" \/>\n\t<meta name=\"twitter:data2\" content=\"5 minutes\" \/>\n<script type=\"application\/ld+json\" class=\"yoast-schema-graph\">{\"@context\":\"https:\/\/schema.org\",\"@graph\":[{\"@type\":\"Article\",\"@id\":\"https:\/\/www.africa-press.net\/cotedivoire\/dossiers\/cote-divoire-ouattara-et-gbagbo-preferent-linjustice-au-desordre#article\",\"isPartOf\":{\"@id\":\"https:\/\/www.africa-press.net\/cotedivoire\/dossiers\/cote-divoire-ouattara-et-gbagbo-preferent-linjustice-au-desordre\"},\"author\":{\"name\":\"cfeditorfr\",\"@id\":\"https:\/\/www.africa-press.net\/cotedivoire\/#\/schema\/person\/2b1cf3cd81a31e3cd26889ca66d677f1\"},\"headline\":\"Ouattara et Gbagbo\u00a0\u00ab\u00a0pr\u00e9f\u00e8rent l\u2019injustice au d\u00e9sordre\u00a0\u00bb\",\"datePublished\":\"2021-08-01T16:02:23+00:00\",\"dateModified\":\"2021-08-01T18:54:04+00:00\",\"mainEntityOfPage\":{\"@id\":\"https:\/\/www.africa-press.net\/cotedivoire\/dossiers\/cote-divoire-ouattara-et-gbagbo-preferent-linjustice-au-desordre\"},\"wordCount\":1036,\"commentCount\":0,\"image\":{\"@id\":\"https:\/\/www.africa-press.net\/cotedivoire\/dossiers\/cote-divoire-ouattara-et-gbagbo-preferent-linjustice-au-desordre#primaryimage\"},\"thumbnailUrl\":\"https:\/\/static.africa-press.net\/cote\/sites\/43\/2021\/08\/img-6106b5cccebd5.jpg\",\"keywords\":[\"Africa Press\",\"Africa Press-C\u00f4te d'Ivoire\",\"C\u00d4TE D'IVOIRE\"],\"articleSection\":[\"Dossiers\",\"homepage-french\",\"Top Nouvelles\",\"Toutes les actualit\u00e9s\"],\"inLanguage\":\"fr-FR\",\"potentialAction\":[{\"@type\":\"CommentAction\",\"name\":\"Comment\",\"target\":[\"https:\/\/www.africa-press.net\/cotedivoire\/dossiers\/cote-divoire-ouattara-et-gbagbo-preferent-linjustice-au-desordre#respond\"]}]},{\"@type\":\"WebPage\",\"@id\":\"https:\/\/www.africa-press.net\/cotedivoire\/dossiers\/cote-divoire-ouattara-et-gbagbo-preferent-linjustice-au-desordre\",\"url\":\"https:\/\/www.africa-press.net\/cotedivoire\/dossiers\/cote-divoire-ouattara-et-gbagbo-preferent-linjustice-au-desordre\",\"name\":\"Ouattara et Gbagbo\u00a0\u00ab\u00a0pr\u00e9f\u00e8rent l\u2019injustice au d\u00e9sordre\u00a0\u00bb - C\u00f4te d&#039;Ivoire\",\"isPartOf\":{\"@id\":\"https:\/\/www.africa-press.net\/cotedivoire\/#website\"},\"primaryImageOfPage\":{\"@id\":\"https:\/\/www.africa-press.net\/cotedivoire\/dossiers\/cote-divoire-ouattara-et-gbagbo-preferent-linjustice-au-desordre#primaryimage\"},\"image\":{\"@id\":\"https:\/\/www.africa-press.net\/cotedivoire\/dossiers\/cote-divoire-ouattara-et-gbagbo-preferent-linjustice-au-desordre#primaryimage\"},\"thumbnailUrl\":\"https:\/\/static.africa-press.net\/cote\/sites\/43\/2021\/08\/img-6106b5cccebd5.jpg\",\"datePublished\":\"2021-08-01T16:02:23+00:00\",\"dateModified\":\"2021-08-01T18:54:04+00:00\",\"author\":{\"@id\":\"https:\/\/www.africa-press.net\/cotedivoire\/#\/schema\/person\/2b1cf3cd81a31e3cd26889ca66d677f1\"},\"description\":\"Derri\u00e8re les images des deux anciens rivaux tout sourires, c\u2019est bien plus qu\u2019une r\u00e9conciliation qui se joue. Si, pour l ...\",\"breadcrumb\":{\"@id\":\"https:\/\/www.africa-press.net\/cotedivoire\/dossiers\/cote-divoire-ouattara-et-gbagbo-preferent-linjustice-au-desordre#breadcrumb\"},\"inLanguage\":\"fr-FR\",\"potentialAction\":[{\"@type\":\"ReadAction\",\"target\":[\"https:\/\/www.africa-press.net\/cotedivoire\/dossiers\/cote-divoire-ouattara-et-gbagbo-preferent-linjustice-au-desordre\"]}]},{\"@type\":\"ImageObject\",\"inLanguage\":\"fr-FR\",\"@id\":\"https:\/\/www.africa-press.net\/cotedivoire\/dossiers\/cote-divoire-ouattara-et-gbagbo-preferent-linjustice-au-desordre#primaryimage\",\"url\":\"https:\/\/static.africa-press.net\/cote\/sites\/43\/2021\/08\/img-6106b5cccebd5.jpg\",\"contentUrl\":\"https:\/\/static.africa-press.net\/cote\/sites\/43\/2021\/08\/img-6106b5cccebd5.jpg\",\"width\":720,\"height\":360,\"caption\":\"C\u00f4te d\u2019Ivoire : Ouattara et Gbagbo\u00a0\u00ab\u00a0pr\u00e9f\u00e8rent l\u2019injustice au d\u00e9sordre\u00a0\u00bb\"},{\"@type\":\"BreadcrumbList\",\"@id\":\"https:\/\/www.africa-press.net\/cotedivoire\/dossiers\/cote-divoire-ouattara-et-gbagbo-preferent-linjustice-au-desordre#breadcrumb\",\"itemListElement\":[{\"@type\":\"ListItem\",\"position\":1,\"name\":\"Accueil\",\"item\":\"https:\/\/www.africa-press.net\/cotedivoire\/\"},{\"@type\":\"ListItem\",\"position\":2,\"name\":\"Ouattara et Gbagbo\u00a0\u00ab\u00a0pr\u00e9f\u00e8rent l\u2019injustice au d\u00e9sordre\u00a0\u00bb\"}]},{\"@type\":\"WebSite\",\"@id\":\"https:\/\/www.africa-press.net\/cotedivoire\/#website\",\"url\":\"https:\/\/www.africa-press.net\/cotedivoire\/\",\"name\":\"C\u00f4te d&#039;Ivoire\",\"description\":\"Just another Africa News Agency Sites site\",\"potentialAction\":[{\"@type\":\"SearchAction\",\"target\":{\"@type\":\"EntryPoint\",\"urlTemplate\":\"https:\/\/www.africa-press.net\/cotedivoire\/?s={search_term_string}\"},\"query-input\":{\"@type\":\"PropertyValueSpecification\",\"valueRequired\":true,\"valueName\":\"search_term_string\"}}],\"inLanguage\":\"fr-FR\"},{\"@type\":\"Person\",\"@id\":\"https:\/\/www.africa-press.net\/cotedivoire\/#\/schema\/person\/2b1cf3cd81a31e3cd26889ca66d677f1\",\"name\":\"cfeditorfr\"}]}<\/script>\n<!-- \/ Yoast SEO Premium plugin. -->","yoast_head_json":{"title":"Ouattara et Gbagbo\u00a0\u00ab\u00a0pr\u00e9f\u00e8rent l\u2019injustice au d\u00e9sordre\u00a0\u00bb - C\u00f4te d&#039;Ivoire","description":"Derri\u00e8re les images des deux anciens rivaux tout sourires, c\u2019est bien plus qu\u2019une r\u00e9conciliation qui se joue. Si, pour l ...","robots":{"index":"index","follow":"follow","max-snippet":"max-snippet:-1","max-image-preview":"max-image-preview:large","max-video-preview":"max-video-preview:-1"},"canonical":"https:\/\/www.africa-press.net\/cotedivoire\/dossiers\/cote-divoire-ouattara-et-gbagbo-preferent-linjustice-au-desordre","og_locale":"fr_FR","og_type":"article","og_title":"Ouattara et Gbagbo\u00a0\u00ab\u00a0pr\u00e9f\u00e8rent l\u2019injustice au d\u00e9sordre\u00a0\u00bb","og_description":"Derri\u00e8re les images des deux anciens rivaux tout sourires, c\u2019est bien plus qu\u2019une r\u00e9conciliation qui se joue. Si, pour l ...","og_url":"https:\/\/www.africa-press.net\/cotedivoire\/dossiers\/cote-divoire-ouattara-et-gbagbo-preferent-linjustice-au-desordre","og_site_name":"C\u00f4te d&#039;Ivoire","article_published_time":"2021-08-01T16:02:23+00:00","article_modified_time":"2021-08-01T18:54:04+00:00","og_image":[{"width":720,"height":360,"url":"https:\/\/static.africa-press.net\/cote\/sites\/43\/2021\/08\/img-6106b5cccebd5.jpg","type":"image\/jpeg"}],"author":"cfeditorfr","twitter_card":"summary_large_image","twitter_misc":{"\u00c9crit par":"cfeditorfr","Dur\u00e9e de lecture estim\u00e9e":"5 minutes"},"schema":{"@context":"https:\/\/schema.org","@graph":[{"@type":"Article","@id":"https:\/\/www.africa-press.net\/cotedivoire\/dossiers\/cote-divoire-ouattara-et-gbagbo-preferent-linjustice-au-desordre#article","isPartOf":{"@id":"https:\/\/www.africa-press.net\/cotedivoire\/dossiers\/cote-divoire-ouattara-et-gbagbo-preferent-linjustice-au-desordre"},"author":{"name":"cfeditorfr","@id":"https:\/\/www.africa-press.net\/cotedivoire\/#\/schema\/person\/2b1cf3cd81a31e3cd26889ca66d677f1"},"headline":"Ouattara et Gbagbo\u00a0\u00ab\u00a0pr\u00e9f\u00e8rent l\u2019injustice au d\u00e9sordre\u00a0\u00bb","datePublished":"2021-08-01T16:02:23+00:00","dateModified":"2021-08-01T18:54:04+00:00","mainEntityOfPage":{"@id":"https:\/\/www.africa-press.net\/cotedivoire\/dossiers\/cote-divoire-ouattara-et-gbagbo-preferent-linjustice-au-desordre"},"wordCount":1036,"commentCount":0,"image":{"@id":"https:\/\/www.africa-press.net\/cotedivoire\/dossiers\/cote-divoire-ouattara-et-gbagbo-preferent-linjustice-au-desordre#primaryimage"},"thumbnailUrl":"https:\/\/static.africa-press.net\/cote\/sites\/43\/2021\/08\/img-6106b5cccebd5.jpg","keywords":["Africa Press","Africa Press-C\u00f4te d'Ivoire","C\u00d4TE D'IVOIRE"],"articleSection":["Dossiers","homepage-french","Top Nouvelles","Toutes les actualit\u00e9s"],"inLanguage":"fr-FR","potentialAction":[{"@type":"CommentAction","name":"Comment","target":["https:\/\/www.africa-press.net\/cotedivoire\/dossiers\/cote-divoire-ouattara-et-gbagbo-preferent-linjustice-au-desordre#respond"]}]},{"@type":"WebPage","@id":"https:\/\/www.africa-press.net\/cotedivoire\/dossiers\/cote-divoire-ouattara-et-gbagbo-preferent-linjustice-au-desordre","url":"https:\/\/www.africa-press.net\/cotedivoire\/dossiers\/cote-divoire-ouattara-et-gbagbo-preferent-linjustice-au-desordre","name":"Ouattara et Gbagbo\u00a0\u00ab\u00a0pr\u00e9f\u00e8rent l\u2019injustice au d\u00e9sordre\u00a0\u00bb - C\u00f4te d&#039;Ivoire","isPartOf":{"@id":"https:\/\/www.africa-press.net\/cotedivoire\/#website"},"primaryImageOfPage":{"@id":"https:\/\/www.africa-press.net\/cotedivoire\/dossiers\/cote-divoire-ouattara-et-gbagbo-preferent-linjustice-au-desordre#primaryimage"},"image":{"@id":"https:\/\/www.africa-press.net\/cotedivoire\/dossiers\/cote-divoire-ouattara-et-gbagbo-preferent-linjustice-au-desordre#primaryimage"},"thumbnailUrl":"https:\/\/static.africa-press.net\/cote\/sites\/43\/2021\/08\/img-6106b5cccebd5.jpg","datePublished":"2021-08-01T16:02:23+00:00","dateModified":"2021-08-01T18:54:04+00:00","author":{"@id":"https:\/\/www.africa-press.net\/cotedivoire\/#\/schema\/person\/2b1cf3cd81a31e3cd26889ca66d677f1"},"description":"Derri\u00e8re les images des deux anciens rivaux tout sourires, c\u2019est bien plus qu\u2019une r\u00e9conciliation qui se joue. Si, pour l ...","breadcrumb":{"@id":"https:\/\/www.africa-press.net\/cotedivoire\/dossiers\/cote-divoire-ouattara-et-gbagbo-preferent-linjustice-au-desordre#breadcrumb"},"inLanguage":"fr-FR","potentialAction":[{"@type":"ReadAction","target":["https:\/\/www.africa-press.net\/cotedivoire\/dossiers\/cote-divoire-ouattara-et-gbagbo-preferent-linjustice-au-desordre"]}]},{"@type":"ImageObject","inLanguage":"fr-FR","@id":"https:\/\/www.africa-press.net\/cotedivoire\/dossiers\/cote-divoire-ouattara-et-gbagbo-preferent-linjustice-au-desordre#primaryimage","url":"https:\/\/static.africa-press.net\/cote\/sites\/43\/2021\/08\/img-6106b5cccebd5.jpg","contentUrl":"https:\/\/static.africa-press.net\/cote\/sites\/43\/2021\/08\/img-6106b5cccebd5.jpg","width":720,"height":360,"caption":"C\u00f4te d\u2019Ivoire : Ouattara et Gbagbo\u00a0\u00ab\u00a0pr\u00e9f\u00e8rent l\u2019injustice au d\u00e9sordre\u00a0\u00bb"},{"@type":"BreadcrumbList","@id":"https:\/\/www.africa-press.net\/cotedivoire\/dossiers\/cote-divoire-ouattara-et-gbagbo-preferent-linjustice-au-desordre#breadcrumb","itemListElement":[{"@type":"ListItem","position":1,"name":"Accueil","item":"https:\/\/www.africa-press.net\/cotedivoire\/"},{"@type":"ListItem","position":2,"name":"Ouattara et Gbagbo\u00a0\u00ab\u00a0pr\u00e9f\u00e8rent l\u2019injustice au d\u00e9sordre\u00a0\u00bb"}]},{"@type":"WebSite","@id":"https:\/\/www.africa-press.net\/cotedivoire\/#website","url":"https:\/\/www.africa-press.net\/cotedivoire\/","name":"C\u00f4te d&#039;Ivoire","description":"Just another Africa News Agency Sites site","potentialAction":[{"@type":"SearchAction","target":{"@type":"EntryPoint","urlTemplate":"https:\/\/www.africa-press.net\/cotedivoire\/?s={search_term_string}"},"query-input":{"@type":"PropertyValueSpecification","valueRequired":true,"valueName":"search_term_string"}}],"inLanguage":"fr-FR"},{"@type":"Person","@id":"https:\/\/www.africa-press.net\/cotedivoire\/#\/schema\/person\/2b1cf3cd81a31e3cd26889ca66d677f1","name":"cfeditorfr"}]}},"_links":{"self":[{"href":"https:\/\/www.africa-press.net\/cotedivoire\/wp-json\/wp\/v2\/posts\/10733","targetHints":{"allow":["GET"]}}],"collection":[{"href":"https:\/\/www.africa-press.net\/cotedivoire\/wp-json\/wp\/v2\/posts"}],"about":[{"href":"https:\/\/www.africa-press.net\/cotedivoire\/wp-json\/wp\/v2\/types\/post"}],"author":[{"embeddable":true,"href":"https:\/\/www.africa-press.net\/cotedivoire\/wp-json\/wp\/v2\/users\/82"}],"replies":[{"embeddable":true,"href":"https:\/\/www.africa-press.net\/cotedivoire\/wp-json\/wp\/v2\/comments?post=10733"}],"version-history":[{"count":0,"href":"https:\/\/www.africa-press.net\/cotedivoire\/wp-json\/wp\/v2\/posts\/10733\/revisions"}],"wp:featuredmedia":[{"embeddable":true,"href":"https:\/\/www.africa-press.net\/cotedivoire\/wp-json\/wp\/v2\/media\/10732"}],"wp:attachment":[{"href":"https:\/\/www.africa-press.net\/cotedivoire\/wp-json\/wp\/v2\/media?parent=10733"}],"wp:term":[{"taxonomy":"category","embeddable":true,"href":"https:\/\/www.africa-press.net\/cotedivoire\/wp-json\/wp\/v2\/categories?post=10733"},{"taxonomy":"post_tag","embeddable":true,"href":"https:\/\/www.africa-press.net\/cotedivoire\/wp-json\/wp\/v2\/tags?post=10733"}],"curies":[{"name":"wp","href":"https:\/\/api.w.org\/{rel}","templated":true}]}}