{"id":10736,"date":"2021-08-01T16:10:15","date_gmt":"2021-08-01T16:10:15","guid":{"rendered":"https:\/\/www.africa-press.net\/cotedivoire\/?p=10736"},"modified":"2021-08-01T18:54:16","modified_gmt":"2021-08-01T18:54:16","slug":"tourisme-et-gastronomie-sibal-le-plus-grand-salon-de-lalimentation-souvre-a-abidjan","status":"publish","type":"post","link":"https:\/\/www.africa-press.net\/cotedivoire\/culture-et-art\/tourisme-et-gastronomie-sibal-le-plus-grand-salon-de-lalimentation-souvre-a-abidjan","title":{"rendered":"Tourisme et gastronomie\/Sibal, le plus grand salon de l\u2019alimentation s\u2019ouvre \u00e0 Abidjan"},"content":{"rendered":"<p><span style=\"color: #ff6600\"><strong><a href=\"https:\/\/www.africa-press.net\/\">Africa-Press<\/a> &#8211; <a href=\"https:\/\/www.africa-press.net\/cotedivoire\">C\u00f4te d&rsquo;Ivoire<\/a>. <\/strong><\/span>Des firmes internationales de la restauration annonc\u00e9es<\/p>\n<p>Le Salon ivoirien de la boisson et de l\u2019alimentation (Sibal) ouvrira ses portes le 27 ao\u00fbt prochain \u00e0 Abidjan, au palais de la culture. Il se tiendra sur 3 jours et se veut le lieu de rencontre des amoureux de la bonne bouffe, des sp\u00e9cialistes de l\u2019alimentation et de la nutrition et des exposants de produits alimentaires, allant de la crudit\u00e9 au cuit.<\/p>\n<p>Le commissaire g\u00e9n\u00e9ral de cette foire, Pascald Djadoud \u00e9tait face \u00e0 la presse le 29 juillet pour exposer les grandes articulations de cet \u00e9v\u00e9nement. On retiendra de ses propos qu\u2019au-del\u00e0 de la traditionnelle exposition de produits divers, le Sibal sera une lucarne pour insuffler une \u00e9ducation nutritionnelle et alimentaire aux participants. Cela va du conseil en di\u00e9t\u00e9tique \u00e0 la d\u00e9couverte proprement dite des aliments que nous consommons. Leur avantage mais \u00e9galement leur inconv\u00e9nient. M. Djadoud ajoute que l\u2019occasion sera belle pour le d\u00e9pistage des maladies li\u00e9es \u00e0 la mauvaise alimentation. Des maladies comme le diab\u00e8te.<\/p>\n<p>Il a invit\u00e9 les entreprises dont les produits sont victimes de contrefa\u00e7on \u00e0 participer massivement \u00e0 ce salon afin de pr\u00e9senter les caract\u00e9ristiques des produits originaux. Ceci en vue de donner des recettes aux consommateurs pour faire le choix des vrais produits.<\/p>\n<p>Le Sibal, selon ses organisateurs, table sur 100 mille visiteurs au moins sur les trois jours. Des firmes internationales de l\u2019alimentation seront pr\u00e9sentes \u00e0 cette premi\u00e8re \u00e9dition. Entre autres, Ar\u00f4mes d\u2019Alg\u00e9rie- Zernoff \u2013 Fire &amp; Ice \u2013 Asconi Vinery.<\/p>\n<p>Le salon, toujours selon ses organisateurs, sera achaland\u00e9 de toutes sortes de produits et chacun y trouvera forc\u00e9ment son go\u00fbt. Ce sont les cat\u00e9gories de produits comme les boissons, la viande et la triperie, la charcuterie et salaison, la volaille et le gibier, les fruits et l\u00e9gumes, la biscuiterie\u2026<\/p>\n<p>&nbsp;<\/p>\n","protected":false},"excerpt":{"rendered":"<p>Africa-Press &#8211; C\u00f4te d&rsquo;Ivoire. Des firmes internationales de la restauration annonc\u00e9es Le Salon ivoirien de la boisson et de l\u2019alimentation (Sibal) ouvrira ses portes le 27 ao\u00fbt prochain \u00e0 Abidjan, au palais de la culture. Il se tiendra sur 3 jours et se veut le lieu de rencontre des amoureux de la bonne bouffe, des [&hellip;]<\/p>\n","protected":false},"author":82,"featured_media":10735,"comment_status":"open","ping_status":"closed","sticky":false,"template":"","format":"standard","meta":{"footnotes":""},"categories":[5,11,10],"tags":[56,63,29],"class_list":["post-10736","post","type-post","status-publish","format-standard","has-post-thumbnail","hentry","category-culture-et-art","category-homepage-french","category-toutes-les-actualites","tag-africa-press","tag-africa-press-cote-divoire","tag-cote-divoire"],"yoast_head":"<!-- This site is optimized with the Yoast SEO Premium plugin v26.1 (Yoast SEO v27.0) - https:\/\/yoast.com\/product\/yoast-seo-premium-wordpress\/ -->\n<title>Tourisme et gastronomie\/Sibal, le plus grand salon de l\u2019alimentation s\u2019ouvre \u00e0 Abidjan - C\u00f4te d&#039;Ivoire<\/title>\n<meta name=\"description\" content=\"Des firmes internationales de la restauration annonc\u00e9es Le Salon ivoirien de la boisson et de l\u2019alimentation (Sibal) ou ...\" \/>\n<meta name=\"robots\" content=\"index, follow, max-snippet:-1, max-image-preview:large, max-video-preview:-1\" \/>\n<link rel=\"canonical\" href=\"https:\/\/www.africa-press.net\/cotedivoire\/culture-et-art\/tourisme-et-gastronomie-sibal-le-plus-grand-salon-de-lalimentation-souvre-a-abidjan\" \/>\n<meta property=\"og:locale\" content=\"fr_FR\" \/>\n<meta property=\"og:type\" content=\"article\" \/>\n<meta property=\"og:title\" content=\"Tourisme et gastronomie\/Sibal, le plus grand salon de l\u2019alimentation s\u2019ouvre \u00e0 Abidjan\" \/>\n<meta property=\"og:description\" content=\"Des firmes internationales de la restauration annonc\u00e9es Le Salon ivoirien de la boisson et de l\u2019alimentation (Sibal) ou ...\" \/>\n<meta property=\"og:url\" content=\"https:\/\/www.africa-press.net\/cotedivoire\/culture-et-art\/tourisme-et-gastronomie-sibal-le-plus-grand-salon-de-lalimentation-souvre-a-abidjan\" \/>\n<meta property=\"og:site_name\" content=\"C\u00f4te d&#039;Ivoire\" \/>\n<meta property=\"article:published_time\" content=\"2021-08-01T16:10:15+00:00\" \/>\n<meta property=\"article:modified_time\" content=\"2021-08-01T18:54:16+00:00\" \/>\n<meta property=\"og:image\" content=\"https:\/\/static.africa-press.net\/cote\/sites\/43\/2021\/08\/img-6106b5fbe46df.jpg\" \/>\n\t<meta property=\"og:image:width\" content=\"1040\" \/>\n\t<meta property=\"og:image:height\" content=\"780\" \/>\n\t<meta property=\"og:image:type\" content=\"image\/jpeg\" \/>\n<meta name=\"author\" content=\"cfeditorfr\" \/>\n<meta name=\"twitter:card\" content=\"summary_large_image\" \/>\n<meta name=\"twitter:label1\" content=\"\u00c9crit par\" \/>\n\t<meta name=\"twitter:data1\" content=\"cfeditorfr\" \/>\n\t<meta name=\"twitter:label2\" content=\"Dur\u00e9e de lecture estim\u00e9e\" \/>\n\t<meta name=\"twitter:data2\" content=\"2 minutes\" \/>\n<script type=\"application\/ld+json\" class=\"yoast-schema-graph\">{\"@context\":\"https:\/\/schema.org\",\"@graph\":[{\"@type\":\"Article\",\"@id\":\"https:\/\/www.africa-press.net\/cotedivoire\/culture-et-art\/tourisme-et-gastronomie-sibal-le-plus-grand-salon-de-lalimentation-souvre-a-abidjan#article\",\"isPartOf\":{\"@id\":\"https:\/\/www.africa-press.net\/cotedivoire\/culture-et-art\/tourisme-et-gastronomie-sibal-le-plus-grand-salon-de-lalimentation-souvre-a-abidjan\"},\"author\":{\"name\":\"cfeditorfr\",\"@id\":\"https:\/\/www.africa-press.net\/cotedivoire\/#\/schema\/person\/2b1cf3cd81a31e3cd26889ca66d677f1\"},\"headline\":\"Tourisme et gastronomie\/Sibal, le plus grand salon de l\u2019alimentation s\u2019ouvre \u00e0 Abidjan\",\"datePublished\":\"2021-08-01T16:10:15+00:00\",\"dateModified\":\"2021-08-01T18:54:16+00:00\",\"mainEntityOfPage\":{\"@id\":\"https:\/\/www.africa-press.net\/cotedivoire\/culture-et-art\/tourisme-et-gastronomie-sibal-le-plus-grand-salon-de-lalimentation-souvre-a-abidjan\"},\"wordCount\":333,\"commentCount\":0,\"image\":{\"@id\":\"https:\/\/www.africa-press.net\/cotedivoire\/culture-et-art\/tourisme-et-gastronomie-sibal-le-plus-grand-salon-de-lalimentation-souvre-a-abidjan#primaryimage\"},\"thumbnailUrl\":\"https:\/\/static.africa-press.net\/cote\/sites\/43\/2021\/08\/img-6106b5fbe46df.jpg\",\"keywords\":[\"Africa Press\",\"Africa Press-C\u00f4te d'Ivoire\",\"C\u00d4TE D'IVOIRE\"],\"articleSection\":[\"Culture et Art\",\"homepage-french\",\"Toutes les actualit\u00e9s\"],\"inLanguage\":\"fr-FR\",\"potentialAction\":[{\"@type\":\"CommentAction\",\"name\":\"Comment\",\"target\":[\"https:\/\/www.africa-press.net\/cotedivoire\/culture-et-art\/tourisme-et-gastronomie-sibal-le-plus-grand-salon-de-lalimentation-souvre-a-abidjan#respond\"]}]},{\"@type\":\"WebPage\",\"@id\":\"https:\/\/www.africa-press.net\/cotedivoire\/culture-et-art\/tourisme-et-gastronomie-sibal-le-plus-grand-salon-de-lalimentation-souvre-a-abidjan\",\"url\":\"https:\/\/www.africa-press.net\/cotedivoire\/culture-et-art\/tourisme-et-gastronomie-sibal-le-plus-grand-salon-de-lalimentation-souvre-a-abidjan\",\"name\":\"Tourisme et gastronomie\/Sibal, le plus grand salon de l\u2019alimentation s\u2019ouvre \u00e0 Abidjan - C\u00f4te d&#039;Ivoire\",\"isPartOf\":{\"@id\":\"https:\/\/www.africa-press.net\/cotedivoire\/#website\"},\"primaryImageOfPage\":{\"@id\":\"https:\/\/www.africa-press.net\/cotedivoire\/culture-et-art\/tourisme-et-gastronomie-sibal-le-plus-grand-salon-de-lalimentation-souvre-a-abidjan#primaryimage\"},\"image\":{\"@id\":\"https:\/\/www.africa-press.net\/cotedivoire\/culture-et-art\/tourisme-et-gastronomie-sibal-le-plus-grand-salon-de-lalimentation-souvre-a-abidjan#primaryimage\"},\"thumbnailUrl\":\"https:\/\/static.africa-press.net\/cote\/sites\/43\/2021\/08\/img-6106b5fbe46df.jpg\",\"datePublished\":\"2021-08-01T16:10:15+00:00\",\"dateModified\":\"2021-08-01T18:54:16+00:00\",\"author\":{\"@id\":\"https:\/\/www.africa-press.net\/cotedivoire\/#\/schema\/person\/2b1cf3cd81a31e3cd26889ca66d677f1\"},\"description\":\"Des firmes internationales de la restauration annonc\u00e9es Le Salon ivoirien de la boisson et de l\u2019alimentation (Sibal) ou ...\",\"breadcrumb\":{\"@id\":\"https:\/\/www.africa-press.net\/cotedivoire\/culture-et-art\/tourisme-et-gastronomie-sibal-le-plus-grand-salon-de-lalimentation-souvre-a-abidjan#breadcrumb\"},\"inLanguage\":\"fr-FR\",\"potentialAction\":[{\"@type\":\"ReadAction\",\"target\":[\"https:\/\/www.africa-press.net\/cotedivoire\/culture-et-art\/tourisme-et-gastronomie-sibal-le-plus-grand-salon-de-lalimentation-souvre-a-abidjan\"]}]},{\"@type\":\"ImageObject\",\"inLanguage\":\"fr-FR\",\"@id\":\"https:\/\/www.africa-press.net\/cotedivoire\/culture-et-art\/tourisme-et-gastronomie-sibal-le-plus-grand-salon-de-lalimentation-souvre-a-abidjan#primaryimage\",\"url\":\"https:\/\/static.africa-press.net\/cote\/sites\/43\/2021\/08\/img-6106b5fbe46df.jpg\",\"contentUrl\":\"https:\/\/static.africa-press.net\/cote\/sites\/43\/2021\/08\/img-6106b5fbe46df.jpg\",\"width\":1040,\"height\":780,\"caption\":\"Tourisme et gastronomie\/Sibal, le plus grand salon de l\u2019alimentation s\u2019ouvre \u00e0 Abidjan\"},{\"@type\":\"BreadcrumbList\",\"@id\":\"https:\/\/www.africa-press.net\/cotedivoire\/culture-et-art\/tourisme-et-gastronomie-sibal-le-plus-grand-salon-de-lalimentation-souvre-a-abidjan#breadcrumb\",\"itemListElement\":[{\"@type\":\"ListItem\",\"position\":1,\"name\":\"Accueil\",\"item\":\"https:\/\/www.africa-press.net\/cotedivoire\/\"},{\"@type\":\"ListItem\",\"position\":2,\"name\":\"Tourisme et gastronomie\/Sibal, le plus grand salon de l\u2019alimentation s\u2019ouvre \u00e0 Abidjan\"}]},{\"@type\":\"WebSite\",\"@id\":\"https:\/\/www.africa-press.net\/cotedivoire\/#website\",\"url\":\"https:\/\/www.africa-press.net\/cotedivoire\/\",\"name\":\"C\u00f4te d&#039;Ivoire\",\"description\":\"Just another Africa News Agency Sites site\",\"potentialAction\":[{\"@type\":\"SearchAction\",\"target\":{\"@type\":\"EntryPoint\",\"urlTemplate\":\"https:\/\/www.africa-press.net\/cotedivoire\/?s={search_term_string}\"},\"query-input\":{\"@type\":\"PropertyValueSpecification\",\"valueRequired\":true,\"valueName\":\"search_term_string\"}}],\"inLanguage\":\"fr-FR\"},{\"@type\":\"Person\",\"@id\":\"https:\/\/www.africa-press.net\/cotedivoire\/#\/schema\/person\/2b1cf3cd81a31e3cd26889ca66d677f1\",\"name\":\"cfeditorfr\"}]}<\/script>\n<!-- \/ Yoast SEO Premium plugin. -->","yoast_head_json":{"title":"Tourisme et gastronomie\/Sibal, le plus grand salon de l\u2019alimentation s\u2019ouvre \u00e0 Abidjan - C\u00f4te d&#039;Ivoire","description":"Des firmes internationales de la restauration annonc\u00e9es Le Salon ivoirien de la boisson et de l\u2019alimentation (Sibal) ou ...","robots":{"index":"index","follow":"follow","max-snippet":"max-snippet:-1","max-image-preview":"max-image-preview:large","max-video-preview":"max-video-preview:-1"},"canonical":"https:\/\/www.africa-press.net\/cotedivoire\/culture-et-art\/tourisme-et-gastronomie-sibal-le-plus-grand-salon-de-lalimentation-souvre-a-abidjan","og_locale":"fr_FR","og_type":"article","og_title":"Tourisme et gastronomie\/Sibal, le plus grand salon de l\u2019alimentation s\u2019ouvre \u00e0 Abidjan","og_description":"Des firmes internationales de la restauration annonc\u00e9es Le Salon ivoirien de la boisson et de l\u2019alimentation (Sibal) ou ...","og_url":"https:\/\/www.africa-press.net\/cotedivoire\/culture-et-art\/tourisme-et-gastronomie-sibal-le-plus-grand-salon-de-lalimentation-souvre-a-abidjan","og_site_name":"C\u00f4te d&#039;Ivoire","article_published_time":"2021-08-01T16:10:15+00:00","article_modified_time":"2021-08-01T18:54:16+00:00","og_image":[{"width":1040,"height":780,"url":"https:\/\/static.africa-press.net\/cote\/sites\/43\/2021\/08\/img-6106b5fbe46df.jpg","type":"image\/jpeg"}],"author":"cfeditorfr","twitter_card":"summary_large_image","twitter_misc":{"\u00c9crit par":"cfeditorfr","Dur\u00e9e de lecture estim\u00e9e":"2 minutes"},"schema":{"@context":"https:\/\/schema.org","@graph":[{"@type":"Article","@id":"https:\/\/www.africa-press.net\/cotedivoire\/culture-et-art\/tourisme-et-gastronomie-sibal-le-plus-grand-salon-de-lalimentation-souvre-a-abidjan#article","isPartOf":{"@id":"https:\/\/www.africa-press.net\/cotedivoire\/culture-et-art\/tourisme-et-gastronomie-sibal-le-plus-grand-salon-de-lalimentation-souvre-a-abidjan"},"author":{"name":"cfeditorfr","@id":"https:\/\/www.africa-press.net\/cotedivoire\/#\/schema\/person\/2b1cf3cd81a31e3cd26889ca66d677f1"},"headline":"Tourisme et gastronomie\/Sibal, le plus grand salon de l\u2019alimentation s\u2019ouvre \u00e0 Abidjan","datePublished":"2021-08-01T16:10:15+00:00","dateModified":"2021-08-01T18:54:16+00:00","mainEntityOfPage":{"@id":"https:\/\/www.africa-press.net\/cotedivoire\/culture-et-art\/tourisme-et-gastronomie-sibal-le-plus-grand-salon-de-lalimentation-souvre-a-abidjan"},"wordCount":333,"commentCount":0,"image":{"@id":"https:\/\/www.africa-press.net\/cotedivoire\/culture-et-art\/tourisme-et-gastronomie-sibal-le-plus-grand-salon-de-lalimentation-souvre-a-abidjan#primaryimage"},"thumbnailUrl":"https:\/\/static.africa-press.net\/cote\/sites\/43\/2021\/08\/img-6106b5fbe46df.jpg","keywords":["Africa Press","Africa Press-C\u00f4te d'Ivoire","C\u00d4TE D'IVOIRE"],"articleSection":["Culture et Art","homepage-french","Toutes les actualit\u00e9s"],"inLanguage":"fr-FR","potentialAction":[{"@type":"CommentAction","name":"Comment","target":["https:\/\/www.africa-press.net\/cotedivoire\/culture-et-art\/tourisme-et-gastronomie-sibal-le-plus-grand-salon-de-lalimentation-souvre-a-abidjan#respond"]}]},{"@type":"WebPage","@id":"https:\/\/www.africa-press.net\/cotedivoire\/culture-et-art\/tourisme-et-gastronomie-sibal-le-plus-grand-salon-de-lalimentation-souvre-a-abidjan","url":"https:\/\/www.africa-press.net\/cotedivoire\/culture-et-art\/tourisme-et-gastronomie-sibal-le-plus-grand-salon-de-lalimentation-souvre-a-abidjan","name":"Tourisme et gastronomie\/Sibal, le plus grand salon de l\u2019alimentation s\u2019ouvre \u00e0 Abidjan - C\u00f4te d&#039;Ivoire","isPartOf":{"@id":"https:\/\/www.africa-press.net\/cotedivoire\/#website"},"primaryImageOfPage":{"@id":"https:\/\/www.africa-press.net\/cotedivoire\/culture-et-art\/tourisme-et-gastronomie-sibal-le-plus-grand-salon-de-lalimentation-souvre-a-abidjan#primaryimage"},"image":{"@id":"https:\/\/www.africa-press.net\/cotedivoire\/culture-et-art\/tourisme-et-gastronomie-sibal-le-plus-grand-salon-de-lalimentation-souvre-a-abidjan#primaryimage"},"thumbnailUrl":"https:\/\/static.africa-press.net\/cote\/sites\/43\/2021\/08\/img-6106b5fbe46df.jpg","datePublished":"2021-08-01T16:10:15+00:00","dateModified":"2021-08-01T18:54:16+00:00","author":{"@id":"https:\/\/www.africa-press.net\/cotedivoire\/#\/schema\/person\/2b1cf3cd81a31e3cd26889ca66d677f1"},"description":"Des firmes internationales de la restauration annonc\u00e9es Le Salon ivoirien de la boisson et de l\u2019alimentation (Sibal) ou ...","breadcrumb":{"@id":"https:\/\/www.africa-press.net\/cotedivoire\/culture-et-art\/tourisme-et-gastronomie-sibal-le-plus-grand-salon-de-lalimentation-souvre-a-abidjan#breadcrumb"},"inLanguage":"fr-FR","potentialAction":[{"@type":"ReadAction","target":["https:\/\/www.africa-press.net\/cotedivoire\/culture-et-art\/tourisme-et-gastronomie-sibal-le-plus-grand-salon-de-lalimentation-souvre-a-abidjan"]}]},{"@type":"ImageObject","inLanguage":"fr-FR","@id":"https:\/\/www.africa-press.net\/cotedivoire\/culture-et-art\/tourisme-et-gastronomie-sibal-le-plus-grand-salon-de-lalimentation-souvre-a-abidjan#primaryimage","url":"https:\/\/static.africa-press.net\/cote\/sites\/43\/2021\/08\/img-6106b5fbe46df.jpg","contentUrl":"https:\/\/static.africa-press.net\/cote\/sites\/43\/2021\/08\/img-6106b5fbe46df.jpg","width":1040,"height":780,"caption":"Tourisme et gastronomie\/Sibal, le plus grand salon de l\u2019alimentation s\u2019ouvre \u00e0 Abidjan"},{"@type":"BreadcrumbList","@id":"https:\/\/www.africa-press.net\/cotedivoire\/culture-et-art\/tourisme-et-gastronomie-sibal-le-plus-grand-salon-de-lalimentation-souvre-a-abidjan#breadcrumb","itemListElement":[{"@type":"ListItem","position":1,"name":"Accueil","item":"https:\/\/www.africa-press.net\/cotedivoire\/"},{"@type":"ListItem","position":2,"name":"Tourisme et gastronomie\/Sibal, le plus grand salon de l\u2019alimentation s\u2019ouvre \u00e0 Abidjan"}]},{"@type":"WebSite","@id":"https:\/\/www.africa-press.net\/cotedivoire\/#website","url":"https:\/\/www.africa-press.net\/cotedivoire\/","name":"C\u00f4te d&#039;Ivoire","description":"Just another Africa News Agency Sites site","potentialAction":[{"@type":"SearchAction","target":{"@type":"EntryPoint","urlTemplate":"https:\/\/www.africa-press.net\/cotedivoire\/?s={search_term_string}"},"query-input":{"@type":"PropertyValueSpecification","valueRequired":true,"valueName":"search_term_string"}}],"inLanguage":"fr-FR"},{"@type":"Person","@id":"https:\/\/www.africa-press.net\/cotedivoire\/#\/schema\/person\/2b1cf3cd81a31e3cd26889ca66d677f1","name":"cfeditorfr"}]}},"_links":{"self":[{"href":"https:\/\/www.africa-press.net\/cotedivoire\/wp-json\/wp\/v2\/posts\/10736","targetHints":{"allow":["GET"]}}],"collection":[{"href":"https:\/\/www.africa-press.net\/cotedivoire\/wp-json\/wp\/v2\/posts"}],"about":[{"href":"https:\/\/www.africa-press.net\/cotedivoire\/wp-json\/wp\/v2\/types\/post"}],"author":[{"embeddable":true,"href":"https:\/\/www.africa-press.net\/cotedivoire\/wp-json\/wp\/v2\/users\/82"}],"replies":[{"embeddable":true,"href":"https:\/\/www.africa-press.net\/cotedivoire\/wp-json\/wp\/v2\/comments?post=10736"}],"version-history":[{"count":0,"href":"https:\/\/www.africa-press.net\/cotedivoire\/wp-json\/wp\/v2\/posts\/10736\/revisions"}],"wp:featuredmedia":[{"embeddable":true,"href":"https:\/\/www.africa-press.net\/cotedivoire\/wp-json\/wp\/v2\/media\/10735"}],"wp:attachment":[{"href":"https:\/\/www.africa-press.net\/cotedivoire\/wp-json\/wp\/v2\/media?parent=10736"}],"wp:term":[{"taxonomy":"category","embeddable":true,"href":"https:\/\/www.africa-press.net\/cotedivoire\/wp-json\/wp\/v2\/categories?post=10736"},{"taxonomy":"post_tag","embeddable":true,"href":"https:\/\/www.africa-press.net\/cotedivoire\/wp-json\/wp\/v2\/tags?post=10736"}],"curies":[{"name":"wp","href":"https:\/\/api.w.org\/{rel}","templated":true}]}}