{"id":107455,"date":"2025-10-25T18:35:34","date_gmt":"2025-10-25T18:35:34","guid":{"rendered":"https:\/\/www.africa-press.net\/cotedivoire\/politique\/ouattara-assure-jonathan-du-bon-deroulement-electoral"},"modified":"2025-10-25T19:01:10","modified_gmt":"2025-10-25T19:01:10","slug":"ouattara-assure-jonathan-du-bon-deroulement-electoral","status":"publish","type":"post","link":"https:\/\/www.africa-press.net\/cotedivoire\/politique\/ouattara-assure-jonathan-du-bon-deroulement-electoral","title":{"rendered":"Ouattara Assure Jonathan du Bon D\u00e9roulement \u00c9lectoral"},"content":{"rendered":"<p><span style=\"color: #ff6600\"><strong>Africa-Press &#8211; C\u00f4te d&rsquo;Ivoire. <\/strong><\/span>Le pre\u0301sident sortant et candidat a\u0300 la pre\u0301sidentielle du samedi 25 octobre 2025, a rec\u0327u ce vendredi 24 octobre 2025, une de\u0301le\u0301gation de haut niveau conduite par Goodluck Jonathan, ancien Pre\u0301sident du Nige\u0301ria et Chef de la de\u0301le\u0301gation du Forum Ouest-Africain des Sages et de Yemi Osinbajo, ancien Vice-Pre\u0301sident du Nige\u0301ria et Chef de la Mission d\u2019observation conjointe de l\u2019Union Africaine et de la CEDEAO.<\/p>\n<p>Selon une note de la pre\u0301sidence ivoirienne, le Pre\u0301sident de la Re\u0301publique, Alassane Ouattara, a re\u0301affirme\u0301 l\u2019engagement du Gouvernement a\u0300 garantir le bon de\u0301roulement de l\u2019e\u0301lection pre\u0301sidentielle du 25 octobre 2025, dans un climat de paix, de stabilite\u0301 et de transparence.<\/p>\n<p>Les deux Chefs de mission ont salue\u0301 la qualite\u0301 du processus e\u0301lectoral en cours et appele\u0301 les Ivoiriens, en particulier les jeunes, a\u0300 voter massivement dans la paix et a\u0300 rejeter toute forme de violence, afin de pre\u0301server la stabilite\u0301 du pays, indispensable au de\u0301veloppement, rapporte-t-on.<\/p>\n<p><strong>Pour plus d&rsquo;informations et d&rsquo;analyses sur la <span style=\"color: #ff6600\">C\u00f4te d&rsquo;Ivoire<\/span>, suivez <span style=\"color: #ff6600\">Africa-Press<\/span><\/strong><\/p>\n","protected":false},"excerpt":{"rendered":"<p>Africa-Press &#8211; C\u00f4te d&rsquo;Ivoire. Le pre\u0301sident sortant et candidat a\u0300 la pre\u0301sidentielle du samedi 25 octobre 2025, a rec\u0327u ce vendredi 24 octobre 2025, une de\u0301le\u0301gation de haut niveau conduite par Goodluck Jonathan, ancien Pre\u0301sident du Nige\u0301ria et Chef de la de\u0301le\u0301gation du Forum Ouest-Africain des Sages et de Yemi Osinbajo, ancien Vice-Pre\u0301sident du Nige\u0301ria [&hellip;]<\/p>\n","protected":false},"author":82,"featured_media":107454,"comment_status":"open","ping_status":"closed","sticky":false,"template":"","format":"standard","meta":{"footnotes":""},"categories":[2,20,10],"tags":[29,13769,8190,762,727,312],"class_list":["post-107455","post","type-post","status-publish","format-standard","has-post-thumbnail","hentry","category-politique","category-top-nouvelles","category-toutes-les-actualites","tag-cote-divoire","tag-engagement","tag-goodluck-jonathan","tag-gouvernement","tag-ouattara","tag-presidentielle"],"yoast_head":"<!-- This site is optimized with the Yoast SEO Premium plugin v26.1 (Yoast SEO v27.0) - https:\/\/yoast.com\/product\/yoast-seo-premium-wordpress\/ -->\n<title>Ouattara Assure Jonathan du Bon D\u00e9roulement \u00c9lectoral - C\u00f4te d&#039;Ivoire<\/title>\n<meta name=\"description\" content=\"Le pre\u0301sident sortant et candidat a\u0300 la pre\u0301sidentielle du samedi 25 octobre 2025, a rec\u0327u ce vendredi 24 octobre 2025, ...\" \/>\n<meta name=\"robots\" content=\"index, follow, max-snippet:-1, max-image-preview:large, max-video-preview:-1\" \/>\n<link rel=\"canonical\" href=\"https:\/\/www.africa-press.net\/cotedivoire\/politique\/ouattara-assure-jonathan-du-bon-deroulement-electoral\" \/>\n<meta property=\"og:locale\" content=\"fr_FR\" \/>\n<meta property=\"og:type\" content=\"article\" \/>\n<meta property=\"og:title\" content=\"Ouattara Assure Jonathan du Bon D\u00e9roulement \u00c9lectoral\" \/>\n<meta property=\"og:description\" content=\"Le pre\u0301sident sortant et candidat a\u0300 la pre\u0301sidentielle du samedi 25 octobre 2025, a rec\u0327u ce vendredi 24 octobre 2025, ...\" \/>\n<meta property=\"og:url\" content=\"https:\/\/www.africa-press.net\/cotedivoire\/politique\/ouattara-assure-jonathan-du-bon-deroulement-electoral\" \/>\n<meta property=\"og:site_name\" content=\"C\u00f4te d&#039;Ivoire\" \/>\n<meta property=\"article:published_time\" content=\"2025-10-25T18:35:34+00:00\" \/>\n<meta property=\"article:modified_time\" content=\"2025-10-25T19:01:10+00:00\" \/>\n<meta property=\"og:image\" content=\"https:\/\/static.africa-press.net\/cote\/sites\/43\/2025\/10\/sm_1761406196.832716.jpg\" \/>\n\t<meta property=\"og:image:width\" content=\"720\" \/>\n\t<meta property=\"og:image:height\" content=\"409\" \/>\n\t<meta property=\"og:image:type\" content=\"image\/jpeg\" \/>\n<meta name=\"author\" content=\"cfeditorfr\" \/>\n<meta name=\"twitter:card\" content=\"summary_large_image\" \/>\n<meta name=\"twitter:label1\" content=\"\u00c9crit par\" \/>\n\t<meta name=\"twitter:data1\" content=\"cfeditorfr\" \/>\n\t<meta name=\"twitter:label2\" content=\"Dur\u00e9e de lecture estim\u00e9e\" \/>\n\t<meta name=\"twitter:data2\" content=\"2 minutes\" \/>\n<script type=\"application\/ld+json\" class=\"yoast-schema-graph\">{\"@context\":\"https:\/\/schema.org\",\"@graph\":[{\"@type\":\"Article\",\"@id\":\"https:\/\/www.africa-press.net\/cotedivoire\/politique\/ouattara-assure-jonathan-du-bon-deroulement-electoral#article\",\"isPartOf\":{\"@id\":\"https:\/\/www.africa-press.net\/cotedivoire\/politique\/ouattara-assure-jonathan-du-bon-deroulement-electoral\"},\"author\":{\"name\":\"cfeditorfr\",\"@id\":\"https:\/\/www.africa-press.net\/cotedivoire\/#\/schema\/person\/2b1cf3cd81a31e3cd26889ca66d677f1\"},\"headline\":\"Ouattara Assure Jonathan du Bon D\u00e9roulement \u00c9lectoral\",\"datePublished\":\"2025-10-25T18:35:34+00:00\",\"dateModified\":\"2025-10-25T19:01:10+00:00\",\"mainEntityOfPage\":{\"@id\":\"https:\/\/www.africa-press.net\/cotedivoire\/politique\/ouattara-assure-jonathan-du-bon-deroulement-electoral\"},\"wordCount\":200,\"commentCount\":0,\"image\":{\"@id\":\"https:\/\/www.africa-press.net\/cotedivoire\/politique\/ouattara-assure-jonathan-du-bon-deroulement-electoral#primaryimage\"},\"thumbnailUrl\":\"https:\/\/static.africa-press.net\/cote\/sites\/43\/2025\/10\/sm_1761406196.832716.jpg\",\"keywords\":[\"C\u00d4TE D'IVOIRE\",\"engagement\",\"Goodluck Jonathan\",\"Gouvernement\",\"Ouattara\",\"pr\u00e9sidentielle\"],\"articleSection\":[\"Politique\",\"Top Nouvelles\",\"Toutes les actualit\u00e9s\"],\"inLanguage\":\"fr-FR\",\"potentialAction\":[{\"@type\":\"CommentAction\",\"name\":\"Comment\",\"target\":[\"https:\/\/www.africa-press.net\/cotedivoire\/politique\/ouattara-assure-jonathan-du-bon-deroulement-electoral#respond\"]}]},{\"@type\":\"WebPage\",\"@id\":\"https:\/\/www.africa-press.net\/cotedivoire\/politique\/ouattara-assure-jonathan-du-bon-deroulement-electoral\",\"url\":\"https:\/\/www.africa-press.net\/cotedivoire\/politique\/ouattara-assure-jonathan-du-bon-deroulement-electoral\",\"name\":\"Ouattara Assure Jonathan du Bon D\u00e9roulement \u00c9lectoral - C\u00f4te d&#039;Ivoire\",\"isPartOf\":{\"@id\":\"https:\/\/www.africa-press.net\/cotedivoire\/#website\"},\"primaryImageOfPage\":{\"@id\":\"https:\/\/www.africa-press.net\/cotedivoire\/politique\/ouattara-assure-jonathan-du-bon-deroulement-electoral#primaryimage\"},\"image\":{\"@id\":\"https:\/\/www.africa-press.net\/cotedivoire\/politique\/ouattara-assure-jonathan-du-bon-deroulement-electoral#primaryimage\"},\"thumbnailUrl\":\"https:\/\/static.africa-press.net\/cote\/sites\/43\/2025\/10\/sm_1761406196.832716.jpg\",\"datePublished\":\"2025-10-25T18:35:34+00:00\",\"dateModified\":\"2025-10-25T19:01:10+00:00\",\"author\":{\"@id\":\"https:\/\/www.africa-press.net\/cotedivoire\/#\/schema\/person\/2b1cf3cd81a31e3cd26889ca66d677f1\"},\"description\":\"Le pre\u0301sident sortant et candidat a\u0300 la pre\u0301sidentielle du samedi 25 octobre 2025, a rec\u0327u ce vendredi 24 octobre 2025, ...\",\"breadcrumb\":{\"@id\":\"https:\/\/www.africa-press.net\/cotedivoire\/politique\/ouattara-assure-jonathan-du-bon-deroulement-electoral#breadcrumb\"},\"inLanguage\":\"fr-FR\",\"potentialAction\":[{\"@type\":\"ReadAction\",\"target\":[\"https:\/\/www.africa-press.net\/cotedivoire\/politique\/ouattara-assure-jonathan-du-bon-deroulement-electoral\"]}]},{\"@type\":\"ImageObject\",\"inLanguage\":\"fr-FR\",\"@id\":\"https:\/\/www.africa-press.net\/cotedivoire\/politique\/ouattara-assure-jonathan-du-bon-deroulement-electoral#primaryimage\",\"url\":\"https:\/\/static.africa-press.net\/cote\/sites\/43\/2025\/10\/sm_1761406196.832716.jpg\",\"contentUrl\":\"https:\/\/static.africa-press.net\/cote\/sites\/43\/2025\/10\/sm_1761406196.832716.jpg\",\"width\":720,\"height\":409,\"caption\":\"Ouattara Assure Jonathan du Bon D\u00e9roulement \u00c9lectoral\"},{\"@type\":\"BreadcrumbList\",\"@id\":\"https:\/\/www.africa-press.net\/cotedivoire\/politique\/ouattara-assure-jonathan-du-bon-deroulement-electoral#breadcrumb\",\"itemListElement\":[{\"@type\":\"ListItem\",\"position\":1,\"name\":\"Accueil\",\"item\":\"https:\/\/www.africa-press.net\/cotedivoire\/\"},{\"@type\":\"ListItem\",\"position\":2,\"name\":\"Ouattara Assure Jonathan du Bon D\u00e9roulement \u00c9lectoral\"}]},{\"@type\":\"WebSite\",\"@id\":\"https:\/\/www.africa-press.net\/cotedivoire\/#website\",\"url\":\"https:\/\/www.africa-press.net\/cotedivoire\/\",\"name\":\"C\u00f4te d&#039;Ivoire\",\"description\":\"Just another Africa News Agency Sites site\",\"potentialAction\":[{\"@type\":\"SearchAction\",\"target\":{\"@type\":\"EntryPoint\",\"urlTemplate\":\"https:\/\/www.africa-press.net\/cotedivoire\/?s={search_term_string}\"},\"query-input\":{\"@type\":\"PropertyValueSpecification\",\"valueRequired\":true,\"valueName\":\"search_term_string\"}}],\"inLanguage\":\"fr-FR\"},{\"@type\":\"Person\",\"@id\":\"https:\/\/www.africa-press.net\/cotedivoire\/#\/schema\/person\/2b1cf3cd81a31e3cd26889ca66d677f1\",\"name\":\"cfeditorfr\"}]}<\/script>\n<!-- \/ Yoast SEO Premium plugin. -->","yoast_head_json":{"title":"Ouattara Assure Jonathan du Bon D\u00e9roulement \u00c9lectoral - C\u00f4te d&#039;Ivoire","description":"Le pre\u0301sident sortant et candidat a\u0300 la pre\u0301sidentielle du samedi 25 octobre 2025, a rec\u0327u ce vendredi 24 octobre 2025, ...","robots":{"index":"index","follow":"follow","max-snippet":"max-snippet:-1","max-image-preview":"max-image-preview:large","max-video-preview":"max-video-preview:-1"},"canonical":"https:\/\/www.africa-press.net\/cotedivoire\/politique\/ouattara-assure-jonathan-du-bon-deroulement-electoral","og_locale":"fr_FR","og_type":"article","og_title":"Ouattara Assure Jonathan du Bon D\u00e9roulement \u00c9lectoral","og_description":"Le pre\u0301sident sortant et candidat a\u0300 la pre\u0301sidentielle du samedi 25 octobre 2025, a rec\u0327u ce vendredi 24 octobre 2025, ...","og_url":"https:\/\/www.africa-press.net\/cotedivoire\/politique\/ouattara-assure-jonathan-du-bon-deroulement-electoral","og_site_name":"C\u00f4te d&#039;Ivoire","article_published_time":"2025-10-25T18:35:34+00:00","article_modified_time":"2025-10-25T19:01:10+00:00","og_image":[{"width":720,"height":409,"url":"https:\/\/static.africa-press.net\/cote\/sites\/43\/2025\/10\/sm_1761406196.832716.jpg","type":"image\/jpeg"}],"author":"cfeditorfr","twitter_card":"summary_large_image","twitter_misc":{"\u00c9crit par":"cfeditorfr","Dur\u00e9e de lecture estim\u00e9e":"2 minutes"},"schema":{"@context":"https:\/\/schema.org","@graph":[{"@type":"Article","@id":"https:\/\/www.africa-press.net\/cotedivoire\/politique\/ouattara-assure-jonathan-du-bon-deroulement-electoral#article","isPartOf":{"@id":"https:\/\/www.africa-press.net\/cotedivoire\/politique\/ouattara-assure-jonathan-du-bon-deroulement-electoral"},"author":{"name":"cfeditorfr","@id":"https:\/\/www.africa-press.net\/cotedivoire\/#\/schema\/person\/2b1cf3cd81a31e3cd26889ca66d677f1"},"headline":"Ouattara Assure Jonathan du Bon D\u00e9roulement \u00c9lectoral","datePublished":"2025-10-25T18:35:34+00:00","dateModified":"2025-10-25T19:01:10+00:00","mainEntityOfPage":{"@id":"https:\/\/www.africa-press.net\/cotedivoire\/politique\/ouattara-assure-jonathan-du-bon-deroulement-electoral"},"wordCount":200,"commentCount":0,"image":{"@id":"https:\/\/www.africa-press.net\/cotedivoire\/politique\/ouattara-assure-jonathan-du-bon-deroulement-electoral#primaryimage"},"thumbnailUrl":"https:\/\/static.africa-press.net\/cote\/sites\/43\/2025\/10\/sm_1761406196.832716.jpg","keywords":["C\u00d4TE D'IVOIRE","engagement","Goodluck Jonathan","Gouvernement","Ouattara","pr\u00e9sidentielle"],"articleSection":["Politique","Top Nouvelles","Toutes les actualit\u00e9s"],"inLanguage":"fr-FR","potentialAction":[{"@type":"CommentAction","name":"Comment","target":["https:\/\/www.africa-press.net\/cotedivoire\/politique\/ouattara-assure-jonathan-du-bon-deroulement-electoral#respond"]}]},{"@type":"WebPage","@id":"https:\/\/www.africa-press.net\/cotedivoire\/politique\/ouattara-assure-jonathan-du-bon-deroulement-electoral","url":"https:\/\/www.africa-press.net\/cotedivoire\/politique\/ouattara-assure-jonathan-du-bon-deroulement-electoral","name":"Ouattara Assure Jonathan du Bon D\u00e9roulement \u00c9lectoral - C\u00f4te d&#039;Ivoire","isPartOf":{"@id":"https:\/\/www.africa-press.net\/cotedivoire\/#website"},"primaryImageOfPage":{"@id":"https:\/\/www.africa-press.net\/cotedivoire\/politique\/ouattara-assure-jonathan-du-bon-deroulement-electoral#primaryimage"},"image":{"@id":"https:\/\/www.africa-press.net\/cotedivoire\/politique\/ouattara-assure-jonathan-du-bon-deroulement-electoral#primaryimage"},"thumbnailUrl":"https:\/\/static.africa-press.net\/cote\/sites\/43\/2025\/10\/sm_1761406196.832716.jpg","datePublished":"2025-10-25T18:35:34+00:00","dateModified":"2025-10-25T19:01:10+00:00","author":{"@id":"https:\/\/www.africa-press.net\/cotedivoire\/#\/schema\/person\/2b1cf3cd81a31e3cd26889ca66d677f1"},"description":"Le pre\u0301sident sortant et candidat a\u0300 la pre\u0301sidentielle du samedi 25 octobre 2025, a rec\u0327u ce vendredi 24 octobre 2025, ...","breadcrumb":{"@id":"https:\/\/www.africa-press.net\/cotedivoire\/politique\/ouattara-assure-jonathan-du-bon-deroulement-electoral#breadcrumb"},"inLanguage":"fr-FR","potentialAction":[{"@type":"ReadAction","target":["https:\/\/www.africa-press.net\/cotedivoire\/politique\/ouattara-assure-jonathan-du-bon-deroulement-electoral"]}]},{"@type":"ImageObject","inLanguage":"fr-FR","@id":"https:\/\/www.africa-press.net\/cotedivoire\/politique\/ouattara-assure-jonathan-du-bon-deroulement-electoral#primaryimage","url":"https:\/\/static.africa-press.net\/cote\/sites\/43\/2025\/10\/sm_1761406196.832716.jpg","contentUrl":"https:\/\/static.africa-press.net\/cote\/sites\/43\/2025\/10\/sm_1761406196.832716.jpg","width":720,"height":409,"caption":"Ouattara Assure Jonathan du Bon D\u00e9roulement \u00c9lectoral"},{"@type":"BreadcrumbList","@id":"https:\/\/www.africa-press.net\/cotedivoire\/politique\/ouattara-assure-jonathan-du-bon-deroulement-electoral#breadcrumb","itemListElement":[{"@type":"ListItem","position":1,"name":"Accueil","item":"https:\/\/www.africa-press.net\/cotedivoire\/"},{"@type":"ListItem","position":2,"name":"Ouattara Assure Jonathan du Bon D\u00e9roulement \u00c9lectoral"}]},{"@type":"WebSite","@id":"https:\/\/www.africa-press.net\/cotedivoire\/#website","url":"https:\/\/www.africa-press.net\/cotedivoire\/","name":"C\u00f4te d&#039;Ivoire","description":"Just another Africa News Agency Sites site","potentialAction":[{"@type":"SearchAction","target":{"@type":"EntryPoint","urlTemplate":"https:\/\/www.africa-press.net\/cotedivoire\/?s={search_term_string}"},"query-input":{"@type":"PropertyValueSpecification","valueRequired":true,"valueName":"search_term_string"}}],"inLanguage":"fr-FR"},{"@type":"Person","@id":"https:\/\/www.africa-press.net\/cotedivoire\/#\/schema\/person\/2b1cf3cd81a31e3cd26889ca66d677f1","name":"cfeditorfr"}]}},"_links":{"self":[{"href":"https:\/\/www.africa-press.net\/cotedivoire\/wp-json\/wp\/v2\/posts\/107455","targetHints":{"allow":["GET"]}}],"collection":[{"href":"https:\/\/www.africa-press.net\/cotedivoire\/wp-json\/wp\/v2\/posts"}],"about":[{"href":"https:\/\/www.africa-press.net\/cotedivoire\/wp-json\/wp\/v2\/types\/post"}],"author":[{"embeddable":true,"href":"https:\/\/www.africa-press.net\/cotedivoire\/wp-json\/wp\/v2\/users\/82"}],"replies":[{"embeddable":true,"href":"https:\/\/www.africa-press.net\/cotedivoire\/wp-json\/wp\/v2\/comments?post=107455"}],"version-history":[{"count":0,"href":"https:\/\/www.africa-press.net\/cotedivoire\/wp-json\/wp\/v2\/posts\/107455\/revisions"}],"wp:featuredmedia":[{"embeddable":true,"href":"https:\/\/www.africa-press.net\/cotedivoire\/wp-json\/wp\/v2\/media\/107454"}],"wp:attachment":[{"href":"https:\/\/www.africa-press.net\/cotedivoire\/wp-json\/wp\/v2\/media?parent=107455"}],"wp:term":[{"taxonomy":"category","embeddable":true,"href":"https:\/\/www.africa-press.net\/cotedivoire\/wp-json\/wp\/v2\/categories?post=107455"},{"taxonomy":"post_tag","embeddable":true,"href":"https:\/\/www.africa-press.net\/cotedivoire\/wp-json\/wp\/v2\/tags?post=107455"}],"curies":[{"name":"wp","href":"https:\/\/api.w.org\/{rel}","templated":true}]}}