{"id":107501,"date":"2025-10-25T18:43:03","date_gmt":"2025-10-25T18:43:03","guid":{"rendered":"https:\/\/www.africa-press.net\/cotedivoire\/politique\/garants-de-la-tradition-soutiennent-ado-pour-2025"},"modified":"2025-10-25T19:07:53","modified_gmt":"2025-10-25T19:07:53","slug":"garants-de-la-tradition-soutiennent-ado-pour-2025","status":"publish","type":"post","link":"https:\/\/www.africa-press.net\/cotedivoire\/politique\/garants-de-la-tradition-soutiennent-ado-pour-2025","title":{"rendered":"Garants de la Tradition Soutiennent ADO pour 2025"},"content":{"rendered":"<p><span style=\"color: #ff6600\"><strong>Africa-Press &#8211; C\u00f4te d&rsquo;Ivoire. <\/strong><\/span>Re\u0301unis a\u0300 Dabakala sous le sceau de la tradition et de la reconnaissance, les chefs de canton et autorite\u0301s coutumie\u0300res de la re\u0301gion du Hambol (Katiola, Niakara, Dabakala) ont unanimement renouvele\u0301 leur soutien au Pre\u0301sident Alassane Ouattara.<\/p>\n<p>La rencontre, pre\u0301side\u0301e par le Ministre Ibrahim Kalil Konate\u0301, Directeur re\u0301gional associe\u0301 de campagne et repre\u0301sentant le Vice-pre\u0301sident Tie\u0301moko Meyliet Kone\u0301 ainsi que le Grand Chancelier de l\u2019Ordre National Ali Coulibaly, s\u2019est de\u0301roule\u0301e dans une ambiance de ferveur et de fierte\u0301.<\/p>\n<p>Les chefs traditionnels ont pris la parole, tour a\u0300 tour, pour exprimer leur attachement inde\u0301fectible au Chef de l\u2019E\u0301tat et a\u0300 son \u0153uvre.<\/p>\n<p>Le chef de canton de Katiola a salue\u0301 \u00ab un ba\u0302tisseur hors pair qui a transforme\u0301 la Co\u0302te d\u2019Ivoire en un pays moderne et attractif \u00bb.<\/p>\n<p>Pour sa part, le chef de canton de Niakara a exprime\u0301 la gratitude des populations Djimini: \u00ab Nos villages sont e\u0301lectrifie\u0301s, nos enfants vont a\u0300 l\u2019e\u0301cole, nos malades sont soigne\u0301s. Que demander de plus? Le Hambol votera massivement pour ADO, hier, aujourd\u2019hui et demain ! \u00bb<\/p>\n<p>Quant au chef de canton de Dabakala, il a tenu a\u0300 rassurer le ministre et les cadres pre\u0301sents: \u00ab Nous avons suivi la parole donne\u0301e. Ici, il n\u2019y a pas de division. La paix re\u0300gne, et nous irons voter pour celui qui a fait de notre re\u0301gion un po\u0302le de progre\u0300s et de stabilite\u0301. \u00bb<\/p>\n<p>Dans un discours empreint de reconnaissance, le Ministre Kalil Konate\u0301 a salue\u0301 la fide\u0301lite\u0301 et l\u2019engagement des chefs traditionnels.<\/p>\n<p>\u00ab Le dernier mandat du Pre\u0301sident Alassane Ouattara est entre vos mains, chers chefs. Ce scrutin est capital pour notre re\u0301gion du Hambol, et nous devons e\u0302tre a\u0300 la hauteur de la confiance que le Chef de l\u2019E\u0301tat a toujours place\u0301e en nous. Billon et moi travaillons pour le Pre\u0301sident Ouattara. \u00bb<\/p>\n<p>E\u0301voquant les re\u0301alisations majeures du gouvernement \u2014 e\u0301lectrification inte\u0301grale des villages, re\u0301habilitation des routes, construction d\u2019e\u0301coles, de centres de sante\u0301 et de\u0301veloppement du nume\u0301rique \u2014 le ministre a souligne\u0301 que le Hambol est aujourd\u2019hui une re\u0301gion pleinement connecte\u0301e au progre\u0300s national.<\/p>\n<p>\u00ab Gra\u0302ce au Pre\u0301sident ADO, tous nos villages sont e\u0301claire\u0301s et biento\u0302t nume\u0301rise\u0301s. L\u2019acce\u0300s au nume\u0301rique pour tous devient une re\u0301alite\u0301. C\u2019est cette Co\u0302te d\u2019Ivoire unie et moderne que nous devons pre\u0301server. \u00bb<\/p>\n<p>Porte\u0301s par cette ferveur collective, les chefs traditionnels ont pris un engagement clair: faire triompher le candidat du RHDP de\u0300s le premier tour de la pre\u0301sidentielle du 25 octobre 2025.<\/p>\n<p>Le Ministre Konate\u0301 a conclu en re\u0301affirmant la promesse du Hambol: \u00ab La parole donne\u0301e sera respecte\u0301e. Le Hambol livrera un coup KO pour le Pre\u0301sident Alassane Ouattara.<\/p>\n<p><strong>Pour plus d&rsquo;informations et d&rsquo;analyses sur la <span style=\"color: #ff6600\">C\u00f4te d&rsquo;Ivoire<\/span>, suivez <span style=\"color: #ff6600\">Africa-Press<\/span><\/strong><\/p>\n","protected":false},"excerpt":{"rendered":"<p>Africa-Press &#8211; C\u00f4te d&rsquo;Ivoire. Re\u0301unis a\u0300 Dabakala sous le sceau de la tradition et de la reconnaissance, les chefs de canton et autorite\u0301s coutumie\u0300res de la re\u0301gion du Hambol (Katiola, Niakara, Dabakala) ont unanimement renouvele\u0301 leur soutien au Pre\u0301sident Alassane Ouattara. La rencontre, pre\u0301side\u0301e par le Ministre Ibrahim Kalil Konate\u0301, Directeur re\u0301gional associe\u0301 de campagne [&hellip;]<\/p>\n","protected":false},"author":82,"featured_media":107499,"comment_status":"open","ping_status":"closed","sticky":false,"template":"","format":"standard","meta":{"footnotes":""},"categories":[2,10],"tags":[8151,38,2711,9260,29,686,19176,3284],"class_list":["post-107501","post","type-post","status-publish","format-standard","has-post-thumbnail","hentry","category-politique","category-toutes-les-actualites","tag-ado","tag-alassane-ouattara","tag-campagne","tag-chefs-traditionnels","tag-cote-divoire","tag-dabakala","tag-fidelite","tag-hambol"],"yoast_head":"<!-- This site is optimized with the Yoast SEO Premium plugin v26.1 (Yoast SEO v27.0) - https:\/\/yoast.com\/product\/yoast-seo-premium-wordpress\/ -->\n<title>Garants de la Tradition Soutiennent ADO pour 2025 - C\u00f4te d&#039;Ivoire<\/title>\n<meta name=\"description\" content=\"Re\u0301unis a\u0300 Dabakala sous le sceau de la tradition et de la reconnaissance, les chefs de canton et autorite\u0301s coutumie\u0300re ...\" \/>\n<meta name=\"robots\" content=\"index, follow, max-snippet:-1, max-image-preview:large, max-video-preview:-1\" \/>\n<link rel=\"canonical\" href=\"https:\/\/www.africa-press.net\/cotedivoire\/politique\/garants-de-la-tradition-soutiennent-ado-pour-2025\" \/>\n<meta property=\"og:locale\" content=\"fr_FR\" \/>\n<meta property=\"og:type\" content=\"article\" \/>\n<meta property=\"og:title\" content=\"Garants de la Tradition Soutiennent ADO pour 2025\" \/>\n<meta property=\"og:description\" content=\"Re\u0301unis a\u0300 Dabakala sous le sceau de la tradition et de la reconnaissance, les chefs de canton et autorite\u0301s coutumie\u0300re ...\" \/>\n<meta property=\"og:url\" content=\"https:\/\/www.africa-press.net\/cotedivoire\/politique\/garants-de-la-tradition-soutiennent-ado-pour-2025\" \/>\n<meta property=\"og:site_name\" content=\"C\u00f4te d&#039;Ivoire\" \/>\n<meta property=\"article:published_time\" content=\"2025-10-25T18:43:03+00:00\" \/>\n<meta property=\"article:modified_time\" content=\"2025-10-25T19:07:53+00:00\" \/>\n<meta property=\"og:image\" content=\"https:\/\/static.africa-press.net\/cote\/sites\/43\/2025\/10\/sm_1761406601.5404.jpg\" \/>\n\t<meta property=\"og:image:width\" content=\"720\" \/>\n\t<meta property=\"og:image:height\" content=\"422\" \/>\n\t<meta property=\"og:image:type\" content=\"image\/jpeg\" \/>\n<meta name=\"author\" content=\"cfeditorfr\" \/>\n<meta name=\"twitter:card\" content=\"summary_large_image\" \/>\n<meta name=\"twitter:label1\" content=\"\u00c9crit par\" \/>\n\t<meta name=\"twitter:data1\" content=\"cfeditorfr\" \/>\n\t<meta name=\"twitter:label2\" content=\"Dur\u00e9e de lecture estim\u00e9e\" \/>\n\t<meta name=\"twitter:data2\" content=\"3 minutes\" \/>\n<script type=\"application\/ld+json\" class=\"yoast-schema-graph\">{\"@context\":\"https:\/\/schema.org\",\"@graph\":[{\"@type\":\"Article\",\"@id\":\"https:\/\/www.africa-press.net\/cotedivoire\/politique\/garants-de-la-tradition-soutiennent-ado-pour-2025#article\",\"isPartOf\":{\"@id\":\"https:\/\/www.africa-press.net\/cotedivoire\/politique\/garants-de-la-tradition-soutiennent-ado-pour-2025\"},\"author\":{\"name\":\"cfeditorfr\",\"@id\":\"https:\/\/www.africa-press.net\/cotedivoire\/#\/schema\/person\/2b1cf3cd81a31e3cd26889ca66d677f1\"},\"headline\":\"Garants de la Tradition Soutiennent ADO pour 2025\",\"datePublished\":\"2025-10-25T18:43:03+00:00\",\"dateModified\":\"2025-10-25T19:07:53+00:00\",\"mainEntityOfPage\":{\"@id\":\"https:\/\/www.africa-press.net\/cotedivoire\/politique\/garants-de-la-tradition-soutiennent-ado-pour-2025\"},\"wordCount\":521,\"commentCount\":0,\"image\":{\"@id\":\"https:\/\/www.africa-press.net\/cotedivoire\/politique\/garants-de-la-tradition-soutiennent-ado-pour-2025#primaryimage\"},\"thumbnailUrl\":\"https:\/\/static.africa-press.net\/cote\/sites\/43\/2025\/10\/sm_1761406601.5404.jpg\",\"keywords\":[\"ADO\",\"Alassane Ouattara\",\"campagne\",\"chefs traditionnels\",\"C\u00d4TE D'IVOIRE\",\"Dabakala\",\"fid\u00e9lit\u00e9\",\"Hambol\"],\"articleSection\":[\"Politique\",\"Toutes les actualit\u00e9s\"],\"inLanguage\":\"fr-FR\",\"potentialAction\":[{\"@type\":\"CommentAction\",\"name\":\"Comment\",\"target\":[\"https:\/\/www.africa-press.net\/cotedivoire\/politique\/garants-de-la-tradition-soutiennent-ado-pour-2025#respond\"]}]},{\"@type\":\"WebPage\",\"@id\":\"https:\/\/www.africa-press.net\/cotedivoire\/politique\/garants-de-la-tradition-soutiennent-ado-pour-2025\",\"url\":\"https:\/\/www.africa-press.net\/cotedivoire\/politique\/garants-de-la-tradition-soutiennent-ado-pour-2025\",\"name\":\"Garants de la Tradition Soutiennent ADO pour 2025 - C\u00f4te d&#039;Ivoire\",\"isPartOf\":{\"@id\":\"https:\/\/www.africa-press.net\/cotedivoire\/#website\"},\"primaryImageOfPage\":{\"@id\":\"https:\/\/www.africa-press.net\/cotedivoire\/politique\/garants-de-la-tradition-soutiennent-ado-pour-2025#primaryimage\"},\"image\":{\"@id\":\"https:\/\/www.africa-press.net\/cotedivoire\/politique\/garants-de-la-tradition-soutiennent-ado-pour-2025#primaryimage\"},\"thumbnailUrl\":\"https:\/\/static.africa-press.net\/cote\/sites\/43\/2025\/10\/sm_1761406601.5404.jpg\",\"datePublished\":\"2025-10-25T18:43:03+00:00\",\"dateModified\":\"2025-10-25T19:07:53+00:00\",\"author\":{\"@id\":\"https:\/\/www.africa-press.net\/cotedivoire\/#\/schema\/person\/2b1cf3cd81a31e3cd26889ca66d677f1\"},\"description\":\"Re\u0301unis a\u0300 Dabakala sous le sceau de la tradition et de la reconnaissance, les chefs de canton et autorite\u0301s coutumie\u0300re ...\",\"breadcrumb\":{\"@id\":\"https:\/\/www.africa-press.net\/cotedivoire\/politique\/garants-de-la-tradition-soutiennent-ado-pour-2025#breadcrumb\"},\"inLanguage\":\"fr-FR\",\"potentialAction\":[{\"@type\":\"ReadAction\",\"target\":[\"https:\/\/www.africa-press.net\/cotedivoire\/politique\/garants-de-la-tradition-soutiennent-ado-pour-2025\"]}]},{\"@type\":\"ImageObject\",\"inLanguage\":\"fr-FR\",\"@id\":\"https:\/\/www.africa-press.net\/cotedivoire\/politique\/garants-de-la-tradition-soutiennent-ado-pour-2025#primaryimage\",\"url\":\"https:\/\/static.africa-press.net\/cote\/sites\/43\/2025\/10\/sm_1761406601.5404.jpg\",\"contentUrl\":\"https:\/\/static.africa-press.net\/cote\/sites\/43\/2025\/10\/sm_1761406601.5404.jpg\",\"width\":720,\"height\":422,\"caption\":\"Garants de la Tradition Soutiennent ADO pour 2025\"},{\"@type\":\"BreadcrumbList\",\"@id\":\"https:\/\/www.africa-press.net\/cotedivoire\/politique\/garants-de-la-tradition-soutiennent-ado-pour-2025#breadcrumb\",\"itemListElement\":[{\"@type\":\"ListItem\",\"position\":1,\"name\":\"Accueil\",\"item\":\"https:\/\/www.africa-press.net\/cotedivoire\/\"},{\"@type\":\"ListItem\",\"position\":2,\"name\":\"Garants de la Tradition Soutiennent ADO pour 2025\"}]},{\"@type\":\"WebSite\",\"@id\":\"https:\/\/www.africa-press.net\/cotedivoire\/#website\",\"url\":\"https:\/\/www.africa-press.net\/cotedivoire\/\",\"name\":\"C\u00f4te d&#039;Ivoire\",\"description\":\"Just another Africa News Agency Sites site\",\"potentialAction\":[{\"@type\":\"SearchAction\",\"target\":{\"@type\":\"EntryPoint\",\"urlTemplate\":\"https:\/\/www.africa-press.net\/cotedivoire\/?s={search_term_string}\"},\"query-input\":{\"@type\":\"PropertyValueSpecification\",\"valueRequired\":true,\"valueName\":\"search_term_string\"}}],\"inLanguage\":\"fr-FR\"},{\"@type\":\"Person\",\"@id\":\"https:\/\/www.africa-press.net\/cotedivoire\/#\/schema\/person\/2b1cf3cd81a31e3cd26889ca66d677f1\",\"name\":\"cfeditorfr\"}]}<\/script>\n<!-- \/ Yoast SEO Premium plugin. -->","yoast_head_json":{"title":"Garants de la Tradition Soutiennent ADO pour 2025 - C\u00f4te d&#039;Ivoire","description":"Re\u0301unis a\u0300 Dabakala sous le sceau de la tradition et de la reconnaissance, les chefs de canton et autorite\u0301s coutumie\u0300re ...","robots":{"index":"index","follow":"follow","max-snippet":"max-snippet:-1","max-image-preview":"max-image-preview:large","max-video-preview":"max-video-preview:-1"},"canonical":"https:\/\/www.africa-press.net\/cotedivoire\/politique\/garants-de-la-tradition-soutiennent-ado-pour-2025","og_locale":"fr_FR","og_type":"article","og_title":"Garants de la Tradition Soutiennent ADO pour 2025","og_description":"Re\u0301unis a\u0300 Dabakala sous le sceau de la tradition et de la reconnaissance, les chefs de canton et autorite\u0301s coutumie\u0300re ...","og_url":"https:\/\/www.africa-press.net\/cotedivoire\/politique\/garants-de-la-tradition-soutiennent-ado-pour-2025","og_site_name":"C\u00f4te d&#039;Ivoire","article_published_time":"2025-10-25T18:43:03+00:00","article_modified_time":"2025-10-25T19:07:53+00:00","og_image":[{"width":720,"height":422,"url":"https:\/\/static.africa-press.net\/cote\/sites\/43\/2025\/10\/sm_1761406601.5404.jpg","type":"image\/jpeg"}],"author":"cfeditorfr","twitter_card":"summary_large_image","twitter_misc":{"\u00c9crit par":"cfeditorfr","Dur\u00e9e de lecture estim\u00e9e":"3 minutes"},"schema":{"@context":"https:\/\/schema.org","@graph":[{"@type":"Article","@id":"https:\/\/www.africa-press.net\/cotedivoire\/politique\/garants-de-la-tradition-soutiennent-ado-pour-2025#article","isPartOf":{"@id":"https:\/\/www.africa-press.net\/cotedivoire\/politique\/garants-de-la-tradition-soutiennent-ado-pour-2025"},"author":{"name":"cfeditorfr","@id":"https:\/\/www.africa-press.net\/cotedivoire\/#\/schema\/person\/2b1cf3cd81a31e3cd26889ca66d677f1"},"headline":"Garants de la Tradition Soutiennent ADO pour 2025","datePublished":"2025-10-25T18:43:03+00:00","dateModified":"2025-10-25T19:07:53+00:00","mainEntityOfPage":{"@id":"https:\/\/www.africa-press.net\/cotedivoire\/politique\/garants-de-la-tradition-soutiennent-ado-pour-2025"},"wordCount":521,"commentCount":0,"image":{"@id":"https:\/\/www.africa-press.net\/cotedivoire\/politique\/garants-de-la-tradition-soutiennent-ado-pour-2025#primaryimage"},"thumbnailUrl":"https:\/\/static.africa-press.net\/cote\/sites\/43\/2025\/10\/sm_1761406601.5404.jpg","keywords":["ADO","Alassane Ouattara","campagne","chefs traditionnels","C\u00d4TE D'IVOIRE","Dabakala","fid\u00e9lit\u00e9","Hambol"],"articleSection":["Politique","Toutes les actualit\u00e9s"],"inLanguage":"fr-FR","potentialAction":[{"@type":"CommentAction","name":"Comment","target":["https:\/\/www.africa-press.net\/cotedivoire\/politique\/garants-de-la-tradition-soutiennent-ado-pour-2025#respond"]}]},{"@type":"WebPage","@id":"https:\/\/www.africa-press.net\/cotedivoire\/politique\/garants-de-la-tradition-soutiennent-ado-pour-2025","url":"https:\/\/www.africa-press.net\/cotedivoire\/politique\/garants-de-la-tradition-soutiennent-ado-pour-2025","name":"Garants de la Tradition Soutiennent ADO pour 2025 - C\u00f4te d&#039;Ivoire","isPartOf":{"@id":"https:\/\/www.africa-press.net\/cotedivoire\/#website"},"primaryImageOfPage":{"@id":"https:\/\/www.africa-press.net\/cotedivoire\/politique\/garants-de-la-tradition-soutiennent-ado-pour-2025#primaryimage"},"image":{"@id":"https:\/\/www.africa-press.net\/cotedivoire\/politique\/garants-de-la-tradition-soutiennent-ado-pour-2025#primaryimage"},"thumbnailUrl":"https:\/\/static.africa-press.net\/cote\/sites\/43\/2025\/10\/sm_1761406601.5404.jpg","datePublished":"2025-10-25T18:43:03+00:00","dateModified":"2025-10-25T19:07:53+00:00","author":{"@id":"https:\/\/www.africa-press.net\/cotedivoire\/#\/schema\/person\/2b1cf3cd81a31e3cd26889ca66d677f1"},"description":"Re\u0301unis a\u0300 Dabakala sous le sceau de la tradition et de la reconnaissance, les chefs de canton et autorite\u0301s coutumie\u0300re ...","breadcrumb":{"@id":"https:\/\/www.africa-press.net\/cotedivoire\/politique\/garants-de-la-tradition-soutiennent-ado-pour-2025#breadcrumb"},"inLanguage":"fr-FR","potentialAction":[{"@type":"ReadAction","target":["https:\/\/www.africa-press.net\/cotedivoire\/politique\/garants-de-la-tradition-soutiennent-ado-pour-2025"]}]},{"@type":"ImageObject","inLanguage":"fr-FR","@id":"https:\/\/www.africa-press.net\/cotedivoire\/politique\/garants-de-la-tradition-soutiennent-ado-pour-2025#primaryimage","url":"https:\/\/static.africa-press.net\/cote\/sites\/43\/2025\/10\/sm_1761406601.5404.jpg","contentUrl":"https:\/\/static.africa-press.net\/cote\/sites\/43\/2025\/10\/sm_1761406601.5404.jpg","width":720,"height":422,"caption":"Garants de la Tradition Soutiennent ADO pour 2025"},{"@type":"BreadcrumbList","@id":"https:\/\/www.africa-press.net\/cotedivoire\/politique\/garants-de-la-tradition-soutiennent-ado-pour-2025#breadcrumb","itemListElement":[{"@type":"ListItem","position":1,"name":"Accueil","item":"https:\/\/www.africa-press.net\/cotedivoire\/"},{"@type":"ListItem","position":2,"name":"Garants de la Tradition Soutiennent ADO pour 2025"}]},{"@type":"WebSite","@id":"https:\/\/www.africa-press.net\/cotedivoire\/#website","url":"https:\/\/www.africa-press.net\/cotedivoire\/","name":"C\u00f4te d&#039;Ivoire","description":"Just another Africa News Agency Sites site","potentialAction":[{"@type":"SearchAction","target":{"@type":"EntryPoint","urlTemplate":"https:\/\/www.africa-press.net\/cotedivoire\/?s={search_term_string}"},"query-input":{"@type":"PropertyValueSpecification","valueRequired":true,"valueName":"search_term_string"}}],"inLanguage":"fr-FR"},{"@type":"Person","@id":"https:\/\/www.africa-press.net\/cotedivoire\/#\/schema\/person\/2b1cf3cd81a31e3cd26889ca66d677f1","name":"cfeditorfr"}]}},"_links":{"self":[{"href":"https:\/\/www.africa-press.net\/cotedivoire\/wp-json\/wp\/v2\/posts\/107501","targetHints":{"allow":["GET"]}}],"collection":[{"href":"https:\/\/www.africa-press.net\/cotedivoire\/wp-json\/wp\/v2\/posts"}],"about":[{"href":"https:\/\/www.africa-press.net\/cotedivoire\/wp-json\/wp\/v2\/types\/post"}],"author":[{"embeddable":true,"href":"https:\/\/www.africa-press.net\/cotedivoire\/wp-json\/wp\/v2\/users\/82"}],"replies":[{"embeddable":true,"href":"https:\/\/www.africa-press.net\/cotedivoire\/wp-json\/wp\/v2\/comments?post=107501"}],"version-history":[{"count":0,"href":"https:\/\/www.africa-press.net\/cotedivoire\/wp-json\/wp\/v2\/posts\/107501\/revisions"}],"wp:featuredmedia":[{"embeddable":true,"href":"https:\/\/www.africa-press.net\/cotedivoire\/wp-json\/wp\/v2\/media\/107499"}],"wp:attachment":[{"href":"https:\/\/www.africa-press.net\/cotedivoire\/wp-json\/wp\/v2\/media?parent=107501"}],"wp:term":[{"taxonomy":"category","embeddable":true,"href":"https:\/\/www.africa-press.net\/cotedivoire\/wp-json\/wp\/v2\/categories?post=107501"},{"taxonomy":"post_tag","embeddable":true,"href":"https:\/\/www.africa-press.net\/cotedivoire\/wp-json\/wp\/v2\/tags?post=107501"}],"curies":[{"name":"wp","href":"https:\/\/api.w.org\/{rel}","templated":true}]}}