{"id":107514,"date":"2025-10-25T18:47:01","date_gmt":"2025-10-25T18:47:01","guid":{"rendered":"https:\/\/www.africa-press.net\/cotedivoire\/politique\/presidentielle-2025-invitation-au-vote-pacifique-a-lakota"},"modified":"2025-10-25T19:09:10","modified_gmt":"2025-10-25T19:09:10","slug":"presidentielle-2025-invitation-au-vote-pacifique-a-lakota","status":"publish","type":"post","link":"https:\/\/www.africa-press.net\/cotedivoire\/politique\/presidentielle-2025-invitation-au-vote-pacifique-a-lakota","title":{"rendered":"Pr\u00e9sidentielle 2025 Invitation au Vote Pacifique \u00e0 Lakota"},"content":{"rendered":"<p><span style=\"color: #ff6600\"><strong>Africa-Press &#8211; C\u00f4te d&rsquo;Ivoire. <\/strong><\/span>A\u0300 quelques jours de l\u2019e\u0301lection pre\u0301sidentielle d\u2019octobre 2025, Sam Wakouboue\u0301, cadre du Lo\u0302h-Djiboua, plus connu sous le nom de \u00ab Sam le Concret \u00bb, e\u0301tait a\u0300 Goudouko-ville, dans la sous-pre\u0301fecture du me\u0302me nom.<\/p>\n<p>Devant une foule nombreuse compose\u0301e de jeunes, de femmes et de leaders communautaires, il a lance\u0301 un appel vibrant a\u0300 la paix et a\u0300 la retenue en cette pe\u0301riode e\u0301lectorale sensible.<\/p>\n<p>\u00ab Inscrivons-nous dans la paix. Samedi, allez voter sans palabres. De\u0301tachons-nous des querelles e\u0301lectorales, car l\u2019essentiel, c\u2019est la stabilite\u0301 de notre re\u0301gion \u00bb, a-t-il de\u0301clare\u0301 d\u2019un ton ferme et rassembleur.<\/p>\n<p>En rappelant les douloureux e\u0301ve\u0301nements de 2018, ou\u0300 Goudouko avait connu des affrontements meurtriers lors des e\u0301lections municipales, Sam Wakouboue\u0301 a exhorte\u0301 les habitants a\u0300 ne plus jamais revivre de telles trage\u0301dies.<\/p>\n<p>\u00ab Il ne faut plus que Lakota connaisse cela. Je vous invite a\u0300 aller a\u0300 ces e\u0301lections dans la paix \u00bb, a-t-il insiste\u0301.<\/p>\n<p>Au-dela\u0300 du message de paix, la visite de Sam Wakouboue\u0301 a e\u0301te\u0301 marque\u0301e par plusieurs gestes sociaux forts.<\/p>\n<p>Il a offert des vivres et des nume\u0301raires a\u0300 104 veuves de la sous-pre\u0301fecture, afin de leur te\u0301moigner son soutien dans leurs difficulte\u0301s quotidiennes.<\/p>\n<p>Les be\u0301ne\u0301ficiaires, e\u0301mues, ont unanimement exprime\u0301 leur reconnaissance envers le donateur pour cet acte de ge\u0301ne\u0301rosite\u0301.<\/p>\n<p>Dans le me\u0302me e\u0301lan, quatre militants houphoue\u0308tistes, comptant plus de 25 ans de fide\u0301lite\u0301 au parti, ont e\u0301te\u0301 honore\u0301s. Chacun d\u2019eux a rec\u0327u une moto pour faciliter leurs de\u0301placements et leurs actions de sensibilisation a\u0300 la paix et au vivre-ensemble dans toute la zone.<\/p>\n<p>L\u2019e\u0301cole maternelle de Goudouko a e\u0301galement be\u0301ne\u0301ficie\u0301 d\u2019un lot d\u2019e\u0301quipements pe\u0301dagogiques, au grand bonheur des e\u0301le\u0300ves et de leurs encadreurs.<\/p>\n<p>La communaute\u0301 musulmane de Kouassililie\u0301 n\u2019a pas e\u0301te\u0301 oublie\u0301e: elle a rec\u0327u trois tonnes de ciment destine\u0301es a\u0300 la construction de sa mosque\u0301e. Un geste salue\u0301 par les fide\u0300les et les autorite\u0301s locales.<\/p>\n<p>Profitant de son passage, Sam Wakouboue\u0301 a proce\u0301de\u0301 au retrait de sa carte d\u2019e\u0301lecteur, de\u0301montrant ainsi son engagement concret en faveur du civisme et de la participation de\u0301mocratique.<\/p>\n<p>Ce geste symbolique a e\u0301te\u0301 applaudi par les populations pre\u0301sentes, qui y ont vu un exemple a\u0300 suivre.<\/p>\n<p>Dans la me\u0302me journe\u0301e, les enseignants de la sous-pre\u0301fecture de Goudouko, membres de l\u2019Union des Enseignants du RHDP (UE-RHDP), ont proce\u0301de\u0301 a\u0300 l\u2019investiture de leur bureau exe\u0301cutif local.<\/p>\n<p>La ce\u0301re\u0301monie s\u2019est tenue en pre\u0301sence de leur parrain, Sam Wakouboue\u0301, repre\u0301sentant du parti et fils de la re\u0301gion.<\/p>\n<p>Il a indique\u0301 avoir e\u0301te\u0301 mandate\u0301 par Drissa Ouattara, pre\u0301sident national de l\u2019UE-RHDP, pour installer le bureau pre\u0301side\u0301 par Kouadja Bosse\u0301.<\/p>\n<p>\u00ab Votre pre\u0301sident national vous a mis en mission. Vous ne devez pas trahir cette mission. Faites gagner votre mentor, le Pre\u0301sident Alassane Ouattara \u00bb, a exhorte\u0301 Sam Wakouboue\u0301 a\u0300 ses filleuls.<\/p>\n<p>Par visioconfe\u0301rence, Drissa Ouattara a fe\u0301licite\u0301 les enseignants pour leur engagement et les a appele\u0301s a\u0300 jouer pleinement leur ro\u0302le dans la victoire du RHDP.<\/p>\n<p>\u00ab Nous, enseignants, sommes la cheville ouvrie\u0300re de la victoire du Pre\u0301sident Ouattara. Accompagnez mon fre\u0300re Sam Wakouboue\u0301 pour une victoire totale d\u2019ADO \u00bb, a-t-il de\u0301clare\u0301.<\/p>\n<p>Clo\u0302turant la rencontre, Sam Wakouboue\u0301, e\u0301galement directeur de la communication au ministe\u0300re des Affaires e\u0301trange\u0300res, a prodigue\u0301 des conseils pratiques sur la manie\u0300re de voter correctement afin d\u2019e\u0301viter les bulletins nuls.<\/p>\n<p>Muni d\u2019un spe\u0301cimen de bulletin de vote, il a explique\u0301 les bons re\u0301flexes a\u0300 adopter pour un vote efficace et conforme.<\/p>\n<p>En re\u0301ponse, Kouadja Bosse\u0301, pre\u0301sident du bureau local, a re\u0301affirme\u0301 la de\u0301termination du corps enseignant a\u0300 s\u2019engager pour la victoire du parti: \u00ab Nous nous mettons a\u0300 votre disposition. Nous sommes des soldats acquis a\u0300 votre cause. Ensemble, nous rele\u0300verons le de\u0301fi de Goudouko et atteindrons nos objectifs. \u00bb<\/p>\n<p>Cette visite a\u0300 Goudouko aura e\u0301te\u0301 une journe\u0301e riche en symboles: un message fort de paix, des actions de solidarite\u0301 et une mobilisation politique discipline\u0301e.<\/p>\n<p>Par ses paroles et ses gestes, Sam Wakouboue\u0301 a su conjuguer civisme, engagement et proximite\u0301, confirmant sa place parmi les figures majeures du RHDP dans le Lo\u0302h-Djiboua.<\/p>\n<p><strong>Pour plus d&rsquo;informations et d&rsquo;analyses sur la <span style=\"color: #ff6600\">C\u00f4te d&rsquo;Ivoire<\/span>, suivez <span style=\"color: #ff6600\">Africa-Press<\/span><\/strong><\/p>\n","protected":false},"excerpt":{"rendered":"<p>Africa-Press &#8211; C\u00f4te d&rsquo;Ivoire. A\u0300 quelques jours de l\u2019e\u0301lection pre\u0301sidentielle d\u2019octobre 2025, Sam Wakouboue\u0301, cadre du Lo\u0302h-Djiboua, plus connu sous le nom de \u00ab Sam le Concret \u00bb, e\u0301tait a\u0300 Goudouko-ville, dans la sous-pre\u0301fecture du me\u0302me nom. Devant une foule nombreuse compose\u0301e de jeunes, de femmes et de leaders communautaires, il a lance\u0301 un appel [&hellip;]<\/p>\n","protected":false},"author":82,"featured_media":107513,"comment_status":"open","ping_status":"closed","sticky":false,"template":"","format":"standard","meta":{"footnotes":""},"categories":[2,10],"tags":[8151,3107,29,14785,980,600,371,10638,2846],"class_list":["post-107514","post","type-post","status-publish","format-standard","has-post-thumbnail","hentry","category-politique","category-toutes-les-actualites","tag-ado","tag-cohesion","tag-cote-divoire","tag-goudouko","tag-lakota","tag-paix","tag-rhdp","tag-sam-wakouboue","tag-sociale"],"yoast_head":"<!-- This site is optimized with the Yoast SEO Premium plugin v26.1 (Yoast SEO v27.0) - https:\/\/yoast.com\/product\/yoast-seo-premium-wordpress\/ -->\n<title>Pr\u00e9sidentielle 2025 Invitation au Vote Pacifique \u00e0 Lakota - C\u00f4te d&#039;Ivoire<\/title>\n<meta name=\"description\" content=\"A\u0300 quelques jours de l\u2019e\u0301lection pre\u0301sidentielle d\u2019octobre 2025, Sam Wakouboue\u0301, cadre du Lo\u0302h-Djiboua, plus connu sous ...\" \/>\n<meta name=\"robots\" content=\"index, follow, max-snippet:-1, max-image-preview:large, max-video-preview:-1\" \/>\n<link rel=\"canonical\" href=\"https:\/\/www.africa-press.net\/cotedivoire\/politique\/presidentielle-2025-invitation-au-vote-pacifique-a-lakota\" \/>\n<meta property=\"og:locale\" content=\"fr_FR\" \/>\n<meta property=\"og:type\" content=\"article\" \/>\n<meta property=\"og:title\" content=\"Pr\u00e9sidentielle 2025 Invitation au Vote Pacifique \u00e0 Lakota\" \/>\n<meta property=\"og:description\" content=\"A\u0300 quelques jours de l\u2019e\u0301lection pre\u0301sidentielle d\u2019octobre 2025, Sam Wakouboue\u0301, cadre du Lo\u0302h-Djiboua, plus connu sous ...\" \/>\n<meta property=\"og:url\" content=\"https:\/\/www.africa-press.net\/cotedivoire\/politique\/presidentielle-2025-invitation-au-vote-pacifique-a-lakota\" \/>\n<meta property=\"og:site_name\" content=\"C\u00f4te d&#039;Ivoire\" \/>\n<meta property=\"article:published_time\" content=\"2025-10-25T18:47:01+00:00\" \/>\n<meta property=\"article:modified_time\" content=\"2025-10-25T19:09:10+00:00\" \/>\n<meta property=\"og:image\" content=\"https:\/\/static.africa-press.net\/cote\/sites\/43\/2025\/10\/sm_1761406675.3109.jpg\" \/>\n\t<meta property=\"og:image:width\" content=\"720\" \/>\n\t<meta property=\"og:image:height\" content=\"494\" \/>\n\t<meta property=\"og:image:type\" content=\"image\/jpeg\" \/>\n<meta name=\"author\" content=\"cfeditorfr\" \/>\n<meta name=\"twitter:card\" content=\"summary_large_image\" \/>\n<meta name=\"twitter:label1\" content=\"\u00c9crit par\" \/>\n\t<meta name=\"twitter:data1\" content=\"cfeditorfr\" \/>\n\t<meta name=\"twitter:label2\" content=\"Dur\u00e9e de lecture estim\u00e9e\" \/>\n\t<meta name=\"twitter:data2\" content=\"4 minutes\" \/>\n<script type=\"application\/ld+json\" class=\"yoast-schema-graph\">{\"@context\":\"https:\/\/schema.org\",\"@graph\":[{\"@type\":\"Article\",\"@id\":\"https:\/\/www.africa-press.net\/cotedivoire\/politique\/presidentielle-2025-invitation-au-vote-pacifique-a-lakota#article\",\"isPartOf\":{\"@id\":\"https:\/\/www.africa-press.net\/cotedivoire\/politique\/presidentielle-2025-invitation-au-vote-pacifique-a-lakota\"},\"author\":{\"name\":\"cfeditorfr\",\"@id\":\"https:\/\/www.africa-press.net\/cotedivoire\/#\/schema\/person\/2b1cf3cd81a31e3cd26889ca66d677f1\"},\"headline\":\"Pr\u00e9sidentielle 2025 Invitation au Vote Pacifique \u00e0 Lakota\",\"datePublished\":\"2025-10-25T18:47:01+00:00\",\"dateModified\":\"2025-10-25T19:09:10+00:00\",\"mainEntityOfPage\":{\"@id\":\"https:\/\/www.africa-press.net\/cotedivoire\/politique\/presidentielle-2025-invitation-au-vote-pacifique-a-lakota\"},\"wordCount\":785,\"commentCount\":0,\"image\":{\"@id\":\"https:\/\/www.africa-press.net\/cotedivoire\/politique\/presidentielle-2025-invitation-au-vote-pacifique-a-lakota#primaryimage\"},\"thumbnailUrl\":\"https:\/\/static.africa-press.net\/cote\/sites\/43\/2025\/10\/sm_1761406675.3109.jpg\",\"keywords\":[\"ADO\",\"coh\u00e9sion\",\"C\u00d4TE D'IVOIRE\",\"Goudouko\",\"Lakota\",\"paix\",\"RHDP\",\"Sam Wakoubou\u00e9\",\"sociale\"],\"articleSection\":[\"Politique\",\"Toutes les actualit\u00e9s\"],\"inLanguage\":\"fr-FR\",\"potentialAction\":[{\"@type\":\"CommentAction\",\"name\":\"Comment\",\"target\":[\"https:\/\/www.africa-press.net\/cotedivoire\/politique\/presidentielle-2025-invitation-au-vote-pacifique-a-lakota#respond\"]}]},{\"@type\":\"WebPage\",\"@id\":\"https:\/\/www.africa-press.net\/cotedivoire\/politique\/presidentielle-2025-invitation-au-vote-pacifique-a-lakota\",\"url\":\"https:\/\/www.africa-press.net\/cotedivoire\/politique\/presidentielle-2025-invitation-au-vote-pacifique-a-lakota\",\"name\":\"Pr\u00e9sidentielle 2025 Invitation au Vote Pacifique \u00e0 Lakota - C\u00f4te d&#039;Ivoire\",\"isPartOf\":{\"@id\":\"https:\/\/www.africa-press.net\/cotedivoire\/#website\"},\"primaryImageOfPage\":{\"@id\":\"https:\/\/www.africa-press.net\/cotedivoire\/politique\/presidentielle-2025-invitation-au-vote-pacifique-a-lakota#primaryimage\"},\"image\":{\"@id\":\"https:\/\/www.africa-press.net\/cotedivoire\/politique\/presidentielle-2025-invitation-au-vote-pacifique-a-lakota#primaryimage\"},\"thumbnailUrl\":\"https:\/\/static.africa-press.net\/cote\/sites\/43\/2025\/10\/sm_1761406675.3109.jpg\",\"datePublished\":\"2025-10-25T18:47:01+00:00\",\"dateModified\":\"2025-10-25T19:09:10+00:00\",\"author\":{\"@id\":\"https:\/\/www.africa-press.net\/cotedivoire\/#\/schema\/person\/2b1cf3cd81a31e3cd26889ca66d677f1\"},\"description\":\"A\u0300 quelques jours de l\u2019e\u0301lection pre\u0301sidentielle d\u2019octobre 2025, Sam Wakouboue\u0301, cadre du Lo\u0302h-Djiboua, plus connu sous ...\",\"breadcrumb\":{\"@id\":\"https:\/\/www.africa-press.net\/cotedivoire\/politique\/presidentielle-2025-invitation-au-vote-pacifique-a-lakota#breadcrumb\"},\"inLanguage\":\"fr-FR\",\"potentialAction\":[{\"@type\":\"ReadAction\",\"target\":[\"https:\/\/www.africa-press.net\/cotedivoire\/politique\/presidentielle-2025-invitation-au-vote-pacifique-a-lakota\"]}]},{\"@type\":\"ImageObject\",\"inLanguage\":\"fr-FR\",\"@id\":\"https:\/\/www.africa-press.net\/cotedivoire\/politique\/presidentielle-2025-invitation-au-vote-pacifique-a-lakota#primaryimage\",\"url\":\"https:\/\/static.africa-press.net\/cote\/sites\/43\/2025\/10\/sm_1761406675.3109.jpg\",\"contentUrl\":\"https:\/\/static.africa-press.net\/cote\/sites\/43\/2025\/10\/sm_1761406675.3109.jpg\",\"width\":720,\"height\":494,\"caption\":\"Pr\u00e9sidentielle 2025 Invitation au Vote Pacifique \u00e0 Lakota\"},{\"@type\":\"BreadcrumbList\",\"@id\":\"https:\/\/www.africa-press.net\/cotedivoire\/politique\/presidentielle-2025-invitation-au-vote-pacifique-a-lakota#breadcrumb\",\"itemListElement\":[{\"@type\":\"ListItem\",\"position\":1,\"name\":\"Accueil\",\"item\":\"https:\/\/www.africa-press.net\/cotedivoire\/\"},{\"@type\":\"ListItem\",\"position\":2,\"name\":\"Pr\u00e9sidentielle 2025 Invitation au Vote Pacifique \u00e0 Lakota\"}]},{\"@type\":\"WebSite\",\"@id\":\"https:\/\/www.africa-press.net\/cotedivoire\/#website\",\"url\":\"https:\/\/www.africa-press.net\/cotedivoire\/\",\"name\":\"C\u00f4te d&#039;Ivoire\",\"description\":\"Just another Africa News Agency Sites site\",\"potentialAction\":[{\"@type\":\"SearchAction\",\"target\":{\"@type\":\"EntryPoint\",\"urlTemplate\":\"https:\/\/www.africa-press.net\/cotedivoire\/?s={search_term_string}\"},\"query-input\":{\"@type\":\"PropertyValueSpecification\",\"valueRequired\":true,\"valueName\":\"search_term_string\"}}],\"inLanguage\":\"fr-FR\"},{\"@type\":\"Person\",\"@id\":\"https:\/\/www.africa-press.net\/cotedivoire\/#\/schema\/person\/2b1cf3cd81a31e3cd26889ca66d677f1\",\"name\":\"cfeditorfr\"}]}<\/script>\n<!-- \/ Yoast SEO Premium plugin. -->","yoast_head_json":{"title":"Pr\u00e9sidentielle 2025 Invitation au Vote Pacifique \u00e0 Lakota - C\u00f4te d&#039;Ivoire","description":"A\u0300 quelques jours de l\u2019e\u0301lection pre\u0301sidentielle d\u2019octobre 2025, Sam Wakouboue\u0301, cadre du Lo\u0302h-Djiboua, plus connu sous ...","robots":{"index":"index","follow":"follow","max-snippet":"max-snippet:-1","max-image-preview":"max-image-preview:large","max-video-preview":"max-video-preview:-1"},"canonical":"https:\/\/www.africa-press.net\/cotedivoire\/politique\/presidentielle-2025-invitation-au-vote-pacifique-a-lakota","og_locale":"fr_FR","og_type":"article","og_title":"Pr\u00e9sidentielle 2025 Invitation au Vote Pacifique \u00e0 Lakota","og_description":"A\u0300 quelques jours de l\u2019e\u0301lection pre\u0301sidentielle d\u2019octobre 2025, Sam Wakouboue\u0301, cadre du Lo\u0302h-Djiboua, plus connu sous ...","og_url":"https:\/\/www.africa-press.net\/cotedivoire\/politique\/presidentielle-2025-invitation-au-vote-pacifique-a-lakota","og_site_name":"C\u00f4te d&#039;Ivoire","article_published_time":"2025-10-25T18:47:01+00:00","article_modified_time":"2025-10-25T19:09:10+00:00","og_image":[{"width":720,"height":494,"url":"https:\/\/static.africa-press.net\/cote\/sites\/43\/2025\/10\/sm_1761406675.3109.jpg","type":"image\/jpeg"}],"author":"cfeditorfr","twitter_card":"summary_large_image","twitter_misc":{"\u00c9crit par":"cfeditorfr","Dur\u00e9e de lecture estim\u00e9e":"4 minutes"},"schema":{"@context":"https:\/\/schema.org","@graph":[{"@type":"Article","@id":"https:\/\/www.africa-press.net\/cotedivoire\/politique\/presidentielle-2025-invitation-au-vote-pacifique-a-lakota#article","isPartOf":{"@id":"https:\/\/www.africa-press.net\/cotedivoire\/politique\/presidentielle-2025-invitation-au-vote-pacifique-a-lakota"},"author":{"name":"cfeditorfr","@id":"https:\/\/www.africa-press.net\/cotedivoire\/#\/schema\/person\/2b1cf3cd81a31e3cd26889ca66d677f1"},"headline":"Pr\u00e9sidentielle 2025 Invitation au Vote Pacifique \u00e0 Lakota","datePublished":"2025-10-25T18:47:01+00:00","dateModified":"2025-10-25T19:09:10+00:00","mainEntityOfPage":{"@id":"https:\/\/www.africa-press.net\/cotedivoire\/politique\/presidentielle-2025-invitation-au-vote-pacifique-a-lakota"},"wordCount":785,"commentCount":0,"image":{"@id":"https:\/\/www.africa-press.net\/cotedivoire\/politique\/presidentielle-2025-invitation-au-vote-pacifique-a-lakota#primaryimage"},"thumbnailUrl":"https:\/\/static.africa-press.net\/cote\/sites\/43\/2025\/10\/sm_1761406675.3109.jpg","keywords":["ADO","coh\u00e9sion","C\u00d4TE D'IVOIRE","Goudouko","Lakota","paix","RHDP","Sam Wakoubou\u00e9","sociale"],"articleSection":["Politique","Toutes les actualit\u00e9s"],"inLanguage":"fr-FR","potentialAction":[{"@type":"CommentAction","name":"Comment","target":["https:\/\/www.africa-press.net\/cotedivoire\/politique\/presidentielle-2025-invitation-au-vote-pacifique-a-lakota#respond"]}]},{"@type":"WebPage","@id":"https:\/\/www.africa-press.net\/cotedivoire\/politique\/presidentielle-2025-invitation-au-vote-pacifique-a-lakota","url":"https:\/\/www.africa-press.net\/cotedivoire\/politique\/presidentielle-2025-invitation-au-vote-pacifique-a-lakota","name":"Pr\u00e9sidentielle 2025 Invitation au Vote Pacifique \u00e0 Lakota - C\u00f4te d&#039;Ivoire","isPartOf":{"@id":"https:\/\/www.africa-press.net\/cotedivoire\/#website"},"primaryImageOfPage":{"@id":"https:\/\/www.africa-press.net\/cotedivoire\/politique\/presidentielle-2025-invitation-au-vote-pacifique-a-lakota#primaryimage"},"image":{"@id":"https:\/\/www.africa-press.net\/cotedivoire\/politique\/presidentielle-2025-invitation-au-vote-pacifique-a-lakota#primaryimage"},"thumbnailUrl":"https:\/\/static.africa-press.net\/cote\/sites\/43\/2025\/10\/sm_1761406675.3109.jpg","datePublished":"2025-10-25T18:47:01+00:00","dateModified":"2025-10-25T19:09:10+00:00","author":{"@id":"https:\/\/www.africa-press.net\/cotedivoire\/#\/schema\/person\/2b1cf3cd81a31e3cd26889ca66d677f1"},"description":"A\u0300 quelques jours de l\u2019e\u0301lection pre\u0301sidentielle d\u2019octobre 2025, Sam Wakouboue\u0301, cadre du Lo\u0302h-Djiboua, plus connu sous ...","breadcrumb":{"@id":"https:\/\/www.africa-press.net\/cotedivoire\/politique\/presidentielle-2025-invitation-au-vote-pacifique-a-lakota#breadcrumb"},"inLanguage":"fr-FR","potentialAction":[{"@type":"ReadAction","target":["https:\/\/www.africa-press.net\/cotedivoire\/politique\/presidentielle-2025-invitation-au-vote-pacifique-a-lakota"]}]},{"@type":"ImageObject","inLanguage":"fr-FR","@id":"https:\/\/www.africa-press.net\/cotedivoire\/politique\/presidentielle-2025-invitation-au-vote-pacifique-a-lakota#primaryimage","url":"https:\/\/static.africa-press.net\/cote\/sites\/43\/2025\/10\/sm_1761406675.3109.jpg","contentUrl":"https:\/\/static.africa-press.net\/cote\/sites\/43\/2025\/10\/sm_1761406675.3109.jpg","width":720,"height":494,"caption":"Pr\u00e9sidentielle 2025 Invitation au Vote Pacifique \u00e0 Lakota"},{"@type":"BreadcrumbList","@id":"https:\/\/www.africa-press.net\/cotedivoire\/politique\/presidentielle-2025-invitation-au-vote-pacifique-a-lakota#breadcrumb","itemListElement":[{"@type":"ListItem","position":1,"name":"Accueil","item":"https:\/\/www.africa-press.net\/cotedivoire\/"},{"@type":"ListItem","position":2,"name":"Pr\u00e9sidentielle 2025 Invitation au Vote Pacifique \u00e0 Lakota"}]},{"@type":"WebSite","@id":"https:\/\/www.africa-press.net\/cotedivoire\/#website","url":"https:\/\/www.africa-press.net\/cotedivoire\/","name":"C\u00f4te d&#039;Ivoire","description":"Just another Africa News Agency Sites site","potentialAction":[{"@type":"SearchAction","target":{"@type":"EntryPoint","urlTemplate":"https:\/\/www.africa-press.net\/cotedivoire\/?s={search_term_string}"},"query-input":{"@type":"PropertyValueSpecification","valueRequired":true,"valueName":"search_term_string"}}],"inLanguage":"fr-FR"},{"@type":"Person","@id":"https:\/\/www.africa-press.net\/cotedivoire\/#\/schema\/person\/2b1cf3cd81a31e3cd26889ca66d677f1","name":"cfeditorfr"}]}},"_links":{"self":[{"href":"https:\/\/www.africa-press.net\/cotedivoire\/wp-json\/wp\/v2\/posts\/107514","targetHints":{"allow":["GET"]}}],"collection":[{"href":"https:\/\/www.africa-press.net\/cotedivoire\/wp-json\/wp\/v2\/posts"}],"about":[{"href":"https:\/\/www.africa-press.net\/cotedivoire\/wp-json\/wp\/v2\/types\/post"}],"author":[{"embeddable":true,"href":"https:\/\/www.africa-press.net\/cotedivoire\/wp-json\/wp\/v2\/users\/82"}],"replies":[{"embeddable":true,"href":"https:\/\/www.africa-press.net\/cotedivoire\/wp-json\/wp\/v2\/comments?post=107514"}],"version-history":[{"count":0,"href":"https:\/\/www.africa-press.net\/cotedivoire\/wp-json\/wp\/v2\/posts\/107514\/revisions"}],"wp:featuredmedia":[{"embeddable":true,"href":"https:\/\/www.africa-press.net\/cotedivoire\/wp-json\/wp\/v2\/media\/107513"}],"wp:attachment":[{"href":"https:\/\/www.africa-press.net\/cotedivoire\/wp-json\/wp\/v2\/media?parent=107514"}],"wp:term":[{"taxonomy":"category","embeddable":true,"href":"https:\/\/www.africa-press.net\/cotedivoire\/wp-json\/wp\/v2\/categories?post=107514"},{"taxonomy":"post_tag","embeddable":true,"href":"https:\/\/www.africa-press.net\/cotedivoire\/wp-json\/wp\/v2\/tags?post=107514"}],"curies":[{"name":"wp","href":"https:\/\/api.w.org\/{rel}","templated":true}]}}