{"id":107712,"date":"2025-10-29T10:08:43","date_gmt":"2025-10-29T10:08:43","guid":{"rendered":"https:\/\/www.africa-press.net\/cotedivoire\/politique\/marche-interdite-du-11-octobre-avec-armes-de-guerre"},"modified":"2025-10-29T12:06:54","modified_gmt":"2025-10-29T12:06:54","slug":"marche-interdite-du-11-octobre-avec-armes-de-guerre","status":"publish","type":"post","link":"https:\/\/www.africa-press.net\/cotedivoire\/politique\/marche-interdite-du-11-octobre-avec-armes-de-guerre","title":{"rendered":"Marche Interdite Du 11 Octobre Avec Armes De Guerre"},"content":{"rendered":"<p><span style=\"color: #ff6600\"><strong>Africa-Press &#8211; C\u00f4te d&rsquo;Ivoire. <\/strong><\/span>Le Procureur de la Re\u0301publique, Directeur de la Section Antiterroriste du Tribunal de Premie\u0300re Instance d\u2019Abidjan, Braman Oumar Kone\u0301, fait connai\u0302tre que les enque\u0302tes mene\u0301es et les arrestations ope\u0301re\u0301es dans le cadre des proce\u0301dures pe\u0301nales ouvertes a\u0300 la suite des violences perpe\u0301tre\u0301es lors des attroupements arme\u0301s ou non arme\u0301s et des troubles a\u0300 l\u2019ordre public, conse\u0301cutifs a\u0300 l\u2019interdiction de la marche projete\u0301e, le 11 octobre 2025, par les groupements politiques de\u0301nomme\u0301s PPA-CI et PDCI-RDA , ont re\u0301ve\u0301le\u0301 que certains individus ainsi que des personnes se disant membres du service d\u2019ordre du PPA-CI e\u0301taient munis d\u2019armes de guerre.<\/p>\n<p>Il tient a\u0300 rappeler que la de\u0301tention ille\u0301gale d\u2019armes de guerre constitue une infraction, conforme\u0301ment a\u0300 la loi portant re\u0301pression des infractions a\u0300 la re\u0301glementation sur les armes, munitions et substances explosives.<\/p>\n<p>Les auteurs d\u2019une telle infraction encourent une peine de cinq (05) a\u0300 dix (10) ans d\u2019emprisonnement ferme.<\/p>\n<p>Aussi le Procureur de la Re\u0301publique demande-t-il instamment a\u0300 tous ces de\u0301tenteurs d\u2019armes sans autorisation administrative, de de\u0301poser les armes en leur possession dans les unite\u0301s de Police ou de Gendarmerie, sous peine de poursuite judiciaire.<\/p>\n<p>Il note que, le de\u0301po\u0302t volontaire de ces armes pourra leur permettre de be\u0301ne\u0301ficier de circonstances atte\u0301nuantes.<\/p>\n<p><strong>Pour plus d&rsquo;informations et d&rsquo;analyses sur la <span style=\"color: #ff6600\">C\u00f4te d&rsquo;Ivoire<\/span>, suivez <span style=\"color: #ff6600\">Africa-Press<\/span><\/strong><\/p>\n","protected":false},"excerpt":{"rendered":"<p>Africa-Press &#8211; C\u00f4te d&rsquo;Ivoire. Le Procureur de la Re\u0301publique, Directeur de la Section Antiterroriste du Tribunal de Premie\u0300re Instance d\u2019Abidjan, Braman Oumar Kone\u0301, fait connai\u0302tre que les enque\u0302tes mene\u0301es et les arrestations ope\u0301re\u0301es dans le cadre des proce\u0301dures pe\u0301nales ouvertes a\u0300 la suite des violences perpe\u0301tre\u0301es lors des attroupements arme\u0301s ou non arme\u0301s et des [&hellip;]<\/p>\n","protected":false},"author":82,"featured_media":107711,"comment_status":"open","ping_status":"closed","sticky":false,"template":"","format":"standard","meta":{"footnotes":""},"categories":[2,10],"tags":[19349,19348,29,534,739,1952,949],"class_list":["post-107712","post","type-post","status-publish","format-standard","has-post-thumbnail","hentry","category-politique","category-toutes-les-actualites","tag-armes-de-guerre","tag-braman-oumar-kone","tag-cote-divoire","tag-marche","tag-pdci-rda","tag-ppa-ci","tag-procureur"],"yoast_head":"<!-- This site is optimized with the Yoast SEO Premium plugin v26.1 (Yoast SEO v27.0) - https:\/\/yoast.com\/product\/yoast-seo-premium-wordpress\/ -->\n<title>Marche Interdite Du 11 Octobre Avec Armes De Guerre - C\u00f4te d&#039;Ivoire<\/title>\n<meta name=\"description\" content=\"Le Procureur de la Re\u0301publique, Directeur de la Section Antiterroriste du Tribunal de Premie\u0300re Instance d\u2019Abidjan, Bram ...\" \/>\n<meta name=\"robots\" content=\"index, follow, max-snippet:-1, max-image-preview:large, max-video-preview:-1\" \/>\n<link rel=\"canonical\" href=\"https:\/\/www.africa-press.net\/cotedivoire\/politique\/marche-interdite-du-11-octobre-avec-armes-de-guerre\" \/>\n<meta property=\"og:locale\" content=\"fr_FR\" \/>\n<meta property=\"og:type\" content=\"article\" \/>\n<meta property=\"og:title\" content=\"Marche Interdite Du 11 Octobre Avec Armes De Guerre\" \/>\n<meta property=\"og:description\" content=\"Le Procureur de la Re\u0301publique, Directeur de la Section Antiterroriste du Tribunal de Premie\u0300re Instance d\u2019Abidjan, Bram ...\" \/>\n<meta property=\"og:url\" content=\"https:\/\/www.africa-press.net\/cotedivoire\/politique\/marche-interdite-du-11-octobre-avec-armes-de-guerre\" \/>\n<meta property=\"og:site_name\" content=\"C\u00f4te d&#039;Ivoire\" \/>\n<meta property=\"article:published_time\" content=\"2025-10-29T10:08:43+00:00\" \/>\n<meta property=\"article:modified_time\" content=\"2025-10-29T12:06:54+00:00\" \/>\n<meta property=\"og:image\" content=\"https:\/\/static.africa-press.net\/cote\/sites\/43\/2025\/10\/sm_1761726970.782202.jpg\" \/>\n\t<meta property=\"og:image:width\" content=\"720\" \/>\n\t<meta property=\"og:image:height\" content=\"351\" \/>\n\t<meta property=\"og:image:type\" content=\"image\/jpeg\" \/>\n<meta name=\"author\" content=\"cfeditorfr\" \/>\n<meta name=\"twitter:card\" content=\"summary_large_image\" \/>\n<meta name=\"twitter:label1\" content=\"\u00c9crit par\" \/>\n\t<meta name=\"twitter:data1\" content=\"cfeditorfr\" \/>\n\t<meta name=\"twitter:label2\" content=\"Dur\u00e9e de lecture estim\u00e9e\" \/>\n\t<meta name=\"twitter:data2\" content=\"2 minutes\" \/>\n<script type=\"application\/ld+json\" class=\"yoast-schema-graph\">{\"@context\":\"https:\/\/schema.org\",\"@graph\":[{\"@type\":\"Article\",\"@id\":\"https:\/\/www.africa-press.net\/cotedivoire\/politique\/marche-interdite-du-11-octobre-avec-armes-de-guerre#article\",\"isPartOf\":{\"@id\":\"https:\/\/www.africa-press.net\/cotedivoire\/politique\/marche-interdite-du-11-octobre-avec-armes-de-guerre\"},\"author\":{\"name\":\"cfeditorfr\",\"@id\":\"https:\/\/www.africa-press.net\/cotedivoire\/#\/schema\/person\/2b1cf3cd81a31e3cd26889ca66d677f1\"},\"headline\":\"Marche Interdite Du 11 Octobre Avec Armes De Guerre\",\"datePublished\":\"2025-10-29T10:08:43+00:00\",\"dateModified\":\"2025-10-29T12:06:54+00:00\",\"mainEntityOfPage\":{\"@id\":\"https:\/\/www.africa-press.net\/cotedivoire\/politique\/marche-interdite-du-11-octobre-avec-armes-de-guerre\"},\"wordCount\":266,\"commentCount\":0,\"image\":{\"@id\":\"https:\/\/www.africa-press.net\/cotedivoire\/politique\/marche-interdite-du-11-octobre-avec-armes-de-guerre#primaryimage\"},\"thumbnailUrl\":\"https:\/\/static.africa-press.net\/cote\/sites\/43\/2025\/10\/sm_1761726970.782202.jpg\",\"keywords\":[\"armes de guerre\",\"Braman Oumar Kon\u00e9\",\"C\u00d4TE D'IVOIRE\",\"march\u00e9\",\"PDCI-RDA\",\"PPA-CI\",\"Procureur\"],\"articleSection\":[\"Politique\",\"Toutes les actualit\u00e9s\"],\"inLanguage\":\"fr-FR\",\"potentialAction\":[{\"@type\":\"CommentAction\",\"name\":\"Comment\",\"target\":[\"https:\/\/www.africa-press.net\/cotedivoire\/politique\/marche-interdite-du-11-octobre-avec-armes-de-guerre#respond\"]}]},{\"@type\":\"WebPage\",\"@id\":\"https:\/\/www.africa-press.net\/cotedivoire\/politique\/marche-interdite-du-11-octobre-avec-armes-de-guerre\",\"url\":\"https:\/\/www.africa-press.net\/cotedivoire\/politique\/marche-interdite-du-11-octobre-avec-armes-de-guerre\",\"name\":\"Marche Interdite Du 11 Octobre Avec Armes De Guerre - C\u00f4te d&#039;Ivoire\",\"isPartOf\":{\"@id\":\"https:\/\/www.africa-press.net\/cotedivoire\/#website\"},\"primaryImageOfPage\":{\"@id\":\"https:\/\/www.africa-press.net\/cotedivoire\/politique\/marche-interdite-du-11-octobre-avec-armes-de-guerre#primaryimage\"},\"image\":{\"@id\":\"https:\/\/www.africa-press.net\/cotedivoire\/politique\/marche-interdite-du-11-octobre-avec-armes-de-guerre#primaryimage\"},\"thumbnailUrl\":\"https:\/\/static.africa-press.net\/cote\/sites\/43\/2025\/10\/sm_1761726970.782202.jpg\",\"datePublished\":\"2025-10-29T10:08:43+00:00\",\"dateModified\":\"2025-10-29T12:06:54+00:00\",\"author\":{\"@id\":\"https:\/\/www.africa-press.net\/cotedivoire\/#\/schema\/person\/2b1cf3cd81a31e3cd26889ca66d677f1\"},\"description\":\"Le Procureur de la Re\u0301publique, Directeur de la Section Antiterroriste du Tribunal de Premie\u0300re Instance d\u2019Abidjan, Bram ...\",\"breadcrumb\":{\"@id\":\"https:\/\/www.africa-press.net\/cotedivoire\/politique\/marche-interdite-du-11-octobre-avec-armes-de-guerre#breadcrumb\"},\"inLanguage\":\"fr-FR\",\"potentialAction\":[{\"@type\":\"ReadAction\",\"target\":[\"https:\/\/www.africa-press.net\/cotedivoire\/politique\/marche-interdite-du-11-octobre-avec-armes-de-guerre\"]}]},{\"@type\":\"ImageObject\",\"inLanguage\":\"fr-FR\",\"@id\":\"https:\/\/www.africa-press.net\/cotedivoire\/politique\/marche-interdite-du-11-octobre-avec-armes-de-guerre#primaryimage\",\"url\":\"https:\/\/static.africa-press.net\/cote\/sites\/43\/2025\/10\/sm_1761726970.782202.jpg\",\"contentUrl\":\"https:\/\/static.africa-press.net\/cote\/sites\/43\/2025\/10\/sm_1761726970.782202.jpg\",\"width\":720,\"height\":351,\"caption\":\"Marche Interdite Du 11 Octobre Avec Armes De Guerre\"},{\"@type\":\"BreadcrumbList\",\"@id\":\"https:\/\/www.africa-press.net\/cotedivoire\/politique\/marche-interdite-du-11-octobre-avec-armes-de-guerre#breadcrumb\",\"itemListElement\":[{\"@type\":\"ListItem\",\"position\":1,\"name\":\"Accueil\",\"item\":\"https:\/\/www.africa-press.net\/cotedivoire\/\"},{\"@type\":\"ListItem\",\"position\":2,\"name\":\"Marche Interdite Du 11 Octobre Avec Armes De Guerre\"}]},{\"@type\":\"WebSite\",\"@id\":\"https:\/\/www.africa-press.net\/cotedivoire\/#website\",\"url\":\"https:\/\/www.africa-press.net\/cotedivoire\/\",\"name\":\"C\u00f4te d&#039;Ivoire\",\"description\":\"Just another Africa News Agency Sites site\",\"potentialAction\":[{\"@type\":\"SearchAction\",\"target\":{\"@type\":\"EntryPoint\",\"urlTemplate\":\"https:\/\/www.africa-press.net\/cotedivoire\/?s={search_term_string}\"},\"query-input\":{\"@type\":\"PropertyValueSpecification\",\"valueRequired\":true,\"valueName\":\"search_term_string\"}}],\"inLanguage\":\"fr-FR\"},{\"@type\":\"Person\",\"@id\":\"https:\/\/www.africa-press.net\/cotedivoire\/#\/schema\/person\/2b1cf3cd81a31e3cd26889ca66d677f1\",\"name\":\"cfeditorfr\"}]}<\/script>\n<!-- \/ Yoast SEO Premium plugin. -->","yoast_head_json":{"title":"Marche Interdite Du 11 Octobre Avec Armes De Guerre - C\u00f4te d&#039;Ivoire","description":"Le Procureur de la Re\u0301publique, Directeur de la Section Antiterroriste du Tribunal de Premie\u0300re Instance d\u2019Abidjan, Bram ...","robots":{"index":"index","follow":"follow","max-snippet":"max-snippet:-1","max-image-preview":"max-image-preview:large","max-video-preview":"max-video-preview:-1"},"canonical":"https:\/\/www.africa-press.net\/cotedivoire\/politique\/marche-interdite-du-11-octobre-avec-armes-de-guerre","og_locale":"fr_FR","og_type":"article","og_title":"Marche Interdite Du 11 Octobre Avec Armes De Guerre","og_description":"Le Procureur de la Re\u0301publique, Directeur de la Section Antiterroriste du Tribunal de Premie\u0300re Instance d\u2019Abidjan, Bram ...","og_url":"https:\/\/www.africa-press.net\/cotedivoire\/politique\/marche-interdite-du-11-octobre-avec-armes-de-guerre","og_site_name":"C\u00f4te d&#039;Ivoire","article_published_time":"2025-10-29T10:08:43+00:00","article_modified_time":"2025-10-29T12:06:54+00:00","og_image":[{"width":720,"height":351,"url":"https:\/\/static.africa-press.net\/cote\/sites\/43\/2025\/10\/sm_1761726970.782202.jpg","type":"image\/jpeg"}],"author":"cfeditorfr","twitter_card":"summary_large_image","twitter_misc":{"\u00c9crit par":"cfeditorfr","Dur\u00e9e de lecture estim\u00e9e":"2 minutes"},"schema":{"@context":"https:\/\/schema.org","@graph":[{"@type":"Article","@id":"https:\/\/www.africa-press.net\/cotedivoire\/politique\/marche-interdite-du-11-octobre-avec-armes-de-guerre#article","isPartOf":{"@id":"https:\/\/www.africa-press.net\/cotedivoire\/politique\/marche-interdite-du-11-octobre-avec-armes-de-guerre"},"author":{"name":"cfeditorfr","@id":"https:\/\/www.africa-press.net\/cotedivoire\/#\/schema\/person\/2b1cf3cd81a31e3cd26889ca66d677f1"},"headline":"Marche Interdite Du 11 Octobre Avec Armes De Guerre","datePublished":"2025-10-29T10:08:43+00:00","dateModified":"2025-10-29T12:06:54+00:00","mainEntityOfPage":{"@id":"https:\/\/www.africa-press.net\/cotedivoire\/politique\/marche-interdite-du-11-octobre-avec-armes-de-guerre"},"wordCount":266,"commentCount":0,"image":{"@id":"https:\/\/www.africa-press.net\/cotedivoire\/politique\/marche-interdite-du-11-octobre-avec-armes-de-guerre#primaryimage"},"thumbnailUrl":"https:\/\/static.africa-press.net\/cote\/sites\/43\/2025\/10\/sm_1761726970.782202.jpg","keywords":["armes de guerre","Braman Oumar Kon\u00e9","C\u00d4TE D'IVOIRE","march\u00e9","PDCI-RDA","PPA-CI","Procureur"],"articleSection":["Politique","Toutes les actualit\u00e9s"],"inLanguage":"fr-FR","potentialAction":[{"@type":"CommentAction","name":"Comment","target":["https:\/\/www.africa-press.net\/cotedivoire\/politique\/marche-interdite-du-11-octobre-avec-armes-de-guerre#respond"]}]},{"@type":"WebPage","@id":"https:\/\/www.africa-press.net\/cotedivoire\/politique\/marche-interdite-du-11-octobre-avec-armes-de-guerre","url":"https:\/\/www.africa-press.net\/cotedivoire\/politique\/marche-interdite-du-11-octobre-avec-armes-de-guerre","name":"Marche Interdite Du 11 Octobre Avec Armes De Guerre - C\u00f4te d&#039;Ivoire","isPartOf":{"@id":"https:\/\/www.africa-press.net\/cotedivoire\/#website"},"primaryImageOfPage":{"@id":"https:\/\/www.africa-press.net\/cotedivoire\/politique\/marche-interdite-du-11-octobre-avec-armes-de-guerre#primaryimage"},"image":{"@id":"https:\/\/www.africa-press.net\/cotedivoire\/politique\/marche-interdite-du-11-octobre-avec-armes-de-guerre#primaryimage"},"thumbnailUrl":"https:\/\/static.africa-press.net\/cote\/sites\/43\/2025\/10\/sm_1761726970.782202.jpg","datePublished":"2025-10-29T10:08:43+00:00","dateModified":"2025-10-29T12:06:54+00:00","author":{"@id":"https:\/\/www.africa-press.net\/cotedivoire\/#\/schema\/person\/2b1cf3cd81a31e3cd26889ca66d677f1"},"description":"Le Procureur de la Re\u0301publique, Directeur de la Section Antiterroriste du Tribunal de Premie\u0300re Instance d\u2019Abidjan, Bram ...","breadcrumb":{"@id":"https:\/\/www.africa-press.net\/cotedivoire\/politique\/marche-interdite-du-11-octobre-avec-armes-de-guerre#breadcrumb"},"inLanguage":"fr-FR","potentialAction":[{"@type":"ReadAction","target":["https:\/\/www.africa-press.net\/cotedivoire\/politique\/marche-interdite-du-11-octobre-avec-armes-de-guerre"]}]},{"@type":"ImageObject","inLanguage":"fr-FR","@id":"https:\/\/www.africa-press.net\/cotedivoire\/politique\/marche-interdite-du-11-octobre-avec-armes-de-guerre#primaryimage","url":"https:\/\/static.africa-press.net\/cote\/sites\/43\/2025\/10\/sm_1761726970.782202.jpg","contentUrl":"https:\/\/static.africa-press.net\/cote\/sites\/43\/2025\/10\/sm_1761726970.782202.jpg","width":720,"height":351,"caption":"Marche Interdite Du 11 Octobre Avec Armes De Guerre"},{"@type":"BreadcrumbList","@id":"https:\/\/www.africa-press.net\/cotedivoire\/politique\/marche-interdite-du-11-octobre-avec-armes-de-guerre#breadcrumb","itemListElement":[{"@type":"ListItem","position":1,"name":"Accueil","item":"https:\/\/www.africa-press.net\/cotedivoire\/"},{"@type":"ListItem","position":2,"name":"Marche Interdite Du 11 Octobre Avec Armes De Guerre"}]},{"@type":"WebSite","@id":"https:\/\/www.africa-press.net\/cotedivoire\/#website","url":"https:\/\/www.africa-press.net\/cotedivoire\/","name":"C\u00f4te d&#039;Ivoire","description":"Just another Africa News Agency Sites site","potentialAction":[{"@type":"SearchAction","target":{"@type":"EntryPoint","urlTemplate":"https:\/\/www.africa-press.net\/cotedivoire\/?s={search_term_string}"},"query-input":{"@type":"PropertyValueSpecification","valueRequired":true,"valueName":"search_term_string"}}],"inLanguage":"fr-FR"},{"@type":"Person","@id":"https:\/\/www.africa-press.net\/cotedivoire\/#\/schema\/person\/2b1cf3cd81a31e3cd26889ca66d677f1","name":"cfeditorfr"}]}},"_links":{"self":[{"href":"https:\/\/www.africa-press.net\/cotedivoire\/wp-json\/wp\/v2\/posts\/107712","targetHints":{"allow":["GET"]}}],"collection":[{"href":"https:\/\/www.africa-press.net\/cotedivoire\/wp-json\/wp\/v2\/posts"}],"about":[{"href":"https:\/\/www.africa-press.net\/cotedivoire\/wp-json\/wp\/v2\/types\/post"}],"author":[{"embeddable":true,"href":"https:\/\/www.africa-press.net\/cotedivoire\/wp-json\/wp\/v2\/users\/82"}],"replies":[{"embeddable":true,"href":"https:\/\/www.africa-press.net\/cotedivoire\/wp-json\/wp\/v2\/comments?post=107712"}],"version-history":[{"count":0,"href":"https:\/\/www.africa-press.net\/cotedivoire\/wp-json\/wp\/v2\/posts\/107712\/revisions"}],"wp:featuredmedia":[{"embeddable":true,"href":"https:\/\/www.africa-press.net\/cotedivoire\/wp-json\/wp\/v2\/media\/107711"}],"wp:attachment":[{"href":"https:\/\/www.africa-press.net\/cotedivoire\/wp-json\/wp\/v2\/media?parent=107712"}],"wp:term":[{"taxonomy":"category","embeddable":true,"href":"https:\/\/www.africa-press.net\/cotedivoire\/wp-json\/wp\/v2\/categories?post=107712"},{"taxonomy":"post_tag","embeddable":true,"href":"https:\/\/www.africa-press.net\/cotedivoire\/wp-json\/wp\/v2\/tags?post=107712"}],"curies":[{"name":"wp","href":"https:\/\/api.w.org\/{rel}","templated":true}]}}