{"id":107727,"date":"2025-10-29T10:13:31","date_gmt":"2025-10-29T10:13:31","guid":{"rendered":"https:\/\/www.africa-press.net\/cotedivoire\/politique\/ppa-ci-13-cadres-convoques-par-la-police-criminelle"},"modified":"2025-10-29T12:08:06","modified_gmt":"2025-10-29T12:08:06","slug":"ppa-ci-13-cadres-convoques-par-la-police-criminelle","status":"publish","type":"post","link":"https:\/\/www.africa-press.net\/cotedivoire\/politique\/ppa-ci-13-cadres-convoques-par-la-police-criminelle","title":{"rendered":"PPA-CI: 13 Cadres Convoque\u0301s Par La Police Criminelle"},"content":{"rendered":"<p><span style=\"color: #ff6600\"><strong>Africa-Press &#8211; C\u00f4te d&rsquo;Ivoire. <\/strong><\/span>Dans une tournure qui secoue les rangs de l\u2019opposition, 13 figures de proue du PPA-CI (Parti des Peuples Africains &#8211; Co\u0302te d&rsquo;Ivoire) ont e\u0301te\u0301 convoque\u0301es par la police criminelle, apprend-on de sources proches de la formation politique de Laurent Gbagbo.<\/p>\n<p>Cette convocation intervient a\u0300 la suite des e\u0301lections pre\u0301sidentielles du 25 octobre 2025 qui ont vu Alassane Ouattara de\u0301clare\u0301 vainqueur avec 89,77 % des voix. Parmi ces personnalite\u0301s figurent des leaders comme Se\u0301bastien Dano Dje\u0301dje\u0301, Justin Katinan Kone\u0301, Michel Gbagbo, ainsi que d\u2019autres responsables cle\u0301s tels que Mai\u0302tre Habiba Toure\u0301, Assoa Adou, Demba Traore\u0301, et Damana Pickass.<\/p>\n<p>Les raisons de ces convocations restent floues, bien que des informations non confirme\u0301es sugge\u0300rent que certains d\u2019entre eux pourraient e\u0302tre incarce\u0301re\u0301s a\u0300 la Maison d&rsquo;Arre\u0302t et de Correction d&rsquo;Abidjan (MACA) apre\u0300s cette proce\u0301dure.<\/p>\n<p>Ce de\u0301veloppement intervient dans un contexte ou\u0300 les partis politiques PPA-CI et le PDCI-RDA unis au sein du Front commun ont vu leurs partisans e\u0302tre actifs dans les manifestations violentes contre une autre candidature d&rsquo;Alassane Ouattara. Ces convocations laissent pre\u0301sager un climat politique difficile pour ces formations d\u2019opposition, qui, au lendemain de cette e\u0301lection, semblent e\u0302tre dans le collimateur de la justice.<\/p>\n\r\n                <style type=\"text\/css\">\r\n                    \r\n                    #td_uid_1_69f345c2e881d  .td-doubleSlider-2 .td-item1 {\r\n                        background: url(https:\/\/static.africa-press.net\/cote\/sites\/43\/2025\/10\/sm_1761727045.523591-80x60.jpg) 0 0 no-repeat;\r\n                    }\r\n                <\/style>\r\n\r\n                <div id=\"td_uid_1_69f345c2e881d\" class=\"td-gallery td-slide-on-2-columns\">\r\n                    <div class=\"post_td_gallery\">\r\n                        <div class=\"td-gallery-slide-top\">\r\n                           <div class=\"td-gallery-title\"><\/div>\r\n\r\n                            <div class=\"td-gallery-controls-wrapper\">\r\n                                <div class=\"td-gallery-slide-count\"><span class=\"td-gallery-slide-item-focus\">1<\/span> de 1<\/div>\r\n                                <div class=\"td-gallery-slide-prev-next-but\">\r\n                                    <i class = \"td-icon-left doubleSliderPrevButton\"><\/i>\r\n                                    <i class = \"td-icon-right doubleSliderNextButton\"><\/i>\r\n                                <\/div>\r\n                            <\/div>\r\n                        <\/div>\r\n\r\n                        <div class = \"td-doubleSlider-1 \">\r\n                            <div class = \"td-slider\">\r\n                                \r\n                    <div class = \"td-slide-item td-item1\">\r\n                        <figure class=\"td-slide-galery-figure td-slide-popup-gallery\">\r\n                            <a class=\"slide-gallery-image-link\" href=\"https:\/\/static.africa-press.net\/cote\/sites\/43\/2025\/10\/sm_1761727045.523591.jpg\" title=\"sm_1761727045.523591\"  data-caption=\"\"  data-description=\"\">\r\n                                <img decoding=\"async\" src=\"https:\/\/static.africa-press.net\/cote\/sites\/43\/2025\/10\/sm_1761727045.523591.jpg\" srcset=\"https:\/\/static.africa-press.net\/cote\/sites\/43\/2025\/10\/sm_1761727045.523591.jpg 1000w, https:\/\/static.africa-press.net\/cote\/sites\/43\/2025\/10\/sm_1761727045.523591-300x103.jpg 300w, https:\/\/static.africa-press.net\/cote\/sites\/43\/2025\/10\/sm_1761727045.523591-768x264.jpg 768w\" sizes=\"(max-width: 1000px) 100vw, 1000px\" alt=\"\">\r\n                            <\/a>\r\n                            \r\n                        <\/figure>\r\n                    <\/div>\r\n                            <\/div>\r\n                        <\/div>\r\n\r\n                        <div class = \"td-doubleSlider-2\">\r\n                            <div class = \"td-slider\">\r\n                                \r\n                    <div class = \"td-button td-item1\">\r\n                        <div class = \"td-border\"><\/div>\r\n                    <\/div>\r\n                            <\/div>\r\n                        <\/div>\r\n\r\n                    <\/div>\r\n\r\n                <\/div>\r\n                \n<p><strong>Pour plus d&rsquo;informations et d&rsquo;analyses sur la <span style=\"color: #ff6600\">C\u00f4te d&rsquo;Ivoire<\/span>, suivez <span style=\"color: #ff6600\">Africa-Press<\/span><\/strong><\/p>\n","protected":false},"excerpt":{"rendered":"<p>Africa-Press &#8211; C\u00f4te d&rsquo;Ivoire. Dans une tournure qui secoue les rangs de l\u2019opposition, 13 figures de proue du PPA-CI (Parti des Peuples Africains &#8211; Co\u0302te d&rsquo;Ivoire) ont e\u0301te\u0301 convoque\u0301es par la police criminelle, apprend-on de sources proches de la formation politique de Laurent Gbagbo. Cette convocation intervient a\u0300 la suite des e\u0301lections pre\u0301sidentielles du 25 [&hellip;]<\/p>\n","protected":false},"author":82,"featured_media":107726,"comment_status":"open","ping_status":"closed","sticky":false,"template":"","format":"standard","meta":{"footnotes":""},"categories":[2,10],"tags":[29,320,60,1952],"class_list":["post-107727","post","type-post","status-publish","format-standard","has-post-thumbnail","hentry","category-politique","category-toutes-les-actualites","tag-cote-divoire","tag-gbagbo","tag-politique","tag-ppa-ci"],"yoast_head":"<!-- This site is optimized with the Yoast SEO Premium plugin v26.1 (Yoast SEO v27.0) - https:\/\/yoast.com\/product\/yoast-seo-premium-wordpress\/ -->\n<title>PPA-CI: 13 Cadres Convoque\u0301s Par La Police Criminelle - C\u00f4te d&#039;Ivoire<\/title>\n<meta name=\"description\" content=\"Dans une tournure qui secoue les rangs de l\u2019opposition, 13 figures de proue du PPA-CI (Parti des Peuples Africains - Co\u0302 ...\" \/>\n<meta name=\"robots\" content=\"index, follow, max-snippet:-1, max-image-preview:large, max-video-preview:-1\" \/>\n<link rel=\"canonical\" href=\"https:\/\/www.africa-press.net\/cotedivoire\/politique\/ppa-ci-13-cadres-convoques-par-la-police-criminelle\" \/>\n<meta property=\"og:locale\" content=\"fr_FR\" \/>\n<meta property=\"og:type\" content=\"article\" \/>\n<meta property=\"og:title\" content=\"PPA-CI: 13 Cadres Convoque\u0301s Par La Police Criminelle\" \/>\n<meta property=\"og:description\" content=\"Dans une tournure qui secoue les rangs de l\u2019opposition, 13 figures de proue du PPA-CI (Parti des Peuples Africains - Co\u0302 ...\" \/>\n<meta property=\"og:url\" content=\"https:\/\/www.africa-press.net\/cotedivoire\/politique\/ppa-ci-13-cadres-convoques-par-la-police-criminelle\" \/>\n<meta property=\"og:site_name\" content=\"C\u00f4te d&#039;Ivoire\" \/>\n<meta property=\"article:published_time\" content=\"2025-10-29T10:13:31+00:00\" \/>\n<meta property=\"article:modified_time\" content=\"2025-10-29T12:08:06+00:00\" \/>\n<meta property=\"og:image\" content=\"https:\/\/static.africa-press.net\/cote\/sites\/43\/2025\/10\/sm_1761727049.481291.jpg\" \/>\n\t<meta property=\"og:image:width\" content=\"720\" \/>\n\t<meta property=\"og:image:height\" content=\"250\" \/>\n\t<meta property=\"og:image:type\" content=\"image\/jpeg\" \/>\n<meta name=\"author\" content=\"cfeditorfr\" \/>\n<meta name=\"twitter:card\" content=\"summary_large_image\" \/>\n<meta name=\"twitter:label1\" content=\"\u00c9crit par\" \/>\n\t<meta name=\"twitter:data1\" content=\"cfeditorfr\" \/>\n\t<meta name=\"twitter:label2\" content=\"Dur\u00e9e de lecture estim\u00e9e\" \/>\n\t<meta name=\"twitter:data2\" content=\"1 minute\" \/>\n<script type=\"application\/ld+json\" class=\"yoast-schema-graph\">{\"@context\":\"https:\/\/schema.org\",\"@graph\":[{\"@type\":\"Article\",\"@id\":\"https:\/\/www.africa-press.net\/cotedivoire\/politique\/ppa-ci-13-cadres-convoques-par-la-police-criminelle#article\",\"isPartOf\":{\"@id\":\"https:\/\/www.africa-press.net\/cotedivoire\/politique\/ppa-ci-13-cadres-convoques-par-la-police-criminelle\"},\"author\":{\"name\":\"cfeditorfr\",\"@id\":\"https:\/\/www.africa-press.net\/cotedivoire\/#\/schema\/person\/2b1cf3cd81a31e3cd26889ca66d677f1\"},\"headline\":\"PPA-CI: 13 Cadres Convoque\u0301s Par La Police Criminelle\",\"datePublished\":\"2025-10-29T10:13:31+00:00\",\"dateModified\":\"2025-10-29T12:08:06+00:00\",\"mainEntityOfPage\":{\"@id\":\"https:\/\/www.africa-press.net\/cotedivoire\/politique\/ppa-ci-13-cadres-convoques-par-la-police-criminelle\"},\"wordCount\":258,\"commentCount\":0,\"image\":{\"@id\":\"https:\/\/www.africa-press.net\/cotedivoire\/politique\/ppa-ci-13-cadres-convoques-par-la-police-criminelle#primaryimage\"},\"thumbnailUrl\":\"https:\/\/static.africa-press.net\/cote\/sites\/43\/2025\/10\/sm_1761727049.481291.jpg\",\"keywords\":[\"C\u00d4TE D'IVOIRE\",\"Gbagbo\",\"Politique\",\"PPA-CI\"],\"articleSection\":[\"Politique\",\"Toutes les actualit\u00e9s\"],\"inLanguage\":\"fr-FR\",\"potentialAction\":[{\"@type\":\"CommentAction\",\"name\":\"Comment\",\"target\":[\"https:\/\/www.africa-press.net\/cotedivoire\/politique\/ppa-ci-13-cadres-convoques-par-la-police-criminelle#respond\"]}]},{\"@type\":\"WebPage\",\"@id\":\"https:\/\/www.africa-press.net\/cotedivoire\/politique\/ppa-ci-13-cadres-convoques-par-la-police-criminelle\",\"url\":\"https:\/\/www.africa-press.net\/cotedivoire\/politique\/ppa-ci-13-cadres-convoques-par-la-police-criminelle\",\"name\":\"PPA-CI: 13 Cadres Convoque\u0301s Par La Police Criminelle - C\u00f4te d&#039;Ivoire\",\"isPartOf\":{\"@id\":\"https:\/\/www.africa-press.net\/cotedivoire\/#website\"},\"primaryImageOfPage\":{\"@id\":\"https:\/\/www.africa-press.net\/cotedivoire\/politique\/ppa-ci-13-cadres-convoques-par-la-police-criminelle#primaryimage\"},\"image\":{\"@id\":\"https:\/\/www.africa-press.net\/cotedivoire\/politique\/ppa-ci-13-cadres-convoques-par-la-police-criminelle#primaryimage\"},\"thumbnailUrl\":\"https:\/\/static.africa-press.net\/cote\/sites\/43\/2025\/10\/sm_1761727049.481291.jpg\",\"datePublished\":\"2025-10-29T10:13:31+00:00\",\"dateModified\":\"2025-10-29T12:08:06+00:00\",\"author\":{\"@id\":\"https:\/\/www.africa-press.net\/cotedivoire\/#\/schema\/person\/2b1cf3cd81a31e3cd26889ca66d677f1\"},\"description\":\"Dans une tournure qui secoue les rangs de l\u2019opposition, 13 figures de proue du PPA-CI (Parti des Peuples Africains - Co\u0302 ...\",\"breadcrumb\":{\"@id\":\"https:\/\/www.africa-press.net\/cotedivoire\/politique\/ppa-ci-13-cadres-convoques-par-la-police-criminelle#breadcrumb\"},\"inLanguage\":\"fr-FR\",\"potentialAction\":[{\"@type\":\"ReadAction\",\"target\":[\"https:\/\/www.africa-press.net\/cotedivoire\/politique\/ppa-ci-13-cadres-convoques-par-la-police-criminelle\"]}]},{\"@type\":\"ImageObject\",\"inLanguage\":\"fr-FR\",\"@id\":\"https:\/\/www.africa-press.net\/cotedivoire\/politique\/ppa-ci-13-cadres-convoques-par-la-police-criminelle#primaryimage\",\"url\":\"https:\/\/static.africa-press.net\/cote\/sites\/43\/2025\/10\/sm_1761727049.481291.jpg\",\"contentUrl\":\"https:\/\/static.africa-press.net\/cote\/sites\/43\/2025\/10\/sm_1761727049.481291.jpg\",\"width\":720,\"height\":250,\"caption\":\"PPA-CI: 13 Cadres Convoque\u0301s Par La Police Criminelle\"},{\"@type\":\"BreadcrumbList\",\"@id\":\"https:\/\/www.africa-press.net\/cotedivoire\/politique\/ppa-ci-13-cadres-convoques-par-la-police-criminelle#breadcrumb\",\"itemListElement\":[{\"@type\":\"ListItem\",\"position\":1,\"name\":\"Accueil\",\"item\":\"https:\/\/www.africa-press.net\/cotedivoire\/\"},{\"@type\":\"ListItem\",\"position\":2,\"name\":\"PPA-CI: 13 Cadres Convoque\u0301s Par La Police Criminelle\"}]},{\"@type\":\"WebSite\",\"@id\":\"https:\/\/www.africa-press.net\/cotedivoire\/#website\",\"url\":\"https:\/\/www.africa-press.net\/cotedivoire\/\",\"name\":\"C\u00f4te d&#039;Ivoire\",\"description\":\"Just another Africa News Agency Sites site\",\"potentialAction\":[{\"@type\":\"SearchAction\",\"target\":{\"@type\":\"EntryPoint\",\"urlTemplate\":\"https:\/\/www.africa-press.net\/cotedivoire\/?s={search_term_string}\"},\"query-input\":{\"@type\":\"PropertyValueSpecification\",\"valueRequired\":true,\"valueName\":\"search_term_string\"}}],\"inLanguage\":\"fr-FR\"},{\"@type\":\"Person\",\"@id\":\"https:\/\/www.africa-press.net\/cotedivoire\/#\/schema\/person\/2b1cf3cd81a31e3cd26889ca66d677f1\",\"name\":\"cfeditorfr\"}]}<\/script>\n<!-- \/ Yoast SEO Premium plugin. -->","yoast_head_json":{"title":"PPA-CI: 13 Cadres Convoque\u0301s Par La Police Criminelle - C\u00f4te d&#039;Ivoire","description":"Dans une tournure qui secoue les rangs de l\u2019opposition, 13 figures de proue du PPA-CI (Parti des Peuples Africains - Co\u0302 ...","robots":{"index":"index","follow":"follow","max-snippet":"max-snippet:-1","max-image-preview":"max-image-preview:large","max-video-preview":"max-video-preview:-1"},"canonical":"https:\/\/www.africa-press.net\/cotedivoire\/politique\/ppa-ci-13-cadres-convoques-par-la-police-criminelle","og_locale":"fr_FR","og_type":"article","og_title":"PPA-CI: 13 Cadres Convoque\u0301s Par La Police Criminelle","og_description":"Dans une tournure qui secoue les rangs de l\u2019opposition, 13 figures de proue du PPA-CI (Parti des Peuples Africains - Co\u0302 ...","og_url":"https:\/\/www.africa-press.net\/cotedivoire\/politique\/ppa-ci-13-cadres-convoques-par-la-police-criminelle","og_site_name":"C\u00f4te d&#039;Ivoire","article_published_time":"2025-10-29T10:13:31+00:00","article_modified_time":"2025-10-29T12:08:06+00:00","og_image":[{"width":720,"height":250,"url":"https:\/\/static.africa-press.net\/cote\/sites\/43\/2025\/10\/sm_1761727049.481291.jpg","type":"image\/jpeg"}],"author":"cfeditorfr","twitter_card":"summary_large_image","twitter_misc":{"\u00c9crit par":"cfeditorfr","Dur\u00e9e de lecture estim\u00e9e":"1 minute"},"schema":{"@context":"https:\/\/schema.org","@graph":[{"@type":"Article","@id":"https:\/\/www.africa-press.net\/cotedivoire\/politique\/ppa-ci-13-cadres-convoques-par-la-police-criminelle#article","isPartOf":{"@id":"https:\/\/www.africa-press.net\/cotedivoire\/politique\/ppa-ci-13-cadres-convoques-par-la-police-criminelle"},"author":{"name":"cfeditorfr","@id":"https:\/\/www.africa-press.net\/cotedivoire\/#\/schema\/person\/2b1cf3cd81a31e3cd26889ca66d677f1"},"headline":"PPA-CI: 13 Cadres Convoque\u0301s Par La Police Criminelle","datePublished":"2025-10-29T10:13:31+00:00","dateModified":"2025-10-29T12:08:06+00:00","mainEntityOfPage":{"@id":"https:\/\/www.africa-press.net\/cotedivoire\/politique\/ppa-ci-13-cadres-convoques-par-la-police-criminelle"},"wordCount":258,"commentCount":0,"image":{"@id":"https:\/\/www.africa-press.net\/cotedivoire\/politique\/ppa-ci-13-cadres-convoques-par-la-police-criminelle#primaryimage"},"thumbnailUrl":"https:\/\/static.africa-press.net\/cote\/sites\/43\/2025\/10\/sm_1761727049.481291.jpg","keywords":["C\u00d4TE D'IVOIRE","Gbagbo","Politique","PPA-CI"],"articleSection":["Politique","Toutes les actualit\u00e9s"],"inLanguage":"fr-FR","potentialAction":[{"@type":"CommentAction","name":"Comment","target":["https:\/\/www.africa-press.net\/cotedivoire\/politique\/ppa-ci-13-cadres-convoques-par-la-police-criminelle#respond"]}]},{"@type":"WebPage","@id":"https:\/\/www.africa-press.net\/cotedivoire\/politique\/ppa-ci-13-cadres-convoques-par-la-police-criminelle","url":"https:\/\/www.africa-press.net\/cotedivoire\/politique\/ppa-ci-13-cadres-convoques-par-la-police-criminelle","name":"PPA-CI: 13 Cadres Convoque\u0301s Par La Police Criminelle - C\u00f4te d&#039;Ivoire","isPartOf":{"@id":"https:\/\/www.africa-press.net\/cotedivoire\/#website"},"primaryImageOfPage":{"@id":"https:\/\/www.africa-press.net\/cotedivoire\/politique\/ppa-ci-13-cadres-convoques-par-la-police-criminelle#primaryimage"},"image":{"@id":"https:\/\/www.africa-press.net\/cotedivoire\/politique\/ppa-ci-13-cadres-convoques-par-la-police-criminelle#primaryimage"},"thumbnailUrl":"https:\/\/static.africa-press.net\/cote\/sites\/43\/2025\/10\/sm_1761727049.481291.jpg","datePublished":"2025-10-29T10:13:31+00:00","dateModified":"2025-10-29T12:08:06+00:00","author":{"@id":"https:\/\/www.africa-press.net\/cotedivoire\/#\/schema\/person\/2b1cf3cd81a31e3cd26889ca66d677f1"},"description":"Dans une tournure qui secoue les rangs de l\u2019opposition, 13 figures de proue du PPA-CI (Parti des Peuples Africains - Co\u0302 ...","breadcrumb":{"@id":"https:\/\/www.africa-press.net\/cotedivoire\/politique\/ppa-ci-13-cadres-convoques-par-la-police-criminelle#breadcrumb"},"inLanguage":"fr-FR","potentialAction":[{"@type":"ReadAction","target":["https:\/\/www.africa-press.net\/cotedivoire\/politique\/ppa-ci-13-cadres-convoques-par-la-police-criminelle"]}]},{"@type":"ImageObject","inLanguage":"fr-FR","@id":"https:\/\/www.africa-press.net\/cotedivoire\/politique\/ppa-ci-13-cadres-convoques-par-la-police-criminelle#primaryimage","url":"https:\/\/static.africa-press.net\/cote\/sites\/43\/2025\/10\/sm_1761727049.481291.jpg","contentUrl":"https:\/\/static.africa-press.net\/cote\/sites\/43\/2025\/10\/sm_1761727049.481291.jpg","width":720,"height":250,"caption":"PPA-CI: 13 Cadres Convoque\u0301s Par La Police Criminelle"},{"@type":"BreadcrumbList","@id":"https:\/\/www.africa-press.net\/cotedivoire\/politique\/ppa-ci-13-cadres-convoques-par-la-police-criminelle#breadcrumb","itemListElement":[{"@type":"ListItem","position":1,"name":"Accueil","item":"https:\/\/www.africa-press.net\/cotedivoire\/"},{"@type":"ListItem","position":2,"name":"PPA-CI: 13 Cadres Convoque\u0301s Par La Police Criminelle"}]},{"@type":"WebSite","@id":"https:\/\/www.africa-press.net\/cotedivoire\/#website","url":"https:\/\/www.africa-press.net\/cotedivoire\/","name":"C\u00f4te d&#039;Ivoire","description":"Just another Africa News Agency Sites site","potentialAction":[{"@type":"SearchAction","target":{"@type":"EntryPoint","urlTemplate":"https:\/\/www.africa-press.net\/cotedivoire\/?s={search_term_string}"},"query-input":{"@type":"PropertyValueSpecification","valueRequired":true,"valueName":"search_term_string"}}],"inLanguage":"fr-FR"},{"@type":"Person","@id":"https:\/\/www.africa-press.net\/cotedivoire\/#\/schema\/person\/2b1cf3cd81a31e3cd26889ca66d677f1","name":"cfeditorfr"}]}},"_links":{"self":[{"href":"https:\/\/www.africa-press.net\/cotedivoire\/wp-json\/wp\/v2\/posts\/107727","targetHints":{"allow":["GET"]}}],"collection":[{"href":"https:\/\/www.africa-press.net\/cotedivoire\/wp-json\/wp\/v2\/posts"}],"about":[{"href":"https:\/\/www.africa-press.net\/cotedivoire\/wp-json\/wp\/v2\/types\/post"}],"author":[{"embeddable":true,"href":"https:\/\/www.africa-press.net\/cotedivoire\/wp-json\/wp\/v2\/users\/82"}],"replies":[{"embeddable":true,"href":"https:\/\/www.africa-press.net\/cotedivoire\/wp-json\/wp\/v2\/comments?post=107727"}],"version-history":[{"count":0,"href":"https:\/\/www.africa-press.net\/cotedivoire\/wp-json\/wp\/v2\/posts\/107727\/revisions"}],"wp:featuredmedia":[{"embeddable":true,"href":"https:\/\/www.africa-press.net\/cotedivoire\/wp-json\/wp\/v2\/media\/107726"}],"wp:attachment":[{"href":"https:\/\/www.africa-press.net\/cotedivoire\/wp-json\/wp\/v2\/media?parent=107727"}],"wp:term":[{"taxonomy":"category","embeddable":true,"href":"https:\/\/www.africa-press.net\/cotedivoire\/wp-json\/wp\/v2\/categories?post=107727"},{"taxonomy":"post_tag","embeddable":true,"href":"https:\/\/www.africa-press.net\/cotedivoire\/wp-json\/wp\/v2\/tags?post=107727"}],"curies":[{"name":"wp","href":"https:\/\/api.w.org\/{rel}","templated":true}]}}