{"id":10779,"date":"2021-08-02T12:26:31","date_gmt":"2021-08-02T12:26:31","guid":{"rendered":"https:\/\/www.africa-press.net\/cotedivoire\/politique\/sucre-comment-la-cote-divoire-veut-devenir-autosuffisante-en-cinq-ans"},"modified":"2021-08-03T19:19:10","modified_gmt":"2021-08-03T19:19:10","slug":"sucre-comment-la-cote-divoire-veut-devenir-autosuffisante-en-cinq-ans","status":"publish","type":"post","link":"https:\/\/www.africa-press.net\/cotedivoire\/economie\/sucre-comment-la-cote-divoire-veut-devenir-autosuffisante-en-cinq-ans","title":{"rendered":"comment la C\u00f4te d\u2019Ivoire veut devenir autosuffisante en cinq ans"},"content":{"rendered":"<p><span style=\"color: #ff6600\"><strong><a href=\"https:\/\/www.africa-press.net\/\">Africa-Press<\/a> &#8211; <a href=\"https:\/\/www.africa-press.net\/cotedivoire\">C\u00f4te d&rsquo;Ivoire<\/a>. <\/strong><\/span>Alors que les prix alimentaires, dont celui du sucre, flambent en Afrique de l\u2019Ouest, Souleymane Diarrassouba, le ministre ivoirien du Commerce et de l\u2019Industrie, met en avant les efforts d\u2019Abidjan pour d\u00e9velopper la production locale.<\/p>\n<p>Fixation de prix plafonds pour certains produits, dont le riz, l\u2019huile et la farine, cr\u00e9ation de comit\u00e9s r\u00e9gionaux pour lutter contre la vie ch\u00e8re, multiplication des contr\u00f4les des tarifs r\u00e9glement\u00e9s : en C\u00f4te d\u2019Ivoire, comme dans plusieurs autres pays en Afrique de l\u2019Ouest, les ex\u00e9cutifs sont sur le pont pour contrer la hausse des prix alimentaires et limiter son impact sur le pouvoir d\u2019achat.<\/p>\n<p>Dans le m\u00eame temps, les \u00c9tats, en partenariat avec le secteur priv\u00e9, cherchent \u00e0 acc\u00e9l\u00e9rer sur le volet de la production locale. C\u2019est le cas dans la fili\u00e8re ivoirienne du sucre, comme l\u2019explique \u00e0 Jeune Afrique le ministre du Commerce et de l\u2019Industrie, ancien directeur g\u00e9n\u00e9ral du groupe Atlantic Business International (ABI), Souleymane Diarrassouba.<\/p>\n","protected":false},"excerpt":{"rendered":"<p>Africa-Press &#8211; C\u00f4te d&rsquo;Ivoire. Alors que les prix alimentaires, dont celui du sucre, flambent en Afrique de l\u2019Ouest, Souleymane Diarrassouba, le ministre ivoirien du Commerce et de l\u2019Industrie, met en avant les efforts d\u2019Abidjan pour d\u00e9velopper la production locale. Fixation de prix plafonds pour certains produits, dont le riz, l\u2019huile et la farine, cr\u00e9ation de [&hellip;]<\/p>\n","protected":false},"author":82,"featured_media":10778,"comment_status":"open","ping_status":"closed","sticky":false,"template":"","format":"standard","meta":{"footnotes":""},"categories":[3,11,20,10],"tags":[56,63,29],"class_list":["post-10779","post","type-post","status-publish","format-standard","has-post-thumbnail","hentry","category-economie","category-homepage-french","category-top-nouvelles","category-toutes-les-actualites","tag-africa-press","tag-africa-press-cote-divoire","tag-cote-divoire"],"yoast_head":"<!-- This site is optimized with the Yoast SEO Premium plugin v26.1 (Yoast SEO v27.0) - https:\/\/yoast.com\/product\/yoast-seo-premium-wordpress\/ -->\n<title>comment la C\u00f4te d\u2019Ivoire veut devenir autosuffisante en cinq ans - C\u00f4te d&#039;Ivoire<\/title>\n<meta name=\"description\" content=\"Alors que les prix alimentaires, dont celui du sucre, flambent en Afrique de l\u2019Ouest, Souleymane Diarrassouba, le minist ...\" \/>\n<meta name=\"robots\" content=\"index, follow, max-snippet:-1, max-image-preview:large, max-video-preview:-1\" \/>\n<link rel=\"canonical\" href=\"https:\/\/www.africa-press.net\/cotedivoire\/economie\/sucre-comment-la-cote-divoire-veut-devenir-autosuffisante-en-cinq-ans\" \/>\n<meta property=\"og:locale\" content=\"fr_FR\" \/>\n<meta property=\"og:type\" content=\"article\" \/>\n<meta property=\"og:title\" content=\"comment la C\u00f4te d\u2019Ivoire veut devenir autosuffisante en cinq ans\" \/>\n<meta property=\"og:description\" content=\"Alors que les prix alimentaires, dont celui du sucre, flambent en Afrique de l\u2019Ouest, Souleymane Diarrassouba, le minist ...\" \/>\n<meta property=\"og:url\" content=\"https:\/\/www.africa-press.net\/cotedivoire\/economie\/sucre-comment-la-cote-divoire-veut-devenir-autosuffisante-en-cinq-ans\" \/>\n<meta property=\"og:site_name\" content=\"C\u00f4te d&#039;Ivoire\" \/>\n<meta property=\"article:published_time\" content=\"2021-08-02T12:26:31+00:00\" \/>\n<meta property=\"article:modified_time\" content=\"2021-08-03T19:19:10+00:00\" \/>\n<meta property=\"og:image\" content=\"https:\/\/static.africa-press.net\/cote\/sites\/43\/2021\/08\/img-6107e43063010.jpg\" \/>\n\t<meta property=\"og:image:width\" content=\"720\" \/>\n\t<meta property=\"og:image:height\" content=\"360\" \/>\n\t<meta property=\"og:image:type\" content=\"image\/jpeg\" \/>\n<meta name=\"author\" content=\"cfeditorfr\" \/>\n<meta name=\"twitter:card\" content=\"summary_large_image\" \/>\n<meta name=\"twitter:label1\" content=\"\u00c9crit par\" \/>\n\t<meta name=\"twitter:data1\" content=\"cfeditorfr\" \/>\n\t<meta name=\"twitter:label2\" content=\"Dur\u00e9e de lecture estim\u00e9e\" \/>\n\t<meta name=\"twitter:data2\" content=\"1 minute\" \/>\n<script type=\"application\/ld+json\" class=\"yoast-schema-graph\">{\"@context\":\"https:\/\/schema.org\",\"@graph\":[{\"@type\":\"Article\",\"@id\":\"https:\/\/www.africa-press.net\/cotedivoire\/economie\/sucre-comment-la-cote-divoire-veut-devenir-autosuffisante-en-cinq-ans#article\",\"isPartOf\":{\"@id\":\"https:\/\/www.africa-press.net\/cotedivoire\/economie\/sucre-comment-la-cote-divoire-veut-devenir-autosuffisante-en-cinq-ans\"},\"author\":{\"name\":\"cfeditorfr\",\"@id\":\"https:\/\/www.africa-press.net\/cotedivoire\/#\/schema\/person\/2b1cf3cd81a31e3cd26889ca66d677f1\"},\"headline\":\"comment la C\u00f4te d\u2019Ivoire veut devenir autosuffisante en cinq ans\",\"datePublished\":\"2021-08-02T12:26:31+00:00\",\"dateModified\":\"2021-08-03T19:19:10+00:00\",\"mainEntityOfPage\":{\"@id\":\"https:\/\/www.africa-press.net\/cotedivoire\/economie\/sucre-comment-la-cote-divoire-veut-devenir-autosuffisante-en-cinq-ans\"},\"wordCount\":194,\"commentCount\":0,\"image\":{\"@id\":\"https:\/\/www.africa-press.net\/cotedivoire\/economie\/sucre-comment-la-cote-divoire-veut-devenir-autosuffisante-en-cinq-ans#primaryimage\"},\"thumbnailUrl\":\"https:\/\/static.africa-press.net\/cote\/sites\/43\/2021\/08\/img-6107e43063010.jpg\",\"keywords\":[\"Africa Press\",\"Africa Press-C\u00f4te d'Ivoire\",\"C\u00d4TE D'IVOIRE\"],\"articleSection\":[\"\u00c9conomie\",\"homepage-french\",\"Top Nouvelles\",\"Toutes les actualit\u00e9s\"],\"inLanguage\":\"fr-FR\",\"potentialAction\":[{\"@type\":\"CommentAction\",\"name\":\"Comment\",\"target\":[\"https:\/\/www.africa-press.net\/cotedivoire\/economie\/sucre-comment-la-cote-divoire-veut-devenir-autosuffisante-en-cinq-ans#respond\"]}]},{\"@type\":\"WebPage\",\"@id\":\"https:\/\/www.africa-press.net\/cotedivoire\/economie\/sucre-comment-la-cote-divoire-veut-devenir-autosuffisante-en-cinq-ans\",\"url\":\"https:\/\/www.africa-press.net\/cotedivoire\/economie\/sucre-comment-la-cote-divoire-veut-devenir-autosuffisante-en-cinq-ans\",\"name\":\"comment la C\u00f4te d\u2019Ivoire veut devenir autosuffisante en cinq ans - C\u00f4te d&#039;Ivoire\",\"isPartOf\":{\"@id\":\"https:\/\/www.africa-press.net\/cotedivoire\/#website\"},\"primaryImageOfPage\":{\"@id\":\"https:\/\/www.africa-press.net\/cotedivoire\/economie\/sucre-comment-la-cote-divoire-veut-devenir-autosuffisante-en-cinq-ans#primaryimage\"},\"image\":{\"@id\":\"https:\/\/www.africa-press.net\/cotedivoire\/economie\/sucre-comment-la-cote-divoire-veut-devenir-autosuffisante-en-cinq-ans#primaryimage\"},\"thumbnailUrl\":\"https:\/\/static.africa-press.net\/cote\/sites\/43\/2021\/08\/img-6107e43063010.jpg\",\"datePublished\":\"2021-08-02T12:26:31+00:00\",\"dateModified\":\"2021-08-03T19:19:10+00:00\",\"author\":{\"@id\":\"https:\/\/www.africa-press.net\/cotedivoire\/#\/schema\/person\/2b1cf3cd81a31e3cd26889ca66d677f1\"},\"description\":\"Alors que les prix alimentaires, dont celui du sucre, flambent en Afrique de l\u2019Ouest, Souleymane Diarrassouba, le minist ...\",\"breadcrumb\":{\"@id\":\"https:\/\/www.africa-press.net\/cotedivoire\/economie\/sucre-comment-la-cote-divoire-veut-devenir-autosuffisante-en-cinq-ans#breadcrumb\"},\"inLanguage\":\"fr-FR\",\"potentialAction\":[{\"@type\":\"ReadAction\",\"target\":[\"https:\/\/www.africa-press.net\/cotedivoire\/economie\/sucre-comment-la-cote-divoire-veut-devenir-autosuffisante-en-cinq-ans\"]}]},{\"@type\":\"ImageObject\",\"inLanguage\":\"fr-FR\",\"@id\":\"https:\/\/www.africa-press.net\/cotedivoire\/economie\/sucre-comment-la-cote-divoire-veut-devenir-autosuffisante-en-cinq-ans#primaryimage\",\"url\":\"https:\/\/static.africa-press.net\/cote\/sites\/43\/2021\/08\/img-6107e43063010.jpg\",\"contentUrl\":\"https:\/\/static.africa-press.net\/cote\/sites\/43\/2021\/08\/img-6107e43063010.jpg\",\"width\":720,\"height\":360,\"caption\":\"Sucre : comment la C\u00f4te d\u2019Ivoire veut devenir autosuffisante en cinq ans\"},{\"@type\":\"BreadcrumbList\",\"@id\":\"https:\/\/www.africa-press.net\/cotedivoire\/economie\/sucre-comment-la-cote-divoire-veut-devenir-autosuffisante-en-cinq-ans#breadcrumb\",\"itemListElement\":[{\"@type\":\"ListItem\",\"position\":1,\"name\":\"Accueil\",\"item\":\"https:\/\/www.africa-press.net\/cotedivoire\/\"},{\"@type\":\"ListItem\",\"position\":2,\"name\":\"comment la C\u00f4te d\u2019Ivoire veut devenir autosuffisante en cinq ans\"}]},{\"@type\":\"WebSite\",\"@id\":\"https:\/\/www.africa-press.net\/cotedivoire\/#website\",\"url\":\"https:\/\/www.africa-press.net\/cotedivoire\/\",\"name\":\"C\u00f4te d&#039;Ivoire\",\"description\":\"Just another Africa News Agency Sites site\",\"potentialAction\":[{\"@type\":\"SearchAction\",\"target\":{\"@type\":\"EntryPoint\",\"urlTemplate\":\"https:\/\/www.africa-press.net\/cotedivoire\/?s={search_term_string}\"},\"query-input\":{\"@type\":\"PropertyValueSpecification\",\"valueRequired\":true,\"valueName\":\"search_term_string\"}}],\"inLanguage\":\"fr-FR\"},{\"@type\":\"Person\",\"@id\":\"https:\/\/www.africa-press.net\/cotedivoire\/#\/schema\/person\/2b1cf3cd81a31e3cd26889ca66d677f1\",\"name\":\"cfeditorfr\"}]}<\/script>\n<!-- \/ Yoast SEO Premium plugin. -->","yoast_head_json":{"title":"comment la C\u00f4te d\u2019Ivoire veut devenir autosuffisante en cinq ans - C\u00f4te d&#039;Ivoire","description":"Alors que les prix alimentaires, dont celui du sucre, flambent en Afrique de l\u2019Ouest, Souleymane Diarrassouba, le minist ...","robots":{"index":"index","follow":"follow","max-snippet":"max-snippet:-1","max-image-preview":"max-image-preview:large","max-video-preview":"max-video-preview:-1"},"canonical":"https:\/\/www.africa-press.net\/cotedivoire\/economie\/sucre-comment-la-cote-divoire-veut-devenir-autosuffisante-en-cinq-ans","og_locale":"fr_FR","og_type":"article","og_title":"comment la C\u00f4te d\u2019Ivoire veut devenir autosuffisante en cinq ans","og_description":"Alors que les prix alimentaires, dont celui du sucre, flambent en Afrique de l\u2019Ouest, Souleymane Diarrassouba, le minist ...","og_url":"https:\/\/www.africa-press.net\/cotedivoire\/economie\/sucre-comment-la-cote-divoire-veut-devenir-autosuffisante-en-cinq-ans","og_site_name":"C\u00f4te d&#039;Ivoire","article_published_time":"2021-08-02T12:26:31+00:00","article_modified_time":"2021-08-03T19:19:10+00:00","og_image":[{"width":720,"height":360,"url":"https:\/\/static.africa-press.net\/cote\/sites\/43\/2021\/08\/img-6107e43063010.jpg","type":"image\/jpeg"}],"author":"cfeditorfr","twitter_card":"summary_large_image","twitter_misc":{"\u00c9crit par":"cfeditorfr","Dur\u00e9e de lecture estim\u00e9e":"1 minute"},"schema":{"@context":"https:\/\/schema.org","@graph":[{"@type":"Article","@id":"https:\/\/www.africa-press.net\/cotedivoire\/economie\/sucre-comment-la-cote-divoire-veut-devenir-autosuffisante-en-cinq-ans#article","isPartOf":{"@id":"https:\/\/www.africa-press.net\/cotedivoire\/economie\/sucre-comment-la-cote-divoire-veut-devenir-autosuffisante-en-cinq-ans"},"author":{"name":"cfeditorfr","@id":"https:\/\/www.africa-press.net\/cotedivoire\/#\/schema\/person\/2b1cf3cd81a31e3cd26889ca66d677f1"},"headline":"comment la C\u00f4te d\u2019Ivoire veut devenir autosuffisante en cinq ans","datePublished":"2021-08-02T12:26:31+00:00","dateModified":"2021-08-03T19:19:10+00:00","mainEntityOfPage":{"@id":"https:\/\/www.africa-press.net\/cotedivoire\/economie\/sucre-comment-la-cote-divoire-veut-devenir-autosuffisante-en-cinq-ans"},"wordCount":194,"commentCount":0,"image":{"@id":"https:\/\/www.africa-press.net\/cotedivoire\/economie\/sucre-comment-la-cote-divoire-veut-devenir-autosuffisante-en-cinq-ans#primaryimage"},"thumbnailUrl":"https:\/\/static.africa-press.net\/cote\/sites\/43\/2021\/08\/img-6107e43063010.jpg","keywords":["Africa Press","Africa Press-C\u00f4te d'Ivoire","C\u00d4TE D'IVOIRE"],"articleSection":["\u00c9conomie","homepage-french","Top Nouvelles","Toutes les actualit\u00e9s"],"inLanguage":"fr-FR","potentialAction":[{"@type":"CommentAction","name":"Comment","target":["https:\/\/www.africa-press.net\/cotedivoire\/economie\/sucre-comment-la-cote-divoire-veut-devenir-autosuffisante-en-cinq-ans#respond"]}]},{"@type":"WebPage","@id":"https:\/\/www.africa-press.net\/cotedivoire\/economie\/sucre-comment-la-cote-divoire-veut-devenir-autosuffisante-en-cinq-ans","url":"https:\/\/www.africa-press.net\/cotedivoire\/economie\/sucre-comment-la-cote-divoire-veut-devenir-autosuffisante-en-cinq-ans","name":"comment la C\u00f4te d\u2019Ivoire veut devenir autosuffisante en cinq ans - C\u00f4te d&#039;Ivoire","isPartOf":{"@id":"https:\/\/www.africa-press.net\/cotedivoire\/#website"},"primaryImageOfPage":{"@id":"https:\/\/www.africa-press.net\/cotedivoire\/economie\/sucre-comment-la-cote-divoire-veut-devenir-autosuffisante-en-cinq-ans#primaryimage"},"image":{"@id":"https:\/\/www.africa-press.net\/cotedivoire\/economie\/sucre-comment-la-cote-divoire-veut-devenir-autosuffisante-en-cinq-ans#primaryimage"},"thumbnailUrl":"https:\/\/static.africa-press.net\/cote\/sites\/43\/2021\/08\/img-6107e43063010.jpg","datePublished":"2021-08-02T12:26:31+00:00","dateModified":"2021-08-03T19:19:10+00:00","author":{"@id":"https:\/\/www.africa-press.net\/cotedivoire\/#\/schema\/person\/2b1cf3cd81a31e3cd26889ca66d677f1"},"description":"Alors que les prix alimentaires, dont celui du sucre, flambent en Afrique de l\u2019Ouest, Souleymane Diarrassouba, le minist ...","breadcrumb":{"@id":"https:\/\/www.africa-press.net\/cotedivoire\/economie\/sucre-comment-la-cote-divoire-veut-devenir-autosuffisante-en-cinq-ans#breadcrumb"},"inLanguage":"fr-FR","potentialAction":[{"@type":"ReadAction","target":["https:\/\/www.africa-press.net\/cotedivoire\/economie\/sucre-comment-la-cote-divoire-veut-devenir-autosuffisante-en-cinq-ans"]}]},{"@type":"ImageObject","inLanguage":"fr-FR","@id":"https:\/\/www.africa-press.net\/cotedivoire\/economie\/sucre-comment-la-cote-divoire-veut-devenir-autosuffisante-en-cinq-ans#primaryimage","url":"https:\/\/static.africa-press.net\/cote\/sites\/43\/2021\/08\/img-6107e43063010.jpg","contentUrl":"https:\/\/static.africa-press.net\/cote\/sites\/43\/2021\/08\/img-6107e43063010.jpg","width":720,"height":360,"caption":"Sucre : comment la C\u00f4te d\u2019Ivoire veut devenir autosuffisante en cinq ans"},{"@type":"BreadcrumbList","@id":"https:\/\/www.africa-press.net\/cotedivoire\/economie\/sucre-comment-la-cote-divoire-veut-devenir-autosuffisante-en-cinq-ans#breadcrumb","itemListElement":[{"@type":"ListItem","position":1,"name":"Accueil","item":"https:\/\/www.africa-press.net\/cotedivoire\/"},{"@type":"ListItem","position":2,"name":"comment la C\u00f4te d\u2019Ivoire veut devenir autosuffisante en cinq ans"}]},{"@type":"WebSite","@id":"https:\/\/www.africa-press.net\/cotedivoire\/#website","url":"https:\/\/www.africa-press.net\/cotedivoire\/","name":"C\u00f4te d&#039;Ivoire","description":"Just another Africa News Agency Sites site","potentialAction":[{"@type":"SearchAction","target":{"@type":"EntryPoint","urlTemplate":"https:\/\/www.africa-press.net\/cotedivoire\/?s={search_term_string}"},"query-input":{"@type":"PropertyValueSpecification","valueRequired":true,"valueName":"search_term_string"}}],"inLanguage":"fr-FR"},{"@type":"Person","@id":"https:\/\/www.africa-press.net\/cotedivoire\/#\/schema\/person\/2b1cf3cd81a31e3cd26889ca66d677f1","name":"cfeditorfr"}]}},"_links":{"self":[{"href":"https:\/\/www.africa-press.net\/cotedivoire\/wp-json\/wp\/v2\/posts\/10779","targetHints":{"allow":["GET"]}}],"collection":[{"href":"https:\/\/www.africa-press.net\/cotedivoire\/wp-json\/wp\/v2\/posts"}],"about":[{"href":"https:\/\/www.africa-press.net\/cotedivoire\/wp-json\/wp\/v2\/types\/post"}],"author":[{"embeddable":true,"href":"https:\/\/www.africa-press.net\/cotedivoire\/wp-json\/wp\/v2\/users\/82"}],"replies":[{"embeddable":true,"href":"https:\/\/www.africa-press.net\/cotedivoire\/wp-json\/wp\/v2\/comments?post=10779"}],"version-history":[{"count":0,"href":"https:\/\/www.africa-press.net\/cotedivoire\/wp-json\/wp\/v2\/posts\/10779\/revisions"}],"wp:featuredmedia":[{"embeddable":true,"href":"https:\/\/www.africa-press.net\/cotedivoire\/wp-json\/wp\/v2\/media\/10778"}],"wp:attachment":[{"href":"https:\/\/www.africa-press.net\/cotedivoire\/wp-json\/wp\/v2\/media?parent=10779"}],"wp:term":[{"taxonomy":"category","embeddable":true,"href":"https:\/\/www.africa-press.net\/cotedivoire\/wp-json\/wp\/v2\/categories?post=10779"},{"taxonomy":"post_tag","embeddable":true,"href":"https:\/\/www.africa-press.net\/cotedivoire\/wp-json\/wp\/v2\/tags?post=10779"}],"curies":[{"name":"wp","href":"https:\/\/api.w.org\/{rel}","templated":true}]}}