{"id":107801,"date":"2025-10-30T18:08:42","date_gmt":"2025-10-30T18:08:42","guid":{"rendered":"https:\/\/www.africa-press.net\/cotedivoire\/politique\/repression-denoncee-par-le-front-commun-avant-les-elections"},"modified":"2025-10-30T18:42:58","modified_gmt":"2025-10-30T18:42:58","slug":"repression-denoncee-par-le-front-commun-avant-les-elections","status":"publish","type":"post","link":"https:\/\/www.africa-press.net\/cotedivoire\/politique\/repression-denoncee-par-le-front-commun-avant-les-elections","title":{"rendered":"R\u00e9pression d\u00e9nonc\u00e9e par le Front Commun avant les \u00e9lections"},"content":{"rendered":"<p><span style=\"color: #ff6600\"><strong>Africa-Press &#8211; C\u00f4te d&rsquo;Ivoire. <\/strong><\/span>Le mercredi 29 octobre 2025 a\u0300 Cocody, un point de presse a e\u0301te\u0301 organise\u0301 par le Front Commun, coalition politique compose\u0301e du PPA-CI et du PDCI RDA, afin de re\u0301agir a\u0300 la convocation de plusieurs de ses cadres a\u0300 la Pre\u0301fecture de Police d\u2019Abidjan. Cette convocation, survenue les 27 et 28 octobre, a implique\u0301 de hauts responsables des deux partis de l\u2019opposition, notamment des personnalite\u0301s telles que Noe\u0308l Akossi Bendjo, Sylvestre Emou, Alain Cocauthrey et quatre autres personnalite\u0301s du PDCI RDA, ainsi que des figures de proue du PPA-CI comme le Dr Assoa Adou, le Professeur Hubert Oulaye et le De\u0301pute\u0301 Tcheide\u0301 Jean Gervais et onze autres cadres du parti de Gbagbo.<\/p>\n<p>Les membres du Front Commun convoque\u0301s a\u0300 la Pre\u0301fecture de Police ont exprime\u0301 leur inquie\u0301tude face a\u0300 ce qu\u2019ils conside\u0300rent comme une tentative de re\u0301pression et de mise sous contro\u0302le judiciaire a\u0300 l\u2019approche des e\u0301lections le\u0301gislatives pre\u0301vues pour le mois de de\u0301cembre. Selon les responsables du Front, cette convocation fait partie d&rsquo;une se\u0301rie d&rsquo;actions visant a\u0300 intimider et empe\u0302cher les cadres de l\u2019opposition de se porter candidats aux e\u0301lections.<\/p>\n<p>Ces derniers ont e\u0301galement e\u0301voque\u0301 un climat politique de plus en plus tendu, ou\u0300 la liberte\u0301 d&rsquo;expression et les droits politiques sont, selon eux, bafoue\u0301s. Le Front Commun a de\u0301nonce\u0301 ce qu\u2019il appelle un re\u0301gime qui cherche a\u0300 re\u0301duire au silence toute opposition, en utilisant des me\u0301thodes autoritaires pour contro\u0302ler le paysage politique ivoirien.<\/p>\n<p>Les convocations ne sont pas, selon le Front Commun, des e\u0301ve\u0301nements isole\u0301s. Ils rappellent qu\u2019au cours des derniers mois, plusieurs personnalite\u0301s de l\u2019opposition ont e\u0301te\u0301 arre\u0302te\u0301es ou enleve\u0301es, souvent dans des conditions non conformes aux normes des droits humains, et cela, dans le cadre de l\u2019e\u0301radication de toute forme de contestation.<\/p>\n<p>Le Front met en avant un constat alarmant selon lequel la Co\u0302te d&rsquo;Ivoire serait devenue une \u00ab prison a\u0300 ciel ouvert \u00bb, ou\u0300 toute voix dissidente est perse\u0301cute\u0301e, me\u0302me celles des partis de l\u2019opposition les plus historiques et les plus ancre\u0301s dans le pays.<\/p>\n<p>A\u0300 travers cette mobilisation, le Front Commun a voulu rappeler a\u0300 la communaute\u0301 internationale que le pouvoir en place, sous la direction d&rsquo;Alassane Ouattara, ne respecte ni la Constitution ni les principes fondamentaux de la de\u0301mocratie.<\/p>\n<p>Le Front a mis en exergue la manipulation des re\u0301sultats e\u0301lectoraux, notamment lors du braquage e\u0301lectoral du 25 octobre, et a critique\u0301 la gestion des e\u0301lections, qu&rsquo;il estime entache\u0301e de fraude. Il accuse le gouvernement de pre\u0301parer le terrain pour une nouvelle majorite\u0301 le\u0301gislative, malgre\u0301 le rejet populaire de la prolongation du mandat de Ouattara.<\/p>\n<p>Pour le Front Commun, il est de\u0301sormais clair que le re\u0301gime du RHDP craint une de\u0301faite e\u0301lectorale, particulie\u0300rement lors des e\u0301lections le\u0301gislatives a\u0300 venir. Cette situation engendre des man\u0153uvres strate\u0301giques pour affaiblir l\u2019opposition, et pour tenter de maintenir une emprise sur le pouvoir. Dans cette optique, le re\u0301gime chercherait a\u0300 e\u0301touffer les partis politiques comme le PDCI RDA et le PPA-CI, juge\u0301s comme les plus redoutables adversaires politiques du pre\u0301sident Ouattara.<\/p>\n<p>Le Front Commun a tenu a\u0300 souligner que la re\u0301pression de ses cadres s&rsquo;inscrit dans un contexte plus large, visant a\u0300 restaurer un syste\u0300me politique autoritaire et a\u0300 renforcer le pouvoir du pre\u0301sident, au de\u0301triment des partis d\u2019opposition. L\u2019objectif de cette politique est, selon le Front, de ramener la Co\u0302te d&rsquo;Ivoire a\u0300 une e\u0301poque de parti unique, une situation contre laquelle ils continuent de se battre.<\/p>\n<p>Les responsables politiques du Front Commun ont aussi exprime\u0301 leur inquie\u0301tude sur l\u2019avenir des cadres politiques du PPA-CI et du PDCI RDA, craignant que le prochain objectif du pouvoir ne soit de s\u2019en prendre aux leaders des deux partis, a\u0300 savoir Laurent Gbagbo et Cheick Tidjane Thiam.<\/p>\n<p>Face a\u0300 cette situation, le Front Commun a affirme\u0301 son opposition irre\u0301ductible au quatrie\u0300me mandat qu\u2019il conside\u0300re comme anticonstitutionnel et ille\u0301gal d\u2019Alassane Ouattara. Le Front a demande\u0301 a\u0300 la communaute\u0301 internationale de suivre de pre\u0300s la situation en Co\u0302te d&rsquo;Ivoire et d&rsquo;agir pour que cesse l\u2019atteinte aux liberte\u0301s politiques et aux droits fondamentaux des citoyens.<\/p>\n<p>En conclusion, malgre\u0301 l\u2019intensification de la re\u0301pression et des tentatives de contro\u0302le de l\u2019opposition, le Front Commun appelle a\u0300 la mobilisation ge\u0301ne\u0301rale des Ivoiriens, des militants et de la socie\u0301te\u0301 civile.<\/p>\n<p>Enfin, une information importante a e\u0301te\u0301 partage\u0301e par les membres du Front Commun: selon des rumeurs non confirme\u0301es, les poursuites engage\u0301es contre les cadres du Front Commun pourraient e\u0302tre suspendues. En attendant confirmation, le Front Commun a exhorte\u0301 le re\u0301gime a\u0300 e\u0301viter d&rsquo;exacerber les tensions sociales et a\u0300 proce\u0301der a\u0300 la libe\u0301ration sans condition de toutes les personnes arre\u0302te\u0301es et incarce\u0301re\u0301es lors des manifestations pacifiques de l\u2019opposition.<\/p>\n<p><strong>Pour plus d&rsquo;informations et d&rsquo;analyses sur la <span style=\"color: #ff6600\">C\u00f4te d&rsquo;Ivoire<\/span>, suivez <span style=\"color: #ff6600\">Africa-Press<\/span><\/strong><\/p>\n","protected":false},"excerpt":{"rendered":"<p>Africa-Press &#8211; C\u00f4te d&rsquo;Ivoire. Le mercredi 29 octobre 2025 a\u0300 Cocody, un point de presse a e\u0301te\u0301 organise\u0301 par le Front Commun, coalition politique compose\u0301e du PPA-CI et du PDCI RDA, afin de re\u0301agir a\u0300 la convocation de plusieurs de ses cadres a\u0300 la Pre\u0301fecture de Police d\u2019Abidjan. Cette convocation, survenue les 27 et 28 [&hellip;]<\/p>\n","protected":false},"author":82,"featured_media":107800,"comment_status":"open","ping_status":"closed","sticky":false,"template":"","format":"standard","meta":{"footnotes":""},"categories":[2,10],"tags":[38,2825,358,11162,29,16152,320,19363,423,1952,1547],"class_list":["post-107801","post","type-post","status-publish","format-standard","has-post-thumbnail","hentry","category-politique","category-toutes-les-actualites","tag-alassane-ouattara","tag-cadre","tag-cocody","tag-commun","tag-cote-divoire","tag-front","tag-gbagbo","tag-legislative","tag-pdci","tag-ppa-ci","tag-thiam"],"yoast_head":"<!-- This site is optimized with the Yoast SEO Premium plugin v26.1 (Yoast SEO v27.0) - https:\/\/yoast.com\/product\/yoast-seo-premium-wordpress\/ -->\n<title>R\u00e9pression d\u00e9nonc\u00e9e par le Front Commun avant les \u00e9lections - C\u00f4te d&#039;Ivoire<\/title>\n<meta name=\"description\" content=\"Le mercredi 29 octobre 2025 a\u0300 Cocody, un point de presse a e\u0301te\u0301 organise\u0301 par le Front Commun, coalition politique com ...\" \/>\n<meta name=\"robots\" content=\"index, follow, max-snippet:-1, max-image-preview:large, max-video-preview:-1\" \/>\n<link rel=\"canonical\" href=\"https:\/\/www.africa-press.net\/cotedivoire\/politique\/repression-denoncee-par-le-front-commun-avant-les-elections\" \/>\n<meta property=\"og:locale\" content=\"fr_FR\" \/>\n<meta property=\"og:type\" content=\"article\" \/>\n<meta property=\"og:title\" content=\"R\u00e9pression d\u00e9nonc\u00e9e par le Front Commun avant les \u00e9lections\" \/>\n<meta property=\"og:description\" content=\"Le mercredi 29 octobre 2025 a\u0300 Cocody, un point de presse a e\u0301te\u0301 organise\u0301 par le Front Commun, coalition politique com ...\" \/>\n<meta property=\"og:url\" content=\"https:\/\/www.africa-press.net\/cotedivoire\/politique\/repression-denoncee-par-le-front-commun-avant-les-elections\" \/>\n<meta property=\"og:site_name\" content=\"C\u00f4te d&#039;Ivoire\" \/>\n<meta property=\"article:published_time\" content=\"2025-10-30T18:08:42+00:00\" \/>\n<meta property=\"article:modified_time\" content=\"2025-10-30T18:42:58+00:00\" \/>\n<meta property=\"og:image\" content=\"https:\/\/static.africa-press.net\/cote\/sites\/43\/2025\/10\/sm_1761837147.190588.jpg\" \/>\n\t<meta property=\"og:image:width\" content=\"720\" \/>\n\t<meta property=\"og:image:height\" content=\"375\" \/>\n\t<meta property=\"og:image:type\" content=\"image\/jpeg\" \/>\n<meta name=\"author\" content=\"cfeditorfr\" \/>\n<meta name=\"twitter:card\" content=\"summary_large_image\" \/>\n<meta name=\"twitter:label1\" content=\"\u00c9crit par\" \/>\n\t<meta name=\"twitter:data1\" content=\"cfeditorfr\" \/>\n\t<meta name=\"twitter:label2\" content=\"Dur\u00e9e de lecture estim\u00e9e\" \/>\n\t<meta name=\"twitter:data2\" content=\"4 minutes\" \/>\n<script type=\"application\/ld+json\" class=\"yoast-schema-graph\">{\"@context\":\"https:\/\/schema.org\",\"@graph\":[{\"@type\":\"Article\",\"@id\":\"https:\/\/www.africa-press.net\/cotedivoire\/politique\/repression-denoncee-par-le-front-commun-avant-les-elections#article\",\"isPartOf\":{\"@id\":\"https:\/\/www.africa-press.net\/cotedivoire\/politique\/repression-denoncee-par-le-front-commun-avant-les-elections\"},\"author\":{\"name\":\"cfeditorfr\",\"@id\":\"https:\/\/www.africa-press.net\/cotedivoire\/#\/schema\/person\/2b1cf3cd81a31e3cd26889ca66d677f1\"},\"headline\":\"R\u00e9pression d\u00e9nonc\u00e9e par le Front Commun avant les \u00e9lections\",\"datePublished\":\"2025-10-30T18:08:42+00:00\",\"dateModified\":\"2025-10-30T18:42:58+00:00\",\"mainEntityOfPage\":{\"@id\":\"https:\/\/www.africa-press.net\/cotedivoire\/politique\/repression-denoncee-par-le-front-commun-avant-les-elections\"},\"wordCount\":912,\"commentCount\":0,\"image\":{\"@id\":\"https:\/\/www.africa-press.net\/cotedivoire\/politique\/repression-denoncee-par-le-front-commun-avant-les-elections#primaryimage\"},\"thumbnailUrl\":\"https:\/\/static.africa-press.net\/cote\/sites\/43\/2025\/10\/sm_1761837147.190588.jpg\",\"keywords\":[\"Alassane Ouattara\",\"cadre\",\"Cocody\",\"Commun\",\"C\u00d4TE D'IVOIRE\",\"front\",\"Gbagbo\",\"l\u00e9gislative\",\"Pdci\",\"PPA-CI\",\"Thiam\"],\"articleSection\":[\"Politique\",\"Toutes les actualit\u00e9s\"],\"inLanguage\":\"fr-FR\",\"potentialAction\":[{\"@type\":\"CommentAction\",\"name\":\"Comment\",\"target\":[\"https:\/\/www.africa-press.net\/cotedivoire\/politique\/repression-denoncee-par-le-front-commun-avant-les-elections#respond\"]}]},{\"@type\":\"WebPage\",\"@id\":\"https:\/\/www.africa-press.net\/cotedivoire\/politique\/repression-denoncee-par-le-front-commun-avant-les-elections\",\"url\":\"https:\/\/www.africa-press.net\/cotedivoire\/politique\/repression-denoncee-par-le-front-commun-avant-les-elections\",\"name\":\"R\u00e9pression d\u00e9nonc\u00e9e par le Front Commun avant les \u00e9lections - C\u00f4te d&#039;Ivoire\",\"isPartOf\":{\"@id\":\"https:\/\/www.africa-press.net\/cotedivoire\/#website\"},\"primaryImageOfPage\":{\"@id\":\"https:\/\/www.africa-press.net\/cotedivoire\/politique\/repression-denoncee-par-le-front-commun-avant-les-elections#primaryimage\"},\"image\":{\"@id\":\"https:\/\/www.africa-press.net\/cotedivoire\/politique\/repression-denoncee-par-le-front-commun-avant-les-elections#primaryimage\"},\"thumbnailUrl\":\"https:\/\/static.africa-press.net\/cote\/sites\/43\/2025\/10\/sm_1761837147.190588.jpg\",\"datePublished\":\"2025-10-30T18:08:42+00:00\",\"dateModified\":\"2025-10-30T18:42:58+00:00\",\"author\":{\"@id\":\"https:\/\/www.africa-press.net\/cotedivoire\/#\/schema\/person\/2b1cf3cd81a31e3cd26889ca66d677f1\"},\"description\":\"Le mercredi 29 octobre 2025 a\u0300 Cocody, un point de presse a e\u0301te\u0301 organise\u0301 par le Front Commun, coalition politique com ...\",\"breadcrumb\":{\"@id\":\"https:\/\/www.africa-press.net\/cotedivoire\/politique\/repression-denoncee-par-le-front-commun-avant-les-elections#breadcrumb\"},\"inLanguage\":\"fr-FR\",\"potentialAction\":[{\"@type\":\"ReadAction\",\"target\":[\"https:\/\/www.africa-press.net\/cotedivoire\/politique\/repression-denoncee-par-le-front-commun-avant-les-elections\"]}]},{\"@type\":\"ImageObject\",\"inLanguage\":\"fr-FR\",\"@id\":\"https:\/\/www.africa-press.net\/cotedivoire\/politique\/repression-denoncee-par-le-front-commun-avant-les-elections#primaryimage\",\"url\":\"https:\/\/static.africa-press.net\/cote\/sites\/43\/2025\/10\/sm_1761837147.190588.jpg\",\"contentUrl\":\"https:\/\/static.africa-press.net\/cote\/sites\/43\/2025\/10\/sm_1761837147.190588.jpg\",\"width\":720,\"height\":375,\"caption\":\"R\u00e9pression d\u00e9nonc\u00e9e par le Front Commun avant les \u00e9lections\"},{\"@type\":\"BreadcrumbList\",\"@id\":\"https:\/\/www.africa-press.net\/cotedivoire\/politique\/repression-denoncee-par-le-front-commun-avant-les-elections#breadcrumb\",\"itemListElement\":[{\"@type\":\"ListItem\",\"position\":1,\"name\":\"Accueil\",\"item\":\"https:\/\/www.africa-press.net\/cotedivoire\/\"},{\"@type\":\"ListItem\",\"position\":2,\"name\":\"R\u00e9pression d\u00e9nonc\u00e9e par le Front Commun avant les \u00e9lections\"}]},{\"@type\":\"WebSite\",\"@id\":\"https:\/\/www.africa-press.net\/cotedivoire\/#website\",\"url\":\"https:\/\/www.africa-press.net\/cotedivoire\/\",\"name\":\"C\u00f4te d&#039;Ivoire\",\"description\":\"Just another Africa News Agency Sites site\",\"potentialAction\":[{\"@type\":\"SearchAction\",\"target\":{\"@type\":\"EntryPoint\",\"urlTemplate\":\"https:\/\/www.africa-press.net\/cotedivoire\/?s={search_term_string}\"},\"query-input\":{\"@type\":\"PropertyValueSpecification\",\"valueRequired\":true,\"valueName\":\"search_term_string\"}}],\"inLanguage\":\"fr-FR\"},{\"@type\":\"Person\",\"@id\":\"https:\/\/www.africa-press.net\/cotedivoire\/#\/schema\/person\/2b1cf3cd81a31e3cd26889ca66d677f1\",\"name\":\"cfeditorfr\"}]}<\/script>\n<!-- \/ Yoast SEO Premium plugin. -->","yoast_head_json":{"title":"R\u00e9pression d\u00e9nonc\u00e9e par le Front Commun avant les \u00e9lections - C\u00f4te d&#039;Ivoire","description":"Le mercredi 29 octobre 2025 a\u0300 Cocody, un point de presse a e\u0301te\u0301 organise\u0301 par le Front Commun, coalition politique com ...","robots":{"index":"index","follow":"follow","max-snippet":"max-snippet:-1","max-image-preview":"max-image-preview:large","max-video-preview":"max-video-preview:-1"},"canonical":"https:\/\/www.africa-press.net\/cotedivoire\/politique\/repression-denoncee-par-le-front-commun-avant-les-elections","og_locale":"fr_FR","og_type":"article","og_title":"R\u00e9pression d\u00e9nonc\u00e9e par le Front Commun avant les \u00e9lections","og_description":"Le mercredi 29 octobre 2025 a\u0300 Cocody, un point de presse a e\u0301te\u0301 organise\u0301 par le Front Commun, coalition politique com ...","og_url":"https:\/\/www.africa-press.net\/cotedivoire\/politique\/repression-denoncee-par-le-front-commun-avant-les-elections","og_site_name":"C\u00f4te d&#039;Ivoire","article_published_time":"2025-10-30T18:08:42+00:00","article_modified_time":"2025-10-30T18:42:58+00:00","og_image":[{"width":720,"height":375,"url":"https:\/\/static.africa-press.net\/cote\/sites\/43\/2025\/10\/sm_1761837147.190588.jpg","type":"image\/jpeg"}],"author":"cfeditorfr","twitter_card":"summary_large_image","twitter_misc":{"\u00c9crit par":"cfeditorfr","Dur\u00e9e de lecture estim\u00e9e":"4 minutes"},"schema":{"@context":"https:\/\/schema.org","@graph":[{"@type":"Article","@id":"https:\/\/www.africa-press.net\/cotedivoire\/politique\/repression-denoncee-par-le-front-commun-avant-les-elections#article","isPartOf":{"@id":"https:\/\/www.africa-press.net\/cotedivoire\/politique\/repression-denoncee-par-le-front-commun-avant-les-elections"},"author":{"name":"cfeditorfr","@id":"https:\/\/www.africa-press.net\/cotedivoire\/#\/schema\/person\/2b1cf3cd81a31e3cd26889ca66d677f1"},"headline":"R\u00e9pression d\u00e9nonc\u00e9e par le Front Commun avant les \u00e9lections","datePublished":"2025-10-30T18:08:42+00:00","dateModified":"2025-10-30T18:42:58+00:00","mainEntityOfPage":{"@id":"https:\/\/www.africa-press.net\/cotedivoire\/politique\/repression-denoncee-par-le-front-commun-avant-les-elections"},"wordCount":912,"commentCount":0,"image":{"@id":"https:\/\/www.africa-press.net\/cotedivoire\/politique\/repression-denoncee-par-le-front-commun-avant-les-elections#primaryimage"},"thumbnailUrl":"https:\/\/static.africa-press.net\/cote\/sites\/43\/2025\/10\/sm_1761837147.190588.jpg","keywords":["Alassane Ouattara","cadre","Cocody","Commun","C\u00d4TE D'IVOIRE","front","Gbagbo","l\u00e9gislative","Pdci","PPA-CI","Thiam"],"articleSection":["Politique","Toutes les actualit\u00e9s"],"inLanguage":"fr-FR","potentialAction":[{"@type":"CommentAction","name":"Comment","target":["https:\/\/www.africa-press.net\/cotedivoire\/politique\/repression-denoncee-par-le-front-commun-avant-les-elections#respond"]}]},{"@type":"WebPage","@id":"https:\/\/www.africa-press.net\/cotedivoire\/politique\/repression-denoncee-par-le-front-commun-avant-les-elections","url":"https:\/\/www.africa-press.net\/cotedivoire\/politique\/repression-denoncee-par-le-front-commun-avant-les-elections","name":"R\u00e9pression d\u00e9nonc\u00e9e par le Front Commun avant les \u00e9lections - C\u00f4te d&#039;Ivoire","isPartOf":{"@id":"https:\/\/www.africa-press.net\/cotedivoire\/#website"},"primaryImageOfPage":{"@id":"https:\/\/www.africa-press.net\/cotedivoire\/politique\/repression-denoncee-par-le-front-commun-avant-les-elections#primaryimage"},"image":{"@id":"https:\/\/www.africa-press.net\/cotedivoire\/politique\/repression-denoncee-par-le-front-commun-avant-les-elections#primaryimage"},"thumbnailUrl":"https:\/\/static.africa-press.net\/cote\/sites\/43\/2025\/10\/sm_1761837147.190588.jpg","datePublished":"2025-10-30T18:08:42+00:00","dateModified":"2025-10-30T18:42:58+00:00","author":{"@id":"https:\/\/www.africa-press.net\/cotedivoire\/#\/schema\/person\/2b1cf3cd81a31e3cd26889ca66d677f1"},"description":"Le mercredi 29 octobre 2025 a\u0300 Cocody, un point de presse a e\u0301te\u0301 organise\u0301 par le Front Commun, coalition politique com ...","breadcrumb":{"@id":"https:\/\/www.africa-press.net\/cotedivoire\/politique\/repression-denoncee-par-le-front-commun-avant-les-elections#breadcrumb"},"inLanguage":"fr-FR","potentialAction":[{"@type":"ReadAction","target":["https:\/\/www.africa-press.net\/cotedivoire\/politique\/repression-denoncee-par-le-front-commun-avant-les-elections"]}]},{"@type":"ImageObject","inLanguage":"fr-FR","@id":"https:\/\/www.africa-press.net\/cotedivoire\/politique\/repression-denoncee-par-le-front-commun-avant-les-elections#primaryimage","url":"https:\/\/static.africa-press.net\/cote\/sites\/43\/2025\/10\/sm_1761837147.190588.jpg","contentUrl":"https:\/\/static.africa-press.net\/cote\/sites\/43\/2025\/10\/sm_1761837147.190588.jpg","width":720,"height":375,"caption":"R\u00e9pression d\u00e9nonc\u00e9e par le Front Commun avant les \u00e9lections"},{"@type":"BreadcrumbList","@id":"https:\/\/www.africa-press.net\/cotedivoire\/politique\/repression-denoncee-par-le-front-commun-avant-les-elections#breadcrumb","itemListElement":[{"@type":"ListItem","position":1,"name":"Accueil","item":"https:\/\/www.africa-press.net\/cotedivoire\/"},{"@type":"ListItem","position":2,"name":"R\u00e9pression d\u00e9nonc\u00e9e par le Front Commun avant les \u00e9lections"}]},{"@type":"WebSite","@id":"https:\/\/www.africa-press.net\/cotedivoire\/#website","url":"https:\/\/www.africa-press.net\/cotedivoire\/","name":"C\u00f4te d&#039;Ivoire","description":"Just another Africa News Agency Sites site","potentialAction":[{"@type":"SearchAction","target":{"@type":"EntryPoint","urlTemplate":"https:\/\/www.africa-press.net\/cotedivoire\/?s={search_term_string}"},"query-input":{"@type":"PropertyValueSpecification","valueRequired":true,"valueName":"search_term_string"}}],"inLanguage":"fr-FR"},{"@type":"Person","@id":"https:\/\/www.africa-press.net\/cotedivoire\/#\/schema\/person\/2b1cf3cd81a31e3cd26889ca66d677f1","name":"cfeditorfr"}]}},"_links":{"self":[{"href":"https:\/\/www.africa-press.net\/cotedivoire\/wp-json\/wp\/v2\/posts\/107801","targetHints":{"allow":["GET"]}}],"collection":[{"href":"https:\/\/www.africa-press.net\/cotedivoire\/wp-json\/wp\/v2\/posts"}],"about":[{"href":"https:\/\/www.africa-press.net\/cotedivoire\/wp-json\/wp\/v2\/types\/post"}],"author":[{"embeddable":true,"href":"https:\/\/www.africa-press.net\/cotedivoire\/wp-json\/wp\/v2\/users\/82"}],"replies":[{"embeddable":true,"href":"https:\/\/www.africa-press.net\/cotedivoire\/wp-json\/wp\/v2\/comments?post=107801"}],"version-history":[{"count":0,"href":"https:\/\/www.africa-press.net\/cotedivoire\/wp-json\/wp\/v2\/posts\/107801\/revisions"}],"wp:featuredmedia":[{"embeddable":true,"href":"https:\/\/www.africa-press.net\/cotedivoire\/wp-json\/wp\/v2\/media\/107800"}],"wp:attachment":[{"href":"https:\/\/www.africa-press.net\/cotedivoire\/wp-json\/wp\/v2\/media?parent=107801"}],"wp:term":[{"taxonomy":"category","embeddable":true,"href":"https:\/\/www.africa-press.net\/cotedivoire\/wp-json\/wp\/v2\/categories?post=107801"},{"taxonomy":"post_tag","embeddable":true,"href":"https:\/\/www.africa-press.net\/cotedivoire\/wp-json\/wp\/v2\/tags?post=107801"}],"curies":[{"name":"wp","href":"https:\/\/api.w.org\/{rel}","templated":true}]}}