{"id":10782,"date":"2021-08-02T12:35:03","date_gmt":"2021-08-02T12:35:03","guid":{"rendered":"https:\/\/www.africa-press.net\/cotedivoire\/?p=10782"},"modified":"2021-08-03T19:11:04","modified_gmt":"2021-08-03T19:11:04","slug":"guemon-football-serey-doh-lance-la-coupe-dominique-ouattara","status":"publish","type":"post","link":"https:\/\/www.africa-press.net\/cotedivoire\/sports\/guemon-football-serey-doh-lance-la-coupe-dominique-ouattara","title":{"rendered":"Gu\u00e9mon\/football: Serey Doh lance la coupe Dominique Ouattara"},"content":{"rendered":"<p><span style=\"color: #ff6600\"><strong><a href=\"https:\/\/www.africa-press.net\/\">Africa-Press<\/a> &#8211; <a href=\"https:\/\/www.africa-press.net\/cotedivoire\">C\u00f4te d&rsquo;Ivoire<\/a>. <\/strong><\/span>Le secr\u00e9taire d\u2019Etat aux affaires maritimes, Serey Doh C\u00e9lestin, par ailleurs pr\u00e9sident du conseil r\u00e9gional du Gu\u00e9mon a pr\u00e9sid\u00e9 la c\u00e9r\u00e9monie de lancement du tournoi de football dot\u00e9 de la coupe Dominique Ouattara. C\u2019\u00e9tait le dimanche 1er Aout 2021 \u00e0 Zouatta 1, dans le d\u00e9partement de Facobly (Ouest).<\/p>\n<p>Le secr\u00e9taire d\u2019Etat aux affaires maritimes, Serey Doh C\u00e9lestin, par ailleurs pr\u00e9sident du conseil r\u00e9gional du Gu\u00e9mon a pr\u00e9sid\u00e9 la c\u00e9r\u00e9monie de lancement du tournoi de football dot\u00e9 de la coupe Dominique Ouattara. C\u2019\u00e9tait le dimanche 1er Aout 2021 \u00e0 Zouatta 1, dans le d\u00e9partement de Facobly (Ouest).<\/p>\n<p>16 villages participent au tournoi de football organis\u00e9 par la jeunesse de Zouatta1. Dot\u00e9 de la coupe Dominique Ouattara, l\u2019\u00e9v\u00e9nement phare des activit\u00e9s socio sportives de ces vacances d\u2019\u00e9t\u00e9 2021, dans le d\u00e9partement de Facobly , r\u00e9gion du Gu\u00e9mon a d\u00e9but\u00e9 ce dimanche en pr\u00e9sence du secr\u00e9taire d\u2019\u00e9tat aupr\u00e8s du ministre des transports en charge des affaires maritimes, Serey Doh C\u00e9lestin, pr\u00e9sident du tournoi.<\/p>\n<p>Lire aussi &gt;&gt; Accus\u00e9e de mauvaise gestion : La Directrice g\u00e9n\u00e9rale du Crou de Bouak\u00e9 r\u00e9agit\u2026<\/p>\n<p>\u00ab Monsieur le ministre, lorsque la jeunesse de Zouatta1 dans la sous-pr\u00e9fecture de Facobly m\u2019a sollicit\u00e9 pour l\u2019organisation de ce tournoi en hommage \u00e0 la premi\u00e8re Dame Dominique Ouattara , je me suis dit : Wahou. Quelle id\u00e9e !<\/p>\n<p>Et ils m\u2019ont dit, grand fr\u00e8re, nous sommes certes loin mais \u00e0 travers les r\u00e9seaux sociaux et les m\u00e9dias classiques, nous savons et suivons ce que cette Dame au grand c\u0153ur fait dans la vie de nos mamans.<\/p>\n<p>Les actions de d\u00e9veloppement qu\u2019elle pose \u00e0 travers ses diff\u00e9rentes structures (Fondation children of Africa, FAFCI, CNS etc.).<\/p>\n<p>C\u2019est pour tout cela que la jeunesse de Zouatta1 \u00e0 travers ce tournoi organise la coupe \u00ab Dominique Ouattara \u00bb pour lui dire Merci.<\/p>\n<p>Ce tournoi va r\u00e9unir une vingtaine d\u2019\u00e9quipes issues de 16 villages du d\u00e9partement de Facobly. Il sera organis\u00e9 du 1er au 15 Ao\u00fbt 2021 sur le stade de Zouatta1, le village du journaliste Philippe Kouhon, votre serviteur.<\/p>\n<p>Et comme je l\u2019ai dit plus haut, le but de ce tournoi est de magnifier et honorer Mme Dominique Ouattara mais \u00e9galement faire sa promotion aupr\u00e8s des populations de l\u2019ouest, particuli\u00e8rement aupr\u00e8s du peuple WE du Gu\u00e9mon, une r\u00e9gion lointaine et qui ne la connait pas suffisamment.<\/p>\n<p>Monsieur le ministre, lorsque nous avons sollicit\u00e9 Mme Dominique<\/p>\n","protected":false},"excerpt":{"rendered":"<p>Africa-Press &#8211; C\u00f4te d&rsquo;Ivoire. Le secr\u00e9taire d\u2019Etat aux affaires maritimes, Serey Doh C\u00e9lestin, par ailleurs pr\u00e9sident du conseil r\u00e9gional du Gu\u00e9mon a pr\u00e9sid\u00e9 la c\u00e9r\u00e9monie de lancement du tournoi de football dot\u00e9 de la coupe Dominique Ouattara. C\u2019\u00e9tait le dimanche 1er Aout 2021 \u00e0 Zouatta 1, dans le d\u00e9partement de Facobly (Ouest). Le secr\u00e9taire d\u2019Etat [&hellip;]<\/p>\n","protected":false},"author":82,"featured_media":10781,"comment_status":"open","ping_status":"closed","sticky":false,"template":"","format":"standard","meta":{"footnotes":""},"categories":[11,6,10],"tags":[56,63,29],"class_list":["post-10782","post","type-post","status-publish","format-standard","has-post-thumbnail","hentry","category-homepage-french","category-sports","category-toutes-les-actualites","tag-africa-press","tag-africa-press-cote-divoire","tag-cote-divoire"],"yoast_head":"<!-- This site is optimized with the Yoast SEO Premium plugin v26.1 (Yoast SEO v27.0) - https:\/\/yoast.com\/product\/yoast-seo-premium-wordpress\/ -->\n<title>Gu\u00e9mon\/football: Serey Doh lance la coupe Dominique Ouattara - C\u00f4te d&#039;Ivoire<\/title>\n<meta name=\"description\" content=\"Le secr\u00e9taire d\u2019Etat aux affaires maritimes, Serey Doh C\u00e9lestin, par ailleurs pr\u00e9sident du conseil r\u00e9gional du Gu\u00e9mon a ...\" \/>\n<meta name=\"robots\" content=\"index, follow, max-snippet:-1, max-image-preview:large, max-video-preview:-1\" \/>\n<link rel=\"canonical\" href=\"https:\/\/www.africa-press.net\/cotedivoire\/sports\/guemon-football-serey-doh-lance-la-coupe-dominique-ouattara\" \/>\n<meta property=\"og:locale\" content=\"fr_FR\" \/>\n<meta property=\"og:type\" content=\"article\" \/>\n<meta property=\"og:title\" content=\"Gu\u00e9mon\/football: Serey Doh lance la coupe Dominique Ouattara\" \/>\n<meta property=\"og:description\" content=\"Le secr\u00e9taire d\u2019Etat aux affaires maritimes, Serey Doh C\u00e9lestin, par ailleurs pr\u00e9sident du conseil r\u00e9gional du Gu\u00e9mon a ...\" \/>\n<meta property=\"og:url\" content=\"https:\/\/www.africa-press.net\/cotedivoire\/sports\/guemon-football-serey-doh-lance-la-coupe-dominique-ouattara\" \/>\n<meta property=\"og:site_name\" content=\"C\u00f4te d&#039;Ivoire\" \/>\n<meta property=\"article:published_time\" content=\"2021-08-02T12:35:03+00:00\" \/>\n<meta property=\"article:modified_time\" content=\"2021-08-03T19:11:04+00:00\" \/>\n<meta property=\"og:image\" content=\"https:\/\/static.africa-press.net\/cote\/sites\/43\/2021\/08\/img-6107e483e05f2.jpg\" \/>\n\t<meta property=\"og:image:width\" content=\"1080\" \/>\n\t<meta property=\"og:image:height\" content=\"720\" \/>\n\t<meta property=\"og:image:type\" content=\"image\/jpeg\" \/>\n<meta name=\"author\" content=\"cfeditorfr\" \/>\n<meta name=\"twitter:card\" content=\"summary_large_image\" \/>\n<meta name=\"twitter:label1\" content=\"\u00c9crit par\" \/>\n\t<meta name=\"twitter:data1\" content=\"cfeditorfr\" \/>\n\t<meta name=\"twitter:label2\" content=\"Dur\u00e9e de lecture estim\u00e9e\" \/>\n\t<meta name=\"twitter:data2\" content=\"2 minutes\" \/>\n<script type=\"application\/ld+json\" class=\"yoast-schema-graph\">{\"@context\":\"https:\/\/schema.org\",\"@graph\":[{\"@type\":\"Article\",\"@id\":\"https:\/\/www.africa-press.net\/cotedivoire\/sports\/guemon-football-serey-doh-lance-la-coupe-dominique-ouattara#article\",\"isPartOf\":{\"@id\":\"https:\/\/www.africa-press.net\/cotedivoire\/sports\/guemon-football-serey-doh-lance-la-coupe-dominique-ouattara\"},\"author\":{\"name\":\"cfeditorfr\",\"@id\":\"https:\/\/www.africa-press.net\/cotedivoire\/#\/schema\/person\/2b1cf3cd81a31e3cd26889ca66d677f1\"},\"headline\":\"Gu\u00e9mon\/football: Serey Doh lance la coupe Dominique Ouattara\",\"datePublished\":\"2021-08-02T12:35:03+00:00\",\"dateModified\":\"2021-08-03T19:11:04+00:00\",\"mainEntityOfPage\":{\"@id\":\"https:\/\/www.africa-press.net\/cotedivoire\/sports\/guemon-football-serey-doh-lance-la-coupe-dominique-ouattara\"},\"wordCount\":447,\"commentCount\":0,\"image\":{\"@id\":\"https:\/\/www.africa-press.net\/cotedivoire\/sports\/guemon-football-serey-doh-lance-la-coupe-dominique-ouattara#primaryimage\"},\"thumbnailUrl\":\"https:\/\/static.africa-press.net\/cote\/sites\/43\/2021\/08\/img-6107e483e05f2.jpg\",\"keywords\":[\"Africa Press\",\"Africa Press-C\u00f4te d'Ivoire\",\"C\u00d4TE D'IVOIRE\"],\"articleSection\":[\"homepage-french\",\"Sports\",\"Toutes les actualit\u00e9s\"],\"inLanguage\":\"fr-FR\",\"potentialAction\":[{\"@type\":\"CommentAction\",\"name\":\"Comment\",\"target\":[\"https:\/\/www.africa-press.net\/cotedivoire\/sports\/guemon-football-serey-doh-lance-la-coupe-dominique-ouattara#respond\"]}]},{\"@type\":\"WebPage\",\"@id\":\"https:\/\/www.africa-press.net\/cotedivoire\/sports\/guemon-football-serey-doh-lance-la-coupe-dominique-ouattara\",\"url\":\"https:\/\/www.africa-press.net\/cotedivoire\/sports\/guemon-football-serey-doh-lance-la-coupe-dominique-ouattara\",\"name\":\"Gu\u00e9mon\/football: Serey Doh lance la coupe Dominique Ouattara - C\u00f4te d&#039;Ivoire\",\"isPartOf\":{\"@id\":\"https:\/\/www.africa-press.net\/cotedivoire\/#website\"},\"primaryImageOfPage\":{\"@id\":\"https:\/\/www.africa-press.net\/cotedivoire\/sports\/guemon-football-serey-doh-lance-la-coupe-dominique-ouattara#primaryimage\"},\"image\":{\"@id\":\"https:\/\/www.africa-press.net\/cotedivoire\/sports\/guemon-football-serey-doh-lance-la-coupe-dominique-ouattara#primaryimage\"},\"thumbnailUrl\":\"https:\/\/static.africa-press.net\/cote\/sites\/43\/2021\/08\/img-6107e483e05f2.jpg\",\"datePublished\":\"2021-08-02T12:35:03+00:00\",\"dateModified\":\"2021-08-03T19:11:04+00:00\",\"author\":{\"@id\":\"https:\/\/www.africa-press.net\/cotedivoire\/#\/schema\/person\/2b1cf3cd81a31e3cd26889ca66d677f1\"},\"description\":\"Le secr\u00e9taire d\u2019Etat aux affaires maritimes, Serey Doh C\u00e9lestin, par ailleurs pr\u00e9sident du conseil r\u00e9gional du Gu\u00e9mon a ...\",\"breadcrumb\":{\"@id\":\"https:\/\/www.africa-press.net\/cotedivoire\/sports\/guemon-football-serey-doh-lance-la-coupe-dominique-ouattara#breadcrumb\"},\"inLanguage\":\"fr-FR\",\"potentialAction\":[{\"@type\":\"ReadAction\",\"target\":[\"https:\/\/www.africa-press.net\/cotedivoire\/sports\/guemon-football-serey-doh-lance-la-coupe-dominique-ouattara\"]}]},{\"@type\":\"ImageObject\",\"inLanguage\":\"fr-FR\",\"@id\":\"https:\/\/www.africa-press.net\/cotedivoire\/sports\/guemon-football-serey-doh-lance-la-coupe-dominique-ouattara#primaryimage\",\"url\":\"https:\/\/static.africa-press.net\/cote\/sites\/43\/2021\/08\/img-6107e483e05f2.jpg\",\"contentUrl\":\"https:\/\/static.africa-press.net\/cote\/sites\/43\/2021\/08\/img-6107e483e05f2.jpg\",\"width\":1080,\"height\":720,\"caption\":\"Gu\u00e9mon\/football: Serey Doh lance la coupe Dominique Ouattara\"},{\"@type\":\"BreadcrumbList\",\"@id\":\"https:\/\/www.africa-press.net\/cotedivoire\/sports\/guemon-football-serey-doh-lance-la-coupe-dominique-ouattara#breadcrumb\",\"itemListElement\":[{\"@type\":\"ListItem\",\"position\":1,\"name\":\"Accueil\",\"item\":\"https:\/\/www.africa-press.net\/cotedivoire\/\"},{\"@type\":\"ListItem\",\"position\":2,\"name\":\"Gu\u00e9mon\/football: Serey Doh lance la coupe Dominique Ouattara\"}]},{\"@type\":\"WebSite\",\"@id\":\"https:\/\/www.africa-press.net\/cotedivoire\/#website\",\"url\":\"https:\/\/www.africa-press.net\/cotedivoire\/\",\"name\":\"C\u00f4te d&#039;Ivoire\",\"description\":\"Just another Africa News Agency Sites site\",\"potentialAction\":[{\"@type\":\"SearchAction\",\"target\":{\"@type\":\"EntryPoint\",\"urlTemplate\":\"https:\/\/www.africa-press.net\/cotedivoire\/?s={search_term_string}\"},\"query-input\":{\"@type\":\"PropertyValueSpecification\",\"valueRequired\":true,\"valueName\":\"search_term_string\"}}],\"inLanguage\":\"fr-FR\"},{\"@type\":\"Person\",\"@id\":\"https:\/\/www.africa-press.net\/cotedivoire\/#\/schema\/person\/2b1cf3cd81a31e3cd26889ca66d677f1\",\"name\":\"cfeditorfr\"}]}<\/script>\n<!-- \/ Yoast SEO Premium plugin. -->","yoast_head_json":{"title":"Gu\u00e9mon\/football: Serey Doh lance la coupe Dominique Ouattara - C\u00f4te d&#039;Ivoire","description":"Le secr\u00e9taire d\u2019Etat aux affaires maritimes, Serey Doh C\u00e9lestin, par ailleurs pr\u00e9sident du conseil r\u00e9gional du Gu\u00e9mon a ...","robots":{"index":"index","follow":"follow","max-snippet":"max-snippet:-1","max-image-preview":"max-image-preview:large","max-video-preview":"max-video-preview:-1"},"canonical":"https:\/\/www.africa-press.net\/cotedivoire\/sports\/guemon-football-serey-doh-lance-la-coupe-dominique-ouattara","og_locale":"fr_FR","og_type":"article","og_title":"Gu\u00e9mon\/football: Serey Doh lance la coupe Dominique Ouattara","og_description":"Le secr\u00e9taire d\u2019Etat aux affaires maritimes, Serey Doh C\u00e9lestin, par ailleurs pr\u00e9sident du conseil r\u00e9gional du Gu\u00e9mon a ...","og_url":"https:\/\/www.africa-press.net\/cotedivoire\/sports\/guemon-football-serey-doh-lance-la-coupe-dominique-ouattara","og_site_name":"C\u00f4te d&#039;Ivoire","article_published_time":"2021-08-02T12:35:03+00:00","article_modified_time":"2021-08-03T19:11:04+00:00","og_image":[{"width":1080,"height":720,"url":"https:\/\/static.africa-press.net\/cote\/sites\/43\/2021\/08\/img-6107e483e05f2.jpg","type":"image\/jpeg"}],"author":"cfeditorfr","twitter_card":"summary_large_image","twitter_misc":{"\u00c9crit par":"cfeditorfr","Dur\u00e9e de lecture estim\u00e9e":"2 minutes"},"schema":{"@context":"https:\/\/schema.org","@graph":[{"@type":"Article","@id":"https:\/\/www.africa-press.net\/cotedivoire\/sports\/guemon-football-serey-doh-lance-la-coupe-dominique-ouattara#article","isPartOf":{"@id":"https:\/\/www.africa-press.net\/cotedivoire\/sports\/guemon-football-serey-doh-lance-la-coupe-dominique-ouattara"},"author":{"name":"cfeditorfr","@id":"https:\/\/www.africa-press.net\/cotedivoire\/#\/schema\/person\/2b1cf3cd81a31e3cd26889ca66d677f1"},"headline":"Gu\u00e9mon\/football: Serey Doh lance la coupe Dominique Ouattara","datePublished":"2021-08-02T12:35:03+00:00","dateModified":"2021-08-03T19:11:04+00:00","mainEntityOfPage":{"@id":"https:\/\/www.africa-press.net\/cotedivoire\/sports\/guemon-football-serey-doh-lance-la-coupe-dominique-ouattara"},"wordCount":447,"commentCount":0,"image":{"@id":"https:\/\/www.africa-press.net\/cotedivoire\/sports\/guemon-football-serey-doh-lance-la-coupe-dominique-ouattara#primaryimage"},"thumbnailUrl":"https:\/\/static.africa-press.net\/cote\/sites\/43\/2021\/08\/img-6107e483e05f2.jpg","keywords":["Africa Press","Africa Press-C\u00f4te d'Ivoire","C\u00d4TE D'IVOIRE"],"articleSection":["homepage-french","Sports","Toutes les actualit\u00e9s"],"inLanguage":"fr-FR","potentialAction":[{"@type":"CommentAction","name":"Comment","target":["https:\/\/www.africa-press.net\/cotedivoire\/sports\/guemon-football-serey-doh-lance-la-coupe-dominique-ouattara#respond"]}]},{"@type":"WebPage","@id":"https:\/\/www.africa-press.net\/cotedivoire\/sports\/guemon-football-serey-doh-lance-la-coupe-dominique-ouattara","url":"https:\/\/www.africa-press.net\/cotedivoire\/sports\/guemon-football-serey-doh-lance-la-coupe-dominique-ouattara","name":"Gu\u00e9mon\/football: Serey Doh lance la coupe Dominique Ouattara - C\u00f4te d&#039;Ivoire","isPartOf":{"@id":"https:\/\/www.africa-press.net\/cotedivoire\/#website"},"primaryImageOfPage":{"@id":"https:\/\/www.africa-press.net\/cotedivoire\/sports\/guemon-football-serey-doh-lance-la-coupe-dominique-ouattara#primaryimage"},"image":{"@id":"https:\/\/www.africa-press.net\/cotedivoire\/sports\/guemon-football-serey-doh-lance-la-coupe-dominique-ouattara#primaryimage"},"thumbnailUrl":"https:\/\/static.africa-press.net\/cote\/sites\/43\/2021\/08\/img-6107e483e05f2.jpg","datePublished":"2021-08-02T12:35:03+00:00","dateModified":"2021-08-03T19:11:04+00:00","author":{"@id":"https:\/\/www.africa-press.net\/cotedivoire\/#\/schema\/person\/2b1cf3cd81a31e3cd26889ca66d677f1"},"description":"Le secr\u00e9taire d\u2019Etat aux affaires maritimes, Serey Doh C\u00e9lestin, par ailleurs pr\u00e9sident du conseil r\u00e9gional du Gu\u00e9mon a ...","breadcrumb":{"@id":"https:\/\/www.africa-press.net\/cotedivoire\/sports\/guemon-football-serey-doh-lance-la-coupe-dominique-ouattara#breadcrumb"},"inLanguage":"fr-FR","potentialAction":[{"@type":"ReadAction","target":["https:\/\/www.africa-press.net\/cotedivoire\/sports\/guemon-football-serey-doh-lance-la-coupe-dominique-ouattara"]}]},{"@type":"ImageObject","inLanguage":"fr-FR","@id":"https:\/\/www.africa-press.net\/cotedivoire\/sports\/guemon-football-serey-doh-lance-la-coupe-dominique-ouattara#primaryimage","url":"https:\/\/static.africa-press.net\/cote\/sites\/43\/2021\/08\/img-6107e483e05f2.jpg","contentUrl":"https:\/\/static.africa-press.net\/cote\/sites\/43\/2021\/08\/img-6107e483e05f2.jpg","width":1080,"height":720,"caption":"Gu\u00e9mon\/football: Serey Doh lance la coupe Dominique Ouattara"},{"@type":"BreadcrumbList","@id":"https:\/\/www.africa-press.net\/cotedivoire\/sports\/guemon-football-serey-doh-lance-la-coupe-dominique-ouattara#breadcrumb","itemListElement":[{"@type":"ListItem","position":1,"name":"Accueil","item":"https:\/\/www.africa-press.net\/cotedivoire\/"},{"@type":"ListItem","position":2,"name":"Gu\u00e9mon\/football: Serey Doh lance la coupe Dominique Ouattara"}]},{"@type":"WebSite","@id":"https:\/\/www.africa-press.net\/cotedivoire\/#website","url":"https:\/\/www.africa-press.net\/cotedivoire\/","name":"C\u00f4te d&#039;Ivoire","description":"Just another Africa News Agency Sites site","potentialAction":[{"@type":"SearchAction","target":{"@type":"EntryPoint","urlTemplate":"https:\/\/www.africa-press.net\/cotedivoire\/?s={search_term_string}"},"query-input":{"@type":"PropertyValueSpecification","valueRequired":true,"valueName":"search_term_string"}}],"inLanguage":"fr-FR"},{"@type":"Person","@id":"https:\/\/www.africa-press.net\/cotedivoire\/#\/schema\/person\/2b1cf3cd81a31e3cd26889ca66d677f1","name":"cfeditorfr"}]}},"_links":{"self":[{"href":"https:\/\/www.africa-press.net\/cotedivoire\/wp-json\/wp\/v2\/posts\/10782","targetHints":{"allow":["GET"]}}],"collection":[{"href":"https:\/\/www.africa-press.net\/cotedivoire\/wp-json\/wp\/v2\/posts"}],"about":[{"href":"https:\/\/www.africa-press.net\/cotedivoire\/wp-json\/wp\/v2\/types\/post"}],"author":[{"embeddable":true,"href":"https:\/\/www.africa-press.net\/cotedivoire\/wp-json\/wp\/v2\/users\/82"}],"replies":[{"embeddable":true,"href":"https:\/\/www.africa-press.net\/cotedivoire\/wp-json\/wp\/v2\/comments?post=10782"}],"version-history":[{"count":0,"href":"https:\/\/www.africa-press.net\/cotedivoire\/wp-json\/wp\/v2\/posts\/10782\/revisions"}],"wp:featuredmedia":[{"embeddable":true,"href":"https:\/\/www.africa-press.net\/cotedivoire\/wp-json\/wp\/v2\/media\/10781"}],"wp:attachment":[{"href":"https:\/\/www.africa-press.net\/cotedivoire\/wp-json\/wp\/v2\/media?parent=10782"}],"wp:term":[{"taxonomy":"category","embeddable":true,"href":"https:\/\/www.africa-press.net\/cotedivoire\/wp-json\/wp\/v2\/categories?post=10782"},{"taxonomy":"post_tag","embeddable":true,"href":"https:\/\/www.africa-press.net\/cotedivoire\/wp-json\/wp\/v2\/tags?post=10782"}],"curies":[{"name":"wp","href":"https:\/\/api.w.org\/{rel}","templated":true}]}}