{"id":10788,"date":"2021-08-02T12:51:07","date_gmt":"2021-08-02T12:51:07","guid":{"rendered":"https:\/\/www.africa-press.net\/cotedivoire\/?p=10788"},"modified":"2021-08-03T19:11:24","modified_gmt":"2021-08-03T19:11:24","slug":"la-filiere-des-vivriers-sengage-a-baisser-les-prix-en-cote-divoire","status":"publish","type":"post","link":"https:\/\/www.africa-press.net\/cotedivoire\/economie\/la-filiere-des-vivriers-sengage-a-baisser-les-prix-en-cote-divoire","title":{"rendered":"La fili\u00e8re des vivriers s\u2019engage \u00e0 baisser les prix en C\u00f4te-d\u2019Ivoire"},"content":{"rendered":"<p><span style=\"color: #ff6600\"><strong><a href=\"https:\/\/www.africa-press.net\/\">Africa-Press<\/a> &#8211; <a href=\"https:\/\/www.africa-press.net\/cotedivoire\">C\u00f4te d&rsquo;Ivoire<\/a>. <\/strong><\/span>En attendant le plafonnement annonc\u00e9 des prix du riz, de la viande, de l\u2019huile et de la farine, le Minist\u00e8re du Commerce et de l\u2019Industrie poursuit ses consultations avec les diff\u00e9rents acteurs des secteurs dont les produits ont connu une hausse. Et ce, conform\u00e9ment aux mesures prises par le gouvernement lors du dernier Conseil des ministres. En effet, apr\u00e8s les acteurs des fili\u00e8res Riz, huile, viande et farine, c\u2019\u00e9tait autour de ceux du vivrier repr\u00e9sent\u00e9s par les pr\u00e9sidentes des march\u00e9s, d\u2019\u00eatre consult\u00e9s par le Minist\u00e8re .<\/p>\n<p>\u00ab C\u2019est gr\u00e2ce \u00e0 vous que les populations arrivent \u00e0 se nourrir. Donc, faites en sorte que les prix des produits baissent sur les march\u00e9s. Je compte sur vous \u00bb, les a exhort\u00e9s Koizan Aim\u00e9, directeur g\u00e9n\u00e9ral du Commerce int\u00e9rieur. Il a invit\u00e9 les pr\u00e9sidentes des coop\u00e9ratives \u00e0 mettre tout en \u0153uvre, afin que les prix fix\u00e9s par le gouvernement soient respect\u00e9s.<\/p>\n<p>Un message bien per\u00e7u par ces femmes, qui promettent de s\u2019engager aux c\u00f4t\u00e9s du gouvernement, dans la lutte contre la vie ch\u00e8re. \u00ab Vu la souffrance des populations, nous allons voire comment baisser les prix \u00bb, rassure Zambl\u00e9 Lou Th\u00e9r\u00e8se, pr\u00e9sidente de la coop\u00e9rative des femmes du march\u00e9 de Treichville.<\/p>\n<p>Selon Dr Ranie- Didice Bah-Kon\u00e9, Secr\u00e9taire ex\u00e9cutive du Conseil National de Lutte contre la Vie Ch\u00e8re (CNLVC), cette rencontre vise \u00e0 informer les acteurs du vivrier et plus pr\u00e9cis\u00e9ment les pr\u00e9sidentes des march\u00e9s, des mesures imm\u00e9diates prises par le gouvernement pour lutter contre la vie ch\u00e8re. \u00ab Vous avez votre partition \u00e0 jouer dans cette lutte. Car, c\u2019est vous qui gouverner les march\u00e9s. Et donc qui pouvez faire appliquer les prix \u00bb, soutient-t-elle.<\/p>\n<p>Notons que cette rencontre du Minist\u00e8re du Commerce et de l\u2019Industrie, avec les acteurs du secteur du vivrier, marque la fin de la s\u00e9rie des consultations organis\u00e9es en relation avec les diff\u00e9rentes fili\u00e8res des produits de consommation courante dont les prix sont en hausse, sur les march\u00e9s.<\/p>\n<p>&nbsp;<\/p>\n","protected":false},"excerpt":{"rendered":"<p>Africa-Press &#8211; C\u00f4te d&rsquo;Ivoire. En attendant le plafonnement annonc\u00e9 des prix du riz, de la viande, de l\u2019huile et de la farine, le Minist\u00e8re du Commerce et de l\u2019Industrie poursuit ses consultations avec les diff\u00e9rents acteurs des secteurs dont les produits ont connu une hausse. Et ce, conform\u00e9ment aux mesures prises par le gouvernement lors [&hellip;]<\/p>\n","protected":false},"author":82,"featured_media":10787,"comment_status":"open","ping_status":"closed","sticky":false,"template":"","format":"standard","meta":{"footnotes":""},"categories":[3,11,20,10],"tags":[56,63,29],"class_list":["post-10788","post","type-post","status-publish","format-standard","has-post-thumbnail","hentry","category-economie","category-homepage-french","category-top-nouvelles","category-toutes-les-actualites","tag-africa-press","tag-africa-press-cote-divoire","tag-cote-divoire"],"yoast_head":"<!-- This site is optimized with the Yoast SEO Premium plugin v26.1 (Yoast SEO v27.0) - https:\/\/yoast.com\/product\/yoast-seo-premium-wordpress\/ -->\n<title>La fili\u00e8re des vivriers s\u2019engage \u00e0 baisser les prix en C\u00f4te-d\u2019Ivoire - C\u00f4te d&#039;Ivoire<\/title>\n<meta name=\"description\" content=\"En attendant le plafonnement annonc\u00e9 des prix du riz, de la viande, de l\u2019huile et de la farine, le Minist\u00e8re du Commerce ...\" \/>\n<meta name=\"robots\" content=\"index, follow, max-snippet:-1, max-image-preview:large, max-video-preview:-1\" \/>\n<link rel=\"canonical\" href=\"https:\/\/www.africa-press.net\/cotedivoire\/economie\/la-filiere-des-vivriers-sengage-a-baisser-les-prix-en-cote-divoire\" \/>\n<meta property=\"og:locale\" content=\"fr_FR\" \/>\n<meta property=\"og:type\" content=\"article\" \/>\n<meta property=\"og:title\" content=\"La fili\u00e8re des vivriers s\u2019engage \u00e0 baisser les prix en C\u00f4te-d\u2019Ivoire\" \/>\n<meta property=\"og:description\" content=\"En attendant le plafonnement annonc\u00e9 des prix du riz, de la viande, de l\u2019huile et de la farine, le Minist\u00e8re du Commerce ...\" \/>\n<meta property=\"og:url\" content=\"https:\/\/www.africa-press.net\/cotedivoire\/economie\/la-filiere-des-vivriers-sengage-a-baisser-les-prix-en-cote-divoire\" \/>\n<meta property=\"og:site_name\" content=\"C\u00f4te d&#039;Ivoire\" \/>\n<meta property=\"article:published_time\" content=\"2021-08-02T12:51:07+00:00\" \/>\n<meta property=\"article:modified_time\" content=\"2021-08-03T19:11:24+00:00\" \/>\n<meta property=\"og:image\" content=\"https:\/\/static.africa-press.net\/cote\/sites\/43\/2021\/08\/img-6107e4c7d83f3.jpg\" \/>\n\t<meta property=\"og:image:width\" content=\"800\" \/>\n\t<meta property=\"og:image:height\" content=\"556\" \/>\n\t<meta property=\"og:image:type\" content=\"image\/jpeg\" \/>\n<meta name=\"author\" content=\"cfeditorfr\" \/>\n<meta name=\"twitter:card\" content=\"summary_large_image\" \/>\n<meta name=\"twitter:label1\" content=\"\u00c9crit par\" \/>\n\t<meta name=\"twitter:data1\" content=\"cfeditorfr\" \/>\n\t<meta name=\"twitter:label2\" content=\"Dur\u00e9e de lecture estim\u00e9e\" \/>\n\t<meta name=\"twitter:data2\" content=\"2 minutes\" \/>\n<script type=\"application\/ld+json\" class=\"yoast-schema-graph\">{\"@context\":\"https:\/\/schema.org\",\"@graph\":[{\"@type\":\"Article\",\"@id\":\"https:\/\/www.africa-press.net\/cotedivoire\/economie\/la-filiere-des-vivriers-sengage-a-baisser-les-prix-en-cote-divoire#article\",\"isPartOf\":{\"@id\":\"https:\/\/www.africa-press.net\/cotedivoire\/economie\/la-filiere-des-vivriers-sengage-a-baisser-les-prix-en-cote-divoire\"},\"author\":{\"name\":\"cfeditorfr\",\"@id\":\"https:\/\/www.africa-press.net\/cotedivoire\/#\/schema\/person\/2b1cf3cd81a31e3cd26889ca66d677f1\"},\"headline\":\"La fili\u00e8re des vivriers s\u2019engage \u00e0 baisser les prix en C\u00f4te-d\u2019Ivoire\",\"datePublished\":\"2021-08-02T12:51:07+00:00\",\"dateModified\":\"2021-08-03T19:11:24+00:00\",\"mainEntityOfPage\":{\"@id\":\"https:\/\/www.africa-press.net\/cotedivoire\/economie\/la-filiere-des-vivriers-sengage-a-baisser-les-prix-en-cote-divoire\"},\"wordCount\":380,\"commentCount\":0,\"image\":{\"@id\":\"https:\/\/www.africa-press.net\/cotedivoire\/economie\/la-filiere-des-vivriers-sengage-a-baisser-les-prix-en-cote-divoire#primaryimage\"},\"thumbnailUrl\":\"https:\/\/static.africa-press.net\/cote\/sites\/43\/2021\/08\/img-6107e4c7d83f3.jpg\",\"keywords\":[\"Africa Press\",\"Africa Press-C\u00f4te d'Ivoire\",\"C\u00d4TE D'IVOIRE\"],\"articleSection\":[\"\u00c9conomie\",\"homepage-french\",\"Top Nouvelles\",\"Toutes les actualit\u00e9s\"],\"inLanguage\":\"fr-FR\",\"potentialAction\":[{\"@type\":\"CommentAction\",\"name\":\"Comment\",\"target\":[\"https:\/\/www.africa-press.net\/cotedivoire\/economie\/la-filiere-des-vivriers-sengage-a-baisser-les-prix-en-cote-divoire#respond\"]}]},{\"@type\":\"WebPage\",\"@id\":\"https:\/\/www.africa-press.net\/cotedivoire\/economie\/la-filiere-des-vivriers-sengage-a-baisser-les-prix-en-cote-divoire\",\"url\":\"https:\/\/www.africa-press.net\/cotedivoire\/economie\/la-filiere-des-vivriers-sengage-a-baisser-les-prix-en-cote-divoire\",\"name\":\"La fili\u00e8re des vivriers s\u2019engage \u00e0 baisser les prix en C\u00f4te-d\u2019Ivoire - C\u00f4te d&#039;Ivoire\",\"isPartOf\":{\"@id\":\"https:\/\/www.africa-press.net\/cotedivoire\/#website\"},\"primaryImageOfPage\":{\"@id\":\"https:\/\/www.africa-press.net\/cotedivoire\/economie\/la-filiere-des-vivriers-sengage-a-baisser-les-prix-en-cote-divoire#primaryimage\"},\"image\":{\"@id\":\"https:\/\/www.africa-press.net\/cotedivoire\/economie\/la-filiere-des-vivriers-sengage-a-baisser-les-prix-en-cote-divoire#primaryimage\"},\"thumbnailUrl\":\"https:\/\/static.africa-press.net\/cote\/sites\/43\/2021\/08\/img-6107e4c7d83f3.jpg\",\"datePublished\":\"2021-08-02T12:51:07+00:00\",\"dateModified\":\"2021-08-03T19:11:24+00:00\",\"author\":{\"@id\":\"https:\/\/www.africa-press.net\/cotedivoire\/#\/schema\/person\/2b1cf3cd81a31e3cd26889ca66d677f1\"},\"description\":\"En attendant le plafonnement annonc\u00e9 des prix du riz, de la viande, de l\u2019huile et de la farine, le Minist\u00e8re du Commerce ...\",\"breadcrumb\":{\"@id\":\"https:\/\/www.africa-press.net\/cotedivoire\/economie\/la-filiere-des-vivriers-sengage-a-baisser-les-prix-en-cote-divoire#breadcrumb\"},\"inLanguage\":\"fr-FR\",\"potentialAction\":[{\"@type\":\"ReadAction\",\"target\":[\"https:\/\/www.africa-press.net\/cotedivoire\/economie\/la-filiere-des-vivriers-sengage-a-baisser-les-prix-en-cote-divoire\"]}]},{\"@type\":\"ImageObject\",\"inLanguage\":\"fr-FR\",\"@id\":\"https:\/\/www.africa-press.net\/cotedivoire\/economie\/la-filiere-des-vivriers-sengage-a-baisser-les-prix-en-cote-divoire#primaryimage\",\"url\":\"https:\/\/static.africa-press.net\/cote\/sites\/43\/2021\/08\/img-6107e4c7d83f3.jpg\",\"contentUrl\":\"https:\/\/static.africa-press.net\/cote\/sites\/43\/2021\/08\/img-6107e4c7d83f3.jpg\",\"width\":800,\"height\":556,\"caption\":\"La fili\u00e8re des vivriers s\u2019engage \u00e0 baisser les prix en C\u00f4te-d\u2019Ivoire\"},{\"@type\":\"BreadcrumbList\",\"@id\":\"https:\/\/www.africa-press.net\/cotedivoire\/economie\/la-filiere-des-vivriers-sengage-a-baisser-les-prix-en-cote-divoire#breadcrumb\",\"itemListElement\":[{\"@type\":\"ListItem\",\"position\":1,\"name\":\"Accueil\",\"item\":\"https:\/\/www.africa-press.net\/cotedivoire\/\"},{\"@type\":\"ListItem\",\"position\":2,\"name\":\"La fili\u00e8re des vivriers s\u2019engage \u00e0 baisser les prix en C\u00f4te-d\u2019Ivoire\"}]},{\"@type\":\"WebSite\",\"@id\":\"https:\/\/www.africa-press.net\/cotedivoire\/#website\",\"url\":\"https:\/\/www.africa-press.net\/cotedivoire\/\",\"name\":\"C\u00f4te d&#039;Ivoire\",\"description\":\"Just another Africa News Agency Sites site\",\"potentialAction\":[{\"@type\":\"SearchAction\",\"target\":{\"@type\":\"EntryPoint\",\"urlTemplate\":\"https:\/\/www.africa-press.net\/cotedivoire\/?s={search_term_string}\"},\"query-input\":{\"@type\":\"PropertyValueSpecification\",\"valueRequired\":true,\"valueName\":\"search_term_string\"}}],\"inLanguage\":\"fr-FR\"},{\"@type\":\"Person\",\"@id\":\"https:\/\/www.africa-press.net\/cotedivoire\/#\/schema\/person\/2b1cf3cd81a31e3cd26889ca66d677f1\",\"name\":\"cfeditorfr\"}]}<\/script>\n<!-- \/ Yoast SEO Premium plugin. -->","yoast_head_json":{"title":"La fili\u00e8re des vivriers s\u2019engage \u00e0 baisser les prix en C\u00f4te-d\u2019Ivoire - C\u00f4te d&#039;Ivoire","description":"En attendant le plafonnement annonc\u00e9 des prix du riz, de la viande, de l\u2019huile et de la farine, le Minist\u00e8re du Commerce ...","robots":{"index":"index","follow":"follow","max-snippet":"max-snippet:-1","max-image-preview":"max-image-preview:large","max-video-preview":"max-video-preview:-1"},"canonical":"https:\/\/www.africa-press.net\/cotedivoire\/economie\/la-filiere-des-vivriers-sengage-a-baisser-les-prix-en-cote-divoire","og_locale":"fr_FR","og_type":"article","og_title":"La fili\u00e8re des vivriers s\u2019engage \u00e0 baisser les prix en C\u00f4te-d\u2019Ivoire","og_description":"En attendant le plafonnement annonc\u00e9 des prix du riz, de la viande, de l\u2019huile et de la farine, le Minist\u00e8re du Commerce ...","og_url":"https:\/\/www.africa-press.net\/cotedivoire\/economie\/la-filiere-des-vivriers-sengage-a-baisser-les-prix-en-cote-divoire","og_site_name":"C\u00f4te d&#039;Ivoire","article_published_time":"2021-08-02T12:51:07+00:00","article_modified_time":"2021-08-03T19:11:24+00:00","og_image":[{"width":800,"height":556,"url":"https:\/\/static.africa-press.net\/cote\/sites\/43\/2021\/08\/img-6107e4c7d83f3.jpg","type":"image\/jpeg"}],"author":"cfeditorfr","twitter_card":"summary_large_image","twitter_misc":{"\u00c9crit par":"cfeditorfr","Dur\u00e9e de lecture estim\u00e9e":"2 minutes"},"schema":{"@context":"https:\/\/schema.org","@graph":[{"@type":"Article","@id":"https:\/\/www.africa-press.net\/cotedivoire\/economie\/la-filiere-des-vivriers-sengage-a-baisser-les-prix-en-cote-divoire#article","isPartOf":{"@id":"https:\/\/www.africa-press.net\/cotedivoire\/economie\/la-filiere-des-vivriers-sengage-a-baisser-les-prix-en-cote-divoire"},"author":{"name":"cfeditorfr","@id":"https:\/\/www.africa-press.net\/cotedivoire\/#\/schema\/person\/2b1cf3cd81a31e3cd26889ca66d677f1"},"headline":"La fili\u00e8re des vivriers s\u2019engage \u00e0 baisser les prix en C\u00f4te-d\u2019Ivoire","datePublished":"2021-08-02T12:51:07+00:00","dateModified":"2021-08-03T19:11:24+00:00","mainEntityOfPage":{"@id":"https:\/\/www.africa-press.net\/cotedivoire\/economie\/la-filiere-des-vivriers-sengage-a-baisser-les-prix-en-cote-divoire"},"wordCount":380,"commentCount":0,"image":{"@id":"https:\/\/www.africa-press.net\/cotedivoire\/economie\/la-filiere-des-vivriers-sengage-a-baisser-les-prix-en-cote-divoire#primaryimage"},"thumbnailUrl":"https:\/\/static.africa-press.net\/cote\/sites\/43\/2021\/08\/img-6107e4c7d83f3.jpg","keywords":["Africa Press","Africa Press-C\u00f4te d'Ivoire","C\u00d4TE D'IVOIRE"],"articleSection":["\u00c9conomie","homepage-french","Top Nouvelles","Toutes les actualit\u00e9s"],"inLanguage":"fr-FR","potentialAction":[{"@type":"CommentAction","name":"Comment","target":["https:\/\/www.africa-press.net\/cotedivoire\/economie\/la-filiere-des-vivriers-sengage-a-baisser-les-prix-en-cote-divoire#respond"]}]},{"@type":"WebPage","@id":"https:\/\/www.africa-press.net\/cotedivoire\/economie\/la-filiere-des-vivriers-sengage-a-baisser-les-prix-en-cote-divoire","url":"https:\/\/www.africa-press.net\/cotedivoire\/economie\/la-filiere-des-vivriers-sengage-a-baisser-les-prix-en-cote-divoire","name":"La fili\u00e8re des vivriers s\u2019engage \u00e0 baisser les prix en C\u00f4te-d\u2019Ivoire - C\u00f4te d&#039;Ivoire","isPartOf":{"@id":"https:\/\/www.africa-press.net\/cotedivoire\/#website"},"primaryImageOfPage":{"@id":"https:\/\/www.africa-press.net\/cotedivoire\/economie\/la-filiere-des-vivriers-sengage-a-baisser-les-prix-en-cote-divoire#primaryimage"},"image":{"@id":"https:\/\/www.africa-press.net\/cotedivoire\/economie\/la-filiere-des-vivriers-sengage-a-baisser-les-prix-en-cote-divoire#primaryimage"},"thumbnailUrl":"https:\/\/static.africa-press.net\/cote\/sites\/43\/2021\/08\/img-6107e4c7d83f3.jpg","datePublished":"2021-08-02T12:51:07+00:00","dateModified":"2021-08-03T19:11:24+00:00","author":{"@id":"https:\/\/www.africa-press.net\/cotedivoire\/#\/schema\/person\/2b1cf3cd81a31e3cd26889ca66d677f1"},"description":"En attendant le plafonnement annonc\u00e9 des prix du riz, de la viande, de l\u2019huile et de la farine, le Minist\u00e8re du Commerce ...","breadcrumb":{"@id":"https:\/\/www.africa-press.net\/cotedivoire\/economie\/la-filiere-des-vivriers-sengage-a-baisser-les-prix-en-cote-divoire#breadcrumb"},"inLanguage":"fr-FR","potentialAction":[{"@type":"ReadAction","target":["https:\/\/www.africa-press.net\/cotedivoire\/economie\/la-filiere-des-vivriers-sengage-a-baisser-les-prix-en-cote-divoire"]}]},{"@type":"ImageObject","inLanguage":"fr-FR","@id":"https:\/\/www.africa-press.net\/cotedivoire\/economie\/la-filiere-des-vivriers-sengage-a-baisser-les-prix-en-cote-divoire#primaryimage","url":"https:\/\/static.africa-press.net\/cote\/sites\/43\/2021\/08\/img-6107e4c7d83f3.jpg","contentUrl":"https:\/\/static.africa-press.net\/cote\/sites\/43\/2021\/08\/img-6107e4c7d83f3.jpg","width":800,"height":556,"caption":"La fili\u00e8re des vivriers s\u2019engage \u00e0 baisser les prix en C\u00f4te-d\u2019Ivoire"},{"@type":"BreadcrumbList","@id":"https:\/\/www.africa-press.net\/cotedivoire\/economie\/la-filiere-des-vivriers-sengage-a-baisser-les-prix-en-cote-divoire#breadcrumb","itemListElement":[{"@type":"ListItem","position":1,"name":"Accueil","item":"https:\/\/www.africa-press.net\/cotedivoire\/"},{"@type":"ListItem","position":2,"name":"La fili\u00e8re des vivriers s\u2019engage \u00e0 baisser les prix en C\u00f4te-d\u2019Ivoire"}]},{"@type":"WebSite","@id":"https:\/\/www.africa-press.net\/cotedivoire\/#website","url":"https:\/\/www.africa-press.net\/cotedivoire\/","name":"C\u00f4te d&#039;Ivoire","description":"Just another Africa News Agency Sites site","potentialAction":[{"@type":"SearchAction","target":{"@type":"EntryPoint","urlTemplate":"https:\/\/www.africa-press.net\/cotedivoire\/?s={search_term_string}"},"query-input":{"@type":"PropertyValueSpecification","valueRequired":true,"valueName":"search_term_string"}}],"inLanguage":"fr-FR"},{"@type":"Person","@id":"https:\/\/www.africa-press.net\/cotedivoire\/#\/schema\/person\/2b1cf3cd81a31e3cd26889ca66d677f1","name":"cfeditorfr"}]}},"_links":{"self":[{"href":"https:\/\/www.africa-press.net\/cotedivoire\/wp-json\/wp\/v2\/posts\/10788","targetHints":{"allow":["GET"]}}],"collection":[{"href":"https:\/\/www.africa-press.net\/cotedivoire\/wp-json\/wp\/v2\/posts"}],"about":[{"href":"https:\/\/www.africa-press.net\/cotedivoire\/wp-json\/wp\/v2\/types\/post"}],"author":[{"embeddable":true,"href":"https:\/\/www.africa-press.net\/cotedivoire\/wp-json\/wp\/v2\/users\/82"}],"replies":[{"embeddable":true,"href":"https:\/\/www.africa-press.net\/cotedivoire\/wp-json\/wp\/v2\/comments?post=10788"}],"version-history":[{"count":0,"href":"https:\/\/www.africa-press.net\/cotedivoire\/wp-json\/wp\/v2\/posts\/10788\/revisions"}],"wp:featuredmedia":[{"embeddable":true,"href":"https:\/\/www.africa-press.net\/cotedivoire\/wp-json\/wp\/v2\/media\/10787"}],"wp:attachment":[{"href":"https:\/\/www.africa-press.net\/cotedivoire\/wp-json\/wp\/v2\/media?parent=10788"}],"wp:term":[{"taxonomy":"category","embeddable":true,"href":"https:\/\/www.africa-press.net\/cotedivoire\/wp-json\/wp\/v2\/categories?post=10788"},{"taxonomy":"post_tag","embeddable":true,"href":"https:\/\/www.africa-press.net\/cotedivoire\/wp-json\/wp\/v2\/tags?post=10788"}],"curies":[{"name":"wp","href":"https:\/\/api.w.org\/{rel}","templated":true}]}}