{"id":10791,"date":"2021-08-02T13:00:41","date_gmt":"2021-08-02T13:00:41","guid":{"rendered":"https:\/\/www.africa-press.net\/cotedivoire\/?p=10791"},"modified":"2021-08-03T19:11:28","modified_gmt":"2021-08-03T19:11:28","slug":"journaliste-tue-en-1998-paris-va-remettre-le-commanditaire-presume-francois-compaore-au-burkina","status":"publish","type":"post","link":"https:\/\/www.africa-press.net\/cotedivoire\/politique\/journaliste-tue-en-1998-paris-va-remettre-le-commanditaire-presume-francois-compaore-au-burkina","title":{"rendered":"Journaliste tu\u00e9 en 1998\/Paris va remettre le \u00abcommanditaire pr\u00e9sum\u00e9\u00bb Fran\u00e7ois Compaor\u00e9 au Burkina"},"content":{"rendered":"<p><span style=\"color: #ff6600\"><strong><a href=\"https:\/\/www.africa-press.net\/\">Africa-Press<\/a> &#8211; <a href=\"https:\/\/www.africa-press.net\/cotedivoire\">C\u00f4te d&rsquo;Ivoire<\/a>. <\/strong><\/span>Le Conseil d\u2019Etat fran\u00e7ais a valid\u00e9 ce 30 juillet 2021, l\u2019extradition vers Ouagadougou (Burkina Faso) de Fran\u00e7ois Compaor\u00e9, arr\u00eat\u00e9 en octobre 2017 \u00e0 l\u2019a\u00e9roport de Roissy, alors qu\u2019il arrivait d\u2019Abidjan (C\u00f4te d\u2019Ivoire), en ex\u00e9cution d\u2019un mandat d\u2019arr\u00eat \u00e9mis par son pays pour \u00ab incitation \u00e0 assassinat \u00bb.<\/p>\n<p>A 67 ans, le fr\u00e8re cadet de l\u2019ancien pr\u00e9sident Blaise Compaor\u00e9 est en effet poursuivi dans le cadre de l\u2019affaire Norbert Zongo, fondateur du journal L\u2019Ind\u00e9pendant, tu\u00e9 en d\u00e9cembre 1998 avec trois de ses compagnons et dont les d\u00e9pouilles avaient \u00e9t\u00e9 retrouv\u00e9es calcin\u00e9es dans le sud du pays.<\/p>\n<p>Cette d\u00e9cision du Conseil d\u2019Etat fran\u00e7ais fait suite \u00e0 une demande de Fran\u00e7ois Compaor\u00e9 qui souhaitait l\u2019annulation \u00ab pour exc\u00e8s de pouvoir \u00bb d\u2019un d\u00e9cret fran\u00e7ais datant du 21 f\u00e9vrier 2020 accordant son extradition aux autorit\u00e9s judiciaires burkinab\u00e9es.<\/p>\n<p>&nbsp;<\/p>\n","protected":false},"excerpt":{"rendered":"<p>Africa-Press &#8211; C\u00f4te d&rsquo;Ivoire. Le Conseil d\u2019Etat fran\u00e7ais a valid\u00e9 ce 30 juillet 2021, l\u2019extradition vers Ouagadougou (Burkina Faso) de Fran\u00e7ois Compaor\u00e9, arr\u00eat\u00e9 en octobre 2017 \u00e0 l\u2019a\u00e9roport de Roissy, alors qu\u2019il arrivait d\u2019Abidjan (C\u00f4te d\u2019Ivoire), en ex\u00e9cution d\u2019un mandat d\u2019arr\u00eat \u00e9mis par son pays pour \u00ab incitation \u00e0 assassinat \u00bb. A 67 ans, le [&hellip;]<\/p>\n","protected":false},"author":82,"featured_media":10790,"comment_status":"open","ping_status":"closed","sticky":false,"template":"","format":"standard","meta":{"footnotes":""},"categories":[11,2,20,10],"tags":[56,63,29],"class_list":["post-10791","post","type-post","status-publish","format-standard","has-post-thumbnail","hentry","category-homepage-french","category-politique","category-top-nouvelles","category-toutes-les-actualites","tag-africa-press","tag-africa-press-cote-divoire","tag-cote-divoire"],"yoast_head":"<!-- This site is optimized with the Yoast SEO Premium plugin v26.1 (Yoast SEO v27.0) - https:\/\/yoast.com\/product\/yoast-seo-premium-wordpress\/ -->\n<title>Journaliste tu\u00e9 en 1998\/Paris va remettre le \u00abcommanditaire pr\u00e9sum\u00e9\u00bb Fran\u00e7ois Compaor\u00e9 au Burkina - C\u00f4te d&#039;Ivoire<\/title>\n<meta name=\"description\" content=\"Le Conseil d\u2019Etat fran\u00e7ais a valid\u00e9 ce 30 juillet 2021, l\u2019extradition vers Ouagadougou (Burkina Faso) de Fran\u00e7ois Compao ...\" \/>\n<meta name=\"robots\" content=\"index, follow, max-snippet:-1, max-image-preview:large, max-video-preview:-1\" \/>\n<link rel=\"canonical\" href=\"https:\/\/www.africa-press.net\/cotedivoire\/politique\/journaliste-tue-en-1998-paris-va-remettre-le-commanditaire-presume-francois-compaore-au-burkina\" \/>\n<meta property=\"og:locale\" content=\"fr_FR\" \/>\n<meta property=\"og:type\" content=\"article\" \/>\n<meta property=\"og:title\" content=\"Journaliste tu\u00e9 en 1998\/Paris va remettre le \u00abcommanditaire pr\u00e9sum\u00e9\u00bb Fran\u00e7ois Compaor\u00e9 au Burkina\" \/>\n<meta property=\"og:description\" content=\"Le Conseil d\u2019Etat fran\u00e7ais a valid\u00e9 ce 30 juillet 2021, l\u2019extradition vers Ouagadougou (Burkina Faso) de Fran\u00e7ois Compao ...\" \/>\n<meta property=\"og:url\" content=\"https:\/\/www.africa-press.net\/cotedivoire\/politique\/journaliste-tue-en-1998-paris-va-remettre-le-commanditaire-presume-francois-compaore-au-burkina\" \/>\n<meta property=\"og:site_name\" content=\"C\u00f4te d&#039;Ivoire\" \/>\n<meta property=\"article:published_time\" content=\"2021-08-02T13:00:41+00:00\" \/>\n<meta property=\"article:modified_time\" content=\"2021-08-03T19:11:28+00:00\" \/>\n<meta property=\"og:image\" content=\"https:\/\/static.africa-press.net\/cote\/sites\/43\/2021\/08\/img-6107e4ee374e0.jpg\" \/>\n\t<meta property=\"og:image:width\" content=\"720\" \/>\n\t<meta property=\"og:image:height\" content=\"360\" \/>\n\t<meta property=\"og:image:type\" content=\"image\/jpeg\" \/>\n<meta name=\"author\" content=\"cfeditorfr\" \/>\n<meta name=\"twitter:card\" content=\"summary_large_image\" \/>\n<meta name=\"twitter:label1\" content=\"\u00c9crit par\" \/>\n\t<meta name=\"twitter:data1\" content=\"cfeditorfr\" \/>\n\t<meta name=\"twitter:label2\" content=\"Dur\u00e9e de lecture estim\u00e9e\" \/>\n\t<meta name=\"twitter:data2\" content=\"1 minute\" \/>\n<script type=\"application\/ld+json\" class=\"yoast-schema-graph\">{\"@context\":\"https:\/\/schema.org\",\"@graph\":[{\"@type\":\"Article\",\"@id\":\"https:\/\/www.africa-press.net\/cotedivoire\/politique\/journaliste-tue-en-1998-paris-va-remettre-le-commanditaire-presume-francois-compaore-au-burkina#article\",\"isPartOf\":{\"@id\":\"https:\/\/www.africa-press.net\/cotedivoire\/politique\/journaliste-tue-en-1998-paris-va-remettre-le-commanditaire-presume-francois-compaore-au-burkina\"},\"author\":{\"name\":\"cfeditorfr\",\"@id\":\"https:\/\/www.africa-press.net\/cotedivoire\/#\/schema\/person\/2b1cf3cd81a31e3cd26889ca66d677f1\"},\"headline\":\"Journaliste tu\u00e9 en 1998\/Paris va remettre le \u00abcommanditaire pr\u00e9sum\u00e9\u00bb Fran\u00e7ois Compaor\u00e9 au Burkina\",\"datePublished\":\"2021-08-02T13:00:41+00:00\",\"dateModified\":\"2021-08-03T19:11:28+00:00\",\"mainEntityOfPage\":{\"@id\":\"https:\/\/www.africa-press.net\/cotedivoire\/politique\/journaliste-tue-en-1998-paris-va-remettre-le-commanditaire-presume-francois-compaore-au-burkina\"},\"wordCount\":178,\"commentCount\":0,\"image\":{\"@id\":\"https:\/\/www.africa-press.net\/cotedivoire\/politique\/journaliste-tue-en-1998-paris-va-remettre-le-commanditaire-presume-francois-compaore-au-burkina#primaryimage\"},\"thumbnailUrl\":\"https:\/\/static.africa-press.net\/cote\/sites\/43\/2021\/08\/img-6107e4ee374e0.jpg\",\"keywords\":[\"Africa Press\",\"Africa Press-C\u00f4te d'Ivoire\",\"C\u00d4TE D'IVOIRE\"],\"articleSection\":[\"homepage-french\",\"Politique\",\"Top Nouvelles\",\"Toutes les actualit\u00e9s\"],\"inLanguage\":\"fr-FR\",\"potentialAction\":[{\"@type\":\"CommentAction\",\"name\":\"Comment\",\"target\":[\"https:\/\/www.africa-press.net\/cotedivoire\/politique\/journaliste-tue-en-1998-paris-va-remettre-le-commanditaire-presume-francois-compaore-au-burkina#respond\"]}]},{\"@type\":\"WebPage\",\"@id\":\"https:\/\/www.africa-press.net\/cotedivoire\/politique\/journaliste-tue-en-1998-paris-va-remettre-le-commanditaire-presume-francois-compaore-au-burkina\",\"url\":\"https:\/\/www.africa-press.net\/cotedivoire\/politique\/journaliste-tue-en-1998-paris-va-remettre-le-commanditaire-presume-francois-compaore-au-burkina\",\"name\":\"Journaliste tu\u00e9 en 1998\/Paris va remettre le \u00abcommanditaire pr\u00e9sum\u00e9\u00bb Fran\u00e7ois Compaor\u00e9 au Burkina - C\u00f4te d&#039;Ivoire\",\"isPartOf\":{\"@id\":\"https:\/\/www.africa-press.net\/cotedivoire\/#website\"},\"primaryImageOfPage\":{\"@id\":\"https:\/\/www.africa-press.net\/cotedivoire\/politique\/journaliste-tue-en-1998-paris-va-remettre-le-commanditaire-presume-francois-compaore-au-burkina#primaryimage\"},\"image\":{\"@id\":\"https:\/\/www.africa-press.net\/cotedivoire\/politique\/journaliste-tue-en-1998-paris-va-remettre-le-commanditaire-presume-francois-compaore-au-burkina#primaryimage\"},\"thumbnailUrl\":\"https:\/\/static.africa-press.net\/cote\/sites\/43\/2021\/08\/img-6107e4ee374e0.jpg\",\"datePublished\":\"2021-08-02T13:00:41+00:00\",\"dateModified\":\"2021-08-03T19:11:28+00:00\",\"author\":{\"@id\":\"https:\/\/www.africa-press.net\/cotedivoire\/#\/schema\/person\/2b1cf3cd81a31e3cd26889ca66d677f1\"},\"description\":\"Le Conseil d\u2019Etat fran\u00e7ais a valid\u00e9 ce 30 juillet 2021, l\u2019extradition vers Ouagadougou (Burkina Faso) de Fran\u00e7ois Compao ...\",\"breadcrumb\":{\"@id\":\"https:\/\/www.africa-press.net\/cotedivoire\/politique\/journaliste-tue-en-1998-paris-va-remettre-le-commanditaire-presume-francois-compaore-au-burkina#breadcrumb\"},\"inLanguage\":\"fr-FR\",\"potentialAction\":[{\"@type\":\"ReadAction\",\"target\":[\"https:\/\/www.africa-press.net\/cotedivoire\/politique\/journaliste-tue-en-1998-paris-va-remettre-le-commanditaire-presume-francois-compaore-au-burkina\"]}]},{\"@type\":\"ImageObject\",\"inLanguage\":\"fr-FR\",\"@id\":\"https:\/\/www.africa-press.net\/cotedivoire\/politique\/journaliste-tue-en-1998-paris-va-remettre-le-commanditaire-presume-francois-compaore-au-burkina#primaryimage\",\"url\":\"https:\/\/static.africa-press.net\/cote\/sites\/43\/2021\/08\/img-6107e4ee374e0.jpg\",\"contentUrl\":\"https:\/\/static.africa-press.net\/cote\/sites\/43\/2021\/08\/img-6107e4ee374e0.jpg\",\"width\":720,\"height\":360,\"caption\":\"Journaliste tu\u00e9 en 1998\/Paris va remettre le \u00abcommanditaire pr\u00e9sum\u00e9\u00bb Fran\u00e7ois Compaor\u00e9 au Burkina\"},{\"@type\":\"BreadcrumbList\",\"@id\":\"https:\/\/www.africa-press.net\/cotedivoire\/politique\/journaliste-tue-en-1998-paris-va-remettre-le-commanditaire-presume-francois-compaore-au-burkina#breadcrumb\",\"itemListElement\":[{\"@type\":\"ListItem\",\"position\":1,\"name\":\"Accueil\",\"item\":\"https:\/\/www.africa-press.net\/cotedivoire\/\"},{\"@type\":\"ListItem\",\"position\":2,\"name\":\"Journaliste tu\u00e9 en 1998\/Paris va remettre le \u00abcommanditaire pr\u00e9sum\u00e9\u00bb Fran\u00e7ois Compaor\u00e9 au Burkina\"}]},{\"@type\":\"WebSite\",\"@id\":\"https:\/\/www.africa-press.net\/cotedivoire\/#website\",\"url\":\"https:\/\/www.africa-press.net\/cotedivoire\/\",\"name\":\"C\u00f4te d&#039;Ivoire\",\"description\":\"Just another Africa News Agency Sites site\",\"potentialAction\":[{\"@type\":\"SearchAction\",\"target\":{\"@type\":\"EntryPoint\",\"urlTemplate\":\"https:\/\/www.africa-press.net\/cotedivoire\/?s={search_term_string}\"},\"query-input\":{\"@type\":\"PropertyValueSpecification\",\"valueRequired\":true,\"valueName\":\"search_term_string\"}}],\"inLanguage\":\"fr-FR\"},{\"@type\":\"Person\",\"@id\":\"https:\/\/www.africa-press.net\/cotedivoire\/#\/schema\/person\/2b1cf3cd81a31e3cd26889ca66d677f1\",\"name\":\"cfeditorfr\"}]}<\/script>\n<!-- \/ Yoast SEO Premium plugin. -->","yoast_head_json":{"title":"Journaliste tu\u00e9 en 1998\/Paris va remettre le \u00abcommanditaire pr\u00e9sum\u00e9\u00bb Fran\u00e7ois Compaor\u00e9 au Burkina - C\u00f4te d&#039;Ivoire","description":"Le Conseil d\u2019Etat fran\u00e7ais a valid\u00e9 ce 30 juillet 2021, l\u2019extradition vers Ouagadougou (Burkina Faso) de Fran\u00e7ois Compao ...","robots":{"index":"index","follow":"follow","max-snippet":"max-snippet:-1","max-image-preview":"max-image-preview:large","max-video-preview":"max-video-preview:-1"},"canonical":"https:\/\/www.africa-press.net\/cotedivoire\/politique\/journaliste-tue-en-1998-paris-va-remettre-le-commanditaire-presume-francois-compaore-au-burkina","og_locale":"fr_FR","og_type":"article","og_title":"Journaliste tu\u00e9 en 1998\/Paris va remettre le \u00abcommanditaire pr\u00e9sum\u00e9\u00bb Fran\u00e7ois Compaor\u00e9 au Burkina","og_description":"Le Conseil d\u2019Etat fran\u00e7ais a valid\u00e9 ce 30 juillet 2021, l\u2019extradition vers Ouagadougou (Burkina Faso) de Fran\u00e7ois Compao ...","og_url":"https:\/\/www.africa-press.net\/cotedivoire\/politique\/journaliste-tue-en-1998-paris-va-remettre-le-commanditaire-presume-francois-compaore-au-burkina","og_site_name":"C\u00f4te d&#039;Ivoire","article_published_time":"2021-08-02T13:00:41+00:00","article_modified_time":"2021-08-03T19:11:28+00:00","og_image":[{"width":720,"height":360,"url":"https:\/\/static.africa-press.net\/cote\/sites\/43\/2021\/08\/img-6107e4ee374e0.jpg","type":"image\/jpeg"}],"author":"cfeditorfr","twitter_card":"summary_large_image","twitter_misc":{"\u00c9crit par":"cfeditorfr","Dur\u00e9e de lecture estim\u00e9e":"1 minute"},"schema":{"@context":"https:\/\/schema.org","@graph":[{"@type":"Article","@id":"https:\/\/www.africa-press.net\/cotedivoire\/politique\/journaliste-tue-en-1998-paris-va-remettre-le-commanditaire-presume-francois-compaore-au-burkina#article","isPartOf":{"@id":"https:\/\/www.africa-press.net\/cotedivoire\/politique\/journaliste-tue-en-1998-paris-va-remettre-le-commanditaire-presume-francois-compaore-au-burkina"},"author":{"name":"cfeditorfr","@id":"https:\/\/www.africa-press.net\/cotedivoire\/#\/schema\/person\/2b1cf3cd81a31e3cd26889ca66d677f1"},"headline":"Journaliste tu\u00e9 en 1998\/Paris va remettre le \u00abcommanditaire pr\u00e9sum\u00e9\u00bb Fran\u00e7ois Compaor\u00e9 au Burkina","datePublished":"2021-08-02T13:00:41+00:00","dateModified":"2021-08-03T19:11:28+00:00","mainEntityOfPage":{"@id":"https:\/\/www.africa-press.net\/cotedivoire\/politique\/journaliste-tue-en-1998-paris-va-remettre-le-commanditaire-presume-francois-compaore-au-burkina"},"wordCount":178,"commentCount":0,"image":{"@id":"https:\/\/www.africa-press.net\/cotedivoire\/politique\/journaliste-tue-en-1998-paris-va-remettre-le-commanditaire-presume-francois-compaore-au-burkina#primaryimage"},"thumbnailUrl":"https:\/\/static.africa-press.net\/cote\/sites\/43\/2021\/08\/img-6107e4ee374e0.jpg","keywords":["Africa Press","Africa Press-C\u00f4te d'Ivoire","C\u00d4TE D'IVOIRE"],"articleSection":["homepage-french","Politique","Top Nouvelles","Toutes les actualit\u00e9s"],"inLanguage":"fr-FR","potentialAction":[{"@type":"CommentAction","name":"Comment","target":["https:\/\/www.africa-press.net\/cotedivoire\/politique\/journaliste-tue-en-1998-paris-va-remettre-le-commanditaire-presume-francois-compaore-au-burkina#respond"]}]},{"@type":"WebPage","@id":"https:\/\/www.africa-press.net\/cotedivoire\/politique\/journaliste-tue-en-1998-paris-va-remettre-le-commanditaire-presume-francois-compaore-au-burkina","url":"https:\/\/www.africa-press.net\/cotedivoire\/politique\/journaliste-tue-en-1998-paris-va-remettre-le-commanditaire-presume-francois-compaore-au-burkina","name":"Journaliste tu\u00e9 en 1998\/Paris va remettre le \u00abcommanditaire pr\u00e9sum\u00e9\u00bb Fran\u00e7ois Compaor\u00e9 au Burkina - C\u00f4te d&#039;Ivoire","isPartOf":{"@id":"https:\/\/www.africa-press.net\/cotedivoire\/#website"},"primaryImageOfPage":{"@id":"https:\/\/www.africa-press.net\/cotedivoire\/politique\/journaliste-tue-en-1998-paris-va-remettre-le-commanditaire-presume-francois-compaore-au-burkina#primaryimage"},"image":{"@id":"https:\/\/www.africa-press.net\/cotedivoire\/politique\/journaliste-tue-en-1998-paris-va-remettre-le-commanditaire-presume-francois-compaore-au-burkina#primaryimage"},"thumbnailUrl":"https:\/\/static.africa-press.net\/cote\/sites\/43\/2021\/08\/img-6107e4ee374e0.jpg","datePublished":"2021-08-02T13:00:41+00:00","dateModified":"2021-08-03T19:11:28+00:00","author":{"@id":"https:\/\/www.africa-press.net\/cotedivoire\/#\/schema\/person\/2b1cf3cd81a31e3cd26889ca66d677f1"},"description":"Le Conseil d\u2019Etat fran\u00e7ais a valid\u00e9 ce 30 juillet 2021, l\u2019extradition vers Ouagadougou (Burkina Faso) de Fran\u00e7ois Compao ...","breadcrumb":{"@id":"https:\/\/www.africa-press.net\/cotedivoire\/politique\/journaliste-tue-en-1998-paris-va-remettre-le-commanditaire-presume-francois-compaore-au-burkina#breadcrumb"},"inLanguage":"fr-FR","potentialAction":[{"@type":"ReadAction","target":["https:\/\/www.africa-press.net\/cotedivoire\/politique\/journaliste-tue-en-1998-paris-va-remettre-le-commanditaire-presume-francois-compaore-au-burkina"]}]},{"@type":"ImageObject","inLanguage":"fr-FR","@id":"https:\/\/www.africa-press.net\/cotedivoire\/politique\/journaliste-tue-en-1998-paris-va-remettre-le-commanditaire-presume-francois-compaore-au-burkina#primaryimage","url":"https:\/\/static.africa-press.net\/cote\/sites\/43\/2021\/08\/img-6107e4ee374e0.jpg","contentUrl":"https:\/\/static.africa-press.net\/cote\/sites\/43\/2021\/08\/img-6107e4ee374e0.jpg","width":720,"height":360,"caption":"Journaliste tu\u00e9 en 1998\/Paris va remettre le \u00abcommanditaire pr\u00e9sum\u00e9\u00bb Fran\u00e7ois Compaor\u00e9 au Burkina"},{"@type":"BreadcrumbList","@id":"https:\/\/www.africa-press.net\/cotedivoire\/politique\/journaliste-tue-en-1998-paris-va-remettre-le-commanditaire-presume-francois-compaore-au-burkina#breadcrumb","itemListElement":[{"@type":"ListItem","position":1,"name":"Accueil","item":"https:\/\/www.africa-press.net\/cotedivoire\/"},{"@type":"ListItem","position":2,"name":"Journaliste tu\u00e9 en 1998\/Paris va remettre le \u00abcommanditaire pr\u00e9sum\u00e9\u00bb Fran\u00e7ois Compaor\u00e9 au Burkina"}]},{"@type":"WebSite","@id":"https:\/\/www.africa-press.net\/cotedivoire\/#website","url":"https:\/\/www.africa-press.net\/cotedivoire\/","name":"C\u00f4te d&#039;Ivoire","description":"Just another Africa News Agency Sites site","potentialAction":[{"@type":"SearchAction","target":{"@type":"EntryPoint","urlTemplate":"https:\/\/www.africa-press.net\/cotedivoire\/?s={search_term_string}"},"query-input":{"@type":"PropertyValueSpecification","valueRequired":true,"valueName":"search_term_string"}}],"inLanguage":"fr-FR"},{"@type":"Person","@id":"https:\/\/www.africa-press.net\/cotedivoire\/#\/schema\/person\/2b1cf3cd81a31e3cd26889ca66d677f1","name":"cfeditorfr"}]}},"_links":{"self":[{"href":"https:\/\/www.africa-press.net\/cotedivoire\/wp-json\/wp\/v2\/posts\/10791","targetHints":{"allow":["GET"]}}],"collection":[{"href":"https:\/\/www.africa-press.net\/cotedivoire\/wp-json\/wp\/v2\/posts"}],"about":[{"href":"https:\/\/www.africa-press.net\/cotedivoire\/wp-json\/wp\/v2\/types\/post"}],"author":[{"embeddable":true,"href":"https:\/\/www.africa-press.net\/cotedivoire\/wp-json\/wp\/v2\/users\/82"}],"replies":[{"embeddable":true,"href":"https:\/\/www.africa-press.net\/cotedivoire\/wp-json\/wp\/v2\/comments?post=10791"}],"version-history":[{"count":0,"href":"https:\/\/www.africa-press.net\/cotedivoire\/wp-json\/wp\/v2\/posts\/10791\/revisions"}],"wp:featuredmedia":[{"embeddable":true,"href":"https:\/\/www.africa-press.net\/cotedivoire\/wp-json\/wp\/v2\/media\/10790"}],"wp:attachment":[{"href":"https:\/\/www.africa-press.net\/cotedivoire\/wp-json\/wp\/v2\/media?parent=10791"}],"wp:term":[{"taxonomy":"category","embeddable":true,"href":"https:\/\/www.africa-press.net\/cotedivoire\/wp-json\/wp\/v2\/categories?post=10791"},{"taxonomy":"post_tag","embeddable":true,"href":"https:\/\/www.africa-press.net\/cotedivoire\/wp-json\/wp\/v2\/tags?post=10791"}],"curies":[{"name":"wp","href":"https:\/\/api.w.org\/{rel}","templated":true}]}}