{"id":10809,"date":"2021-08-03T14:12:38","date_gmt":"2021-08-03T14:12:38","guid":{"rendered":"https:\/\/www.africa-press.net\/cotedivoire\/?p=10809"},"modified":"2021-08-03T19:09:53","modified_gmt":"2021-08-03T19:09:53","slug":"defense-tengrela-en-cote-divoire-larmee-appelle-les-populations-a-collaborer-pour-securiser-villages-et-villes","status":"publish","type":"post","link":"https:\/\/www.africa-press.net\/cotedivoire\/politique\/defense-tengrela-en-cote-divoire-larmee-appelle-les-populations-a-collaborer-pour-securiser-villages-et-villes","title":{"rendered":"D\u00e9fense\/Tengrela: En C\u00f4te-d\u2019Ivoire l\u2019arm\u00e9e appelle les populations \u00e0 collaborer pour s\u00e9curiser villages et villes"},"content":{"rendered":"<p><span style=\"color: #ff6600\"><strong><a href=\"https:\/\/www.africa-press.net\/\">Africa-Press<\/a> &#8211; <a href=\"https:\/\/www.africa-press.net\/cotedivoire\">C\u00f4te d&rsquo;Ivoire<\/a>. <\/strong><\/span>Le chef d\u2019\u00e9tat-major adjoint des arm\u00e9es ivoiriennes a appel\u00e9, depuis la sous-pr\u00e9fecture de D\u00e9b\u00e9t\u00e9, \u00e0 une trentaine de kilom\u00e8tres de Tengr\u00e9la, les populations ivoiriennes \u00e0 une collaborer franchement avec son arm\u00e9e.<\/p>\n<p>\u201cNous sommes l\u00e0 pour vous secourir et vous prot\u00e9ger en cas de danger. Mais vous devez aussi nous aider \u00e0 r\u00e9ussir cette mission en signalant toute personne suspecte, toute personne qui n\u2019est pas claire comme on le dit chez nous\u201d, a lanc\u00e9, jeudi 29 juillet 2021, le g\u00e9n\u00e9ral de division Julien Kouam\u00e9 qui a dit compter sur la collaboration de tous pour \u201cs\u00e9curiser villages et villes afin de permettre aux populations de vivre en paix et en bonne intelligence comme par le pass\u00e9\u201d.<\/p>\n<p>Selon le g\u00e9n\u00e9ral Kouam\u00e9, c\u2019est \u00e0 ce prix que l\u2019ensemble des arm\u00e9es et des forces de d\u00e9fense et de s\u00e9curit\u00e9 montrera plus d\u2019efficacit\u00e9 dans la s\u00e9curisation des personnes et des biens.<\/p>\n<p>Il a invit\u00e9 autochtones, allog\u00e8nes et \u00e9trangers \u00e0 vivre en harmonie en luttant ensemble contre tous les dangers pour \u201ccontinuer \u00e0 b\u00e2tir l\u2019esp\u00e9rance promise \u00e0 l\u2019humanit\u00e9 et la patrie de la vraie fraternit\u00e9\u201d promues par l\u2019hymne national.<\/p>\n<p>Le sous-pr\u00e9fet de D\u00e9b\u00e9t\u00e9, Bourahima H\u00e9broubro, a f\u00e9licit\u00e9 le chef d\u2019\u00e9tat-major adjoint pour \u201ccette d\u00e9marche noble qui permet \u00e0 la population de voir son arm\u00e9e d\u2019un autre \u0153il\u201d.<\/p>\n<p>\u201cSoyons en complicit\u00e9 avec l\u2019ensemble des arm\u00e9es pour une s\u00e9curisation plus efficace, surtout du fait de notre situation \u00e0 une fronti\u00e8re poreuse\u201d, a conseill\u00e9 le sous-pr\u00e9fet.<\/p>\n<p>Cet appel de l\u2019arm\u00e9e intervient dans le cadre d\u2019une op\u00e9ration de distribution de dons aux populations du Nord o\u00f9 se perp\u00e9tuent des actes terroristes depuis plusieurs mois.<\/p>\n<p>&nbsp;<\/p>\n","protected":false},"excerpt":{"rendered":"<p>Africa-Press &#8211; C\u00f4te d&rsquo;Ivoire. Le chef d\u2019\u00e9tat-major adjoint des arm\u00e9es ivoiriennes a appel\u00e9, depuis la sous-pr\u00e9fecture de D\u00e9b\u00e9t\u00e9, \u00e0 une trentaine de kilom\u00e8tres de Tengr\u00e9la, les populations ivoiriennes \u00e0 une collaborer franchement avec son arm\u00e9e. \u201cNous sommes l\u00e0 pour vous secourir et vous prot\u00e9ger en cas de danger. Mais vous devez aussi nous aider \u00e0 [&hellip;]<\/p>\n","protected":false},"author":82,"featured_media":10808,"comment_status":"open","ping_status":"closed","sticky":false,"template":"","format":"standard","meta":{"footnotes":""},"categories":[11,2,10],"tags":[56,63,29],"class_list":["post-10809","post","type-post","status-publish","format-standard","has-post-thumbnail","hentry","category-homepage-french","category-politique","category-toutes-les-actualites","tag-africa-press","tag-africa-press-cote-divoire","tag-cote-divoire"],"yoast_head":"<!-- This site is optimized with the Yoast SEO Premium plugin v26.1 (Yoast SEO v27.0) - https:\/\/yoast.com\/product\/yoast-seo-premium-wordpress\/ -->\n<title>D\u00e9fense\/Tengrela: En C\u00f4te-d\u2019Ivoire l\u2019arm\u00e9e appelle les populations \u00e0 collaborer pour s\u00e9curiser villages et villes - C\u00f4te d&#039;Ivoire<\/title>\n<meta name=\"description\" content=\"Le chef d\u2019\u00e9tat-major adjoint des arm\u00e9es ivoiriennes a appel\u00e9, depuis la sous-pr\u00e9fecture de D\u00e9b\u00e9t\u00e9, \u00e0 une trentaine de ki ...\" \/>\n<meta name=\"robots\" content=\"index, follow, max-snippet:-1, max-image-preview:large, max-video-preview:-1\" \/>\n<link rel=\"canonical\" href=\"https:\/\/www.africa-press.net\/cotedivoire\/politique\/defense-tengrela-en-cote-divoire-larmee-appelle-les-populations-a-collaborer-pour-securiser-villages-et-villes\" \/>\n<meta property=\"og:locale\" content=\"fr_FR\" \/>\n<meta property=\"og:type\" content=\"article\" \/>\n<meta property=\"og:title\" content=\"D\u00e9fense\/Tengrela: En C\u00f4te-d\u2019Ivoire l\u2019arm\u00e9e appelle les populations \u00e0 collaborer pour s\u00e9curiser villages et villes\" \/>\n<meta property=\"og:description\" content=\"Le chef d\u2019\u00e9tat-major adjoint des arm\u00e9es ivoiriennes a appel\u00e9, depuis la sous-pr\u00e9fecture de D\u00e9b\u00e9t\u00e9, \u00e0 une trentaine de ki ...\" \/>\n<meta property=\"og:url\" content=\"https:\/\/www.africa-press.net\/cotedivoire\/politique\/defense-tengrela-en-cote-divoire-larmee-appelle-les-populations-a-collaborer-pour-securiser-villages-et-villes\" \/>\n<meta property=\"og:site_name\" content=\"C\u00f4te d&#039;Ivoire\" \/>\n<meta property=\"article:published_time\" content=\"2021-08-03T14:12:38+00:00\" \/>\n<meta property=\"article:modified_time\" content=\"2021-08-03T19:09:53+00:00\" \/>\n<meta property=\"og:image\" content=\"https:\/\/static.africa-press.net\/cote\/sites\/43\/2021\/08\/img-61094dd94976a.jpg\" \/>\n\t<meta property=\"og:image:width\" content=\"825\" \/>\n\t<meta property=\"og:image:height\" content=\"324\" \/>\n\t<meta property=\"og:image:type\" content=\"image\/jpeg\" \/>\n<meta name=\"author\" content=\"cfeditorfr\" \/>\n<meta name=\"twitter:card\" content=\"summary_large_image\" \/>\n<meta name=\"twitter:label1\" content=\"\u00c9crit par\" \/>\n\t<meta name=\"twitter:data1\" content=\"cfeditorfr\" \/>\n\t<meta name=\"twitter:label2\" content=\"Dur\u00e9e de lecture estim\u00e9e\" \/>\n\t<meta name=\"twitter:data2\" content=\"2 minutes\" \/>\n<script type=\"application\/ld+json\" class=\"yoast-schema-graph\">{\"@context\":\"https:\/\/schema.org\",\"@graph\":[{\"@type\":\"Article\",\"@id\":\"https:\/\/www.africa-press.net\/cotedivoire\/politique\/defense-tengrela-en-cote-divoire-larmee-appelle-les-populations-a-collaborer-pour-securiser-villages-et-villes#article\",\"isPartOf\":{\"@id\":\"https:\/\/www.africa-press.net\/cotedivoire\/politique\/defense-tengrela-en-cote-divoire-larmee-appelle-les-populations-a-collaborer-pour-securiser-villages-et-villes\"},\"author\":{\"name\":\"cfeditorfr\",\"@id\":\"https:\/\/www.africa-press.net\/cotedivoire\/#\/schema\/person\/2b1cf3cd81a31e3cd26889ca66d677f1\"},\"headline\":\"D\u00e9fense\/Tengrela: En C\u00f4te-d\u2019Ivoire l\u2019arm\u00e9e appelle les populations \u00e0 collaborer pour s\u00e9curiser villages et villes\",\"datePublished\":\"2021-08-03T14:12:38+00:00\",\"dateModified\":\"2021-08-03T19:09:53+00:00\",\"mainEntityOfPage\":{\"@id\":\"https:\/\/www.africa-press.net\/cotedivoire\/politique\/defense-tengrela-en-cote-divoire-larmee-appelle-les-populations-a-collaborer-pour-securiser-villages-et-villes\"},\"wordCount\":327,\"commentCount\":0,\"image\":{\"@id\":\"https:\/\/www.africa-press.net\/cotedivoire\/politique\/defense-tengrela-en-cote-divoire-larmee-appelle-les-populations-a-collaborer-pour-securiser-villages-et-villes#primaryimage\"},\"thumbnailUrl\":\"https:\/\/static.africa-press.net\/cote\/sites\/43\/2021\/08\/img-61094dd94976a.jpg\",\"keywords\":[\"Africa Press\",\"Africa Press-C\u00f4te d'Ivoire\",\"C\u00d4TE D'IVOIRE\"],\"articleSection\":[\"homepage-french\",\"Politique\",\"Toutes les actualit\u00e9s\"],\"inLanguage\":\"fr-FR\",\"potentialAction\":[{\"@type\":\"CommentAction\",\"name\":\"Comment\",\"target\":[\"https:\/\/www.africa-press.net\/cotedivoire\/politique\/defense-tengrela-en-cote-divoire-larmee-appelle-les-populations-a-collaborer-pour-securiser-villages-et-villes#respond\"]}]},{\"@type\":\"WebPage\",\"@id\":\"https:\/\/www.africa-press.net\/cotedivoire\/politique\/defense-tengrela-en-cote-divoire-larmee-appelle-les-populations-a-collaborer-pour-securiser-villages-et-villes\",\"url\":\"https:\/\/www.africa-press.net\/cotedivoire\/politique\/defense-tengrela-en-cote-divoire-larmee-appelle-les-populations-a-collaborer-pour-securiser-villages-et-villes\",\"name\":\"D\u00e9fense\/Tengrela: En C\u00f4te-d\u2019Ivoire l\u2019arm\u00e9e appelle les populations \u00e0 collaborer pour s\u00e9curiser villages et villes - C\u00f4te d&#039;Ivoire\",\"isPartOf\":{\"@id\":\"https:\/\/www.africa-press.net\/cotedivoire\/#website\"},\"primaryImageOfPage\":{\"@id\":\"https:\/\/www.africa-press.net\/cotedivoire\/politique\/defense-tengrela-en-cote-divoire-larmee-appelle-les-populations-a-collaborer-pour-securiser-villages-et-villes#primaryimage\"},\"image\":{\"@id\":\"https:\/\/www.africa-press.net\/cotedivoire\/politique\/defense-tengrela-en-cote-divoire-larmee-appelle-les-populations-a-collaborer-pour-securiser-villages-et-villes#primaryimage\"},\"thumbnailUrl\":\"https:\/\/static.africa-press.net\/cote\/sites\/43\/2021\/08\/img-61094dd94976a.jpg\",\"datePublished\":\"2021-08-03T14:12:38+00:00\",\"dateModified\":\"2021-08-03T19:09:53+00:00\",\"author\":{\"@id\":\"https:\/\/www.africa-press.net\/cotedivoire\/#\/schema\/person\/2b1cf3cd81a31e3cd26889ca66d677f1\"},\"description\":\"Le chef d\u2019\u00e9tat-major adjoint des arm\u00e9es ivoiriennes a appel\u00e9, depuis la sous-pr\u00e9fecture de D\u00e9b\u00e9t\u00e9, \u00e0 une trentaine de ki ...\",\"breadcrumb\":{\"@id\":\"https:\/\/www.africa-press.net\/cotedivoire\/politique\/defense-tengrela-en-cote-divoire-larmee-appelle-les-populations-a-collaborer-pour-securiser-villages-et-villes#breadcrumb\"},\"inLanguage\":\"fr-FR\",\"potentialAction\":[{\"@type\":\"ReadAction\",\"target\":[\"https:\/\/www.africa-press.net\/cotedivoire\/politique\/defense-tengrela-en-cote-divoire-larmee-appelle-les-populations-a-collaborer-pour-securiser-villages-et-villes\"]}]},{\"@type\":\"ImageObject\",\"inLanguage\":\"fr-FR\",\"@id\":\"https:\/\/www.africa-press.net\/cotedivoire\/politique\/defense-tengrela-en-cote-divoire-larmee-appelle-les-populations-a-collaborer-pour-securiser-villages-et-villes#primaryimage\",\"url\":\"https:\/\/static.africa-press.net\/cote\/sites\/43\/2021\/08\/img-61094dd94976a.jpg\",\"contentUrl\":\"https:\/\/static.africa-press.net\/cote\/sites\/43\/2021\/08\/img-61094dd94976a.jpg\",\"width\":825,\"height\":324,\"caption\":\"D\u00e9fense\/Tengrela: En C\u00f4te-d\u2019Ivoire l\u2019arm\u00e9e appelle les populations \u00e0 collaborer pour s\u00e9curiser villages et villes\"},{\"@type\":\"BreadcrumbList\",\"@id\":\"https:\/\/www.africa-press.net\/cotedivoire\/politique\/defense-tengrela-en-cote-divoire-larmee-appelle-les-populations-a-collaborer-pour-securiser-villages-et-villes#breadcrumb\",\"itemListElement\":[{\"@type\":\"ListItem\",\"position\":1,\"name\":\"Accueil\",\"item\":\"https:\/\/www.africa-press.net\/cotedivoire\/\"},{\"@type\":\"ListItem\",\"position\":2,\"name\":\"D\u00e9fense\/Tengrela: En C\u00f4te-d\u2019Ivoire l\u2019arm\u00e9e appelle les populations \u00e0 collaborer pour s\u00e9curiser villages et villes\"}]},{\"@type\":\"WebSite\",\"@id\":\"https:\/\/www.africa-press.net\/cotedivoire\/#website\",\"url\":\"https:\/\/www.africa-press.net\/cotedivoire\/\",\"name\":\"C\u00f4te d&#039;Ivoire\",\"description\":\"Just another Africa News Agency Sites site\",\"potentialAction\":[{\"@type\":\"SearchAction\",\"target\":{\"@type\":\"EntryPoint\",\"urlTemplate\":\"https:\/\/www.africa-press.net\/cotedivoire\/?s={search_term_string}\"},\"query-input\":{\"@type\":\"PropertyValueSpecification\",\"valueRequired\":true,\"valueName\":\"search_term_string\"}}],\"inLanguage\":\"fr-FR\"},{\"@type\":\"Person\",\"@id\":\"https:\/\/www.africa-press.net\/cotedivoire\/#\/schema\/person\/2b1cf3cd81a31e3cd26889ca66d677f1\",\"name\":\"cfeditorfr\"}]}<\/script>\n<!-- \/ Yoast SEO Premium plugin. -->","yoast_head_json":{"title":"D\u00e9fense\/Tengrela: En C\u00f4te-d\u2019Ivoire l\u2019arm\u00e9e appelle les populations \u00e0 collaborer pour s\u00e9curiser villages et villes - C\u00f4te d&#039;Ivoire","description":"Le chef d\u2019\u00e9tat-major adjoint des arm\u00e9es ivoiriennes a appel\u00e9, depuis la sous-pr\u00e9fecture de D\u00e9b\u00e9t\u00e9, \u00e0 une trentaine de ki ...","robots":{"index":"index","follow":"follow","max-snippet":"max-snippet:-1","max-image-preview":"max-image-preview:large","max-video-preview":"max-video-preview:-1"},"canonical":"https:\/\/www.africa-press.net\/cotedivoire\/politique\/defense-tengrela-en-cote-divoire-larmee-appelle-les-populations-a-collaborer-pour-securiser-villages-et-villes","og_locale":"fr_FR","og_type":"article","og_title":"D\u00e9fense\/Tengrela: En C\u00f4te-d\u2019Ivoire l\u2019arm\u00e9e appelle les populations \u00e0 collaborer pour s\u00e9curiser villages et villes","og_description":"Le chef d\u2019\u00e9tat-major adjoint des arm\u00e9es ivoiriennes a appel\u00e9, depuis la sous-pr\u00e9fecture de D\u00e9b\u00e9t\u00e9, \u00e0 une trentaine de ki ...","og_url":"https:\/\/www.africa-press.net\/cotedivoire\/politique\/defense-tengrela-en-cote-divoire-larmee-appelle-les-populations-a-collaborer-pour-securiser-villages-et-villes","og_site_name":"C\u00f4te d&#039;Ivoire","article_published_time":"2021-08-03T14:12:38+00:00","article_modified_time":"2021-08-03T19:09:53+00:00","og_image":[{"width":825,"height":324,"url":"https:\/\/static.africa-press.net\/cote\/sites\/43\/2021\/08\/img-61094dd94976a.jpg","type":"image\/jpeg"}],"author":"cfeditorfr","twitter_card":"summary_large_image","twitter_misc":{"\u00c9crit par":"cfeditorfr","Dur\u00e9e de lecture estim\u00e9e":"2 minutes"},"schema":{"@context":"https:\/\/schema.org","@graph":[{"@type":"Article","@id":"https:\/\/www.africa-press.net\/cotedivoire\/politique\/defense-tengrela-en-cote-divoire-larmee-appelle-les-populations-a-collaborer-pour-securiser-villages-et-villes#article","isPartOf":{"@id":"https:\/\/www.africa-press.net\/cotedivoire\/politique\/defense-tengrela-en-cote-divoire-larmee-appelle-les-populations-a-collaborer-pour-securiser-villages-et-villes"},"author":{"name":"cfeditorfr","@id":"https:\/\/www.africa-press.net\/cotedivoire\/#\/schema\/person\/2b1cf3cd81a31e3cd26889ca66d677f1"},"headline":"D\u00e9fense\/Tengrela: En C\u00f4te-d\u2019Ivoire l\u2019arm\u00e9e appelle les populations \u00e0 collaborer pour s\u00e9curiser villages et villes","datePublished":"2021-08-03T14:12:38+00:00","dateModified":"2021-08-03T19:09:53+00:00","mainEntityOfPage":{"@id":"https:\/\/www.africa-press.net\/cotedivoire\/politique\/defense-tengrela-en-cote-divoire-larmee-appelle-les-populations-a-collaborer-pour-securiser-villages-et-villes"},"wordCount":327,"commentCount":0,"image":{"@id":"https:\/\/www.africa-press.net\/cotedivoire\/politique\/defense-tengrela-en-cote-divoire-larmee-appelle-les-populations-a-collaborer-pour-securiser-villages-et-villes#primaryimage"},"thumbnailUrl":"https:\/\/static.africa-press.net\/cote\/sites\/43\/2021\/08\/img-61094dd94976a.jpg","keywords":["Africa Press","Africa Press-C\u00f4te d'Ivoire","C\u00d4TE D'IVOIRE"],"articleSection":["homepage-french","Politique","Toutes les actualit\u00e9s"],"inLanguage":"fr-FR","potentialAction":[{"@type":"CommentAction","name":"Comment","target":["https:\/\/www.africa-press.net\/cotedivoire\/politique\/defense-tengrela-en-cote-divoire-larmee-appelle-les-populations-a-collaborer-pour-securiser-villages-et-villes#respond"]}]},{"@type":"WebPage","@id":"https:\/\/www.africa-press.net\/cotedivoire\/politique\/defense-tengrela-en-cote-divoire-larmee-appelle-les-populations-a-collaborer-pour-securiser-villages-et-villes","url":"https:\/\/www.africa-press.net\/cotedivoire\/politique\/defense-tengrela-en-cote-divoire-larmee-appelle-les-populations-a-collaborer-pour-securiser-villages-et-villes","name":"D\u00e9fense\/Tengrela: En C\u00f4te-d\u2019Ivoire l\u2019arm\u00e9e appelle les populations \u00e0 collaborer pour s\u00e9curiser villages et villes - C\u00f4te d&#039;Ivoire","isPartOf":{"@id":"https:\/\/www.africa-press.net\/cotedivoire\/#website"},"primaryImageOfPage":{"@id":"https:\/\/www.africa-press.net\/cotedivoire\/politique\/defense-tengrela-en-cote-divoire-larmee-appelle-les-populations-a-collaborer-pour-securiser-villages-et-villes#primaryimage"},"image":{"@id":"https:\/\/www.africa-press.net\/cotedivoire\/politique\/defense-tengrela-en-cote-divoire-larmee-appelle-les-populations-a-collaborer-pour-securiser-villages-et-villes#primaryimage"},"thumbnailUrl":"https:\/\/static.africa-press.net\/cote\/sites\/43\/2021\/08\/img-61094dd94976a.jpg","datePublished":"2021-08-03T14:12:38+00:00","dateModified":"2021-08-03T19:09:53+00:00","author":{"@id":"https:\/\/www.africa-press.net\/cotedivoire\/#\/schema\/person\/2b1cf3cd81a31e3cd26889ca66d677f1"},"description":"Le chef d\u2019\u00e9tat-major adjoint des arm\u00e9es ivoiriennes a appel\u00e9, depuis la sous-pr\u00e9fecture de D\u00e9b\u00e9t\u00e9, \u00e0 une trentaine de ki ...","breadcrumb":{"@id":"https:\/\/www.africa-press.net\/cotedivoire\/politique\/defense-tengrela-en-cote-divoire-larmee-appelle-les-populations-a-collaborer-pour-securiser-villages-et-villes#breadcrumb"},"inLanguage":"fr-FR","potentialAction":[{"@type":"ReadAction","target":["https:\/\/www.africa-press.net\/cotedivoire\/politique\/defense-tengrela-en-cote-divoire-larmee-appelle-les-populations-a-collaborer-pour-securiser-villages-et-villes"]}]},{"@type":"ImageObject","inLanguage":"fr-FR","@id":"https:\/\/www.africa-press.net\/cotedivoire\/politique\/defense-tengrela-en-cote-divoire-larmee-appelle-les-populations-a-collaborer-pour-securiser-villages-et-villes#primaryimage","url":"https:\/\/static.africa-press.net\/cote\/sites\/43\/2021\/08\/img-61094dd94976a.jpg","contentUrl":"https:\/\/static.africa-press.net\/cote\/sites\/43\/2021\/08\/img-61094dd94976a.jpg","width":825,"height":324,"caption":"D\u00e9fense\/Tengrela: En C\u00f4te-d\u2019Ivoire l\u2019arm\u00e9e appelle les populations \u00e0 collaborer pour s\u00e9curiser villages et villes"},{"@type":"BreadcrumbList","@id":"https:\/\/www.africa-press.net\/cotedivoire\/politique\/defense-tengrela-en-cote-divoire-larmee-appelle-les-populations-a-collaborer-pour-securiser-villages-et-villes#breadcrumb","itemListElement":[{"@type":"ListItem","position":1,"name":"Accueil","item":"https:\/\/www.africa-press.net\/cotedivoire\/"},{"@type":"ListItem","position":2,"name":"D\u00e9fense\/Tengrela: En C\u00f4te-d\u2019Ivoire l\u2019arm\u00e9e appelle les populations \u00e0 collaborer pour s\u00e9curiser villages et villes"}]},{"@type":"WebSite","@id":"https:\/\/www.africa-press.net\/cotedivoire\/#website","url":"https:\/\/www.africa-press.net\/cotedivoire\/","name":"C\u00f4te d&#039;Ivoire","description":"Just another Africa News Agency Sites site","potentialAction":[{"@type":"SearchAction","target":{"@type":"EntryPoint","urlTemplate":"https:\/\/www.africa-press.net\/cotedivoire\/?s={search_term_string}"},"query-input":{"@type":"PropertyValueSpecification","valueRequired":true,"valueName":"search_term_string"}}],"inLanguage":"fr-FR"},{"@type":"Person","@id":"https:\/\/www.africa-press.net\/cotedivoire\/#\/schema\/person\/2b1cf3cd81a31e3cd26889ca66d677f1","name":"cfeditorfr"}]}},"_links":{"self":[{"href":"https:\/\/www.africa-press.net\/cotedivoire\/wp-json\/wp\/v2\/posts\/10809","targetHints":{"allow":["GET"]}}],"collection":[{"href":"https:\/\/www.africa-press.net\/cotedivoire\/wp-json\/wp\/v2\/posts"}],"about":[{"href":"https:\/\/www.africa-press.net\/cotedivoire\/wp-json\/wp\/v2\/types\/post"}],"author":[{"embeddable":true,"href":"https:\/\/www.africa-press.net\/cotedivoire\/wp-json\/wp\/v2\/users\/82"}],"replies":[{"embeddable":true,"href":"https:\/\/www.africa-press.net\/cotedivoire\/wp-json\/wp\/v2\/comments?post=10809"}],"version-history":[{"count":0,"href":"https:\/\/www.africa-press.net\/cotedivoire\/wp-json\/wp\/v2\/posts\/10809\/revisions"}],"wp:featuredmedia":[{"embeddable":true,"href":"https:\/\/www.africa-press.net\/cotedivoire\/wp-json\/wp\/v2\/media\/10808"}],"wp:attachment":[{"href":"https:\/\/www.africa-press.net\/cotedivoire\/wp-json\/wp\/v2\/media?parent=10809"}],"wp:term":[{"taxonomy":"category","embeddable":true,"href":"https:\/\/www.africa-press.net\/cotedivoire\/wp-json\/wp\/v2\/categories?post=10809"},{"taxonomy":"post_tag","embeddable":true,"href":"https:\/\/www.africa-press.net\/cotedivoire\/wp-json\/wp\/v2\/tags?post=10809"}],"curies":[{"name":"wp","href":"https:\/\/api.w.org\/{rel}","templated":true}]}}