{"id":10812,"date":"2021-08-03T14:21:14","date_gmt":"2021-08-03T14:21:14","guid":{"rendered":"https:\/\/www.africa-press.net\/cotedivoire\/?p=10812"},"modified":"2021-08-03T14:09:40","modified_gmt":"2021-08-03T14:09:40","slug":"les-africains-doivent-devenir-machiaveliques-selon-francois-soudan","status":"publish","type":"post","link":"https:\/\/www.africa-press.net\/cotedivoire\/toutes-les-actualites\/les-africains-doivent-devenir-machiaveliques-selon-francois-soudan","title":{"rendered":"Les Africains doivent devenir machiav\u00e9liques selon Fran\u00e7ois Soudan"},"content":{"rendered":"<p><span style=\"color: #ff6600\"><strong><a href=\"https:\/\/www.africa-press.net\/\">Africa-Press<\/a> &#8211; <a href=\"https:\/\/www.africa-press.net\/cotedivoire\">C\u00f4te d&rsquo;Ivoire<\/a>. <\/strong><\/span>Directeur de la r\u00e9daction de Jeune Afrique<\/p>\n<p>Si la Chine et la Russie venaient \u00e0 s\u2019entendre pour faire face \u00e0 l\u2019Occident, les cartes s\u2019en trouveraient totalement boulevers\u00e9es sur le continent.<\/p>\n<p>Dans un monde o\u00f9 les lyncheurs du num\u00e9rique chassent en meute et o\u00f9 l\u2019anonymat lib\u00e8re le pire de l\u2019esp\u00e8ce humaine, au point de contraindre nombre de leaders apeur\u00e9s \u00e0 se muer en followers, je ne saurais trop recommander \u00e0 ceux qui nous dirigent de lire (ou de relire) Machiavel. Au palmar\u00e8s des termes employ\u00e9s \u00e0 contresens, celui de machiav\u00e9lisme occupe le haut du classement, avec celui de cynisme, dont la signification originelle, toute de sagesse et de libert\u00e9, est l\u2019exact contraire de ce qu\u2019elle recouvre aujourd\u2019hui.<\/p>\n<p>UN V\u0152U\u202f: QUE LES DIRIGEANTS AFRICAINS DEVIENNENT MACHIAV\u00c9LIENS\u2009!<\/p>\n<p>Nicolas Machiavel \u00e9tait un r\u00e9aliste et un penseur politique hors pair, et ce qu\u2019il nous dit dans Le Prince m\u00e9rite d\u2019\u00eatre grav\u00e9 au frontispice de tous les palais pr\u00e9sidentiels\u202f: \u00ab\u202fLes princes d\u00e9chus sont ceux qui, durant le calme, ne se sont point inqui\u00e9t\u00e9s de la temp\u00eate.\u202f\u00bb En d\u2019autres termes, explique le philosophe Roger-Pol Droit, \u00ab\u202fsi le prince doit n\u2019avoir qu\u2019une vertu, c\u2019est celle de savoir anticiper. Lorsqu\u2019on pr\u00e9voit le mal de loin, ce qui n\u2019est donn\u00e9 qu\u2019aux hommes dou\u00e9s d\u2019une grande sagacit\u00e9, on le gu\u00e9rit bient\u00f4t\u2009; mais lorsque, par d\u00e9faut de lumi\u00e8re, on n\u2019a su le voir que lorsqu\u2019il frappe tous les yeux, la cure se trouve impossible\u202f\u00bb. Et il n\u2019y a plus rien \u00e0 faire.<\/p>\n<p>Combien, parmi nos chefs, sont capables de distinguer les signaux faibles et d\u2019agir en cons\u00e9quence avant que vienne la temp\u00eate\u2009? Un v\u0153u\u202f: que les dirigeants africains deviennent machiav\u00e9liens\u2009!<\/p>\n<p>Sans limites<\/p>\n<p>(\u2026)<\/p>\n<p>La suite r\u00e9serv\u00e9e aux abonn\u00e9s de Jeune-Afrique<\/p>\n<p>Photo \u00e0 la Une: Dans le nouveau stade olympique de 60 000 places de la C\u00f4te d\u2019Ivoire, \u00e0 Ebimpe, \u00e0 l\u2019ext\u00e9rieur d\u2019Abidjan, le 3 octobre 2020, en pr\u00e9vision de la Coupe d\u2019Afrique des nations 2023.<\/p>\n","protected":false},"excerpt":{"rendered":"<p>Africa-Press &#8211; C\u00f4te d&rsquo;Ivoire. Directeur de la r\u00e9daction de Jeune Afrique Si la Chine et la Russie venaient \u00e0 s\u2019entendre pour faire face \u00e0 l\u2019Occident, les cartes s\u2019en trouveraient totalement boulevers\u00e9es sur le continent. Dans un monde o\u00f9 les lyncheurs du num\u00e9rique chassent en meute et o\u00f9 l\u2019anonymat lib\u00e8re le pire de l\u2019esp\u00e8ce humaine, au [&hellip;]<\/p>\n","protected":false},"author":82,"featured_media":10811,"comment_status":"open","ping_status":"closed","sticky":false,"template":"","format":"standard","meta":{"footnotes":""},"categories":[22,11,10],"tags":[56,63,29],"class_list":["post-10812","post","type-post","status-publish","format-standard","has-post-thumbnail","hentry","category-divers","category-homepage-french","category-toutes-les-actualites","tag-africa-press","tag-africa-press-cote-divoire","tag-cote-divoire"],"yoast_head":"<!-- This site is optimized with the Yoast SEO Premium plugin v26.1 (Yoast SEO v27.0) - https:\/\/yoast.com\/product\/yoast-seo-premium-wordpress\/ -->\n<title>Les Africains doivent devenir machiav\u00e9liques selon Fran\u00e7ois Soudan - C\u00f4te d&#039;Ivoire<\/title>\n<meta name=\"description\" content=\"Directeur de la r\u00e9daction de Jeune Afrique Si la Chine et la Russie venaient \u00e0 s\u2019entendre pour faire face \u00e0 l\u2019Occident, ...\" \/>\n<meta name=\"robots\" content=\"index, follow, max-snippet:-1, max-image-preview:large, max-video-preview:-1\" \/>\n<link rel=\"canonical\" href=\"https:\/\/www.africa-press.net\/cotedivoire\/toutes-les-actualites\/les-africains-doivent-devenir-machiaveliques-selon-francois-soudan\" \/>\n<meta property=\"og:locale\" content=\"fr_FR\" \/>\n<meta property=\"og:type\" content=\"article\" \/>\n<meta property=\"og:title\" content=\"Les Africains doivent devenir machiav\u00e9liques selon Fran\u00e7ois Soudan\" \/>\n<meta property=\"og:description\" content=\"Directeur de la r\u00e9daction de Jeune Afrique Si la Chine et la Russie venaient \u00e0 s\u2019entendre pour faire face \u00e0 l\u2019Occident, ...\" \/>\n<meta property=\"og:url\" content=\"https:\/\/www.africa-press.net\/cotedivoire\/toutes-les-actualites\/les-africains-doivent-devenir-machiaveliques-selon-francois-soudan\" \/>\n<meta property=\"og:site_name\" content=\"C\u00f4te d&#039;Ivoire\" \/>\n<meta property=\"article:published_time\" content=\"2021-08-03T14:21:14+00:00\" \/>\n<meta property=\"og:image\" content=\"https:\/\/static.africa-press.net\/cote\/sites\/43\/2021\/08\/img-61094dfd508aa.jpg\" \/>\n\t<meta property=\"og:image:width\" content=\"720\" \/>\n\t<meta property=\"og:image:height\" content=\"360\" \/>\n\t<meta property=\"og:image:type\" content=\"image\/jpeg\" \/>\n<meta name=\"author\" content=\"cfeditorfr\" \/>\n<meta name=\"twitter:card\" content=\"summary_large_image\" \/>\n<meta name=\"twitter:label1\" content=\"\u00c9crit par\" \/>\n\t<meta name=\"twitter:data1\" content=\"cfeditorfr\" \/>\n\t<meta name=\"twitter:label2\" content=\"Dur\u00e9e de lecture estim\u00e9e\" \/>\n\t<meta name=\"twitter:data2\" content=\"2 minutes\" \/>\n<script type=\"application\/ld+json\" class=\"yoast-schema-graph\">{\"@context\":\"https:\/\/schema.org\",\"@graph\":[{\"@type\":\"Article\",\"@id\":\"https:\/\/www.africa-press.net\/cotedivoire\/toutes-les-actualites\/les-africains-doivent-devenir-machiaveliques-selon-francois-soudan#article\",\"isPartOf\":{\"@id\":\"https:\/\/www.africa-press.net\/cotedivoire\/toutes-les-actualites\/les-africains-doivent-devenir-machiaveliques-selon-francois-soudan\"},\"author\":{\"name\":\"cfeditorfr\",\"@id\":\"https:\/\/www.africa-press.net\/cotedivoire\/#\/schema\/person\/2b1cf3cd81a31e3cd26889ca66d677f1\"},\"headline\":\"Les Africains doivent devenir machiav\u00e9liques selon Fran\u00e7ois Soudan\",\"datePublished\":\"2021-08-03T14:21:14+00:00\",\"mainEntityOfPage\":{\"@id\":\"https:\/\/www.africa-press.net\/cotedivoire\/toutes-les-actualites\/les-africains-doivent-devenir-machiaveliques-selon-francois-soudan\"},\"wordCount\":374,\"commentCount\":0,\"image\":{\"@id\":\"https:\/\/www.africa-press.net\/cotedivoire\/toutes-les-actualites\/les-africains-doivent-devenir-machiaveliques-selon-francois-soudan#primaryimage\"},\"thumbnailUrl\":\"https:\/\/static.africa-press.net\/cote\/sites\/43\/2021\/08\/img-61094dfd508aa.jpg\",\"keywords\":[\"Africa Press\",\"Africa Press-C\u00f4te d'Ivoire\",\"C\u00d4TE D'IVOIRE\"],\"articleSection\":[\"Divers\",\"homepage-french\",\"Toutes les actualit\u00e9s\"],\"inLanguage\":\"fr-FR\",\"potentialAction\":[{\"@type\":\"CommentAction\",\"name\":\"Comment\",\"target\":[\"https:\/\/www.africa-press.net\/cotedivoire\/toutes-les-actualites\/les-africains-doivent-devenir-machiaveliques-selon-francois-soudan#respond\"]}]},{\"@type\":\"WebPage\",\"@id\":\"https:\/\/www.africa-press.net\/cotedivoire\/toutes-les-actualites\/les-africains-doivent-devenir-machiaveliques-selon-francois-soudan\",\"url\":\"https:\/\/www.africa-press.net\/cotedivoire\/toutes-les-actualites\/les-africains-doivent-devenir-machiaveliques-selon-francois-soudan\",\"name\":\"Les Africains doivent devenir machiav\u00e9liques selon Fran\u00e7ois Soudan - C\u00f4te d&#039;Ivoire\",\"isPartOf\":{\"@id\":\"https:\/\/www.africa-press.net\/cotedivoire\/#website\"},\"primaryImageOfPage\":{\"@id\":\"https:\/\/www.africa-press.net\/cotedivoire\/toutes-les-actualites\/les-africains-doivent-devenir-machiaveliques-selon-francois-soudan#primaryimage\"},\"image\":{\"@id\":\"https:\/\/www.africa-press.net\/cotedivoire\/toutes-les-actualites\/les-africains-doivent-devenir-machiaveliques-selon-francois-soudan#primaryimage\"},\"thumbnailUrl\":\"https:\/\/static.africa-press.net\/cote\/sites\/43\/2021\/08\/img-61094dfd508aa.jpg\",\"datePublished\":\"2021-08-03T14:21:14+00:00\",\"author\":{\"@id\":\"https:\/\/www.africa-press.net\/cotedivoire\/#\/schema\/person\/2b1cf3cd81a31e3cd26889ca66d677f1\"},\"description\":\"Directeur de la r\u00e9daction de Jeune Afrique Si la Chine et la Russie venaient \u00e0 s\u2019entendre pour faire face \u00e0 l\u2019Occident, ...\",\"breadcrumb\":{\"@id\":\"https:\/\/www.africa-press.net\/cotedivoire\/toutes-les-actualites\/les-africains-doivent-devenir-machiaveliques-selon-francois-soudan#breadcrumb\"},\"inLanguage\":\"fr-FR\",\"potentialAction\":[{\"@type\":\"ReadAction\",\"target\":[\"https:\/\/www.africa-press.net\/cotedivoire\/toutes-les-actualites\/les-africains-doivent-devenir-machiaveliques-selon-francois-soudan\"]}]},{\"@type\":\"ImageObject\",\"inLanguage\":\"fr-FR\",\"@id\":\"https:\/\/www.africa-press.net\/cotedivoire\/toutes-les-actualites\/les-africains-doivent-devenir-machiaveliques-selon-francois-soudan#primaryimage\",\"url\":\"https:\/\/static.africa-press.net\/cote\/sites\/43\/2021\/08\/img-61094dfd508aa.jpg\",\"contentUrl\":\"https:\/\/static.africa-press.net\/cote\/sites\/43\/2021\/08\/img-61094dfd508aa.jpg\",\"width\":720,\"height\":360,\"caption\":\"Les Africains doivent devenir machiav\u00e9liques selon Fran\u00e7ois Soudan\"},{\"@type\":\"BreadcrumbList\",\"@id\":\"https:\/\/www.africa-press.net\/cotedivoire\/toutes-les-actualites\/les-africains-doivent-devenir-machiaveliques-selon-francois-soudan#breadcrumb\",\"itemListElement\":[{\"@type\":\"ListItem\",\"position\":1,\"name\":\"Accueil\",\"item\":\"https:\/\/www.africa-press.net\/cotedivoire\/\"},{\"@type\":\"ListItem\",\"position\":2,\"name\":\"Les Africains doivent devenir machiav\u00e9liques selon Fran\u00e7ois Soudan\"}]},{\"@type\":\"WebSite\",\"@id\":\"https:\/\/www.africa-press.net\/cotedivoire\/#website\",\"url\":\"https:\/\/www.africa-press.net\/cotedivoire\/\",\"name\":\"C\u00f4te d&#039;Ivoire\",\"description\":\"Just another Africa News Agency Sites site\",\"potentialAction\":[{\"@type\":\"SearchAction\",\"target\":{\"@type\":\"EntryPoint\",\"urlTemplate\":\"https:\/\/www.africa-press.net\/cotedivoire\/?s={search_term_string}\"},\"query-input\":{\"@type\":\"PropertyValueSpecification\",\"valueRequired\":true,\"valueName\":\"search_term_string\"}}],\"inLanguage\":\"fr-FR\"},{\"@type\":\"Person\",\"@id\":\"https:\/\/www.africa-press.net\/cotedivoire\/#\/schema\/person\/2b1cf3cd81a31e3cd26889ca66d677f1\",\"name\":\"cfeditorfr\"}]}<\/script>\n<!-- \/ Yoast SEO Premium plugin. -->","yoast_head_json":{"title":"Les Africains doivent devenir machiav\u00e9liques selon Fran\u00e7ois Soudan - C\u00f4te d&#039;Ivoire","description":"Directeur de la r\u00e9daction de Jeune Afrique Si la Chine et la Russie venaient \u00e0 s\u2019entendre pour faire face \u00e0 l\u2019Occident, ...","robots":{"index":"index","follow":"follow","max-snippet":"max-snippet:-1","max-image-preview":"max-image-preview:large","max-video-preview":"max-video-preview:-1"},"canonical":"https:\/\/www.africa-press.net\/cotedivoire\/toutes-les-actualites\/les-africains-doivent-devenir-machiaveliques-selon-francois-soudan","og_locale":"fr_FR","og_type":"article","og_title":"Les Africains doivent devenir machiav\u00e9liques selon Fran\u00e7ois Soudan","og_description":"Directeur de la r\u00e9daction de Jeune Afrique Si la Chine et la Russie venaient \u00e0 s\u2019entendre pour faire face \u00e0 l\u2019Occident, ...","og_url":"https:\/\/www.africa-press.net\/cotedivoire\/toutes-les-actualites\/les-africains-doivent-devenir-machiaveliques-selon-francois-soudan","og_site_name":"C\u00f4te d&#039;Ivoire","article_published_time":"2021-08-03T14:21:14+00:00","og_image":[{"width":720,"height":360,"url":"https:\/\/static.africa-press.net\/cote\/sites\/43\/2021\/08\/img-61094dfd508aa.jpg","type":"image\/jpeg"}],"author":"cfeditorfr","twitter_card":"summary_large_image","twitter_misc":{"\u00c9crit par":"cfeditorfr","Dur\u00e9e de lecture estim\u00e9e":"2 minutes"},"schema":{"@context":"https:\/\/schema.org","@graph":[{"@type":"Article","@id":"https:\/\/www.africa-press.net\/cotedivoire\/toutes-les-actualites\/les-africains-doivent-devenir-machiaveliques-selon-francois-soudan#article","isPartOf":{"@id":"https:\/\/www.africa-press.net\/cotedivoire\/toutes-les-actualites\/les-africains-doivent-devenir-machiaveliques-selon-francois-soudan"},"author":{"name":"cfeditorfr","@id":"https:\/\/www.africa-press.net\/cotedivoire\/#\/schema\/person\/2b1cf3cd81a31e3cd26889ca66d677f1"},"headline":"Les Africains doivent devenir machiav\u00e9liques selon Fran\u00e7ois Soudan","datePublished":"2021-08-03T14:21:14+00:00","mainEntityOfPage":{"@id":"https:\/\/www.africa-press.net\/cotedivoire\/toutes-les-actualites\/les-africains-doivent-devenir-machiaveliques-selon-francois-soudan"},"wordCount":374,"commentCount":0,"image":{"@id":"https:\/\/www.africa-press.net\/cotedivoire\/toutes-les-actualites\/les-africains-doivent-devenir-machiaveliques-selon-francois-soudan#primaryimage"},"thumbnailUrl":"https:\/\/static.africa-press.net\/cote\/sites\/43\/2021\/08\/img-61094dfd508aa.jpg","keywords":["Africa Press","Africa Press-C\u00f4te d'Ivoire","C\u00d4TE D'IVOIRE"],"articleSection":["Divers","homepage-french","Toutes les actualit\u00e9s"],"inLanguage":"fr-FR","potentialAction":[{"@type":"CommentAction","name":"Comment","target":["https:\/\/www.africa-press.net\/cotedivoire\/toutes-les-actualites\/les-africains-doivent-devenir-machiaveliques-selon-francois-soudan#respond"]}]},{"@type":"WebPage","@id":"https:\/\/www.africa-press.net\/cotedivoire\/toutes-les-actualites\/les-africains-doivent-devenir-machiaveliques-selon-francois-soudan","url":"https:\/\/www.africa-press.net\/cotedivoire\/toutes-les-actualites\/les-africains-doivent-devenir-machiaveliques-selon-francois-soudan","name":"Les Africains doivent devenir machiav\u00e9liques selon Fran\u00e7ois Soudan - C\u00f4te d&#039;Ivoire","isPartOf":{"@id":"https:\/\/www.africa-press.net\/cotedivoire\/#website"},"primaryImageOfPage":{"@id":"https:\/\/www.africa-press.net\/cotedivoire\/toutes-les-actualites\/les-africains-doivent-devenir-machiaveliques-selon-francois-soudan#primaryimage"},"image":{"@id":"https:\/\/www.africa-press.net\/cotedivoire\/toutes-les-actualites\/les-africains-doivent-devenir-machiaveliques-selon-francois-soudan#primaryimage"},"thumbnailUrl":"https:\/\/static.africa-press.net\/cote\/sites\/43\/2021\/08\/img-61094dfd508aa.jpg","datePublished":"2021-08-03T14:21:14+00:00","author":{"@id":"https:\/\/www.africa-press.net\/cotedivoire\/#\/schema\/person\/2b1cf3cd81a31e3cd26889ca66d677f1"},"description":"Directeur de la r\u00e9daction de Jeune Afrique Si la Chine et la Russie venaient \u00e0 s\u2019entendre pour faire face \u00e0 l\u2019Occident, ...","breadcrumb":{"@id":"https:\/\/www.africa-press.net\/cotedivoire\/toutes-les-actualites\/les-africains-doivent-devenir-machiaveliques-selon-francois-soudan#breadcrumb"},"inLanguage":"fr-FR","potentialAction":[{"@type":"ReadAction","target":["https:\/\/www.africa-press.net\/cotedivoire\/toutes-les-actualites\/les-africains-doivent-devenir-machiaveliques-selon-francois-soudan"]}]},{"@type":"ImageObject","inLanguage":"fr-FR","@id":"https:\/\/www.africa-press.net\/cotedivoire\/toutes-les-actualites\/les-africains-doivent-devenir-machiaveliques-selon-francois-soudan#primaryimage","url":"https:\/\/static.africa-press.net\/cote\/sites\/43\/2021\/08\/img-61094dfd508aa.jpg","contentUrl":"https:\/\/static.africa-press.net\/cote\/sites\/43\/2021\/08\/img-61094dfd508aa.jpg","width":720,"height":360,"caption":"Les Africains doivent devenir machiav\u00e9liques selon Fran\u00e7ois Soudan"},{"@type":"BreadcrumbList","@id":"https:\/\/www.africa-press.net\/cotedivoire\/toutes-les-actualites\/les-africains-doivent-devenir-machiaveliques-selon-francois-soudan#breadcrumb","itemListElement":[{"@type":"ListItem","position":1,"name":"Accueil","item":"https:\/\/www.africa-press.net\/cotedivoire\/"},{"@type":"ListItem","position":2,"name":"Les Africains doivent devenir machiav\u00e9liques selon Fran\u00e7ois Soudan"}]},{"@type":"WebSite","@id":"https:\/\/www.africa-press.net\/cotedivoire\/#website","url":"https:\/\/www.africa-press.net\/cotedivoire\/","name":"C\u00f4te d&#039;Ivoire","description":"Just another Africa News Agency Sites site","potentialAction":[{"@type":"SearchAction","target":{"@type":"EntryPoint","urlTemplate":"https:\/\/www.africa-press.net\/cotedivoire\/?s={search_term_string}"},"query-input":{"@type":"PropertyValueSpecification","valueRequired":true,"valueName":"search_term_string"}}],"inLanguage":"fr-FR"},{"@type":"Person","@id":"https:\/\/www.africa-press.net\/cotedivoire\/#\/schema\/person\/2b1cf3cd81a31e3cd26889ca66d677f1","name":"cfeditorfr"}]}},"_links":{"self":[{"href":"https:\/\/www.africa-press.net\/cotedivoire\/wp-json\/wp\/v2\/posts\/10812","targetHints":{"allow":["GET"]}}],"collection":[{"href":"https:\/\/www.africa-press.net\/cotedivoire\/wp-json\/wp\/v2\/posts"}],"about":[{"href":"https:\/\/www.africa-press.net\/cotedivoire\/wp-json\/wp\/v2\/types\/post"}],"author":[{"embeddable":true,"href":"https:\/\/www.africa-press.net\/cotedivoire\/wp-json\/wp\/v2\/users\/82"}],"replies":[{"embeddable":true,"href":"https:\/\/www.africa-press.net\/cotedivoire\/wp-json\/wp\/v2\/comments?post=10812"}],"version-history":[{"count":0,"href":"https:\/\/www.africa-press.net\/cotedivoire\/wp-json\/wp\/v2\/posts\/10812\/revisions"}],"wp:featuredmedia":[{"embeddable":true,"href":"https:\/\/www.africa-press.net\/cotedivoire\/wp-json\/wp\/v2\/media\/10811"}],"wp:attachment":[{"href":"https:\/\/www.africa-press.net\/cotedivoire\/wp-json\/wp\/v2\/media?parent=10812"}],"wp:term":[{"taxonomy":"category","embeddable":true,"href":"https:\/\/www.africa-press.net\/cotedivoire\/wp-json\/wp\/v2\/categories?post=10812"},{"taxonomy":"post_tag","embeddable":true,"href":"https:\/\/www.africa-press.net\/cotedivoire\/wp-json\/wp\/v2\/tags?post=10812"}],"curies":[{"name":"wp","href":"https:\/\/api.w.org\/{rel}","templated":true}]}}