{"id":10818,"date":"2021-08-03T14:32:44","date_gmt":"2021-08-03T14:32:44","guid":{"rendered":"https:\/\/www.africa-press.net\/cotedivoire\/?p=10818"},"modified":"2021-08-03T19:10:23","modified_gmt":"2021-08-03T19:10:23","slug":"ce-que-laurent-gbagbo-les-epouses-et-epoux-des-detenus-se-sont-dits-hier-en-cote-divoire","status":"publish","type":"post","link":"https:\/\/www.africa-press.net\/cotedivoire\/politique\/ce-que-laurent-gbagbo-les-epouses-et-epoux-des-detenus-se-sont-dits-hier-en-cote-divoire","title":{"rendered":"Ce que Laurent Gbagbo, les \u00e9pouses et \u00e9poux des d\u00e9tenus se sont dits hier en C\u00f4te-d\u2019Ivoire"},"content":{"rendered":"<p><span style=\"color: #ff6600\"><strong><a href=\"https:\/\/www.africa-press.net\/\">Africa-Press<\/a> &#8211; <a href=\"https:\/\/www.africa-press.net\/cotedivoire\">C\u00f4te d&rsquo;Ivoire<\/a>. <\/strong><\/span>Son Excellence le Pr\u00e9sident Laurent GBAGBO a re\u00e7u, en audience, les conjoints de tous les prisonniers des diff\u00e9rentes crises politiques depuis 2011, sans distinction d\u2019opinion politique, ce lundi 02 Ao\u00fbt 2021 \u00e0 11 heures en son cabinet (ancien QG de campagne) sis \u00e0 la Riviera Attoban derri\u00e8re le commissariat du 30 eme arrondissement.<\/p>\n<p>Ces \u00e9pouses venues tr\u00e8s nombreuses sont regroup\u00e9es au sein de trois (03) associations : L\u2019association des femmes et familles des d\u00e9tenus d\u2019opinion en C\u00f4te d\u2019Ivoire (AFFDO-CI) pr\u00e9sid\u00e9e par Mme D\u00e9sir\u00e9e Douati, le Collectif des femmes et parents des d\u00e9tenus politiques de la Crise Post-\u00e9lectorale de C\u00f4te d\u2019Ivoire (Cofed) pr\u00e9sid\u00e9e par Mme Simone Datte et le collectifs des detenus de GPS, pr\u00e9sid\u00e9 par Mme Anne Marie Bonifon.<\/p>\n<p>Quatre interventions ont meubl\u00e9 la rencontre du jour : celle du Secr\u00e9taire g\u00e9n\u00e9ral du FPI, Dr ASSOA Adou, de Mme Georgette Dogbo Bl\u00e9 du COFED, de Mme Dosso Seydou du GPS et du Pr\u00e9sident Laurent Gbagbo.<\/p>\n","protected":false},"excerpt":{"rendered":"<p>Africa-Press &#8211; C\u00f4te d&rsquo;Ivoire. Son Excellence le Pr\u00e9sident Laurent GBAGBO a re\u00e7u, en audience, les conjoints de tous les prisonniers des diff\u00e9rentes crises politiques depuis 2011, sans distinction d\u2019opinion politique, ce lundi 02 Ao\u00fbt 2021 \u00e0 11 heures en son cabinet (ancien QG de campagne) sis \u00e0 la Riviera Attoban derri\u00e8re le commissariat du 30 [&hellip;]<\/p>\n","protected":false},"author":82,"featured_media":10817,"comment_status":"open","ping_status":"closed","sticky":false,"template":"","format":"standard","meta":{"footnotes":""},"categories":[11,2,20,10],"tags":[56,63,29],"class_list":["post-10818","post","type-post","status-publish","format-standard","has-post-thumbnail","hentry","category-homepage-french","category-politique","category-top-nouvelles","category-toutes-les-actualites","tag-africa-press","tag-africa-press-cote-divoire","tag-cote-divoire"],"yoast_head":"<!-- This site is optimized with the Yoast SEO Premium plugin v26.1 (Yoast SEO v27.0) - https:\/\/yoast.com\/product\/yoast-seo-premium-wordpress\/ -->\n<title>Ce que Laurent Gbagbo, les \u00e9pouses et \u00e9poux des d\u00e9tenus se sont dits hier en C\u00f4te-d\u2019Ivoire - C\u00f4te d&#039;Ivoire<\/title>\n<meta name=\"description\" content=\"Son Excellence le Pr\u00e9sident Laurent GBAGBO a re\u00e7u, en audience, les conjoints de tous les prisonniers des diff\u00e9rentes cr ...\" \/>\n<meta name=\"robots\" content=\"index, follow, max-snippet:-1, max-image-preview:large, max-video-preview:-1\" \/>\n<link rel=\"canonical\" href=\"https:\/\/www.africa-press.net\/cotedivoire\/politique\/ce-que-laurent-gbagbo-les-epouses-et-epoux-des-detenus-se-sont-dits-hier-en-cote-divoire\" \/>\n<meta property=\"og:locale\" content=\"fr_FR\" \/>\n<meta property=\"og:type\" content=\"article\" \/>\n<meta property=\"og:title\" content=\"Ce que Laurent Gbagbo, les \u00e9pouses et \u00e9poux des d\u00e9tenus se sont dits hier en C\u00f4te-d\u2019Ivoire\" \/>\n<meta property=\"og:description\" content=\"Son Excellence le Pr\u00e9sident Laurent GBAGBO a re\u00e7u, en audience, les conjoints de tous les prisonniers des diff\u00e9rentes cr ...\" \/>\n<meta property=\"og:url\" content=\"https:\/\/www.africa-press.net\/cotedivoire\/politique\/ce-que-laurent-gbagbo-les-epouses-et-epoux-des-detenus-se-sont-dits-hier-en-cote-divoire\" \/>\n<meta property=\"og:site_name\" content=\"C\u00f4te d&#039;Ivoire\" \/>\n<meta property=\"article:published_time\" content=\"2021-08-03T14:32:44+00:00\" \/>\n<meta property=\"article:modified_time\" content=\"2021-08-03T19:10:23+00:00\" \/>\n<meta property=\"og:image\" content=\"https:\/\/static.africa-press.net\/cote\/sites\/43\/2021\/08\/img-61094e51e9d10.jpg\" \/>\n\t<meta property=\"og:image:width\" content=\"720\" \/>\n\t<meta property=\"og:image:height\" content=\"480\" \/>\n\t<meta property=\"og:image:type\" content=\"image\/jpeg\" \/>\n<meta name=\"author\" content=\"cfeditorfr\" \/>\n<meta name=\"twitter:card\" content=\"summary_large_image\" \/>\n<meta name=\"twitter:label1\" content=\"\u00c9crit par\" \/>\n\t<meta name=\"twitter:data1\" content=\"cfeditorfr\" \/>\n\t<meta name=\"twitter:label2\" content=\"Dur\u00e9e de lecture estim\u00e9e\" \/>\n\t<meta name=\"twitter:data2\" content=\"1 minute\" \/>\n<script type=\"application\/ld+json\" class=\"yoast-schema-graph\">{\"@context\":\"https:\/\/schema.org\",\"@graph\":[{\"@type\":\"Article\",\"@id\":\"https:\/\/www.africa-press.net\/cotedivoire\/politique\/ce-que-laurent-gbagbo-les-epouses-et-epoux-des-detenus-se-sont-dits-hier-en-cote-divoire#article\",\"isPartOf\":{\"@id\":\"https:\/\/www.africa-press.net\/cotedivoire\/politique\/ce-que-laurent-gbagbo-les-epouses-et-epoux-des-detenus-se-sont-dits-hier-en-cote-divoire\"},\"author\":{\"name\":\"cfeditorfr\",\"@id\":\"https:\/\/www.africa-press.net\/cotedivoire\/#\/schema\/person\/2b1cf3cd81a31e3cd26889ca66d677f1\"},\"headline\":\"Ce que Laurent Gbagbo, les \u00e9pouses et \u00e9poux des d\u00e9tenus se sont dits hier en C\u00f4te-d\u2019Ivoire\",\"datePublished\":\"2021-08-03T14:32:44+00:00\",\"dateModified\":\"2021-08-03T19:10:23+00:00\",\"mainEntityOfPage\":{\"@id\":\"https:\/\/www.africa-press.net\/cotedivoire\/politique\/ce-que-laurent-gbagbo-les-epouses-et-epoux-des-detenus-se-sont-dits-hier-en-cote-divoire\"},\"wordCount\":198,\"commentCount\":0,\"image\":{\"@id\":\"https:\/\/www.africa-press.net\/cotedivoire\/politique\/ce-que-laurent-gbagbo-les-epouses-et-epoux-des-detenus-se-sont-dits-hier-en-cote-divoire#primaryimage\"},\"thumbnailUrl\":\"https:\/\/static.africa-press.net\/cote\/sites\/43\/2021\/08\/img-61094e51e9d10.jpg\",\"keywords\":[\"Africa Press\",\"Africa Press-C\u00f4te d'Ivoire\",\"C\u00d4TE D'IVOIRE\"],\"articleSection\":[\"homepage-french\",\"Politique\",\"Top Nouvelles\",\"Toutes les actualit\u00e9s\"],\"inLanguage\":\"fr-FR\",\"potentialAction\":[{\"@type\":\"CommentAction\",\"name\":\"Comment\",\"target\":[\"https:\/\/www.africa-press.net\/cotedivoire\/politique\/ce-que-laurent-gbagbo-les-epouses-et-epoux-des-detenus-se-sont-dits-hier-en-cote-divoire#respond\"]}]},{\"@type\":\"WebPage\",\"@id\":\"https:\/\/www.africa-press.net\/cotedivoire\/politique\/ce-que-laurent-gbagbo-les-epouses-et-epoux-des-detenus-se-sont-dits-hier-en-cote-divoire\",\"url\":\"https:\/\/www.africa-press.net\/cotedivoire\/politique\/ce-que-laurent-gbagbo-les-epouses-et-epoux-des-detenus-se-sont-dits-hier-en-cote-divoire\",\"name\":\"Ce que Laurent Gbagbo, les \u00e9pouses et \u00e9poux des d\u00e9tenus se sont dits hier en C\u00f4te-d\u2019Ivoire - C\u00f4te d&#039;Ivoire\",\"isPartOf\":{\"@id\":\"https:\/\/www.africa-press.net\/cotedivoire\/#website\"},\"primaryImageOfPage\":{\"@id\":\"https:\/\/www.africa-press.net\/cotedivoire\/politique\/ce-que-laurent-gbagbo-les-epouses-et-epoux-des-detenus-se-sont-dits-hier-en-cote-divoire#primaryimage\"},\"image\":{\"@id\":\"https:\/\/www.africa-press.net\/cotedivoire\/politique\/ce-que-laurent-gbagbo-les-epouses-et-epoux-des-detenus-se-sont-dits-hier-en-cote-divoire#primaryimage\"},\"thumbnailUrl\":\"https:\/\/static.africa-press.net\/cote\/sites\/43\/2021\/08\/img-61094e51e9d10.jpg\",\"datePublished\":\"2021-08-03T14:32:44+00:00\",\"dateModified\":\"2021-08-03T19:10:23+00:00\",\"author\":{\"@id\":\"https:\/\/www.africa-press.net\/cotedivoire\/#\/schema\/person\/2b1cf3cd81a31e3cd26889ca66d677f1\"},\"description\":\"Son Excellence le Pr\u00e9sident Laurent GBAGBO a re\u00e7u, en audience, les conjoints de tous les prisonniers des diff\u00e9rentes cr ...\",\"breadcrumb\":{\"@id\":\"https:\/\/www.africa-press.net\/cotedivoire\/politique\/ce-que-laurent-gbagbo-les-epouses-et-epoux-des-detenus-se-sont-dits-hier-en-cote-divoire#breadcrumb\"},\"inLanguage\":\"fr-FR\",\"potentialAction\":[{\"@type\":\"ReadAction\",\"target\":[\"https:\/\/www.africa-press.net\/cotedivoire\/politique\/ce-que-laurent-gbagbo-les-epouses-et-epoux-des-detenus-se-sont-dits-hier-en-cote-divoire\"]}]},{\"@type\":\"ImageObject\",\"inLanguage\":\"fr-FR\",\"@id\":\"https:\/\/www.africa-press.net\/cotedivoire\/politique\/ce-que-laurent-gbagbo-les-epouses-et-epoux-des-detenus-se-sont-dits-hier-en-cote-divoire#primaryimage\",\"url\":\"https:\/\/static.africa-press.net\/cote\/sites\/43\/2021\/08\/img-61094e51e9d10.jpg\",\"contentUrl\":\"https:\/\/static.africa-press.net\/cote\/sites\/43\/2021\/08\/img-61094e51e9d10.jpg\",\"width\":720,\"height\":480,\"caption\":\"Ce que Laurent Gbagbo, les \u00e9pouses et \u00e9poux des d\u00e9tenus se sont dits hier en C\u00f4te-d\u2019Ivoire\"},{\"@type\":\"BreadcrumbList\",\"@id\":\"https:\/\/www.africa-press.net\/cotedivoire\/politique\/ce-que-laurent-gbagbo-les-epouses-et-epoux-des-detenus-se-sont-dits-hier-en-cote-divoire#breadcrumb\",\"itemListElement\":[{\"@type\":\"ListItem\",\"position\":1,\"name\":\"Accueil\",\"item\":\"https:\/\/www.africa-press.net\/cotedivoire\/\"},{\"@type\":\"ListItem\",\"position\":2,\"name\":\"Ce que Laurent Gbagbo, les \u00e9pouses et \u00e9poux des d\u00e9tenus se sont dits hier en C\u00f4te-d\u2019Ivoire\"}]},{\"@type\":\"WebSite\",\"@id\":\"https:\/\/www.africa-press.net\/cotedivoire\/#website\",\"url\":\"https:\/\/www.africa-press.net\/cotedivoire\/\",\"name\":\"C\u00f4te d&#039;Ivoire\",\"description\":\"Just another Africa News Agency Sites site\",\"potentialAction\":[{\"@type\":\"SearchAction\",\"target\":{\"@type\":\"EntryPoint\",\"urlTemplate\":\"https:\/\/www.africa-press.net\/cotedivoire\/?s={search_term_string}\"},\"query-input\":{\"@type\":\"PropertyValueSpecification\",\"valueRequired\":true,\"valueName\":\"search_term_string\"}}],\"inLanguage\":\"fr-FR\"},{\"@type\":\"Person\",\"@id\":\"https:\/\/www.africa-press.net\/cotedivoire\/#\/schema\/person\/2b1cf3cd81a31e3cd26889ca66d677f1\",\"name\":\"cfeditorfr\"}]}<\/script>\n<!-- \/ Yoast SEO Premium plugin. -->","yoast_head_json":{"title":"Ce que Laurent Gbagbo, les \u00e9pouses et \u00e9poux des d\u00e9tenus se sont dits hier en C\u00f4te-d\u2019Ivoire - C\u00f4te d&#039;Ivoire","description":"Son Excellence le Pr\u00e9sident Laurent GBAGBO a re\u00e7u, en audience, les conjoints de tous les prisonniers des diff\u00e9rentes cr ...","robots":{"index":"index","follow":"follow","max-snippet":"max-snippet:-1","max-image-preview":"max-image-preview:large","max-video-preview":"max-video-preview:-1"},"canonical":"https:\/\/www.africa-press.net\/cotedivoire\/politique\/ce-que-laurent-gbagbo-les-epouses-et-epoux-des-detenus-se-sont-dits-hier-en-cote-divoire","og_locale":"fr_FR","og_type":"article","og_title":"Ce que Laurent Gbagbo, les \u00e9pouses et \u00e9poux des d\u00e9tenus se sont dits hier en C\u00f4te-d\u2019Ivoire","og_description":"Son Excellence le Pr\u00e9sident Laurent GBAGBO a re\u00e7u, en audience, les conjoints de tous les prisonniers des diff\u00e9rentes cr ...","og_url":"https:\/\/www.africa-press.net\/cotedivoire\/politique\/ce-que-laurent-gbagbo-les-epouses-et-epoux-des-detenus-se-sont-dits-hier-en-cote-divoire","og_site_name":"C\u00f4te d&#039;Ivoire","article_published_time":"2021-08-03T14:32:44+00:00","article_modified_time":"2021-08-03T19:10:23+00:00","og_image":[{"width":720,"height":480,"url":"https:\/\/static.africa-press.net\/cote\/sites\/43\/2021\/08\/img-61094e51e9d10.jpg","type":"image\/jpeg"}],"author":"cfeditorfr","twitter_card":"summary_large_image","twitter_misc":{"\u00c9crit par":"cfeditorfr","Dur\u00e9e de lecture estim\u00e9e":"1 minute"},"schema":{"@context":"https:\/\/schema.org","@graph":[{"@type":"Article","@id":"https:\/\/www.africa-press.net\/cotedivoire\/politique\/ce-que-laurent-gbagbo-les-epouses-et-epoux-des-detenus-se-sont-dits-hier-en-cote-divoire#article","isPartOf":{"@id":"https:\/\/www.africa-press.net\/cotedivoire\/politique\/ce-que-laurent-gbagbo-les-epouses-et-epoux-des-detenus-se-sont-dits-hier-en-cote-divoire"},"author":{"name":"cfeditorfr","@id":"https:\/\/www.africa-press.net\/cotedivoire\/#\/schema\/person\/2b1cf3cd81a31e3cd26889ca66d677f1"},"headline":"Ce que Laurent Gbagbo, les \u00e9pouses et \u00e9poux des d\u00e9tenus se sont dits hier en C\u00f4te-d\u2019Ivoire","datePublished":"2021-08-03T14:32:44+00:00","dateModified":"2021-08-03T19:10:23+00:00","mainEntityOfPage":{"@id":"https:\/\/www.africa-press.net\/cotedivoire\/politique\/ce-que-laurent-gbagbo-les-epouses-et-epoux-des-detenus-se-sont-dits-hier-en-cote-divoire"},"wordCount":198,"commentCount":0,"image":{"@id":"https:\/\/www.africa-press.net\/cotedivoire\/politique\/ce-que-laurent-gbagbo-les-epouses-et-epoux-des-detenus-se-sont-dits-hier-en-cote-divoire#primaryimage"},"thumbnailUrl":"https:\/\/static.africa-press.net\/cote\/sites\/43\/2021\/08\/img-61094e51e9d10.jpg","keywords":["Africa Press","Africa Press-C\u00f4te d'Ivoire","C\u00d4TE D'IVOIRE"],"articleSection":["homepage-french","Politique","Top Nouvelles","Toutes les actualit\u00e9s"],"inLanguage":"fr-FR","potentialAction":[{"@type":"CommentAction","name":"Comment","target":["https:\/\/www.africa-press.net\/cotedivoire\/politique\/ce-que-laurent-gbagbo-les-epouses-et-epoux-des-detenus-se-sont-dits-hier-en-cote-divoire#respond"]}]},{"@type":"WebPage","@id":"https:\/\/www.africa-press.net\/cotedivoire\/politique\/ce-que-laurent-gbagbo-les-epouses-et-epoux-des-detenus-se-sont-dits-hier-en-cote-divoire","url":"https:\/\/www.africa-press.net\/cotedivoire\/politique\/ce-que-laurent-gbagbo-les-epouses-et-epoux-des-detenus-se-sont-dits-hier-en-cote-divoire","name":"Ce que Laurent Gbagbo, les \u00e9pouses et \u00e9poux des d\u00e9tenus se sont dits hier en C\u00f4te-d\u2019Ivoire - C\u00f4te d&#039;Ivoire","isPartOf":{"@id":"https:\/\/www.africa-press.net\/cotedivoire\/#website"},"primaryImageOfPage":{"@id":"https:\/\/www.africa-press.net\/cotedivoire\/politique\/ce-que-laurent-gbagbo-les-epouses-et-epoux-des-detenus-se-sont-dits-hier-en-cote-divoire#primaryimage"},"image":{"@id":"https:\/\/www.africa-press.net\/cotedivoire\/politique\/ce-que-laurent-gbagbo-les-epouses-et-epoux-des-detenus-se-sont-dits-hier-en-cote-divoire#primaryimage"},"thumbnailUrl":"https:\/\/static.africa-press.net\/cote\/sites\/43\/2021\/08\/img-61094e51e9d10.jpg","datePublished":"2021-08-03T14:32:44+00:00","dateModified":"2021-08-03T19:10:23+00:00","author":{"@id":"https:\/\/www.africa-press.net\/cotedivoire\/#\/schema\/person\/2b1cf3cd81a31e3cd26889ca66d677f1"},"description":"Son Excellence le Pr\u00e9sident Laurent GBAGBO a re\u00e7u, en audience, les conjoints de tous les prisonniers des diff\u00e9rentes cr ...","breadcrumb":{"@id":"https:\/\/www.africa-press.net\/cotedivoire\/politique\/ce-que-laurent-gbagbo-les-epouses-et-epoux-des-detenus-se-sont-dits-hier-en-cote-divoire#breadcrumb"},"inLanguage":"fr-FR","potentialAction":[{"@type":"ReadAction","target":["https:\/\/www.africa-press.net\/cotedivoire\/politique\/ce-que-laurent-gbagbo-les-epouses-et-epoux-des-detenus-se-sont-dits-hier-en-cote-divoire"]}]},{"@type":"ImageObject","inLanguage":"fr-FR","@id":"https:\/\/www.africa-press.net\/cotedivoire\/politique\/ce-que-laurent-gbagbo-les-epouses-et-epoux-des-detenus-se-sont-dits-hier-en-cote-divoire#primaryimage","url":"https:\/\/static.africa-press.net\/cote\/sites\/43\/2021\/08\/img-61094e51e9d10.jpg","contentUrl":"https:\/\/static.africa-press.net\/cote\/sites\/43\/2021\/08\/img-61094e51e9d10.jpg","width":720,"height":480,"caption":"Ce que Laurent Gbagbo, les \u00e9pouses et \u00e9poux des d\u00e9tenus se sont dits hier en C\u00f4te-d\u2019Ivoire"},{"@type":"BreadcrumbList","@id":"https:\/\/www.africa-press.net\/cotedivoire\/politique\/ce-que-laurent-gbagbo-les-epouses-et-epoux-des-detenus-se-sont-dits-hier-en-cote-divoire#breadcrumb","itemListElement":[{"@type":"ListItem","position":1,"name":"Accueil","item":"https:\/\/www.africa-press.net\/cotedivoire\/"},{"@type":"ListItem","position":2,"name":"Ce que Laurent Gbagbo, les \u00e9pouses et \u00e9poux des d\u00e9tenus se sont dits hier en C\u00f4te-d\u2019Ivoire"}]},{"@type":"WebSite","@id":"https:\/\/www.africa-press.net\/cotedivoire\/#website","url":"https:\/\/www.africa-press.net\/cotedivoire\/","name":"C\u00f4te d&#039;Ivoire","description":"Just another Africa News Agency Sites site","potentialAction":[{"@type":"SearchAction","target":{"@type":"EntryPoint","urlTemplate":"https:\/\/www.africa-press.net\/cotedivoire\/?s={search_term_string}"},"query-input":{"@type":"PropertyValueSpecification","valueRequired":true,"valueName":"search_term_string"}}],"inLanguage":"fr-FR"},{"@type":"Person","@id":"https:\/\/www.africa-press.net\/cotedivoire\/#\/schema\/person\/2b1cf3cd81a31e3cd26889ca66d677f1","name":"cfeditorfr"}]}},"_links":{"self":[{"href":"https:\/\/www.africa-press.net\/cotedivoire\/wp-json\/wp\/v2\/posts\/10818","targetHints":{"allow":["GET"]}}],"collection":[{"href":"https:\/\/www.africa-press.net\/cotedivoire\/wp-json\/wp\/v2\/posts"}],"about":[{"href":"https:\/\/www.africa-press.net\/cotedivoire\/wp-json\/wp\/v2\/types\/post"}],"author":[{"embeddable":true,"href":"https:\/\/www.africa-press.net\/cotedivoire\/wp-json\/wp\/v2\/users\/82"}],"replies":[{"embeddable":true,"href":"https:\/\/www.africa-press.net\/cotedivoire\/wp-json\/wp\/v2\/comments?post=10818"}],"version-history":[{"count":0,"href":"https:\/\/www.africa-press.net\/cotedivoire\/wp-json\/wp\/v2\/posts\/10818\/revisions"}],"wp:featuredmedia":[{"embeddable":true,"href":"https:\/\/www.africa-press.net\/cotedivoire\/wp-json\/wp\/v2\/media\/10817"}],"wp:attachment":[{"href":"https:\/\/www.africa-press.net\/cotedivoire\/wp-json\/wp\/v2\/media?parent=10818"}],"wp:term":[{"taxonomy":"category","embeddable":true,"href":"https:\/\/www.africa-press.net\/cotedivoire\/wp-json\/wp\/v2\/categories?post=10818"},{"taxonomy":"post_tag","embeddable":true,"href":"https:\/\/www.africa-press.net\/cotedivoire\/wp-json\/wp\/v2\/tags?post=10818"}],"curies":[{"name":"wp","href":"https:\/\/api.w.org\/{rel}","templated":true}]}}