{"id":10821,"date":"2021-08-03T14:42:28","date_gmt":"2021-08-03T14:42:28","guid":{"rendered":"https:\/\/www.africa-press.net\/cotedivoire\/?p=10821"},"modified":"2021-08-03T19:10:32","modified_gmt":"2021-08-03T19:10:32","slug":"la-direction-dassurance-reconnait-que-la-mise-sous-surveillance-permanente-de-la-matca-na-pas-ete-levee","status":"publish","type":"post","link":"https:\/\/www.africa-press.net\/cotedivoire\/economie\/la-direction-dassurance-reconnait-que-la-mise-sous-surveillance-permanente-de-la-matca-na-pas-ete-levee","title":{"rendered":"La direction d\u2019Assurance reconna\u00eet que \u00abLa mise sous surveillance permanente de la Matca n\u2019a pas \u00e9t\u00e9 lev\u00e9e\u00bb"},"content":{"rendered":"<p><span style=\"color: #ff6600\"><strong><a href=\"https:\/\/www.africa-press.net\/\">Africa-Press<\/a> &#8211; <a href=\"https:\/\/www.africa-press.net\/cotedivoire\">C\u00f4te d&rsquo;Ivoire<\/a>.\u00a0 <\/strong><\/span>Alors que les dirigeants actuels de la mutuelle d\u2019assurances des taxis compteurs d\u2019Abidjan (Matca) avaient indiqu\u00e9, il y a de cela quelques mois, en assembl\u00e9e g\u00e9n\u00e9rale extraordinaire que la mise sous surveillance permanente de la Matca a \u00e9t\u00e9 lev\u00e9e depuis lors, la direction d\u2019assurances vient d\u2019apporter un d\u00e9menti qui met fin aux vrais faux d\u00e9bats. Lors d\u2019une rencontre d\u2019\u00e9changes avec des d\u00e9l\u00e9gu\u00e9s et soci\u00e9taires de la mutuelle le vendredi 30 juillet dernier au si\u00e8ge de l\u2019assurance aux Deux-Plateau, le sous-directeur du contr\u00f4le des soci\u00e9t\u00e9s d\u2019Assurances, M.Assi Lucas Anney, assist\u00e9 de Kouakou Bah Simplice et Bouabo Lucien, a fait des r\u00e9v\u00e9lations de taille.<\/p>\n<p>\u00abToutes les soci\u00e9t\u00e9s sont sur surveillance permanente. La d\u00e9cision de la mise sous surveillance permanente de la Matca avait \u00e9t\u00e9 prise en 2010. Le courrier existe encore. Cette d\u00e9cision n\u2019a encore pas \u00e9t\u00e9 lev\u00e9e. Elle est toujours en cours puisqu\u2019aucun courrier n\u2019est venu abroger cette d\u00e9cision\u00bb a tranch\u00e9 M. Lucas Anney \u00e0 ses h\u00f4tes. Et de poursuivre, \u00ab dans le cadre de la surveillance permanente, les d\u00e9cisions sont port\u00e9es \u00e0 la connaissance de la Direction d\u2019assurance \u00bb.<\/p>\n<p>En 2010, , la CIMA en charge du contr\u00f4le, avait demand\u00e9 que la Matca soit mise sous surveillance permanente de la Direction des Assurances. En r\u00e9ponse \u00e0 cette injonction de la CIMA, le directeur d\u2019assurances avait demand\u00e9 aux responsables de la Matca que 500.000f CFA et plus ne serait d\u00e9caiss\u00e9 de la tr\u00e9sorerie de la mutuelle des taxis compteurs sans l\u2019avis des deux commissaires contr\u00f4leurs des Assurances \u00e0 la Direction des Assurances, Messieurs Kouakou Simplice et Gnizako Eloge. Les Commissaires contr\u00f4leurs doivent \u00eatre inform\u00e9s de toutes d\u00e9cisions importantes de gestion notamment : la signature de convention avec des tiers des administrateurs et dirigeants. En outre, toutes les d\u00e9penses de fonctionnement ou d\u2019investissement de la soci\u00e9t\u00e9, hormis celles relatives aux sinistres, dont le montant est sup\u00e9rieur ou \u00e9gale \u00e0 500.000f FCFA sont soumises \u00e0 l\u2019autorisation pr\u00e9alable des Commissaires Contr\u00f4leurs.<\/p>\n<p>Au regard de cette disposition, l\u2019on peut l\u00e9gitimement s\u2019interroger si la signature du r\u00e9cent partenariat de la Matca avec la microfinance, CREDAFRICA a eu l\u2019avale des commissaires contr\u00f4leurs ?<\/p>\n<p>Depuis quelques jours, un collectif de d\u00e9l\u00e9gu\u00e9s et soci\u00e9taires d\u00e9noncent la gestion opaque de l\u2019\u00e9quipe dirigeante actuelle de la mutuelle d\u2019assurance des taxis compteurs d\u2019Abidjan. Ils \u00e9voquent le co\u00fbt exorbitant (400 millions de F CFA) seulement pour le ravalement de fa\u00e7ade de l\u2019immeuble KM au Plateau. \u00ab C\u2019est trop. Jamais on nous a donn\u00e9 les \u00e9l\u00e9ments de preuves \u00bb se plaint Coulibaly Bakary dit Bako.<\/p>\n<p>Lors de la rencontre du vendredi 31 juillet dernier le sous directeur M.Assi Lucas Anney avait indiqu\u00e9 que le montant avait servi \u00e0 la peinture de l\u2019immeuble KM, \u00e0 l\u2019ascenseur, au renouvellement des fen\u00eatres et portes. \u00ab Quand il y a eu cette affaire, la direction d\u2019assurance a diligent\u00e9 une enqu\u00eate. Des preuves justificatives des montants d\u00e9pens\u00e9s ont \u00e9t\u00e9 donn\u00e9es \u00bb, a soulign\u00e9 le sous-directeur sans jamais apporter la moindre preuve. Pour Bako et Coulibaly Brahima, c\u2019est la preuve d\u2019une gestion opaque de la mutuelle. \u00ab Nous allons demander un audit de la Matca. C\u2019est notre droit en tant que soci\u00e9taire. S\u2019ils sont innocents de tout soup\u00e7on, on le saura. Si non on tirera les le\u00e7ons \u00bb, avertissent les soci\u00e9taires de la Matca. Affaire \u00e0 suivre. C\u2019est le lieu d\u2019indiquer et d\u2019interpeller que la transparence et la bonne gouvernance n\u2019ont pas droit de cit\u00e9 \u00e0 la Matca.<\/p>\n<p>&nbsp;<\/p>\n","protected":false},"excerpt":{"rendered":"<p>Africa-Press &#8211; C\u00f4te d&rsquo;Ivoire.\u00a0 Alors que les dirigeants actuels de la mutuelle d\u2019assurances des taxis compteurs d\u2019Abidjan (Matca) avaient indiqu\u00e9, il y a de cela quelques mois, en assembl\u00e9e g\u00e9n\u00e9rale extraordinaire que la mise sous surveillance permanente de la Matca a \u00e9t\u00e9 lev\u00e9e depuis lors, la direction d\u2019assurances vient d\u2019apporter un d\u00e9menti qui met fin [&hellip;]<\/p>\n","protected":false},"author":82,"featured_media":10820,"comment_status":"open","ping_status":"closed","sticky":false,"template":"","format":"standard","meta":{"footnotes":""},"categories":[3,11,20,10],"tags":[56,63,29],"class_list":["post-10821","post","type-post","status-publish","format-standard","has-post-thumbnail","hentry","category-economie","category-homepage-french","category-top-nouvelles","category-toutes-les-actualites","tag-africa-press","tag-africa-press-cote-divoire","tag-cote-divoire"],"yoast_head":"<!-- This site is optimized with the Yoast SEO Premium plugin v26.1 (Yoast SEO v27.0) - https:\/\/yoast.com\/product\/yoast-seo-premium-wordpress\/ -->\n<title>La direction d\u2019Assurance reconna\u00eet que \u00abLa mise sous surveillance permanente de la Matca n\u2019a pas \u00e9t\u00e9 lev\u00e9e\u00bb - C\u00f4te d&#039;Ivoire<\/title>\n<meta name=\"description\" content=\"Affaire Matca Le sous-directeur du contr\u00f4le des soci\u00e9t\u00e9s d\u2019assurance tranche Alors que les dirigeants actuels de la mu ...\" \/>\n<meta name=\"robots\" content=\"index, follow, max-snippet:-1, max-image-preview:large, max-video-preview:-1\" \/>\n<link rel=\"canonical\" href=\"https:\/\/www.africa-press.net\/cotedivoire\/economie\/la-direction-dassurance-reconnait-que-la-mise-sous-surveillance-permanente-de-la-matca-na-pas-ete-levee\" \/>\n<meta property=\"og:locale\" content=\"fr_FR\" \/>\n<meta property=\"og:type\" content=\"article\" \/>\n<meta property=\"og:title\" content=\"La direction d\u2019Assurance reconna\u00eet que \u00abLa mise sous surveillance permanente de la Matca n\u2019a pas \u00e9t\u00e9 lev\u00e9e\u00bb\" \/>\n<meta property=\"og:description\" content=\"Affaire Matca Le sous-directeur du contr\u00f4le des soci\u00e9t\u00e9s d\u2019assurance tranche Alors que les dirigeants actuels de la mu ...\" \/>\n<meta property=\"og:url\" content=\"https:\/\/www.africa-press.net\/cotedivoire\/economie\/la-direction-dassurance-reconnait-que-la-mise-sous-surveillance-permanente-de-la-matca-na-pas-ete-levee\" \/>\n<meta property=\"og:site_name\" content=\"C\u00f4te d&#039;Ivoire\" \/>\n<meta property=\"article:published_time\" content=\"2021-08-03T14:42:28+00:00\" \/>\n<meta property=\"article:modified_time\" content=\"2021-08-03T19:10:32+00:00\" \/>\n<meta property=\"og:image\" content=\"https:\/\/static.africa-press.net\/cote\/sites\/43\/2021\/08\/img-61094e810909f.jpg\" \/>\n\t<meta property=\"og:image:width\" content=\"1010\" \/>\n\t<meta property=\"og:image:height\" content=\"756\" \/>\n\t<meta property=\"og:image:type\" content=\"image\/jpeg\" \/>\n<meta name=\"author\" content=\"cfeditorfr\" \/>\n<meta name=\"twitter:card\" content=\"summary_large_image\" \/>\n<meta name=\"twitter:label1\" content=\"\u00c9crit par\" \/>\n\t<meta name=\"twitter:data1\" content=\"cfeditorfr\" \/>\n\t<meta name=\"twitter:label2\" content=\"Dur\u00e9e de lecture estim\u00e9e\" \/>\n\t<meta name=\"twitter:data2\" content=\"3 minutes\" \/>\n<script type=\"application\/ld+json\" class=\"yoast-schema-graph\">{\"@context\":\"https:\/\/schema.org\",\"@graph\":[{\"@type\":\"Article\",\"@id\":\"https:\/\/www.africa-press.net\/cotedivoire\/economie\/la-direction-dassurance-reconnait-que-la-mise-sous-surveillance-permanente-de-la-matca-na-pas-ete-levee#article\",\"isPartOf\":{\"@id\":\"https:\/\/www.africa-press.net\/cotedivoire\/economie\/la-direction-dassurance-reconnait-que-la-mise-sous-surveillance-permanente-de-la-matca-na-pas-ete-levee\"},\"author\":{\"name\":\"cfeditorfr\",\"@id\":\"https:\/\/www.africa-press.net\/cotedivoire\/#\/schema\/person\/2b1cf3cd81a31e3cd26889ca66d677f1\"},\"headline\":\"La direction d\u2019Assurance reconna\u00eet que \u00abLa mise sous surveillance permanente de la Matca n\u2019a pas \u00e9t\u00e9 lev\u00e9e\u00bb\",\"datePublished\":\"2021-08-03T14:42:28+00:00\",\"dateModified\":\"2021-08-03T19:10:32+00:00\",\"mainEntityOfPage\":{\"@id\":\"https:\/\/www.africa-press.net\/cotedivoire\/economie\/la-direction-dassurance-reconnait-que-la-mise-sous-surveillance-permanente-de-la-matca-na-pas-ete-levee\"},\"wordCount\":655,\"commentCount\":0,\"image\":{\"@id\":\"https:\/\/www.africa-press.net\/cotedivoire\/economie\/la-direction-dassurance-reconnait-que-la-mise-sous-surveillance-permanente-de-la-matca-na-pas-ete-levee#primaryimage\"},\"thumbnailUrl\":\"https:\/\/static.africa-press.net\/cote\/sites\/43\/2021\/08\/img-61094e810909f.jpg\",\"keywords\":[\"Africa Press\",\"Africa Press-C\u00f4te d'Ivoire\",\"C\u00d4TE D'IVOIRE\"],\"articleSection\":[\"\u00c9conomie\",\"homepage-french\",\"Top Nouvelles\",\"Toutes les actualit\u00e9s\"],\"inLanguage\":\"fr-FR\",\"potentialAction\":[{\"@type\":\"CommentAction\",\"name\":\"Comment\",\"target\":[\"https:\/\/www.africa-press.net\/cotedivoire\/economie\/la-direction-dassurance-reconnait-que-la-mise-sous-surveillance-permanente-de-la-matca-na-pas-ete-levee#respond\"]}]},{\"@type\":\"WebPage\",\"@id\":\"https:\/\/www.africa-press.net\/cotedivoire\/economie\/la-direction-dassurance-reconnait-que-la-mise-sous-surveillance-permanente-de-la-matca-na-pas-ete-levee\",\"url\":\"https:\/\/www.africa-press.net\/cotedivoire\/economie\/la-direction-dassurance-reconnait-que-la-mise-sous-surveillance-permanente-de-la-matca-na-pas-ete-levee\",\"name\":\"La direction d\u2019Assurance reconna\u00eet que \u00abLa mise sous surveillance permanente de la Matca n\u2019a pas \u00e9t\u00e9 lev\u00e9e\u00bb - C\u00f4te d&#039;Ivoire\",\"isPartOf\":{\"@id\":\"https:\/\/www.africa-press.net\/cotedivoire\/#website\"},\"primaryImageOfPage\":{\"@id\":\"https:\/\/www.africa-press.net\/cotedivoire\/economie\/la-direction-dassurance-reconnait-que-la-mise-sous-surveillance-permanente-de-la-matca-na-pas-ete-levee#primaryimage\"},\"image\":{\"@id\":\"https:\/\/www.africa-press.net\/cotedivoire\/economie\/la-direction-dassurance-reconnait-que-la-mise-sous-surveillance-permanente-de-la-matca-na-pas-ete-levee#primaryimage\"},\"thumbnailUrl\":\"https:\/\/static.africa-press.net\/cote\/sites\/43\/2021\/08\/img-61094e810909f.jpg\",\"datePublished\":\"2021-08-03T14:42:28+00:00\",\"dateModified\":\"2021-08-03T19:10:32+00:00\",\"author\":{\"@id\":\"https:\/\/www.africa-press.net\/cotedivoire\/#\/schema\/person\/2b1cf3cd81a31e3cd26889ca66d677f1\"},\"description\":\"Affaire Matca Le sous-directeur du contr\u00f4le des soci\u00e9t\u00e9s d\u2019assurance tranche Alors que les dirigeants actuels de la mu ...\",\"breadcrumb\":{\"@id\":\"https:\/\/www.africa-press.net\/cotedivoire\/economie\/la-direction-dassurance-reconnait-que-la-mise-sous-surveillance-permanente-de-la-matca-na-pas-ete-levee#breadcrumb\"},\"inLanguage\":\"fr-FR\",\"potentialAction\":[{\"@type\":\"ReadAction\",\"target\":[\"https:\/\/www.africa-press.net\/cotedivoire\/economie\/la-direction-dassurance-reconnait-que-la-mise-sous-surveillance-permanente-de-la-matca-na-pas-ete-levee\"]}]},{\"@type\":\"ImageObject\",\"inLanguage\":\"fr-FR\",\"@id\":\"https:\/\/www.africa-press.net\/cotedivoire\/economie\/la-direction-dassurance-reconnait-que-la-mise-sous-surveillance-permanente-de-la-matca-na-pas-ete-levee#primaryimage\",\"url\":\"https:\/\/static.africa-press.net\/cote\/sites\/43\/2021\/08\/img-61094e810909f.jpg\",\"contentUrl\":\"https:\/\/static.africa-press.net\/cote\/sites\/43\/2021\/08\/img-61094e810909f.jpg\",\"width\":1010,\"height\":756,\"caption\":\"La direction d\u2019Assurance reconna\u00eet que \u00abLa mise sous surveillance permanente de la Matca n\u2019a pas \u00e9t\u00e9 lev\u00e9e\u00bb\"},{\"@type\":\"BreadcrumbList\",\"@id\":\"https:\/\/www.africa-press.net\/cotedivoire\/economie\/la-direction-dassurance-reconnait-que-la-mise-sous-surveillance-permanente-de-la-matca-na-pas-ete-levee#breadcrumb\",\"itemListElement\":[{\"@type\":\"ListItem\",\"position\":1,\"name\":\"Accueil\",\"item\":\"https:\/\/www.africa-press.net\/cotedivoire\/\"},{\"@type\":\"ListItem\",\"position\":2,\"name\":\"La direction d\u2019Assurance reconna\u00eet que \u00abLa mise sous surveillance permanente de la Matca n\u2019a pas \u00e9t\u00e9 lev\u00e9e\u00bb\"}]},{\"@type\":\"WebSite\",\"@id\":\"https:\/\/www.africa-press.net\/cotedivoire\/#website\",\"url\":\"https:\/\/www.africa-press.net\/cotedivoire\/\",\"name\":\"C\u00f4te d&#039;Ivoire\",\"description\":\"Just another Africa News Agency Sites site\",\"potentialAction\":[{\"@type\":\"SearchAction\",\"target\":{\"@type\":\"EntryPoint\",\"urlTemplate\":\"https:\/\/www.africa-press.net\/cotedivoire\/?s={search_term_string}\"},\"query-input\":{\"@type\":\"PropertyValueSpecification\",\"valueRequired\":true,\"valueName\":\"search_term_string\"}}],\"inLanguage\":\"fr-FR\"},{\"@type\":\"Person\",\"@id\":\"https:\/\/www.africa-press.net\/cotedivoire\/#\/schema\/person\/2b1cf3cd81a31e3cd26889ca66d677f1\",\"name\":\"cfeditorfr\"}]}<\/script>\n<!-- \/ Yoast SEO Premium plugin. -->","yoast_head_json":{"title":"La direction d\u2019Assurance reconna\u00eet que \u00abLa mise sous surveillance permanente de la Matca n\u2019a pas \u00e9t\u00e9 lev\u00e9e\u00bb - C\u00f4te d&#039;Ivoire","description":"Affaire Matca Le sous-directeur du contr\u00f4le des soci\u00e9t\u00e9s d\u2019assurance tranche Alors que les dirigeants actuels de la mu ...","robots":{"index":"index","follow":"follow","max-snippet":"max-snippet:-1","max-image-preview":"max-image-preview:large","max-video-preview":"max-video-preview:-1"},"canonical":"https:\/\/www.africa-press.net\/cotedivoire\/economie\/la-direction-dassurance-reconnait-que-la-mise-sous-surveillance-permanente-de-la-matca-na-pas-ete-levee","og_locale":"fr_FR","og_type":"article","og_title":"La direction d\u2019Assurance reconna\u00eet que \u00abLa mise sous surveillance permanente de la Matca n\u2019a pas \u00e9t\u00e9 lev\u00e9e\u00bb","og_description":"Affaire Matca Le sous-directeur du contr\u00f4le des soci\u00e9t\u00e9s d\u2019assurance tranche Alors que les dirigeants actuels de la mu ...","og_url":"https:\/\/www.africa-press.net\/cotedivoire\/economie\/la-direction-dassurance-reconnait-que-la-mise-sous-surveillance-permanente-de-la-matca-na-pas-ete-levee","og_site_name":"C\u00f4te d&#039;Ivoire","article_published_time":"2021-08-03T14:42:28+00:00","article_modified_time":"2021-08-03T19:10:32+00:00","og_image":[{"width":1010,"height":756,"url":"https:\/\/static.africa-press.net\/cote\/sites\/43\/2021\/08\/img-61094e810909f.jpg","type":"image\/jpeg"}],"author":"cfeditorfr","twitter_card":"summary_large_image","twitter_misc":{"\u00c9crit par":"cfeditorfr","Dur\u00e9e de lecture estim\u00e9e":"3 minutes"},"schema":{"@context":"https:\/\/schema.org","@graph":[{"@type":"Article","@id":"https:\/\/www.africa-press.net\/cotedivoire\/economie\/la-direction-dassurance-reconnait-que-la-mise-sous-surveillance-permanente-de-la-matca-na-pas-ete-levee#article","isPartOf":{"@id":"https:\/\/www.africa-press.net\/cotedivoire\/economie\/la-direction-dassurance-reconnait-que-la-mise-sous-surveillance-permanente-de-la-matca-na-pas-ete-levee"},"author":{"name":"cfeditorfr","@id":"https:\/\/www.africa-press.net\/cotedivoire\/#\/schema\/person\/2b1cf3cd81a31e3cd26889ca66d677f1"},"headline":"La direction d\u2019Assurance reconna\u00eet que \u00abLa mise sous surveillance permanente de la Matca n\u2019a pas \u00e9t\u00e9 lev\u00e9e\u00bb","datePublished":"2021-08-03T14:42:28+00:00","dateModified":"2021-08-03T19:10:32+00:00","mainEntityOfPage":{"@id":"https:\/\/www.africa-press.net\/cotedivoire\/economie\/la-direction-dassurance-reconnait-que-la-mise-sous-surveillance-permanente-de-la-matca-na-pas-ete-levee"},"wordCount":655,"commentCount":0,"image":{"@id":"https:\/\/www.africa-press.net\/cotedivoire\/economie\/la-direction-dassurance-reconnait-que-la-mise-sous-surveillance-permanente-de-la-matca-na-pas-ete-levee#primaryimage"},"thumbnailUrl":"https:\/\/static.africa-press.net\/cote\/sites\/43\/2021\/08\/img-61094e810909f.jpg","keywords":["Africa Press","Africa Press-C\u00f4te d'Ivoire","C\u00d4TE D'IVOIRE"],"articleSection":["\u00c9conomie","homepage-french","Top Nouvelles","Toutes les actualit\u00e9s"],"inLanguage":"fr-FR","potentialAction":[{"@type":"CommentAction","name":"Comment","target":["https:\/\/www.africa-press.net\/cotedivoire\/economie\/la-direction-dassurance-reconnait-que-la-mise-sous-surveillance-permanente-de-la-matca-na-pas-ete-levee#respond"]}]},{"@type":"WebPage","@id":"https:\/\/www.africa-press.net\/cotedivoire\/economie\/la-direction-dassurance-reconnait-que-la-mise-sous-surveillance-permanente-de-la-matca-na-pas-ete-levee","url":"https:\/\/www.africa-press.net\/cotedivoire\/economie\/la-direction-dassurance-reconnait-que-la-mise-sous-surveillance-permanente-de-la-matca-na-pas-ete-levee","name":"La direction d\u2019Assurance reconna\u00eet que \u00abLa mise sous surveillance permanente de la Matca n\u2019a pas \u00e9t\u00e9 lev\u00e9e\u00bb - C\u00f4te d&#039;Ivoire","isPartOf":{"@id":"https:\/\/www.africa-press.net\/cotedivoire\/#website"},"primaryImageOfPage":{"@id":"https:\/\/www.africa-press.net\/cotedivoire\/economie\/la-direction-dassurance-reconnait-que-la-mise-sous-surveillance-permanente-de-la-matca-na-pas-ete-levee#primaryimage"},"image":{"@id":"https:\/\/www.africa-press.net\/cotedivoire\/economie\/la-direction-dassurance-reconnait-que-la-mise-sous-surveillance-permanente-de-la-matca-na-pas-ete-levee#primaryimage"},"thumbnailUrl":"https:\/\/static.africa-press.net\/cote\/sites\/43\/2021\/08\/img-61094e810909f.jpg","datePublished":"2021-08-03T14:42:28+00:00","dateModified":"2021-08-03T19:10:32+00:00","author":{"@id":"https:\/\/www.africa-press.net\/cotedivoire\/#\/schema\/person\/2b1cf3cd81a31e3cd26889ca66d677f1"},"description":"Affaire Matca Le sous-directeur du contr\u00f4le des soci\u00e9t\u00e9s d\u2019assurance tranche Alors que les dirigeants actuels de la mu ...","breadcrumb":{"@id":"https:\/\/www.africa-press.net\/cotedivoire\/economie\/la-direction-dassurance-reconnait-que-la-mise-sous-surveillance-permanente-de-la-matca-na-pas-ete-levee#breadcrumb"},"inLanguage":"fr-FR","potentialAction":[{"@type":"ReadAction","target":["https:\/\/www.africa-press.net\/cotedivoire\/economie\/la-direction-dassurance-reconnait-que-la-mise-sous-surveillance-permanente-de-la-matca-na-pas-ete-levee"]}]},{"@type":"ImageObject","inLanguage":"fr-FR","@id":"https:\/\/www.africa-press.net\/cotedivoire\/economie\/la-direction-dassurance-reconnait-que-la-mise-sous-surveillance-permanente-de-la-matca-na-pas-ete-levee#primaryimage","url":"https:\/\/static.africa-press.net\/cote\/sites\/43\/2021\/08\/img-61094e810909f.jpg","contentUrl":"https:\/\/static.africa-press.net\/cote\/sites\/43\/2021\/08\/img-61094e810909f.jpg","width":1010,"height":756,"caption":"La direction d\u2019Assurance reconna\u00eet que \u00abLa mise sous surveillance permanente de la Matca n\u2019a pas \u00e9t\u00e9 lev\u00e9e\u00bb"},{"@type":"BreadcrumbList","@id":"https:\/\/www.africa-press.net\/cotedivoire\/economie\/la-direction-dassurance-reconnait-que-la-mise-sous-surveillance-permanente-de-la-matca-na-pas-ete-levee#breadcrumb","itemListElement":[{"@type":"ListItem","position":1,"name":"Accueil","item":"https:\/\/www.africa-press.net\/cotedivoire\/"},{"@type":"ListItem","position":2,"name":"La direction d\u2019Assurance reconna\u00eet que \u00abLa mise sous surveillance permanente de la Matca n\u2019a pas \u00e9t\u00e9 lev\u00e9e\u00bb"}]},{"@type":"WebSite","@id":"https:\/\/www.africa-press.net\/cotedivoire\/#website","url":"https:\/\/www.africa-press.net\/cotedivoire\/","name":"C\u00f4te d&#039;Ivoire","description":"Just another Africa News Agency Sites site","potentialAction":[{"@type":"SearchAction","target":{"@type":"EntryPoint","urlTemplate":"https:\/\/www.africa-press.net\/cotedivoire\/?s={search_term_string}"},"query-input":{"@type":"PropertyValueSpecification","valueRequired":true,"valueName":"search_term_string"}}],"inLanguage":"fr-FR"},{"@type":"Person","@id":"https:\/\/www.africa-press.net\/cotedivoire\/#\/schema\/person\/2b1cf3cd81a31e3cd26889ca66d677f1","name":"cfeditorfr"}]}},"_links":{"self":[{"href":"https:\/\/www.africa-press.net\/cotedivoire\/wp-json\/wp\/v2\/posts\/10821","targetHints":{"allow":["GET"]}}],"collection":[{"href":"https:\/\/www.africa-press.net\/cotedivoire\/wp-json\/wp\/v2\/posts"}],"about":[{"href":"https:\/\/www.africa-press.net\/cotedivoire\/wp-json\/wp\/v2\/types\/post"}],"author":[{"embeddable":true,"href":"https:\/\/www.africa-press.net\/cotedivoire\/wp-json\/wp\/v2\/users\/82"}],"replies":[{"embeddable":true,"href":"https:\/\/www.africa-press.net\/cotedivoire\/wp-json\/wp\/v2\/comments?post=10821"}],"version-history":[{"count":0,"href":"https:\/\/www.africa-press.net\/cotedivoire\/wp-json\/wp\/v2\/posts\/10821\/revisions"}],"wp:featuredmedia":[{"embeddable":true,"href":"https:\/\/www.africa-press.net\/cotedivoire\/wp-json\/wp\/v2\/media\/10820"}],"wp:attachment":[{"href":"https:\/\/www.africa-press.net\/cotedivoire\/wp-json\/wp\/v2\/media?parent=10821"}],"wp:term":[{"taxonomy":"category","embeddable":true,"href":"https:\/\/www.africa-press.net\/cotedivoire\/wp-json\/wp\/v2\/categories?post=10821"},{"taxonomy":"post_tag","embeddable":true,"href":"https:\/\/www.africa-press.net\/cotedivoire\/wp-json\/wp\/v2\/tags?post=10821"}],"curies":[{"name":"wp","href":"https:\/\/api.w.org\/{rel}","templated":true}]}}