{"id":10824,"date":"2021-08-03T14:48:06","date_gmt":"2021-08-03T14:48:06","guid":{"rendered":"https:\/\/www.africa-press.net\/cotedivoire\/?p=10824"},"modified":"2021-08-03T19:10:37","modified_gmt":"2021-08-03T19:10:37","slug":"de-la-rencontre-gbagbo-ouattara-quen-tirer-par-claude-koudou","status":"publish","type":"post","link":"https:\/\/www.africa-press.net\/cotedivoire\/politique\/de-la-rencontre-gbagbo-ouattara-quen-tirer-par-claude-koudou","title":{"rendered":"De la rencontre Gbagbo-Ouattara: Qu\u2019en tirer ? (par Claude Koudou)"},"content":{"rendered":"<p><span style=\"color: #ff6600\"><strong><a href=\"https:\/\/www.africa-press.net\/\">Africa-Press<\/a> &#8211; <a href=\"https:\/\/www.africa-press.net\/cotedivoire\">C\u00f4te d&rsquo;Ivoire<\/a>. <\/strong><\/span>Une rencontre entre l\u2019actuel chef de l\u2019Etat Alassane Ouattara et l\u2019ex-pr\u00e9sident Laurent Gbagbo s\u2019est tenue le mardi 27 juillet 2021 au palais pr\u00e9sidentiel.<\/p>\n<p>Qu\u2019en penser ? C\u2019est une tr\u00e8s bonne chose. Cet acte permet de d\u00e9tendre et de d\u00e9crisper l\u2019atmosph\u00e8re.<\/p>\n<p>Que retenir de la \u00ab visite rendue \u00bb par Laurent Gbagbo ?<\/p>\n<p>\u2022 Laurent Gbagbo a trouv\u00e9 \u00ab l\u2019ambiance d\u00e9tendue \u00bb ; il s\u2019est montr\u00e9 \u00ab fier et heureux \u00bb ; pour lui, la rencontre s\u2019est d\u00e9roul\u00e9e \u00ab amicalement et fraternellement \u00bb ; la C\u00f4te d\u2019Ivoire doit \u00ab aller de l\u2019avant \u00bb.<\/p>\n<p>\u2022 Alassane Ouattara a parl\u00e9 \u00ab d\u2019amiti\u00e9, de cordialit\u00e9 et de fraternit\u00e9 \u00bb entre eux. Il dit que \u00ab la crise est derri\u00e8re nous \u00bb ; il ajoute qu\u2019il faut \u00ab r\u00e9tablir la confiance entre les Ivoiriens \u00bb. \u00ab Au cours des \u00e9v\u00e8nements douloureux, il y a eu trop de morts \u00bb. C\u2019est le pays qui compte ; \u00ab le pays doit aller de l\u2019avant \u00bb.<\/p>\n<p>On peut donc retenir les termes : \u00ab fraternit\u00e9 \u00bb ; \u00ab r\u00e9tablir la confiance ; \u00ab il y a eu trop de morts \u00bb ; le pays doit \u00ab aller de l\u2019avant \u00bb.<\/p>\n<p>Suppos\u00e9 et pr\u00e9requis \u00e0 la lecture du paysage politique en C\u00f4te d\u2019Ivoire :<\/p>\n<p>Laurent Gbagbo, l\u2019auteur de \u00ab asseyons-nous et discutons ! \u00bb appara\u00eet comme la cl\u00e9 de vo\u00fbte de la r\u00e9conciliation nationale.<\/p>\n<p>Le message envoy\u00e9 par l\u2019ex et l\u2019actuel chefs de l\u2019Etat : C\u2019est la C\u00f4te d\u2019Ivoire qui compte. Ainsi, pour que le pays \u00ab aille de l\u2019avant \u00bb, il convient de tirer toutes les le\u00e7ons des erreurs et des fautes commises \u00e7\u00e0 et l\u00e0.<\/p>\n<p>Que tirer de cette rencontre ?<\/p>\n<p>\u2013 Les militants des diff\u00e9rents partis politiques doivent \u00eatre form\u00e9s pour que la haine ne soit pas d\u00e9vers\u00e9e sur la place publique ;<\/p>\n<p>\u2013 Les cadres des partis politiques doivent int\u00e9grer que les premiers responsables aupr\u00e8s de qui ils travaillent, ont besoin d\u2019avoir les remont\u00e9es de vraies et bonnes informations dans l\u2019int\u00e9r\u00eat g\u00e9n\u00e9ral ;<\/p>\n<p>\u2013 Le client\u00e9lisme et la corruption ne doivent plus avoir \u00ab bon dos \u00bb dans notre pays ;<\/p>\n<p>\u2013 Tous ceux qui d\u00e9veloppent le sectarisme et qui ne tiennent pas compte de l\u2019\u00e9volution du monde, ne doivent plus jouer les premiers r\u00f4les ;<\/p>\n<p>\u2013 Nous devons parler franchement avec nos leaders ; ce n\u2019est pas une marque de d\u00e9fiance \u00e0 leur endroit bien au contraire ;<\/p>\n<p>\u2013 Avec la v\u00e9rit\u00e9 et les param\u00e8tres objectifs mis sur la table, nos leaders sauront travailler dans l\u2019int\u00e9r\u00eat du peuple et non d\u2019un petit groupe d\u2019apparatchiks et assimil\u00e9s ;<\/p>\n<p>\u2013 Tous les acteurs politiques qui continuent de se montrer incons\u00e9quents malgr\u00e9 les multiples erreurs pass\u00e9es, doivent subir la rigueur de leurs militants et du peuple.<\/p>\n<p>\u2013 C\u2019est en se remettant collectivement en question, en tirant toutes les le\u00e7ons, en observant la rigueur, les valeurs de d\u00e9mocratie, de tol\u00e9rance et de solidarit\u00e9 que notre pays ira \u00ab de l\u2019avant \u00bb.<\/p>\n","protected":false},"excerpt":{"rendered":"<p>Africa-Press &#8211; C\u00f4te d&rsquo;Ivoire. Une rencontre entre l\u2019actuel chef de l\u2019Etat Alassane Ouattara et l\u2019ex-pr\u00e9sident Laurent Gbagbo s\u2019est tenue le mardi 27 juillet 2021 au palais pr\u00e9sidentiel. Qu\u2019en penser ? C\u2019est une tr\u00e8s bonne chose. Cet acte permet de d\u00e9tendre et de d\u00e9crisper l\u2019atmosph\u00e8re. Que retenir de la \u00ab visite rendue \u00bb par Laurent Gbagbo [&hellip;]<\/p>\n","protected":false},"author":82,"featured_media":10823,"comment_status":"open","ping_status":"closed","sticky":false,"template":"","format":"standard","meta":{"footnotes":""},"categories":[11,2,20,10],"tags":[56,63,29],"class_list":["post-10824","post","type-post","status-publish","format-standard","has-post-thumbnail","hentry","category-homepage-french","category-politique","category-top-nouvelles","category-toutes-les-actualites","tag-africa-press","tag-africa-press-cote-divoire","tag-cote-divoire"],"yoast_head":"<!-- This site is optimized with the Yoast SEO Premium plugin v26.1 (Yoast SEO v27.0) - https:\/\/yoast.com\/product\/yoast-seo-premium-wordpress\/ -->\n<title>De la rencontre Gbagbo-Ouattara: Qu\u2019en tirer ? (par Claude Koudou) - C\u00f4te d&#039;Ivoire<\/title>\n<meta name=\"description\" content=\"Une rencontre entre l\u2019actuel chef de l\u2019Etat Alassane Ouattara et l\u2019ex-pr\u00e9sident Laurent Gbagbo s\u2019est tenue le mardi 27 j ...\" \/>\n<meta name=\"robots\" content=\"index, follow, max-snippet:-1, max-image-preview:large, max-video-preview:-1\" \/>\n<link rel=\"canonical\" href=\"https:\/\/www.africa-press.net\/cotedivoire\/politique\/de-la-rencontre-gbagbo-ouattara-quen-tirer-par-claude-koudou\" \/>\n<meta property=\"og:locale\" content=\"fr_FR\" \/>\n<meta property=\"og:type\" content=\"article\" \/>\n<meta property=\"og:title\" content=\"De la rencontre Gbagbo-Ouattara: Qu\u2019en tirer ? (par Claude Koudou)\" \/>\n<meta property=\"og:description\" content=\"Une rencontre entre l\u2019actuel chef de l\u2019Etat Alassane Ouattara et l\u2019ex-pr\u00e9sident Laurent Gbagbo s\u2019est tenue le mardi 27 j ...\" \/>\n<meta property=\"og:url\" content=\"https:\/\/www.africa-press.net\/cotedivoire\/politique\/de-la-rencontre-gbagbo-ouattara-quen-tirer-par-claude-koudou\" \/>\n<meta property=\"og:site_name\" content=\"C\u00f4te d&#039;Ivoire\" \/>\n<meta property=\"article:published_time\" content=\"2021-08-03T14:48:06+00:00\" \/>\n<meta property=\"article:modified_time\" content=\"2021-08-03T19:10:37+00:00\" \/>\n<meta property=\"og:image\" content=\"https:\/\/static.africa-press.net\/cote\/sites\/43\/2021\/08\/img-61094ea8df94a.jpg\" \/>\n\t<meta property=\"og:image:width\" content=\"1280\" \/>\n\t<meta property=\"og:image:height\" content=\"853\" \/>\n\t<meta property=\"og:image:type\" content=\"image\/jpeg\" \/>\n<meta name=\"author\" content=\"cfeditorfr\" \/>\n<meta name=\"twitter:card\" content=\"summary_large_image\" \/>\n<meta name=\"twitter:label1\" content=\"\u00c9crit par\" \/>\n\t<meta name=\"twitter:data1\" content=\"cfeditorfr\" \/>\n\t<meta name=\"twitter:label2\" content=\"Dur\u00e9e de lecture estim\u00e9e\" \/>\n\t<meta name=\"twitter:data2\" content=\"2 minutes\" \/>\n<script type=\"application\/ld+json\" class=\"yoast-schema-graph\">{\"@context\":\"https:\/\/schema.org\",\"@graph\":[{\"@type\":\"Article\",\"@id\":\"https:\/\/www.africa-press.net\/cotedivoire\/politique\/de-la-rencontre-gbagbo-ouattara-quen-tirer-par-claude-koudou#article\",\"isPartOf\":{\"@id\":\"https:\/\/www.africa-press.net\/cotedivoire\/politique\/de-la-rencontre-gbagbo-ouattara-quen-tirer-par-claude-koudou\"},\"author\":{\"name\":\"cfeditorfr\",\"@id\":\"https:\/\/www.africa-press.net\/cotedivoire\/#\/schema\/person\/2b1cf3cd81a31e3cd26889ca66d677f1\"},\"headline\":\"De la rencontre Gbagbo-Ouattara: Qu\u2019en tirer ? (par Claude Koudou)\",\"datePublished\":\"2021-08-03T14:48:06+00:00\",\"dateModified\":\"2021-08-03T19:10:37+00:00\",\"mainEntityOfPage\":{\"@id\":\"https:\/\/www.africa-press.net\/cotedivoire\/politique\/de-la-rencontre-gbagbo-ouattara-quen-tirer-par-claude-koudou\"},\"wordCount\":507,\"commentCount\":0,\"image\":{\"@id\":\"https:\/\/www.africa-press.net\/cotedivoire\/politique\/de-la-rencontre-gbagbo-ouattara-quen-tirer-par-claude-koudou#primaryimage\"},\"thumbnailUrl\":\"https:\/\/static.africa-press.net\/cote\/sites\/43\/2021\/08\/img-61094ea8df94a.jpg\",\"keywords\":[\"Africa Press\",\"Africa Press-C\u00f4te d'Ivoire\",\"C\u00d4TE D'IVOIRE\"],\"articleSection\":[\"homepage-french\",\"Politique\",\"Top Nouvelles\",\"Toutes les actualit\u00e9s\"],\"inLanguage\":\"fr-FR\",\"potentialAction\":[{\"@type\":\"CommentAction\",\"name\":\"Comment\",\"target\":[\"https:\/\/www.africa-press.net\/cotedivoire\/politique\/de-la-rencontre-gbagbo-ouattara-quen-tirer-par-claude-koudou#respond\"]}]},{\"@type\":\"WebPage\",\"@id\":\"https:\/\/www.africa-press.net\/cotedivoire\/politique\/de-la-rencontre-gbagbo-ouattara-quen-tirer-par-claude-koudou\",\"url\":\"https:\/\/www.africa-press.net\/cotedivoire\/politique\/de-la-rencontre-gbagbo-ouattara-quen-tirer-par-claude-koudou\",\"name\":\"De la rencontre Gbagbo-Ouattara: Qu\u2019en tirer ? (par Claude Koudou) - C\u00f4te d&#039;Ivoire\",\"isPartOf\":{\"@id\":\"https:\/\/www.africa-press.net\/cotedivoire\/#website\"},\"primaryImageOfPage\":{\"@id\":\"https:\/\/www.africa-press.net\/cotedivoire\/politique\/de-la-rencontre-gbagbo-ouattara-quen-tirer-par-claude-koudou#primaryimage\"},\"image\":{\"@id\":\"https:\/\/www.africa-press.net\/cotedivoire\/politique\/de-la-rencontre-gbagbo-ouattara-quen-tirer-par-claude-koudou#primaryimage\"},\"thumbnailUrl\":\"https:\/\/static.africa-press.net\/cote\/sites\/43\/2021\/08\/img-61094ea8df94a.jpg\",\"datePublished\":\"2021-08-03T14:48:06+00:00\",\"dateModified\":\"2021-08-03T19:10:37+00:00\",\"author\":{\"@id\":\"https:\/\/www.africa-press.net\/cotedivoire\/#\/schema\/person\/2b1cf3cd81a31e3cd26889ca66d677f1\"},\"description\":\"Une rencontre entre l\u2019actuel chef de l\u2019Etat Alassane Ouattara et l\u2019ex-pr\u00e9sident Laurent Gbagbo s\u2019est tenue le mardi 27 j ...\",\"breadcrumb\":{\"@id\":\"https:\/\/www.africa-press.net\/cotedivoire\/politique\/de-la-rencontre-gbagbo-ouattara-quen-tirer-par-claude-koudou#breadcrumb\"},\"inLanguage\":\"fr-FR\",\"potentialAction\":[{\"@type\":\"ReadAction\",\"target\":[\"https:\/\/www.africa-press.net\/cotedivoire\/politique\/de-la-rencontre-gbagbo-ouattara-quen-tirer-par-claude-koudou\"]}]},{\"@type\":\"ImageObject\",\"inLanguage\":\"fr-FR\",\"@id\":\"https:\/\/www.africa-press.net\/cotedivoire\/politique\/de-la-rencontre-gbagbo-ouattara-quen-tirer-par-claude-koudou#primaryimage\",\"url\":\"https:\/\/static.africa-press.net\/cote\/sites\/43\/2021\/08\/img-61094ea8df94a.jpg\",\"contentUrl\":\"https:\/\/static.africa-press.net\/cote\/sites\/43\/2021\/08\/img-61094ea8df94a.jpg\",\"width\":1280,\"height\":853,\"caption\":\"De la rencontre Gbagbo-Ouattara: Qu\u2019en tirer ? (par Claude Koudou)\"},{\"@type\":\"BreadcrumbList\",\"@id\":\"https:\/\/www.africa-press.net\/cotedivoire\/politique\/de-la-rencontre-gbagbo-ouattara-quen-tirer-par-claude-koudou#breadcrumb\",\"itemListElement\":[{\"@type\":\"ListItem\",\"position\":1,\"name\":\"Accueil\",\"item\":\"https:\/\/www.africa-press.net\/cotedivoire\/\"},{\"@type\":\"ListItem\",\"position\":2,\"name\":\"De la rencontre Gbagbo-Ouattara: Qu\u2019en tirer ? (par Claude Koudou)\"}]},{\"@type\":\"WebSite\",\"@id\":\"https:\/\/www.africa-press.net\/cotedivoire\/#website\",\"url\":\"https:\/\/www.africa-press.net\/cotedivoire\/\",\"name\":\"C\u00f4te d&#039;Ivoire\",\"description\":\"Just another Africa News Agency Sites site\",\"potentialAction\":[{\"@type\":\"SearchAction\",\"target\":{\"@type\":\"EntryPoint\",\"urlTemplate\":\"https:\/\/www.africa-press.net\/cotedivoire\/?s={search_term_string}\"},\"query-input\":{\"@type\":\"PropertyValueSpecification\",\"valueRequired\":true,\"valueName\":\"search_term_string\"}}],\"inLanguage\":\"fr-FR\"},{\"@type\":\"Person\",\"@id\":\"https:\/\/www.africa-press.net\/cotedivoire\/#\/schema\/person\/2b1cf3cd81a31e3cd26889ca66d677f1\",\"name\":\"cfeditorfr\"}]}<\/script>\n<!-- \/ Yoast SEO Premium plugin. -->","yoast_head_json":{"title":"De la rencontre Gbagbo-Ouattara: Qu\u2019en tirer ? (par Claude Koudou) - C\u00f4te d&#039;Ivoire","description":"Une rencontre entre l\u2019actuel chef de l\u2019Etat Alassane Ouattara et l\u2019ex-pr\u00e9sident Laurent Gbagbo s\u2019est tenue le mardi 27 j ...","robots":{"index":"index","follow":"follow","max-snippet":"max-snippet:-1","max-image-preview":"max-image-preview:large","max-video-preview":"max-video-preview:-1"},"canonical":"https:\/\/www.africa-press.net\/cotedivoire\/politique\/de-la-rencontre-gbagbo-ouattara-quen-tirer-par-claude-koudou","og_locale":"fr_FR","og_type":"article","og_title":"De la rencontre Gbagbo-Ouattara: Qu\u2019en tirer ? (par Claude Koudou)","og_description":"Une rencontre entre l\u2019actuel chef de l\u2019Etat Alassane Ouattara et l\u2019ex-pr\u00e9sident Laurent Gbagbo s\u2019est tenue le mardi 27 j ...","og_url":"https:\/\/www.africa-press.net\/cotedivoire\/politique\/de-la-rencontre-gbagbo-ouattara-quen-tirer-par-claude-koudou","og_site_name":"C\u00f4te d&#039;Ivoire","article_published_time":"2021-08-03T14:48:06+00:00","article_modified_time":"2021-08-03T19:10:37+00:00","og_image":[{"width":1280,"height":853,"url":"https:\/\/static.africa-press.net\/cote\/sites\/43\/2021\/08\/img-61094ea8df94a.jpg","type":"image\/jpeg"}],"author":"cfeditorfr","twitter_card":"summary_large_image","twitter_misc":{"\u00c9crit par":"cfeditorfr","Dur\u00e9e de lecture estim\u00e9e":"2 minutes"},"schema":{"@context":"https:\/\/schema.org","@graph":[{"@type":"Article","@id":"https:\/\/www.africa-press.net\/cotedivoire\/politique\/de-la-rencontre-gbagbo-ouattara-quen-tirer-par-claude-koudou#article","isPartOf":{"@id":"https:\/\/www.africa-press.net\/cotedivoire\/politique\/de-la-rencontre-gbagbo-ouattara-quen-tirer-par-claude-koudou"},"author":{"name":"cfeditorfr","@id":"https:\/\/www.africa-press.net\/cotedivoire\/#\/schema\/person\/2b1cf3cd81a31e3cd26889ca66d677f1"},"headline":"De la rencontre Gbagbo-Ouattara: Qu\u2019en tirer ? (par Claude Koudou)","datePublished":"2021-08-03T14:48:06+00:00","dateModified":"2021-08-03T19:10:37+00:00","mainEntityOfPage":{"@id":"https:\/\/www.africa-press.net\/cotedivoire\/politique\/de-la-rencontre-gbagbo-ouattara-quen-tirer-par-claude-koudou"},"wordCount":507,"commentCount":0,"image":{"@id":"https:\/\/www.africa-press.net\/cotedivoire\/politique\/de-la-rencontre-gbagbo-ouattara-quen-tirer-par-claude-koudou#primaryimage"},"thumbnailUrl":"https:\/\/static.africa-press.net\/cote\/sites\/43\/2021\/08\/img-61094ea8df94a.jpg","keywords":["Africa Press","Africa Press-C\u00f4te d'Ivoire","C\u00d4TE D'IVOIRE"],"articleSection":["homepage-french","Politique","Top Nouvelles","Toutes les actualit\u00e9s"],"inLanguage":"fr-FR","potentialAction":[{"@type":"CommentAction","name":"Comment","target":["https:\/\/www.africa-press.net\/cotedivoire\/politique\/de-la-rencontre-gbagbo-ouattara-quen-tirer-par-claude-koudou#respond"]}]},{"@type":"WebPage","@id":"https:\/\/www.africa-press.net\/cotedivoire\/politique\/de-la-rencontre-gbagbo-ouattara-quen-tirer-par-claude-koudou","url":"https:\/\/www.africa-press.net\/cotedivoire\/politique\/de-la-rencontre-gbagbo-ouattara-quen-tirer-par-claude-koudou","name":"De la rencontre Gbagbo-Ouattara: Qu\u2019en tirer ? (par Claude Koudou) - C\u00f4te d&#039;Ivoire","isPartOf":{"@id":"https:\/\/www.africa-press.net\/cotedivoire\/#website"},"primaryImageOfPage":{"@id":"https:\/\/www.africa-press.net\/cotedivoire\/politique\/de-la-rencontre-gbagbo-ouattara-quen-tirer-par-claude-koudou#primaryimage"},"image":{"@id":"https:\/\/www.africa-press.net\/cotedivoire\/politique\/de-la-rencontre-gbagbo-ouattara-quen-tirer-par-claude-koudou#primaryimage"},"thumbnailUrl":"https:\/\/static.africa-press.net\/cote\/sites\/43\/2021\/08\/img-61094ea8df94a.jpg","datePublished":"2021-08-03T14:48:06+00:00","dateModified":"2021-08-03T19:10:37+00:00","author":{"@id":"https:\/\/www.africa-press.net\/cotedivoire\/#\/schema\/person\/2b1cf3cd81a31e3cd26889ca66d677f1"},"description":"Une rencontre entre l\u2019actuel chef de l\u2019Etat Alassane Ouattara et l\u2019ex-pr\u00e9sident Laurent Gbagbo s\u2019est tenue le mardi 27 j ...","breadcrumb":{"@id":"https:\/\/www.africa-press.net\/cotedivoire\/politique\/de-la-rencontre-gbagbo-ouattara-quen-tirer-par-claude-koudou#breadcrumb"},"inLanguage":"fr-FR","potentialAction":[{"@type":"ReadAction","target":["https:\/\/www.africa-press.net\/cotedivoire\/politique\/de-la-rencontre-gbagbo-ouattara-quen-tirer-par-claude-koudou"]}]},{"@type":"ImageObject","inLanguage":"fr-FR","@id":"https:\/\/www.africa-press.net\/cotedivoire\/politique\/de-la-rencontre-gbagbo-ouattara-quen-tirer-par-claude-koudou#primaryimage","url":"https:\/\/static.africa-press.net\/cote\/sites\/43\/2021\/08\/img-61094ea8df94a.jpg","contentUrl":"https:\/\/static.africa-press.net\/cote\/sites\/43\/2021\/08\/img-61094ea8df94a.jpg","width":1280,"height":853,"caption":"De la rencontre Gbagbo-Ouattara: Qu\u2019en tirer ? (par Claude Koudou)"},{"@type":"BreadcrumbList","@id":"https:\/\/www.africa-press.net\/cotedivoire\/politique\/de-la-rencontre-gbagbo-ouattara-quen-tirer-par-claude-koudou#breadcrumb","itemListElement":[{"@type":"ListItem","position":1,"name":"Accueil","item":"https:\/\/www.africa-press.net\/cotedivoire\/"},{"@type":"ListItem","position":2,"name":"De la rencontre Gbagbo-Ouattara: Qu\u2019en tirer ? (par Claude Koudou)"}]},{"@type":"WebSite","@id":"https:\/\/www.africa-press.net\/cotedivoire\/#website","url":"https:\/\/www.africa-press.net\/cotedivoire\/","name":"C\u00f4te d&#039;Ivoire","description":"Just another Africa News Agency Sites site","potentialAction":[{"@type":"SearchAction","target":{"@type":"EntryPoint","urlTemplate":"https:\/\/www.africa-press.net\/cotedivoire\/?s={search_term_string}"},"query-input":{"@type":"PropertyValueSpecification","valueRequired":true,"valueName":"search_term_string"}}],"inLanguage":"fr-FR"},{"@type":"Person","@id":"https:\/\/www.africa-press.net\/cotedivoire\/#\/schema\/person\/2b1cf3cd81a31e3cd26889ca66d677f1","name":"cfeditorfr"}]}},"_links":{"self":[{"href":"https:\/\/www.africa-press.net\/cotedivoire\/wp-json\/wp\/v2\/posts\/10824","targetHints":{"allow":["GET"]}}],"collection":[{"href":"https:\/\/www.africa-press.net\/cotedivoire\/wp-json\/wp\/v2\/posts"}],"about":[{"href":"https:\/\/www.africa-press.net\/cotedivoire\/wp-json\/wp\/v2\/types\/post"}],"author":[{"embeddable":true,"href":"https:\/\/www.africa-press.net\/cotedivoire\/wp-json\/wp\/v2\/users\/82"}],"replies":[{"embeddable":true,"href":"https:\/\/www.africa-press.net\/cotedivoire\/wp-json\/wp\/v2\/comments?post=10824"}],"version-history":[{"count":0,"href":"https:\/\/www.africa-press.net\/cotedivoire\/wp-json\/wp\/v2\/posts\/10824\/revisions"}],"wp:featuredmedia":[{"embeddable":true,"href":"https:\/\/www.africa-press.net\/cotedivoire\/wp-json\/wp\/v2\/media\/10823"}],"wp:attachment":[{"href":"https:\/\/www.africa-press.net\/cotedivoire\/wp-json\/wp\/v2\/media?parent=10824"}],"wp:term":[{"taxonomy":"category","embeddable":true,"href":"https:\/\/www.africa-press.net\/cotedivoire\/wp-json\/wp\/v2\/categories?post=10824"},{"taxonomy":"post_tag","embeddable":true,"href":"https:\/\/www.africa-press.net\/cotedivoire\/wp-json\/wp\/v2\/tags?post=10824"}],"curies":[{"name":"wp","href":"https:\/\/api.w.org\/{rel}","templated":true}]}}