{"id":108371,"date":"2025-11-10T15:19:42","date_gmt":"2025-11-10T15:19:42","guid":{"rendered":"https:\/\/www.africa-press.net\/cotedivoire\/politique\/candidat-legislatif-conteste-par-la-base-a-djebonoua"},"modified":"2025-11-10T15:21:19","modified_gmt":"2025-11-10T15:21:19","slug":"candidat-legislatif-conteste-par-la-base-a-djebonoua","status":"publish","type":"post","link":"https:\/\/www.africa-press.net\/cotedivoire\/parties\/candidat-legislatif-conteste-par-la-base-a-djebonoua","title":{"rendered":"Candidat L\u00e9gislatif Contest\u00e9 par la Base \u00e0 Dj\u00e9bonoua"},"content":{"rendered":"<p><span style=\"color: #ff6600\"><strong>Africa-Press &#8211; C\u00f4te d&rsquo;Ivoire. <\/strong><\/span>\u00ab Nous nous inscrivons en faux face au choix qui nous a e\u0301te\u0301 impose\u0301 arbitrairement et injustement. La personne de\u0301signe\u0301e comme candidat (Justice Euloge Allali Ndlr) n\u2019a jamais milite\u0301, a\u0300 notre connaissance, au RHDP dans le de\u0301partement politique de Bouake\u0301-Dje\u0301bonoua.<\/p>\n<p>Nous mettons cette personne au de\u0301fi de prouver son militantisme au sein du RHDP de Dje\u0301bonoua. C&rsquo;est un choix arbitraire et de\u0301connecte\u0301 de la re\u0301alite\u0301 du terrain (&#8230;) Nous n\u2019inciterons personne a\u0300 aller en inde\u0301pendant, car nous restons respectueux des mots d\u2019ordre de notre direction&#8230;\u00bb a fait savoir Kouame\u0301 Christophe Kouassi, Secre\u0301taire De\u0301partemental Adjoint du RHDP de Dje\u0301bonoua.<\/p>\n<p>Il a de\u0301nonce\u0301 le choix de son parti fait dans le Sah ce samedi 08 novembre 2025 au cours d&rsquo;une de\u0301claration publique, en pre\u0301sence des responsables de sections, de zones et de comite\u0301s de base du RHDP de sa localite\u0301 qui disent soutenir la de\u0301claration faite par leur SDA.<\/p>\n<p>Il faut noter que le candidat choisi par le parti pre\u0301sidentiel pour le scrutin le\u0301gislatif a\u0300 Dje\u0301bonoua et de\u0301crie\u0301 par les militants, n&rsquo;est autre que Justice Euloge Allali. Ce dernier est PDG d&rsquo;Expertiz Group et Pre\u0301sident de la Fondation Allali Be\u0301niansou.<\/p>\n<p><strong>Pour plus d&rsquo;informations et d&rsquo;analyses sur la <span style=\"color: #ff6600\">C\u00f4te d&rsquo;Ivoire<\/span>, suivez <span style=\"color: #ff6600\">Africa-Press<\/span><\/strong><\/p>\n","protected":false},"excerpt":{"rendered":"<p>Africa-Press &#8211; C\u00f4te d&rsquo;Ivoire. \u00ab Nous nous inscrivons en faux face au choix qui nous a e\u0301te\u0301 impose\u0301 arbitrairement et injustement. La personne de\u0301signe\u0301e comme candidat (Justice Euloge Allali Ndlr) n\u2019a jamais milite\u0301, a\u0300 notre connaissance, au RHDP dans le de\u0301partement politique de Bouake\u0301-Dje\u0301bonoua. Nous mettons cette personne au de\u0301fi de prouver son militantisme au [&hellip;]<\/p>\n","protected":false},"author":82,"featured_media":108370,"comment_status":"open","ping_status":"closed","sticky":false,"template":"","format":"standard","meta":{"footnotes":""},"categories":[4,10],"tags":[29,4259,9710,19431,371],"class_list":["post-108371","post","type-post","status-publish","format-standard","has-post-thumbnail","hentry","category-parties","category-toutes-les-actualites","tag-cote-divoire","tag-djebonoua","tag-justice-euloge-allali","tag-kouame-christophe-kouassi","tag-rhdp"],"yoast_head":"<!-- This site is optimized with the Yoast SEO Premium plugin v26.1 (Yoast SEO v27.0) - https:\/\/yoast.com\/product\/yoast-seo-premium-wordpress\/ -->\n<title>Candidat L\u00e9gislatif Contest\u00e9 par la Base \u00e0 Dj\u00e9bonoua - C\u00f4te d&#039;Ivoire<\/title>\n<meta name=\"description\" content=\"\u00ab Nous nous inscrivons en faux face au choix qui nous a e\u0301te\u0301 impose\u0301 arbitrairement et injustement. La personne de\u0301sign ...\" \/>\n<meta name=\"robots\" content=\"index, follow, max-snippet:-1, max-image-preview:large, max-video-preview:-1\" \/>\n<link rel=\"canonical\" href=\"https:\/\/www.africa-press.net\/cotedivoire\/parties\/candidat-legislatif-conteste-par-la-base-a-djebonoua\" \/>\n<meta property=\"og:locale\" content=\"fr_FR\" \/>\n<meta property=\"og:type\" content=\"article\" \/>\n<meta property=\"og:title\" content=\"Candidat L\u00e9gislatif Contest\u00e9 par la Base \u00e0 Dj\u00e9bonoua\" \/>\n<meta property=\"og:description\" content=\"\u00ab Nous nous inscrivons en faux face au choix qui nous a e\u0301te\u0301 impose\u0301 arbitrairement et injustement. La personne de\u0301sign ...\" \/>\n<meta property=\"og:url\" content=\"https:\/\/www.africa-press.net\/cotedivoire\/parties\/candidat-legislatif-conteste-par-la-base-a-djebonoua\" \/>\n<meta property=\"og:site_name\" content=\"C\u00f4te d&#039;Ivoire\" \/>\n<meta property=\"article:published_time\" content=\"2025-11-10T15:19:42+00:00\" \/>\n<meta property=\"article:modified_time\" content=\"2025-11-10T15:21:19+00:00\" \/>\n<meta property=\"og:image\" content=\"https:\/\/static.africa-press.net\/cote\/sites\/43\/2025\/11\/sm_1762775418.033214.jpg\" \/>\n\t<meta property=\"og:image:width\" content=\"720\" \/>\n\t<meta property=\"og:image:height\" content=\"483\" \/>\n\t<meta property=\"og:image:type\" content=\"image\/jpeg\" \/>\n<meta name=\"author\" content=\"cfeditorfr\" \/>\n<meta name=\"twitter:card\" content=\"summary_large_image\" \/>\n<meta name=\"twitter:label1\" content=\"\u00c9crit par\" \/>\n\t<meta name=\"twitter:data1\" content=\"cfeditorfr\" \/>\n\t<meta name=\"twitter:label2\" content=\"Dur\u00e9e de lecture estim\u00e9e\" \/>\n\t<meta name=\"twitter:data2\" content=\"2 minutes\" \/>\n<script type=\"application\/ld+json\" class=\"yoast-schema-graph\">{\"@context\":\"https:\/\/schema.org\",\"@graph\":[{\"@type\":\"Article\",\"@id\":\"https:\/\/www.africa-press.net\/cotedivoire\/parties\/candidat-legislatif-conteste-par-la-base-a-djebonoua#article\",\"isPartOf\":{\"@id\":\"https:\/\/www.africa-press.net\/cotedivoire\/parties\/candidat-legislatif-conteste-par-la-base-a-djebonoua\"},\"author\":{\"name\":\"cfeditorfr\",\"@id\":\"https:\/\/www.africa-press.net\/cotedivoire\/#\/schema\/person\/2b1cf3cd81a31e3cd26889ca66d677f1\"},\"headline\":\"Candidat L\u00e9gislatif Contest\u00e9 par la Base \u00e0 Dj\u00e9bonoua\",\"datePublished\":\"2025-11-10T15:19:42+00:00\",\"dateModified\":\"2025-11-10T15:21:19+00:00\",\"mainEntityOfPage\":{\"@id\":\"https:\/\/www.africa-press.net\/cotedivoire\/parties\/candidat-legislatif-conteste-par-la-base-a-djebonoua\"},\"wordCount\":246,\"commentCount\":0,\"image\":{\"@id\":\"https:\/\/www.africa-press.net\/cotedivoire\/parties\/candidat-legislatif-conteste-par-la-base-a-djebonoua#primaryimage\"},\"thumbnailUrl\":\"https:\/\/static.africa-press.net\/cote\/sites\/43\/2025\/11\/sm_1762775418.033214.jpg\",\"keywords\":[\"C\u00d4TE D'IVOIRE\",\"Dj\u00e9bonoua\",\"Justice Euloge Allali\",\"Kouam\u00e9 Christophe Kouassi\",\"RHDP\"],\"articleSection\":[\"Parties\",\"Toutes les actualit\u00e9s\"],\"inLanguage\":\"fr-FR\",\"potentialAction\":[{\"@type\":\"CommentAction\",\"name\":\"Comment\",\"target\":[\"https:\/\/www.africa-press.net\/cotedivoire\/parties\/candidat-legislatif-conteste-par-la-base-a-djebonoua#respond\"]}]},{\"@type\":\"WebPage\",\"@id\":\"https:\/\/www.africa-press.net\/cotedivoire\/parties\/candidat-legislatif-conteste-par-la-base-a-djebonoua\",\"url\":\"https:\/\/www.africa-press.net\/cotedivoire\/parties\/candidat-legislatif-conteste-par-la-base-a-djebonoua\",\"name\":\"Candidat L\u00e9gislatif Contest\u00e9 par la Base \u00e0 Dj\u00e9bonoua - C\u00f4te d&#039;Ivoire\",\"isPartOf\":{\"@id\":\"https:\/\/www.africa-press.net\/cotedivoire\/#website\"},\"primaryImageOfPage\":{\"@id\":\"https:\/\/www.africa-press.net\/cotedivoire\/parties\/candidat-legislatif-conteste-par-la-base-a-djebonoua#primaryimage\"},\"image\":{\"@id\":\"https:\/\/www.africa-press.net\/cotedivoire\/parties\/candidat-legislatif-conteste-par-la-base-a-djebonoua#primaryimage\"},\"thumbnailUrl\":\"https:\/\/static.africa-press.net\/cote\/sites\/43\/2025\/11\/sm_1762775418.033214.jpg\",\"datePublished\":\"2025-11-10T15:19:42+00:00\",\"dateModified\":\"2025-11-10T15:21:19+00:00\",\"author\":{\"@id\":\"https:\/\/www.africa-press.net\/cotedivoire\/#\/schema\/person\/2b1cf3cd81a31e3cd26889ca66d677f1\"},\"description\":\"\u00ab Nous nous inscrivons en faux face au choix qui nous a e\u0301te\u0301 impose\u0301 arbitrairement et injustement. La personne de\u0301sign ...\",\"breadcrumb\":{\"@id\":\"https:\/\/www.africa-press.net\/cotedivoire\/parties\/candidat-legislatif-conteste-par-la-base-a-djebonoua#breadcrumb\"},\"inLanguage\":\"fr-FR\",\"potentialAction\":[{\"@type\":\"ReadAction\",\"target\":[\"https:\/\/www.africa-press.net\/cotedivoire\/parties\/candidat-legislatif-conteste-par-la-base-a-djebonoua\"]}]},{\"@type\":\"ImageObject\",\"inLanguage\":\"fr-FR\",\"@id\":\"https:\/\/www.africa-press.net\/cotedivoire\/parties\/candidat-legislatif-conteste-par-la-base-a-djebonoua#primaryimage\",\"url\":\"https:\/\/static.africa-press.net\/cote\/sites\/43\/2025\/11\/sm_1762775418.033214.jpg\",\"contentUrl\":\"https:\/\/static.africa-press.net\/cote\/sites\/43\/2025\/11\/sm_1762775418.033214.jpg\",\"width\":720,\"height\":483,\"caption\":\"Candidat L\u00e9gislatif Contest\u00e9 par la Base \u00e0 Dj\u00e9bonoua\"},{\"@type\":\"BreadcrumbList\",\"@id\":\"https:\/\/www.africa-press.net\/cotedivoire\/parties\/candidat-legislatif-conteste-par-la-base-a-djebonoua#breadcrumb\",\"itemListElement\":[{\"@type\":\"ListItem\",\"position\":1,\"name\":\"Accueil\",\"item\":\"https:\/\/www.africa-press.net\/cotedivoire\/\"},{\"@type\":\"ListItem\",\"position\":2,\"name\":\"Candidat L\u00e9gislatif Contest\u00e9 par la Base \u00e0 Dj\u00e9bonoua\"}]},{\"@type\":\"WebSite\",\"@id\":\"https:\/\/www.africa-press.net\/cotedivoire\/#website\",\"url\":\"https:\/\/www.africa-press.net\/cotedivoire\/\",\"name\":\"C\u00f4te d&#039;Ivoire\",\"description\":\"Just another Africa News Agency Sites site\",\"potentialAction\":[{\"@type\":\"SearchAction\",\"target\":{\"@type\":\"EntryPoint\",\"urlTemplate\":\"https:\/\/www.africa-press.net\/cotedivoire\/?s={search_term_string}\"},\"query-input\":{\"@type\":\"PropertyValueSpecification\",\"valueRequired\":true,\"valueName\":\"search_term_string\"}}],\"inLanguage\":\"fr-FR\"},{\"@type\":\"Person\",\"@id\":\"https:\/\/www.africa-press.net\/cotedivoire\/#\/schema\/person\/2b1cf3cd81a31e3cd26889ca66d677f1\",\"name\":\"cfeditorfr\"}]}<\/script>\n<!-- \/ Yoast SEO Premium plugin. -->","yoast_head_json":{"title":"Candidat L\u00e9gislatif Contest\u00e9 par la Base \u00e0 Dj\u00e9bonoua - C\u00f4te d&#039;Ivoire","description":"\u00ab Nous nous inscrivons en faux face au choix qui nous a e\u0301te\u0301 impose\u0301 arbitrairement et injustement. La personne de\u0301sign ...","robots":{"index":"index","follow":"follow","max-snippet":"max-snippet:-1","max-image-preview":"max-image-preview:large","max-video-preview":"max-video-preview:-1"},"canonical":"https:\/\/www.africa-press.net\/cotedivoire\/parties\/candidat-legislatif-conteste-par-la-base-a-djebonoua","og_locale":"fr_FR","og_type":"article","og_title":"Candidat L\u00e9gislatif Contest\u00e9 par la Base \u00e0 Dj\u00e9bonoua","og_description":"\u00ab Nous nous inscrivons en faux face au choix qui nous a e\u0301te\u0301 impose\u0301 arbitrairement et injustement. La personne de\u0301sign ...","og_url":"https:\/\/www.africa-press.net\/cotedivoire\/parties\/candidat-legislatif-conteste-par-la-base-a-djebonoua","og_site_name":"C\u00f4te d&#039;Ivoire","article_published_time":"2025-11-10T15:19:42+00:00","article_modified_time":"2025-11-10T15:21:19+00:00","og_image":[{"width":720,"height":483,"url":"https:\/\/static.africa-press.net\/cote\/sites\/43\/2025\/11\/sm_1762775418.033214.jpg","type":"image\/jpeg"}],"author":"cfeditorfr","twitter_card":"summary_large_image","twitter_misc":{"\u00c9crit par":"cfeditorfr","Dur\u00e9e de lecture estim\u00e9e":"2 minutes"},"schema":{"@context":"https:\/\/schema.org","@graph":[{"@type":"Article","@id":"https:\/\/www.africa-press.net\/cotedivoire\/parties\/candidat-legislatif-conteste-par-la-base-a-djebonoua#article","isPartOf":{"@id":"https:\/\/www.africa-press.net\/cotedivoire\/parties\/candidat-legislatif-conteste-par-la-base-a-djebonoua"},"author":{"name":"cfeditorfr","@id":"https:\/\/www.africa-press.net\/cotedivoire\/#\/schema\/person\/2b1cf3cd81a31e3cd26889ca66d677f1"},"headline":"Candidat L\u00e9gislatif Contest\u00e9 par la Base \u00e0 Dj\u00e9bonoua","datePublished":"2025-11-10T15:19:42+00:00","dateModified":"2025-11-10T15:21:19+00:00","mainEntityOfPage":{"@id":"https:\/\/www.africa-press.net\/cotedivoire\/parties\/candidat-legislatif-conteste-par-la-base-a-djebonoua"},"wordCount":246,"commentCount":0,"image":{"@id":"https:\/\/www.africa-press.net\/cotedivoire\/parties\/candidat-legislatif-conteste-par-la-base-a-djebonoua#primaryimage"},"thumbnailUrl":"https:\/\/static.africa-press.net\/cote\/sites\/43\/2025\/11\/sm_1762775418.033214.jpg","keywords":["C\u00d4TE D'IVOIRE","Dj\u00e9bonoua","Justice Euloge Allali","Kouam\u00e9 Christophe Kouassi","RHDP"],"articleSection":["Parties","Toutes les actualit\u00e9s"],"inLanguage":"fr-FR","potentialAction":[{"@type":"CommentAction","name":"Comment","target":["https:\/\/www.africa-press.net\/cotedivoire\/parties\/candidat-legislatif-conteste-par-la-base-a-djebonoua#respond"]}]},{"@type":"WebPage","@id":"https:\/\/www.africa-press.net\/cotedivoire\/parties\/candidat-legislatif-conteste-par-la-base-a-djebonoua","url":"https:\/\/www.africa-press.net\/cotedivoire\/parties\/candidat-legislatif-conteste-par-la-base-a-djebonoua","name":"Candidat L\u00e9gislatif Contest\u00e9 par la Base \u00e0 Dj\u00e9bonoua - C\u00f4te d&#039;Ivoire","isPartOf":{"@id":"https:\/\/www.africa-press.net\/cotedivoire\/#website"},"primaryImageOfPage":{"@id":"https:\/\/www.africa-press.net\/cotedivoire\/parties\/candidat-legislatif-conteste-par-la-base-a-djebonoua#primaryimage"},"image":{"@id":"https:\/\/www.africa-press.net\/cotedivoire\/parties\/candidat-legislatif-conteste-par-la-base-a-djebonoua#primaryimage"},"thumbnailUrl":"https:\/\/static.africa-press.net\/cote\/sites\/43\/2025\/11\/sm_1762775418.033214.jpg","datePublished":"2025-11-10T15:19:42+00:00","dateModified":"2025-11-10T15:21:19+00:00","author":{"@id":"https:\/\/www.africa-press.net\/cotedivoire\/#\/schema\/person\/2b1cf3cd81a31e3cd26889ca66d677f1"},"description":"\u00ab Nous nous inscrivons en faux face au choix qui nous a e\u0301te\u0301 impose\u0301 arbitrairement et injustement. La personne de\u0301sign ...","breadcrumb":{"@id":"https:\/\/www.africa-press.net\/cotedivoire\/parties\/candidat-legislatif-conteste-par-la-base-a-djebonoua#breadcrumb"},"inLanguage":"fr-FR","potentialAction":[{"@type":"ReadAction","target":["https:\/\/www.africa-press.net\/cotedivoire\/parties\/candidat-legislatif-conteste-par-la-base-a-djebonoua"]}]},{"@type":"ImageObject","inLanguage":"fr-FR","@id":"https:\/\/www.africa-press.net\/cotedivoire\/parties\/candidat-legislatif-conteste-par-la-base-a-djebonoua#primaryimage","url":"https:\/\/static.africa-press.net\/cote\/sites\/43\/2025\/11\/sm_1762775418.033214.jpg","contentUrl":"https:\/\/static.africa-press.net\/cote\/sites\/43\/2025\/11\/sm_1762775418.033214.jpg","width":720,"height":483,"caption":"Candidat L\u00e9gislatif Contest\u00e9 par la Base \u00e0 Dj\u00e9bonoua"},{"@type":"BreadcrumbList","@id":"https:\/\/www.africa-press.net\/cotedivoire\/parties\/candidat-legislatif-conteste-par-la-base-a-djebonoua#breadcrumb","itemListElement":[{"@type":"ListItem","position":1,"name":"Accueil","item":"https:\/\/www.africa-press.net\/cotedivoire\/"},{"@type":"ListItem","position":2,"name":"Candidat L\u00e9gislatif Contest\u00e9 par la Base \u00e0 Dj\u00e9bonoua"}]},{"@type":"WebSite","@id":"https:\/\/www.africa-press.net\/cotedivoire\/#website","url":"https:\/\/www.africa-press.net\/cotedivoire\/","name":"C\u00f4te d&#039;Ivoire","description":"Just another Africa News Agency Sites site","potentialAction":[{"@type":"SearchAction","target":{"@type":"EntryPoint","urlTemplate":"https:\/\/www.africa-press.net\/cotedivoire\/?s={search_term_string}"},"query-input":{"@type":"PropertyValueSpecification","valueRequired":true,"valueName":"search_term_string"}}],"inLanguage":"fr-FR"},{"@type":"Person","@id":"https:\/\/www.africa-press.net\/cotedivoire\/#\/schema\/person\/2b1cf3cd81a31e3cd26889ca66d677f1","name":"cfeditorfr"}]}},"_links":{"self":[{"href":"https:\/\/www.africa-press.net\/cotedivoire\/wp-json\/wp\/v2\/posts\/108371","targetHints":{"allow":["GET"]}}],"collection":[{"href":"https:\/\/www.africa-press.net\/cotedivoire\/wp-json\/wp\/v2\/posts"}],"about":[{"href":"https:\/\/www.africa-press.net\/cotedivoire\/wp-json\/wp\/v2\/types\/post"}],"author":[{"embeddable":true,"href":"https:\/\/www.africa-press.net\/cotedivoire\/wp-json\/wp\/v2\/users\/82"}],"replies":[{"embeddable":true,"href":"https:\/\/www.africa-press.net\/cotedivoire\/wp-json\/wp\/v2\/comments?post=108371"}],"version-history":[{"count":0,"href":"https:\/\/www.africa-press.net\/cotedivoire\/wp-json\/wp\/v2\/posts\/108371\/revisions"}],"wp:featuredmedia":[{"embeddable":true,"href":"https:\/\/www.africa-press.net\/cotedivoire\/wp-json\/wp\/v2\/media\/108370"}],"wp:attachment":[{"href":"https:\/\/www.africa-press.net\/cotedivoire\/wp-json\/wp\/v2\/media?parent=108371"}],"wp:term":[{"taxonomy":"category","embeddable":true,"href":"https:\/\/www.africa-press.net\/cotedivoire\/wp-json\/wp\/v2\/categories?post=108371"},{"taxonomy":"post_tag","embeddable":true,"href":"https:\/\/www.africa-press.net\/cotedivoire\/wp-json\/wp\/v2\/tags?post=108371"}],"curies":[{"name":"wp","href":"https:\/\/api.w.org\/{rel}","templated":true}]}}