{"id":108378,"date":"2025-11-10T15:19:42","date_gmt":"2025-11-10T15:19:42","guid":{"rendered":"https:\/\/www.africa-press.net\/cotedivoire\/politique\/trajectoire-des-femmes-militaires-ivoiriennes-depuis-1964"},"modified":"2025-11-10T15:21:51","modified_gmt":"2025-11-10T15:21:51","slug":"trajectoire-des-femmes-militaires-ivoiriennes-depuis-1964","status":"publish","type":"post","link":"https:\/\/www.africa-press.net\/cotedivoire\/toutes-les-actualites\/trajectoire-des-femmes-militaires-ivoiriennes-depuis-1964","title":{"rendered":"Trajectoire des Femmes Militaires Ivoiriennes depuis 1964"},"content":{"rendered":"<p><span style=\"color: #ff6600\"><strong>Africa-Press &#8211; C\u00f4te d&rsquo;Ivoire. <\/strong><\/span>L\u2019Ecole de l\u2019e\u0301tat-major de l\u2019Acade\u0301mie des Forces Arme\u0301es de Zambakro a\u0300 Yamoussoukro, a effectue\u0301 sa rentre\u0301e solennelle le jeudi 06 novembre 2025, autour de la the\u0301matique, \u00ab Femmes et Arme\u0301es en Co\u0302te d\u2019Ivoire: e\u0301tat des lieux, ro\u0302les et perspectives \u00bb, en pre\u0301sence du Ge\u0301ne\u0301ral de Brigade Traore\u0301 Hamed Zanan, Commandant les E\u0301coles et Centres de Formation, repre\u0301sentant le Ge\u0301ne\u0301ral de Corps d\u2019Arme\u0301e Lassina Doumbia, Chef d\u2019E\u0301tat-Major Ge\u0301ne\u0301ral des Arme\u0301es, du Commandant de l\u2019Acade\u0301mie des Forces Arme\u0301es, et des directeurs des e\u0301coles militaires composantes notamment, celle de l\u2019E\u0301cole d\u2019E\u0301tat-Major.<\/p>\n<p>Durant dix mois, ce 33e cours formera une trentaine d\u2019officiers stagiaires, des Ivoiriens et ressortissants des pays partenaires notamment, le Be\u0301nin, le Cameroun, la Centrafrique, le Congo, le Djibouti, le Gabon, la Guine\u0301e, le Maroc, le Se\u0301ne\u0301gal et le Togo.<\/p>\n<p>Animateur de la communication 1 intitule\u0301e, \u00ab l\u2019histoire des femmes dans les arme\u0301es \u00bb, Dr Traore\u0301 Siaka, Enseignant Chercheur au de\u0301partement d\u2019Histoire de l\u2019Universite\u0301 Alassane Ouattara (UAO) de Bouake\u0301, a pre\u0301sente\u0301 les re\u0301sultats de ses recherches portant sur la militarisation des femmes et la fe\u0301minisation des arme\u0301es, e\u0301tude compare\u0301e entre Europe et l\u2019Afrique en ge\u0301ne\u0301ral, en Co\u0302te d\u2019Ivoire, en particulier.<\/p>\n<p>Selon l\u2019historien militaire, datant depuis des sie\u0300cles, l\u2019exclusion des femmes du champ militaire, n\u2019a pas empe\u0302che\u0301 des femmes exceptionnelles de se faire distinguer. En Co\u0302te d\u2019Ivoire, les femmes ont servi dans les arme\u0301es pre\u0301coloniales et coloniales, le cas des femmes des tirailleurs se\u0301ne\u0301galais est assez e\u0301difiant. L\u2019entre\u0301e des premie\u0300res femmes ivoiriennes dans l\u2019arme\u0301e se tient en 1983, aux lendemains de la dissolution du Service Civique fe\u0301minin.<\/p>\n<p>Quant a\u0300 une fe\u0301minisation volontariste, selon lui, elle intervient apre\u0300s la crise poste\u0301lectorale, dans le courant des grandes reformes engage\u0301es par le pre\u0301sident Alassane Ouattara, pour une arme\u0301e inclusive, aux standards internationaux, re\u0301solument engage\u0301e au service de la de\u0301mocratie et du de\u0301veloppement.<\/p>\n<p>L\u2019historien poursuit pour dire que, \u00ab comme de\u0301fis socioculturels et politiques de cette fe\u0301minisation, il faut continuer a\u0300 travailler pour plus de femmes dans les sphe\u0300res de de\u0301cisions, sensibiliser pour se de\u0301faire des paradigmes sociologiques selon lesquels, l\u2019arme\u0301e est une affaire exclusivement d\u2019homme et que les femmes sont incapables du me\u0301tier des armes, etc.<\/p>\n<p>Mettre fin au confinement des femmes militaires aux ta\u0302ches administratives et de soutien en les encourageant a\u0300 servir dans les unite\u0301s de combat, a\u0300 des postes de commandements ope\u0301rationnels sur les the\u0301a\u0302tres chauds. C\u2019est a\u0300 ce prix que les femmes militaires ivoiriennes contribueront a\u0300 changer, elles-me\u0302mes, le regard de leur socie\u0301te\u0301 \u00bb.<\/p>\n<p><strong>Pour plus d&rsquo;informations et d&rsquo;analyses sur la <span style=\"color: #ff6600\">C\u00f4te d&rsquo;Ivoire<\/span>, suivez <span style=\"color: #ff6600\">Africa-Press<\/span><\/strong><\/p>\n","protected":false},"excerpt":{"rendered":"<p>Africa-Press &#8211; C\u00f4te d&rsquo;Ivoire. L\u2019Ecole de l\u2019e\u0301tat-major de l\u2019Acade\u0301mie des Forces Arme\u0301es de Zambakro a\u0300 Yamoussoukro, a effectue\u0301 sa rentre\u0301e solennelle le jeudi 06 novembre 2025, autour de la the\u0301matique, \u00ab Femmes et Arme\u0301es en Co\u0302te d\u2019Ivoire: e\u0301tat des lieux, ro\u0302les et perspectives \u00bb, en pre\u0301sence du Ge\u0301ne\u0301ral de Brigade Traore\u0301 Hamed Zanan, Commandant les [&hellip;]<\/p>\n","protected":false},"author":82,"featured_media":108377,"comment_status":"open","ping_status":"closed","sticky":false,"template":"","format":"standard","meta":{"footnotes":""},"categories":[21,10],"tags":[29,2288,3125,19432,33,5447],"class_list":["post-108378","post","type-post","status-publish","format-standard","has-post-thumbnail","hentry","category-communaute","category-toutes-les-actualites","tag-cote-divoire","tag-femmes","tag-militaires","tag-traore-siaka","tag-yamoussoukro","tag-zambakro"],"yoast_head":"<!-- This site is optimized with the Yoast SEO Premium plugin v26.1 (Yoast SEO v27.0) - https:\/\/yoast.com\/product\/yoast-seo-premium-wordpress\/ -->\n<title>Trajectoire des Femmes Militaires Ivoiriennes depuis 1964 - C\u00f4te d&#039;Ivoire<\/title>\n<meta name=\"description\" content=\"L\u2019Ecole de l\u2019e\u0301tat-major de l\u2019Acade\u0301mie des Forces Arme\u0301es de Zambakro a\u0300 Yamoussoukro, a effectue\u0301 sa rentre\u0301e solennel ...\" \/>\n<meta name=\"robots\" content=\"index, follow, max-snippet:-1, max-image-preview:large, max-video-preview:-1\" \/>\n<link rel=\"canonical\" href=\"https:\/\/www.africa-press.net\/cotedivoire\/toutes-les-actualites\/trajectoire-des-femmes-militaires-ivoiriennes-depuis-1964\" \/>\n<meta property=\"og:locale\" content=\"fr_FR\" \/>\n<meta property=\"og:type\" content=\"article\" \/>\n<meta property=\"og:title\" content=\"Trajectoire des Femmes Militaires Ivoiriennes depuis 1964\" \/>\n<meta property=\"og:description\" content=\"L\u2019Ecole de l\u2019e\u0301tat-major de l\u2019Acade\u0301mie des Forces Arme\u0301es de Zambakro a\u0300 Yamoussoukro, a effectue\u0301 sa rentre\u0301e solennel ...\" \/>\n<meta property=\"og:url\" content=\"https:\/\/www.africa-press.net\/cotedivoire\/toutes-les-actualites\/trajectoire-des-femmes-militaires-ivoiriennes-depuis-1964\" \/>\n<meta property=\"og:site_name\" content=\"C\u00f4te d&#039;Ivoire\" \/>\n<meta property=\"article:published_time\" content=\"2025-11-10T15:19:42+00:00\" \/>\n<meta property=\"article:modified_time\" content=\"2025-11-10T15:21:51+00:00\" \/>\n<meta property=\"og:image\" content=\"https:\/\/static.africa-press.net\/cote\/sites\/43\/2025\/11\/sm_1762775466.44733.jpg\" \/>\n\t<meta property=\"og:image:width\" content=\"720\" \/>\n\t<meta property=\"og:image:height\" content=\"480\" \/>\n\t<meta property=\"og:image:type\" content=\"image\/jpeg\" \/>\n<meta name=\"author\" content=\"cfeditorfr\" \/>\n<meta name=\"twitter:card\" content=\"summary_large_image\" \/>\n<meta name=\"twitter:label1\" content=\"\u00c9crit par\" \/>\n\t<meta name=\"twitter:data1\" content=\"cfeditorfr\" \/>\n\t<meta name=\"twitter:label2\" content=\"Dur\u00e9e de lecture estim\u00e9e\" \/>\n\t<meta name=\"twitter:data2\" content=\"3 minutes\" \/>\n<script type=\"application\/ld+json\" class=\"yoast-schema-graph\">{\"@context\":\"https:\/\/schema.org\",\"@graph\":[{\"@type\":\"Article\",\"@id\":\"https:\/\/www.africa-press.net\/cotedivoire\/toutes-les-actualites\/trajectoire-des-femmes-militaires-ivoiriennes-depuis-1964#article\",\"isPartOf\":{\"@id\":\"https:\/\/www.africa-press.net\/cotedivoire\/toutes-les-actualites\/trajectoire-des-femmes-militaires-ivoiriennes-depuis-1964\"},\"author\":{\"name\":\"cfeditorfr\",\"@id\":\"https:\/\/www.africa-press.net\/cotedivoire\/#\/schema\/person\/2b1cf3cd81a31e3cd26889ca66d677f1\"},\"headline\":\"Trajectoire des Femmes Militaires Ivoiriennes depuis 1964\",\"datePublished\":\"2025-11-10T15:19:42+00:00\",\"dateModified\":\"2025-11-10T15:21:51+00:00\",\"mainEntityOfPage\":{\"@id\":\"https:\/\/www.africa-press.net\/cotedivoire\/toutes-les-actualites\/trajectoire-des-femmes-militaires-ivoiriennes-depuis-1964\"},\"wordCount\":522,\"commentCount\":0,\"image\":{\"@id\":\"https:\/\/www.africa-press.net\/cotedivoire\/toutes-les-actualites\/trajectoire-des-femmes-militaires-ivoiriennes-depuis-1964#primaryimage\"},\"thumbnailUrl\":\"https:\/\/static.africa-press.net\/cote\/sites\/43\/2025\/11\/sm_1762775466.44733.jpg\",\"keywords\":[\"C\u00d4TE D'IVOIRE\",\"femmes\",\"militaires\",\"Traor\u00e9 Siaka\",\"Yamoussoukro\",\"Zambakro\"],\"articleSection\":[\"Communaut\u00e9\",\"Toutes les actualit\u00e9s\"],\"inLanguage\":\"fr-FR\",\"potentialAction\":[{\"@type\":\"CommentAction\",\"name\":\"Comment\",\"target\":[\"https:\/\/www.africa-press.net\/cotedivoire\/toutes-les-actualites\/trajectoire-des-femmes-militaires-ivoiriennes-depuis-1964#respond\"]}]},{\"@type\":\"WebPage\",\"@id\":\"https:\/\/www.africa-press.net\/cotedivoire\/toutes-les-actualites\/trajectoire-des-femmes-militaires-ivoiriennes-depuis-1964\",\"url\":\"https:\/\/www.africa-press.net\/cotedivoire\/toutes-les-actualites\/trajectoire-des-femmes-militaires-ivoiriennes-depuis-1964\",\"name\":\"Trajectoire des Femmes Militaires Ivoiriennes depuis 1964 - C\u00f4te d&#039;Ivoire\",\"isPartOf\":{\"@id\":\"https:\/\/www.africa-press.net\/cotedivoire\/#website\"},\"primaryImageOfPage\":{\"@id\":\"https:\/\/www.africa-press.net\/cotedivoire\/toutes-les-actualites\/trajectoire-des-femmes-militaires-ivoiriennes-depuis-1964#primaryimage\"},\"image\":{\"@id\":\"https:\/\/www.africa-press.net\/cotedivoire\/toutes-les-actualites\/trajectoire-des-femmes-militaires-ivoiriennes-depuis-1964#primaryimage\"},\"thumbnailUrl\":\"https:\/\/static.africa-press.net\/cote\/sites\/43\/2025\/11\/sm_1762775466.44733.jpg\",\"datePublished\":\"2025-11-10T15:19:42+00:00\",\"dateModified\":\"2025-11-10T15:21:51+00:00\",\"author\":{\"@id\":\"https:\/\/www.africa-press.net\/cotedivoire\/#\/schema\/person\/2b1cf3cd81a31e3cd26889ca66d677f1\"},\"description\":\"L\u2019Ecole de l\u2019e\u0301tat-major de l\u2019Acade\u0301mie des Forces Arme\u0301es de Zambakro a\u0300 Yamoussoukro, a effectue\u0301 sa rentre\u0301e solennel ...\",\"breadcrumb\":{\"@id\":\"https:\/\/www.africa-press.net\/cotedivoire\/toutes-les-actualites\/trajectoire-des-femmes-militaires-ivoiriennes-depuis-1964#breadcrumb\"},\"inLanguage\":\"fr-FR\",\"potentialAction\":[{\"@type\":\"ReadAction\",\"target\":[\"https:\/\/www.africa-press.net\/cotedivoire\/toutes-les-actualites\/trajectoire-des-femmes-militaires-ivoiriennes-depuis-1964\"]}]},{\"@type\":\"ImageObject\",\"inLanguage\":\"fr-FR\",\"@id\":\"https:\/\/www.africa-press.net\/cotedivoire\/toutes-les-actualites\/trajectoire-des-femmes-militaires-ivoiriennes-depuis-1964#primaryimage\",\"url\":\"https:\/\/static.africa-press.net\/cote\/sites\/43\/2025\/11\/sm_1762775466.44733.jpg\",\"contentUrl\":\"https:\/\/static.africa-press.net\/cote\/sites\/43\/2025\/11\/sm_1762775466.44733.jpg\",\"width\":720,\"height\":480,\"caption\":\"Trajectoire des Femmes Militaires Ivoiriennes depuis 1964\"},{\"@type\":\"BreadcrumbList\",\"@id\":\"https:\/\/www.africa-press.net\/cotedivoire\/toutes-les-actualites\/trajectoire-des-femmes-militaires-ivoiriennes-depuis-1964#breadcrumb\",\"itemListElement\":[{\"@type\":\"ListItem\",\"position\":1,\"name\":\"Accueil\",\"item\":\"https:\/\/www.africa-press.net\/cotedivoire\/\"},{\"@type\":\"ListItem\",\"position\":2,\"name\":\"Trajectoire des Femmes Militaires Ivoiriennes depuis 1964\"}]},{\"@type\":\"WebSite\",\"@id\":\"https:\/\/www.africa-press.net\/cotedivoire\/#website\",\"url\":\"https:\/\/www.africa-press.net\/cotedivoire\/\",\"name\":\"C\u00f4te d&#039;Ivoire\",\"description\":\"Just another Africa News Agency Sites site\",\"potentialAction\":[{\"@type\":\"SearchAction\",\"target\":{\"@type\":\"EntryPoint\",\"urlTemplate\":\"https:\/\/www.africa-press.net\/cotedivoire\/?s={search_term_string}\"},\"query-input\":{\"@type\":\"PropertyValueSpecification\",\"valueRequired\":true,\"valueName\":\"search_term_string\"}}],\"inLanguage\":\"fr-FR\"},{\"@type\":\"Person\",\"@id\":\"https:\/\/www.africa-press.net\/cotedivoire\/#\/schema\/person\/2b1cf3cd81a31e3cd26889ca66d677f1\",\"name\":\"cfeditorfr\"}]}<\/script>\n<!-- \/ Yoast SEO Premium plugin. -->","yoast_head_json":{"title":"Trajectoire des Femmes Militaires Ivoiriennes depuis 1964 - C\u00f4te d&#039;Ivoire","description":"L\u2019Ecole de l\u2019e\u0301tat-major de l\u2019Acade\u0301mie des Forces Arme\u0301es de Zambakro a\u0300 Yamoussoukro, a effectue\u0301 sa rentre\u0301e solennel ...","robots":{"index":"index","follow":"follow","max-snippet":"max-snippet:-1","max-image-preview":"max-image-preview:large","max-video-preview":"max-video-preview:-1"},"canonical":"https:\/\/www.africa-press.net\/cotedivoire\/toutes-les-actualites\/trajectoire-des-femmes-militaires-ivoiriennes-depuis-1964","og_locale":"fr_FR","og_type":"article","og_title":"Trajectoire des Femmes Militaires Ivoiriennes depuis 1964","og_description":"L\u2019Ecole de l\u2019e\u0301tat-major de l\u2019Acade\u0301mie des Forces Arme\u0301es de Zambakro a\u0300 Yamoussoukro, a effectue\u0301 sa rentre\u0301e solennel ...","og_url":"https:\/\/www.africa-press.net\/cotedivoire\/toutes-les-actualites\/trajectoire-des-femmes-militaires-ivoiriennes-depuis-1964","og_site_name":"C\u00f4te d&#039;Ivoire","article_published_time":"2025-11-10T15:19:42+00:00","article_modified_time":"2025-11-10T15:21:51+00:00","og_image":[{"width":720,"height":480,"url":"https:\/\/static.africa-press.net\/cote\/sites\/43\/2025\/11\/sm_1762775466.44733.jpg","type":"image\/jpeg"}],"author":"cfeditorfr","twitter_card":"summary_large_image","twitter_misc":{"\u00c9crit par":"cfeditorfr","Dur\u00e9e de lecture estim\u00e9e":"3 minutes"},"schema":{"@context":"https:\/\/schema.org","@graph":[{"@type":"Article","@id":"https:\/\/www.africa-press.net\/cotedivoire\/toutes-les-actualites\/trajectoire-des-femmes-militaires-ivoiriennes-depuis-1964#article","isPartOf":{"@id":"https:\/\/www.africa-press.net\/cotedivoire\/toutes-les-actualites\/trajectoire-des-femmes-militaires-ivoiriennes-depuis-1964"},"author":{"name":"cfeditorfr","@id":"https:\/\/www.africa-press.net\/cotedivoire\/#\/schema\/person\/2b1cf3cd81a31e3cd26889ca66d677f1"},"headline":"Trajectoire des Femmes Militaires Ivoiriennes depuis 1964","datePublished":"2025-11-10T15:19:42+00:00","dateModified":"2025-11-10T15:21:51+00:00","mainEntityOfPage":{"@id":"https:\/\/www.africa-press.net\/cotedivoire\/toutes-les-actualites\/trajectoire-des-femmes-militaires-ivoiriennes-depuis-1964"},"wordCount":522,"commentCount":0,"image":{"@id":"https:\/\/www.africa-press.net\/cotedivoire\/toutes-les-actualites\/trajectoire-des-femmes-militaires-ivoiriennes-depuis-1964#primaryimage"},"thumbnailUrl":"https:\/\/static.africa-press.net\/cote\/sites\/43\/2025\/11\/sm_1762775466.44733.jpg","keywords":["C\u00d4TE D'IVOIRE","femmes","militaires","Traor\u00e9 Siaka","Yamoussoukro","Zambakro"],"articleSection":["Communaut\u00e9","Toutes les actualit\u00e9s"],"inLanguage":"fr-FR","potentialAction":[{"@type":"CommentAction","name":"Comment","target":["https:\/\/www.africa-press.net\/cotedivoire\/toutes-les-actualites\/trajectoire-des-femmes-militaires-ivoiriennes-depuis-1964#respond"]}]},{"@type":"WebPage","@id":"https:\/\/www.africa-press.net\/cotedivoire\/toutes-les-actualites\/trajectoire-des-femmes-militaires-ivoiriennes-depuis-1964","url":"https:\/\/www.africa-press.net\/cotedivoire\/toutes-les-actualites\/trajectoire-des-femmes-militaires-ivoiriennes-depuis-1964","name":"Trajectoire des Femmes Militaires Ivoiriennes depuis 1964 - C\u00f4te d&#039;Ivoire","isPartOf":{"@id":"https:\/\/www.africa-press.net\/cotedivoire\/#website"},"primaryImageOfPage":{"@id":"https:\/\/www.africa-press.net\/cotedivoire\/toutes-les-actualites\/trajectoire-des-femmes-militaires-ivoiriennes-depuis-1964#primaryimage"},"image":{"@id":"https:\/\/www.africa-press.net\/cotedivoire\/toutes-les-actualites\/trajectoire-des-femmes-militaires-ivoiriennes-depuis-1964#primaryimage"},"thumbnailUrl":"https:\/\/static.africa-press.net\/cote\/sites\/43\/2025\/11\/sm_1762775466.44733.jpg","datePublished":"2025-11-10T15:19:42+00:00","dateModified":"2025-11-10T15:21:51+00:00","author":{"@id":"https:\/\/www.africa-press.net\/cotedivoire\/#\/schema\/person\/2b1cf3cd81a31e3cd26889ca66d677f1"},"description":"L\u2019Ecole de l\u2019e\u0301tat-major de l\u2019Acade\u0301mie des Forces Arme\u0301es de Zambakro a\u0300 Yamoussoukro, a effectue\u0301 sa rentre\u0301e solennel ...","breadcrumb":{"@id":"https:\/\/www.africa-press.net\/cotedivoire\/toutes-les-actualites\/trajectoire-des-femmes-militaires-ivoiriennes-depuis-1964#breadcrumb"},"inLanguage":"fr-FR","potentialAction":[{"@type":"ReadAction","target":["https:\/\/www.africa-press.net\/cotedivoire\/toutes-les-actualites\/trajectoire-des-femmes-militaires-ivoiriennes-depuis-1964"]}]},{"@type":"ImageObject","inLanguage":"fr-FR","@id":"https:\/\/www.africa-press.net\/cotedivoire\/toutes-les-actualites\/trajectoire-des-femmes-militaires-ivoiriennes-depuis-1964#primaryimage","url":"https:\/\/static.africa-press.net\/cote\/sites\/43\/2025\/11\/sm_1762775466.44733.jpg","contentUrl":"https:\/\/static.africa-press.net\/cote\/sites\/43\/2025\/11\/sm_1762775466.44733.jpg","width":720,"height":480,"caption":"Trajectoire des Femmes Militaires Ivoiriennes depuis 1964"},{"@type":"BreadcrumbList","@id":"https:\/\/www.africa-press.net\/cotedivoire\/toutes-les-actualites\/trajectoire-des-femmes-militaires-ivoiriennes-depuis-1964#breadcrumb","itemListElement":[{"@type":"ListItem","position":1,"name":"Accueil","item":"https:\/\/www.africa-press.net\/cotedivoire\/"},{"@type":"ListItem","position":2,"name":"Trajectoire des Femmes Militaires Ivoiriennes depuis 1964"}]},{"@type":"WebSite","@id":"https:\/\/www.africa-press.net\/cotedivoire\/#website","url":"https:\/\/www.africa-press.net\/cotedivoire\/","name":"C\u00f4te d&#039;Ivoire","description":"Just another Africa News Agency Sites site","potentialAction":[{"@type":"SearchAction","target":{"@type":"EntryPoint","urlTemplate":"https:\/\/www.africa-press.net\/cotedivoire\/?s={search_term_string}"},"query-input":{"@type":"PropertyValueSpecification","valueRequired":true,"valueName":"search_term_string"}}],"inLanguage":"fr-FR"},{"@type":"Person","@id":"https:\/\/www.africa-press.net\/cotedivoire\/#\/schema\/person\/2b1cf3cd81a31e3cd26889ca66d677f1","name":"cfeditorfr"}]}},"_links":{"self":[{"href":"https:\/\/www.africa-press.net\/cotedivoire\/wp-json\/wp\/v2\/posts\/108378","targetHints":{"allow":["GET"]}}],"collection":[{"href":"https:\/\/www.africa-press.net\/cotedivoire\/wp-json\/wp\/v2\/posts"}],"about":[{"href":"https:\/\/www.africa-press.net\/cotedivoire\/wp-json\/wp\/v2\/types\/post"}],"author":[{"embeddable":true,"href":"https:\/\/www.africa-press.net\/cotedivoire\/wp-json\/wp\/v2\/users\/82"}],"replies":[{"embeddable":true,"href":"https:\/\/www.africa-press.net\/cotedivoire\/wp-json\/wp\/v2\/comments?post=108378"}],"version-history":[{"count":0,"href":"https:\/\/www.africa-press.net\/cotedivoire\/wp-json\/wp\/v2\/posts\/108378\/revisions"}],"wp:featuredmedia":[{"embeddable":true,"href":"https:\/\/www.africa-press.net\/cotedivoire\/wp-json\/wp\/v2\/media\/108377"}],"wp:attachment":[{"href":"https:\/\/www.africa-press.net\/cotedivoire\/wp-json\/wp\/v2\/media?parent=108378"}],"wp:term":[{"taxonomy":"category","embeddable":true,"href":"https:\/\/www.africa-press.net\/cotedivoire\/wp-json\/wp\/v2\/categories?post=108378"},{"taxonomy":"post_tag","embeddable":true,"href":"https:\/\/www.africa-press.net\/cotedivoire\/wp-json\/wp\/v2\/tags?post=108378"}],"curies":[{"name":"wp","href":"https:\/\/api.w.org\/{rel}","templated":true}]}}