{"id":108527,"date":"2025-11-13T14:43:21","date_gmt":"2025-11-13T14:43:21","guid":{"rendered":"https:\/\/www.africa-press.net\/cotedivoire\/politique\/david-fofana-renonce-a-sa-candidature-independante"},"modified":"2025-11-13T14:45:27","modified_gmt":"2025-11-13T14:45:27","slug":"david-fofana-renonce-a-sa-candidature-independante","status":"publish","type":"post","link":"https:\/\/www.africa-press.net\/cotedivoire\/parties\/david-fofana-renonce-a-sa-candidature-independante","title":{"rendered":"David Fofana Renonce \u00e0 Sa Candidature Ind\u00e9pendante"},"content":{"rendered":"<p><span style=\"color: #ff6600\"><strong>Africa-Press &#8211; C\u00f4te d&rsquo;Ivoire. <\/strong><\/span>Dans la localite\u0301 de Boundiali, David Fofana avait de\u0301cide\u0301 de de\u0301fier la de\u0301cision de son parti le RHDP qui a\u0300 fait le choix de la candidate Mariatou Kone\u0301, en se portant candidat inde\u0301pendant.<\/p>\n<p>Cette de\u0301cision du jeune entrepreneur avait cre\u0301e\u0301 une tension qui s&rsquo;est faite observe\u0301e lors de l&rsquo;organisation de deux concerts diffe\u0301rents des deux camps dans la me\u0302me ville pour rendre hommage a\u0300 Alassane Ouattara.<\/p>\n<p>Dans un communique\u0301 en date du mercredi 12 novembre 2025, David Fofana, fils de Boundiali, a annonce\u0301 sa de\u0301cision de ne pas se pre\u0301senter aux e\u0301lections le\u0301gislatives du 27 de\u0301cembre 2025, dans la circonscription de Boundiali-Ganaoni.<\/p>\n<p>La raison semble avoir gagne\u0301 celui qui avait souhaite\u0301 se porter candidat inde\u0301pendant. Cette annonce survient apre\u0300s une pe\u0301riode de tensions au sein de la communaute\u0301, marque\u0301e par des propos blessants et des attaques a\u0300 l\u2019encontre de sa famille et de personnalite\u0301s locales.<\/p>\n<p>David Fofana a explique\u0301 que cette de\u0301cision, loin d\u2019e\u0302tre un signe de peur ou de retrait, est avant tout un acte d&rsquo;amour envers sa terre natale, Boundiali. Selon lui, il s\u2019agit d\u2019un geste de responsabilite\u0301 et de sagesse, visant a\u0300 pre\u0301server la paix et la cohe\u0301sion au sein de sa communaute\u0301. En choisissant de ne pas briguer ce mandat, il entend e\u0301viter toute division supple\u0301mentaire et renforcer l\u2019unite\u0301 de sa ville et de toute la re\u0301gion de la Bagoue\u0301.<\/p>\n<p>Le jeune leader a souligne\u0301 que son engagement pour le de\u0301veloppement de Boundiali reste intact. Il a pre\u0301cise\u0301 que sa proximite\u0301 avec les habitants de sa re\u0301gion, ainsi que son de\u0301sir de servir sa communaute\u0301, ne faibliront pas. \u00ab Je suis une force de plus pour Boundiali, et je continuerai de me battre aux co\u0302te\u0301s de mes ai\u0302ne\u0301s pour un avenir commun prospe\u0300re \u00bb, a-t-il affirme\u0301 dans son message. Il a e\u0301galement exprime\u0301 sa gratitude envers ses e\u0301quipes de terrain, qui \u0153uvrent depuis des anne\u0301es pour le soutien et l&rsquo;accompagnement des populations locales.<\/p>\n<p>Dans son discours, David Fofana a e\u0301galement adresse\u0301 ses remerciements aux sages de la Bagoue\u0301, pour leurs conseils avise\u0301s, ainsi qu&rsquo;aux ministres et cadres du RHDP pour leur engagement envers la jeunesse et la pre\u0301servation de la de\u0301mocratie. Enfin, il a exprime\u0301 sa reconnaissance au Pre\u0301sident de la Re\u0301publique, Alassane Ouattara, en re\u0301ite\u0301rant son engagement pour le de\u0301veloppement e\u0301conomique et politique de la Co\u0302te d&rsquo;Ivoire.<\/p>\n<p>David Fofana conclut en affirmant que, bien qu\u2019il ne soit pas candidat, il restera toujours au service de Boundiali et de ses citoyens, plac\u0327ant l\u2019unite\u0301, le respect et la paix au c\u0153ur de son action politique. Il re\u0301affirme son amour et sa loyaute\u0301 envers sa terre natale, Boundiali, et son engagement a\u0300 \u0153uvrer pour son avenir.<\/p>\n<p><strong>Pour plus d&rsquo;informations et d&rsquo;analyses sur la <span style=\"color: #ff6600\">C\u00f4te d&rsquo;Ivoire<\/span>, suivez <span style=\"color: #ff6600\">Africa-Press<\/span><\/strong><\/p>\n","protected":false},"excerpt":{"rendered":"<p>Africa-Press &#8211; C\u00f4te d&rsquo;Ivoire. Dans la localite\u0301 de Boundiali, David Fofana avait de\u0301cide\u0301 de de\u0301fier la de\u0301cision de son parti le RHDP qui a\u0300 fait le choix de la candidate Mariatou Kone\u0301, en se portant candidat inde\u0301pendant. Cette de\u0301cision du jeune entrepreneur avait cre\u0301e\u0301 une tension qui s&rsquo;est faite observe\u0301e lors de l&rsquo;organisation de deux [&hellip;]<\/p>\n","protected":false},"author":82,"featured_media":108526,"comment_status":"open","ping_status":"closed","sticky":false,"template":"","format":"standard","meta":{"footnotes":""},"categories":[4,10],"tags":[38,4229,29,18704,3558,19363,1127,371],"class_list":["post-108527","post","type-post","status-publish","format-standard","has-post-thumbnail","hentry","category-parties","category-toutes-les-actualites","tag-alassane-ouattara","tag-boundiali","tag-cote-divoire","tag-david-fofana","tag-election","tag-legislative","tag-mariatou-kone","tag-rhdp"],"yoast_head":"<!-- This site is optimized with the Yoast SEO Premium plugin v26.1 (Yoast SEO v27.0) - https:\/\/yoast.com\/product\/yoast-seo-premium-wordpress\/ -->\n<title>David Fofana Renonce \u00e0 Sa Candidature Ind\u00e9pendante - C\u00f4te d&#039;Ivoire<\/title>\n<meta name=\"description\" content=\"Dans la localite\u0301 de Boundiali, David Fofana avait de\u0301cide\u0301 de de\u0301fier la de\u0301cision de son parti le RHDP qui a\u0300 fait le ...\" \/>\n<meta name=\"robots\" content=\"index, follow, max-snippet:-1, max-image-preview:large, max-video-preview:-1\" \/>\n<link rel=\"canonical\" href=\"https:\/\/www.africa-press.net\/cotedivoire\/parties\/david-fofana-renonce-a-sa-candidature-independante\" \/>\n<meta property=\"og:locale\" content=\"fr_FR\" \/>\n<meta property=\"og:type\" content=\"article\" \/>\n<meta property=\"og:title\" content=\"David Fofana Renonce \u00e0 Sa Candidature Ind\u00e9pendante\" \/>\n<meta property=\"og:description\" content=\"Dans la localite\u0301 de Boundiali, David Fofana avait de\u0301cide\u0301 de de\u0301fier la de\u0301cision de son parti le RHDP qui a\u0300 fait le ...\" \/>\n<meta property=\"og:url\" content=\"https:\/\/www.africa-press.net\/cotedivoire\/parties\/david-fofana-renonce-a-sa-candidature-independante\" \/>\n<meta property=\"og:site_name\" content=\"C\u00f4te d&#039;Ivoire\" \/>\n<meta property=\"article:published_time\" content=\"2025-11-13T14:43:21+00:00\" \/>\n<meta property=\"article:modified_time\" content=\"2025-11-13T14:45:27+00:00\" \/>\n<meta property=\"og:image\" content=\"https:\/\/static.africa-press.net\/cote\/sites\/43\/2025\/11\/sm_1763032477.352646.jpg\" \/>\n\t<meta property=\"og:image:width\" content=\"720\" \/>\n\t<meta property=\"og:image:height\" content=\"439\" \/>\n\t<meta property=\"og:image:type\" content=\"image\/jpeg\" \/>\n<meta name=\"author\" content=\"cfeditorfr\" \/>\n<meta name=\"twitter:card\" content=\"summary_large_image\" \/>\n<meta name=\"twitter:label1\" content=\"\u00c9crit par\" \/>\n\t<meta name=\"twitter:data1\" content=\"cfeditorfr\" \/>\n\t<meta name=\"twitter:label2\" content=\"Dur\u00e9e de lecture estim\u00e9e\" \/>\n\t<meta name=\"twitter:data2\" content=\"3 minutes\" \/>\n<script type=\"application\/ld+json\" class=\"yoast-schema-graph\">{\"@context\":\"https:\/\/schema.org\",\"@graph\":[{\"@type\":\"Article\",\"@id\":\"https:\/\/www.africa-press.net\/cotedivoire\/parties\/david-fofana-renonce-a-sa-candidature-independante#article\",\"isPartOf\":{\"@id\":\"https:\/\/www.africa-press.net\/cotedivoire\/parties\/david-fofana-renonce-a-sa-candidature-independante\"},\"author\":{\"name\":\"cfeditorfr\",\"@id\":\"https:\/\/www.africa-press.net\/cotedivoire\/#\/schema\/person\/2b1cf3cd81a31e3cd26889ca66d677f1\"},\"headline\":\"David Fofana Renonce \u00e0 Sa Candidature Ind\u00e9pendante\",\"datePublished\":\"2025-11-13T14:43:21+00:00\",\"dateModified\":\"2025-11-13T14:45:27+00:00\",\"mainEntityOfPage\":{\"@id\":\"https:\/\/www.africa-press.net\/cotedivoire\/parties\/david-fofana-renonce-a-sa-candidature-independante\"},\"wordCount\":525,\"commentCount\":0,\"image\":{\"@id\":\"https:\/\/www.africa-press.net\/cotedivoire\/parties\/david-fofana-renonce-a-sa-candidature-independante#primaryimage\"},\"thumbnailUrl\":\"https:\/\/static.africa-press.net\/cote\/sites\/43\/2025\/11\/sm_1763032477.352646.jpg\",\"keywords\":[\"Alassane Ouattara\",\"Boundiali\",\"C\u00d4TE D'IVOIRE\",\"David Fofana\",\"\u00e9lection\",\"l\u00e9gislative\",\"Mariatou Kon\u00e9\",\"RHDP\"],\"articleSection\":[\"Parties\",\"Toutes les actualit\u00e9s\"],\"inLanguage\":\"fr-FR\",\"potentialAction\":[{\"@type\":\"CommentAction\",\"name\":\"Comment\",\"target\":[\"https:\/\/www.africa-press.net\/cotedivoire\/parties\/david-fofana-renonce-a-sa-candidature-independante#respond\"]}]},{\"@type\":\"WebPage\",\"@id\":\"https:\/\/www.africa-press.net\/cotedivoire\/parties\/david-fofana-renonce-a-sa-candidature-independante\",\"url\":\"https:\/\/www.africa-press.net\/cotedivoire\/parties\/david-fofana-renonce-a-sa-candidature-independante\",\"name\":\"David Fofana Renonce \u00e0 Sa Candidature Ind\u00e9pendante - C\u00f4te d&#039;Ivoire\",\"isPartOf\":{\"@id\":\"https:\/\/www.africa-press.net\/cotedivoire\/#website\"},\"primaryImageOfPage\":{\"@id\":\"https:\/\/www.africa-press.net\/cotedivoire\/parties\/david-fofana-renonce-a-sa-candidature-independante#primaryimage\"},\"image\":{\"@id\":\"https:\/\/www.africa-press.net\/cotedivoire\/parties\/david-fofana-renonce-a-sa-candidature-independante#primaryimage\"},\"thumbnailUrl\":\"https:\/\/static.africa-press.net\/cote\/sites\/43\/2025\/11\/sm_1763032477.352646.jpg\",\"datePublished\":\"2025-11-13T14:43:21+00:00\",\"dateModified\":\"2025-11-13T14:45:27+00:00\",\"author\":{\"@id\":\"https:\/\/www.africa-press.net\/cotedivoire\/#\/schema\/person\/2b1cf3cd81a31e3cd26889ca66d677f1\"},\"description\":\"Dans la localite\u0301 de Boundiali, David Fofana avait de\u0301cide\u0301 de de\u0301fier la de\u0301cision de son parti le RHDP qui a\u0300 fait le ...\",\"breadcrumb\":{\"@id\":\"https:\/\/www.africa-press.net\/cotedivoire\/parties\/david-fofana-renonce-a-sa-candidature-independante#breadcrumb\"},\"inLanguage\":\"fr-FR\",\"potentialAction\":[{\"@type\":\"ReadAction\",\"target\":[\"https:\/\/www.africa-press.net\/cotedivoire\/parties\/david-fofana-renonce-a-sa-candidature-independante\"]}]},{\"@type\":\"ImageObject\",\"inLanguage\":\"fr-FR\",\"@id\":\"https:\/\/www.africa-press.net\/cotedivoire\/parties\/david-fofana-renonce-a-sa-candidature-independante#primaryimage\",\"url\":\"https:\/\/static.africa-press.net\/cote\/sites\/43\/2025\/11\/sm_1763032477.352646.jpg\",\"contentUrl\":\"https:\/\/static.africa-press.net\/cote\/sites\/43\/2025\/11\/sm_1763032477.352646.jpg\",\"width\":720,\"height\":439,\"caption\":\"David Fofana Renonce \u00e0 Sa Candidature Ind\u00e9pendante\"},{\"@type\":\"BreadcrumbList\",\"@id\":\"https:\/\/www.africa-press.net\/cotedivoire\/parties\/david-fofana-renonce-a-sa-candidature-independante#breadcrumb\",\"itemListElement\":[{\"@type\":\"ListItem\",\"position\":1,\"name\":\"Accueil\",\"item\":\"https:\/\/www.africa-press.net\/cotedivoire\/\"},{\"@type\":\"ListItem\",\"position\":2,\"name\":\"David Fofana Renonce \u00e0 Sa Candidature Ind\u00e9pendante\"}]},{\"@type\":\"WebSite\",\"@id\":\"https:\/\/www.africa-press.net\/cotedivoire\/#website\",\"url\":\"https:\/\/www.africa-press.net\/cotedivoire\/\",\"name\":\"C\u00f4te d&#039;Ivoire\",\"description\":\"Just another Africa News Agency Sites site\",\"potentialAction\":[{\"@type\":\"SearchAction\",\"target\":{\"@type\":\"EntryPoint\",\"urlTemplate\":\"https:\/\/www.africa-press.net\/cotedivoire\/?s={search_term_string}\"},\"query-input\":{\"@type\":\"PropertyValueSpecification\",\"valueRequired\":true,\"valueName\":\"search_term_string\"}}],\"inLanguage\":\"fr-FR\"},{\"@type\":\"Person\",\"@id\":\"https:\/\/www.africa-press.net\/cotedivoire\/#\/schema\/person\/2b1cf3cd81a31e3cd26889ca66d677f1\",\"name\":\"cfeditorfr\"}]}<\/script>\n<!-- \/ Yoast SEO Premium plugin. -->","yoast_head_json":{"title":"David Fofana Renonce \u00e0 Sa Candidature Ind\u00e9pendante - C\u00f4te d&#039;Ivoire","description":"Dans la localite\u0301 de Boundiali, David Fofana avait de\u0301cide\u0301 de de\u0301fier la de\u0301cision de son parti le RHDP qui a\u0300 fait le ...","robots":{"index":"index","follow":"follow","max-snippet":"max-snippet:-1","max-image-preview":"max-image-preview:large","max-video-preview":"max-video-preview:-1"},"canonical":"https:\/\/www.africa-press.net\/cotedivoire\/parties\/david-fofana-renonce-a-sa-candidature-independante","og_locale":"fr_FR","og_type":"article","og_title":"David Fofana Renonce \u00e0 Sa Candidature Ind\u00e9pendante","og_description":"Dans la localite\u0301 de Boundiali, David Fofana avait de\u0301cide\u0301 de de\u0301fier la de\u0301cision de son parti le RHDP qui a\u0300 fait le ...","og_url":"https:\/\/www.africa-press.net\/cotedivoire\/parties\/david-fofana-renonce-a-sa-candidature-independante","og_site_name":"C\u00f4te d&#039;Ivoire","article_published_time":"2025-11-13T14:43:21+00:00","article_modified_time":"2025-11-13T14:45:27+00:00","og_image":[{"width":720,"height":439,"url":"https:\/\/static.africa-press.net\/cote\/sites\/43\/2025\/11\/sm_1763032477.352646.jpg","type":"image\/jpeg"}],"author":"cfeditorfr","twitter_card":"summary_large_image","twitter_misc":{"\u00c9crit par":"cfeditorfr","Dur\u00e9e de lecture estim\u00e9e":"3 minutes"},"schema":{"@context":"https:\/\/schema.org","@graph":[{"@type":"Article","@id":"https:\/\/www.africa-press.net\/cotedivoire\/parties\/david-fofana-renonce-a-sa-candidature-independante#article","isPartOf":{"@id":"https:\/\/www.africa-press.net\/cotedivoire\/parties\/david-fofana-renonce-a-sa-candidature-independante"},"author":{"name":"cfeditorfr","@id":"https:\/\/www.africa-press.net\/cotedivoire\/#\/schema\/person\/2b1cf3cd81a31e3cd26889ca66d677f1"},"headline":"David Fofana Renonce \u00e0 Sa Candidature Ind\u00e9pendante","datePublished":"2025-11-13T14:43:21+00:00","dateModified":"2025-11-13T14:45:27+00:00","mainEntityOfPage":{"@id":"https:\/\/www.africa-press.net\/cotedivoire\/parties\/david-fofana-renonce-a-sa-candidature-independante"},"wordCount":525,"commentCount":0,"image":{"@id":"https:\/\/www.africa-press.net\/cotedivoire\/parties\/david-fofana-renonce-a-sa-candidature-independante#primaryimage"},"thumbnailUrl":"https:\/\/static.africa-press.net\/cote\/sites\/43\/2025\/11\/sm_1763032477.352646.jpg","keywords":["Alassane Ouattara","Boundiali","C\u00d4TE D'IVOIRE","David Fofana","\u00e9lection","l\u00e9gislative","Mariatou Kon\u00e9","RHDP"],"articleSection":["Parties","Toutes les actualit\u00e9s"],"inLanguage":"fr-FR","potentialAction":[{"@type":"CommentAction","name":"Comment","target":["https:\/\/www.africa-press.net\/cotedivoire\/parties\/david-fofana-renonce-a-sa-candidature-independante#respond"]}]},{"@type":"WebPage","@id":"https:\/\/www.africa-press.net\/cotedivoire\/parties\/david-fofana-renonce-a-sa-candidature-independante","url":"https:\/\/www.africa-press.net\/cotedivoire\/parties\/david-fofana-renonce-a-sa-candidature-independante","name":"David Fofana Renonce \u00e0 Sa Candidature Ind\u00e9pendante - C\u00f4te d&#039;Ivoire","isPartOf":{"@id":"https:\/\/www.africa-press.net\/cotedivoire\/#website"},"primaryImageOfPage":{"@id":"https:\/\/www.africa-press.net\/cotedivoire\/parties\/david-fofana-renonce-a-sa-candidature-independante#primaryimage"},"image":{"@id":"https:\/\/www.africa-press.net\/cotedivoire\/parties\/david-fofana-renonce-a-sa-candidature-independante#primaryimage"},"thumbnailUrl":"https:\/\/static.africa-press.net\/cote\/sites\/43\/2025\/11\/sm_1763032477.352646.jpg","datePublished":"2025-11-13T14:43:21+00:00","dateModified":"2025-11-13T14:45:27+00:00","author":{"@id":"https:\/\/www.africa-press.net\/cotedivoire\/#\/schema\/person\/2b1cf3cd81a31e3cd26889ca66d677f1"},"description":"Dans la localite\u0301 de Boundiali, David Fofana avait de\u0301cide\u0301 de de\u0301fier la de\u0301cision de son parti le RHDP qui a\u0300 fait le ...","breadcrumb":{"@id":"https:\/\/www.africa-press.net\/cotedivoire\/parties\/david-fofana-renonce-a-sa-candidature-independante#breadcrumb"},"inLanguage":"fr-FR","potentialAction":[{"@type":"ReadAction","target":["https:\/\/www.africa-press.net\/cotedivoire\/parties\/david-fofana-renonce-a-sa-candidature-independante"]}]},{"@type":"ImageObject","inLanguage":"fr-FR","@id":"https:\/\/www.africa-press.net\/cotedivoire\/parties\/david-fofana-renonce-a-sa-candidature-independante#primaryimage","url":"https:\/\/static.africa-press.net\/cote\/sites\/43\/2025\/11\/sm_1763032477.352646.jpg","contentUrl":"https:\/\/static.africa-press.net\/cote\/sites\/43\/2025\/11\/sm_1763032477.352646.jpg","width":720,"height":439,"caption":"David Fofana Renonce \u00e0 Sa Candidature Ind\u00e9pendante"},{"@type":"BreadcrumbList","@id":"https:\/\/www.africa-press.net\/cotedivoire\/parties\/david-fofana-renonce-a-sa-candidature-independante#breadcrumb","itemListElement":[{"@type":"ListItem","position":1,"name":"Accueil","item":"https:\/\/www.africa-press.net\/cotedivoire\/"},{"@type":"ListItem","position":2,"name":"David Fofana Renonce \u00e0 Sa Candidature Ind\u00e9pendante"}]},{"@type":"WebSite","@id":"https:\/\/www.africa-press.net\/cotedivoire\/#website","url":"https:\/\/www.africa-press.net\/cotedivoire\/","name":"C\u00f4te d&#039;Ivoire","description":"Just another Africa News Agency Sites site","potentialAction":[{"@type":"SearchAction","target":{"@type":"EntryPoint","urlTemplate":"https:\/\/www.africa-press.net\/cotedivoire\/?s={search_term_string}"},"query-input":{"@type":"PropertyValueSpecification","valueRequired":true,"valueName":"search_term_string"}}],"inLanguage":"fr-FR"},{"@type":"Person","@id":"https:\/\/www.africa-press.net\/cotedivoire\/#\/schema\/person\/2b1cf3cd81a31e3cd26889ca66d677f1","name":"cfeditorfr"}]}},"_links":{"self":[{"href":"https:\/\/www.africa-press.net\/cotedivoire\/wp-json\/wp\/v2\/posts\/108527","targetHints":{"allow":["GET"]}}],"collection":[{"href":"https:\/\/www.africa-press.net\/cotedivoire\/wp-json\/wp\/v2\/posts"}],"about":[{"href":"https:\/\/www.africa-press.net\/cotedivoire\/wp-json\/wp\/v2\/types\/post"}],"author":[{"embeddable":true,"href":"https:\/\/www.africa-press.net\/cotedivoire\/wp-json\/wp\/v2\/users\/82"}],"replies":[{"embeddable":true,"href":"https:\/\/www.africa-press.net\/cotedivoire\/wp-json\/wp\/v2\/comments?post=108527"}],"version-history":[{"count":0,"href":"https:\/\/www.africa-press.net\/cotedivoire\/wp-json\/wp\/v2\/posts\/108527\/revisions"}],"wp:featuredmedia":[{"embeddable":true,"href":"https:\/\/www.africa-press.net\/cotedivoire\/wp-json\/wp\/v2\/media\/108526"}],"wp:attachment":[{"href":"https:\/\/www.africa-press.net\/cotedivoire\/wp-json\/wp\/v2\/media?parent=108527"}],"wp:term":[{"taxonomy":"category","embeddable":true,"href":"https:\/\/www.africa-press.net\/cotedivoire\/wp-json\/wp\/v2\/categories?post=108527"},{"taxonomy":"post_tag","embeddable":true,"href":"https:\/\/www.africa-press.net\/cotedivoire\/wp-json\/wp\/v2\/tags?post=108527"}],"curies":[{"name":"wp","href":"https:\/\/api.w.org\/{rel}","templated":true}]}}