{"id":108532,"date":"2025-11-13T14:43:21","date_gmt":"2025-11-13T14:43:21","guid":{"rendered":"https:\/\/www.africa-press.net\/cotedivoire\/politique\/le-rhdp-celebre-la-jeunesse-victorieuse"},"modified":"2025-11-13T14:46:03","modified_gmt":"2025-11-13T14:46:03","slug":"le-rhdp-celebre-la-jeunesse-victorieuse","status":"publish","type":"post","link":"https:\/\/www.africa-press.net\/cotedivoire\/parties\/le-rhdp-celebre-la-jeunesse-victorieuse","title":{"rendered":"Le RHDP C\u00e9l\u00e8bre La Jeunesse Victorieuse"},"content":{"rendered":"<p><span style=\"color: #ff6600\"><strong>Africa-Press &#8211; C\u00f4te d&rsquo;Ivoire. <\/strong><\/span>La Direction centrale de campagne charge\u0301e de la jeunesse du RHDP, conduite par le ministre Mamadou Toure\u0301, a tenu ce mercredi 12 novembre 2025 une ce\u0301re\u0301monie de remerciement et de bilan au Palais des congre\u0300s de l\u2019ho\u0302tel Ivoire a\u0300 Abidjan. L\u2019e\u0301ve\u0301nement, pre\u0301side\u0301 par le Premier ministre et Directeur national de campagne du RHDP, a rassemble\u0301 une foule enthousiaste de jeunes venus des quatre coins du pays pour ce\u0301le\u0301brer la victoire du Pre\u0301sident Alassane Ouattara.<\/p>\n<p>Prenant la parole au nom du chef de l\u2019E\u0301tat, le Premier ministre a rendu un vibrant hommage a\u0300 la jeunesse ivoirienne pour son engagement durant la campagne pre\u0301sidentielle.<\/p>\n<p>\u201cVous e\u0302tes notre fierte\u0301. Je suis venu ce soir parmi vous, au nom de notre champion, notre candidat, pour vous dire bravo pour le travail accompli. Vous avez travaille\u0301 avec me\u0301thode, avec de\u0301termination, et chacun de vous a apporte\u0301 une grande contribution au succe\u0300s de notre candidat\u201d, a-t-il de\u0301clare\u0301 sous les applaudissements de la salle.<\/p>\n<p>Le Chef du gouvernement a e\u0301galement salue\u0301 la mobilisation exceptionnelle des diffe\u0301rentes composantes de la jeunesse du RHDP jeunes e\u0301lus, militants, e\u0301tudiants, entrepreneurs, ADO Boys et ADO Girls pour leur ro\u0302le de\u0301terminant dans la victoire du Pre\u0301sident Ouattara.<\/p>\n<p>\u201cPar la mise\u0301ricorde de Dieu, vous avez offert a\u0300 la Co\u0302te d\u2019Ivoire et au Pre\u0301sident Alassane Ouattara une e\u0301lection extraordinaire. Nous sommes engage\u0301s a\u0300 faire de la Co\u0302te d\u2019Ivoire une grande et belle nation pour les ge\u0301ne\u0301rations futures\u201d, a-t-il ajoute\u0301.<\/p>\n<p>Dans un ton re\u0301solument mobilisateur, le Premier ministre a appele\u0301 la jeunesse a\u0300 poursuivre son engagement en vue des prochaines e\u0301lections le\u0301gislatives.<\/p>\n<p>\u201cNous allons reprendre nos instruments de combat pacifique pour offrir au Pre\u0301sident Alassane Ouattara le plus grand nombre de de\u0301pute\u0301s possible. Partout ou\u0300 il y aura des candidats RHDP, mobilisez-vous pour les soutenir et les porter en triomphe\u201d, a-t-il exhorte\u0301.<\/p>\n<p>Le Premier ministre a conclu son allocution sur une note d\u2019espoir, promettant de grands projets pour renforcer le de\u0301veloppement et l\u2019emploi des jeunes.<\/p>\n<p>\u201cBiento\u0302t, nous aurons le TGV entre Abidjan et Korhogo, un train rapide entre San Pedro et Odienne\u0301, une autoroute transversale entre l\u2019Est et l\u2019Ouest, et de nombreuses usines pour offrir des emplois aux jeunes. La Co\u0302te d\u2019Ivoire est belle, la Co\u0302te d\u2019Ivoire est notre paradis\u201d, a-t-il affirme\u0301, visiblement e\u0301mu.<\/p>\n<p>A\u0300 sa suite, Mamadou Toure\u0301, ministre de la Promotion de la jeunesse et Directeur central de la campagne jeunes du RHDP, a dresse\u0301 le bilan du travail accompli par les diffe\u0301rentes e\u0301quipes de terrain.<\/p>\n<p>\u201cDerrie\u0300re nous, il y avait une e\u0301quipe compose\u0301e d\u2019hommes et de femmes issus de tous les milieux. C\u2019est cette e\u0301quipe qui a occupe\u0301 le terrain et permis a\u0300 la jeunesse d\u2019apporter une contribution de\u0301cisive a\u0300 la victoire du Pre\u0301sident Alassane Ouattara\u201d, a-t-il indique\u0301.<\/p>\n<p>Il a souligne\u0301 que dans les 47 re\u0301gions politiques du pays, les directions re\u0301gionales des campagnes jeunes ont travaille\u0301 en e\u0301troite coordination avec la direction centrale. Selon lui, l\u2019engagement des jeunes a de\u0301passe\u0301 les attentes, tant sur le plan humain que financier.<\/p>\n<p>\u201cNous avons mobilise\u0301 trois fois plus de ressources que celles mises a\u0300 disposition. Chaque jeune a contribue\u0301 personnellement, convaincu qu\u2019il s\u2019agissait de sa campagne, de son candidat\u201d, a-t-il insiste\u0301.<\/p>\n<p>Mamadou Toure\u0301 a e\u0301galement rappele\u0301 l\u2019importance des diffe\u0301rentes structures de mobilisation jeunes e\u0301lus, militants et estudiantins, entrepreneurs, secteur informel et jeunesse rurale ainsi que le ro\u0302le historique des \u201cADO Boys\u201d et \u201cADO Girls\u201d, be\u0301ne\u0301voles emble\u0301matiques des campagnes du Pre\u0301sident depuis 2009.<\/p>\n<p>\u201cCes jeunes, a\u0302ge\u0301s de 18 a\u0300 25 ans, ont sillonne\u0301 villes et villages pour vendre le message du candidat, avec passion et conviction\u201d, a-t-il souligne\u0301.<\/p>\n<p>Les interventions des ministres associe\u0301s, Bellemonde Dogo et Anoble\u0301 Fe\u0301lix, ont e\u0301galement mis en lumie\u0300re la cre\u0301ativite\u0301 et la de\u0301termination de la jeunesse du RHDP.<\/p>\n<p>Mme Dogo a rappele\u0301 que \u201cles ADO Boys et ADO Girls sont le c\u0153ur de la campagne\u201d, tandis que Anoble\u0301 Fe\u0301lix a mis en avant l\u2019engagement des jeunes cadres a\u0300 de\u0301fendre le bilan du Pre\u0301sident a\u0300 travers panels et actions sociales suivis par des milliers de participants.<\/p>\n<p>Cette ce\u0301re\u0301monie, riche en e\u0301motion et en symboles, a re\u0301affirme\u0301 la place centrale de la jeunesse dans le projet politique du Pre\u0301sident Alassane Ouattara et du RHDP.<\/p>\n<p>Entre fierte\u0301, reconnaissance et nouveaux de\u0301fis, le message du Premier ministre a e\u0301te\u0301 clair: la jeunesse ivoirienne reste le moteur du de\u0301veloppement et de l\u2019avenir du pays.<\/p>\n<p><strong>Pour plus d&rsquo;informations et d&rsquo;analyses sur la <span style=\"color: #ff6600\">C\u00f4te d&rsquo;Ivoire<\/span>, suivez <span style=\"color: #ff6600\">Africa-Press<\/span><\/strong><\/p>\n","protected":false},"excerpt":{"rendered":"<p>Africa-Press &#8211; C\u00f4te d&rsquo;Ivoire. La Direction centrale de campagne charge\u0301e de la jeunesse du RHDP, conduite par le ministre Mamadou Toure\u0301, a tenu ce mercredi 12 novembre 2025 une ce\u0301re\u0301monie de remerciement et de bilan au Palais des congre\u0300s de l\u2019ho\u0302tel Ivoire a\u0300 Abidjan. L\u2019e\u0301ve\u0301nement, pre\u0301side\u0301 par le Premier ministre et Directeur national de campagne [&hellip;]<\/p>\n","protected":false},"author":82,"featured_media":108531,"comment_status":"open","ping_status":"closed","sticky":false,"template":"","format":"standard","meta":{"footnotes":""},"categories":[4,10],"tags":[8151,38,2399,2711,29,3228,2611,1652,60,371],"class_list":["post-108532","post","type-post","status-publish","format-standard","has-post-thumbnail","hentry","category-parties","category-toutes-les-actualites","tag-ado","tag-alassane-ouattara","tag-beugre-mambe","tag-campagne","tag-cote-divoire","tag-electorale","tag-jeunesse","tag-mamadou-toure","tag-politique","tag-rhdp"],"yoast_head":"<!-- This site is optimized with the Yoast SEO Premium plugin v26.1 (Yoast SEO v27.0) - https:\/\/yoast.com\/product\/yoast-seo-premium-wordpress\/ -->\n<title>Le RHDP C\u00e9l\u00e8bre La Jeunesse Victorieuse - C\u00f4te d&#039;Ivoire<\/title>\n<meta name=\"description\" content=\"La Direction centrale de campagne charge\u0301e de la jeunesse du RHDP, conduite par le ministre Mamadou Toure\u0301, a tenu ce me ...\" \/>\n<meta name=\"robots\" content=\"index, follow, max-snippet:-1, max-image-preview:large, max-video-preview:-1\" \/>\n<link rel=\"canonical\" href=\"https:\/\/www.africa-press.net\/cotedivoire\/parties\/le-rhdp-celebre-la-jeunesse-victorieuse\" \/>\n<meta property=\"og:locale\" content=\"fr_FR\" \/>\n<meta property=\"og:type\" content=\"article\" \/>\n<meta property=\"og:title\" content=\"Le RHDP C\u00e9l\u00e8bre La Jeunesse Victorieuse\" \/>\n<meta property=\"og:description\" content=\"La Direction centrale de campagne charge\u0301e de la jeunesse du RHDP, conduite par le ministre Mamadou Toure\u0301, a tenu ce me ...\" \/>\n<meta property=\"og:url\" content=\"https:\/\/www.africa-press.net\/cotedivoire\/parties\/le-rhdp-celebre-la-jeunesse-victorieuse\" \/>\n<meta property=\"og:site_name\" content=\"C\u00f4te d&#039;Ivoire\" \/>\n<meta property=\"article:published_time\" content=\"2025-11-13T14:43:21+00:00\" \/>\n<meta property=\"article:modified_time\" content=\"2025-11-13T14:46:03+00:00\" \/>\n<meta property=\"og:image\" content=\"https:\/\/static.africa-press.net\/cote\/sites\/43\/2025\/11\/sm_1763032503.978215.jpg\" \/>\n\t<meta property=\"og:image:width\" content=\"720\" \/>\n\t<meta property=\"og:image:height\" content=\"486\" \/>\n\t<meta property=\"og:image:type\" content=\"image\/jpeg\" \/>\n<meta name=\"author\" content=\"cfeditorfr\" \/>\n<meta name=\"twitter:card\" content=\"summary_large_image\" \/>\n<meta name=\"twitter:label1\" content=\"\u00c9crit par\" \/>\n\t<meta name=\"twitter:data1\" content=\"cfeditorfr\" \/>\n\t<meta name=\"twitter:label2\" content=\"Dur\u00e9e de lecture estim\u00e9e\" \/>\n\t<meta name=\"twitter:data2\" content=\"4 minutes\" \/>\n<script type=\"application\/ld+json\" class=\"yoast-schema-graph\">{\"@context\":\"https:\/\/schema.org\",\"@graph\":[{\"@type\":\"Article\",\"@id\":\"https:\/\/www.africa-press.net\/cotedivoire\/parties\/le-rhdp-celebre-la-jeunesse-victorieuse#article\",\"isPartOf\":{\"@id\":\"https:\/\/www.africa-press.net\/cotedivoire\/parties\/le-rhdp-celebre-la-jeunesse-victorieuse\"},\"author\":{\"name\":\"cfeditorfr\",\"@id\":\"https:\/\/www.africa-press.net\/cotedivoire\/#\/schema\/person\/2b1cf3cd81a31e3cd26889ca66d677f1\"},\"headline\":\"Le RHDP C\u00e9l\u00e8bre La Jeunesse Victorieuse\",\"datePublished\":\"2025-11-13T14:43:21+00:00\",\"dateModified\":\"2025-11-13T14:46:03+00:00\",\"mainEntityOfPage\":{\"@id\":\"https:\/\/www.africa-press.net\/cotedivoire\/parties\/le-rhdp-celebre-la-jeunesse-victorieuse\"},\"wordCount\":836,\"commentCount\":0,\"image\":{\"@id\":\"https:\/\/www.africa-press.net\/cotedivoire\/parties\/le-rhdp-celebre-la-jeunesse-victorieuse#primaryimage\"},\"thumbnailUrl\":\"https:\/\/static.africa-press.net\/cote\/sites\/43\/2025\/11\/sm_1763032503.978215.jpg\",\"keywords\":[\"ADO\",\"Alassane Ouattara\",\"Beugr\u00e9 Mamb\u00e9\",\"campagne\",\"C\u00d4TE D'IVOIRE\",\"\u00e9lectorale\",\"jeunesse\",\"Mamadou Tour\u00e9\",\"Politique\",\"RHDP\"],\"articleSection\":[\"Parties\",\"Toutes les actualit\u00e9s\"],\"inLanguage\":\"fr-FR\",\"potentialAction\":[{\"@type\":\"CommentAction\",\"name\":\"Comment\",\"target\":[\"https:\/\/www.africa-press.net\/cotedivoire\/parties\/le-rhdp-celebre-la-jeunesse-victorieuse#respond\"]}]},{\"@type\":\"WebPage\",\"@id\":\"https:\/\/www.africa-press.net\/cotedivoire\/parties\/le-rhdp-celebre-la-jeunesse-victorieuse\",\"url\":\"https:\/\/www.africa-press.net\/cotedivoire\/parties\/le-rhdp-celebre-la-jeunesse-victorieuse\",\"name\":\"Le RHDP C\u00e9l\u00e8bre La Jeunesse Victorieuse - C\u00f4te d&#039;Ivoire\",\"isPartOf\":{\"@id\":\"https:\/\/www.africa-press.net\/cotedivoire\/#website\"},\"primaryImageOfPage\":{\"@id\":\"https:\/\/www.africa-press.net\/cotedivoire\/parties\/le-rhdp-celebre-la-jeunesse-victorieuse#primaryimage\"},\"image\":{\"@id\":\"https:\/\/www.africa-press.net\/cotedivoire\/parties\/le-rhdp-celebre-la-jeunesse-victorieuse#primaryimage\"},\"thumbnailUrl\":\"https:\/\/static.africa-press.net\/cote\/sites\/43\/2025\/11\/sm_1763032503.978215.jpg\",\"datePublished\":\"2025-11-13T14:43:21+00:00\",\"dateModified\":\"2025-11-13T14:46:03+00:00\",\"author\":{\"@id\":\"https:\/\/www.africa-press.net\/cotedivoire\/#\/schema\/person\/2b1cf3cd81a31e3cd26889ca66d677f1\"},\"description\":\"La Direction centrale de campagne charge\u0301e de la jeunesse du RHDP, conduite par le ministre Mamadou Toure\u0301, a tenu ce me ...\",\"breadcrumb\":{\"@id\":\"https:\/\/www.africa-press.net\/cotedivoire\/parties\/le-rhdp-celebre-la-jeunesse-victorieuse#breadcrumb\"},\"inLanguage\":\"fr-FR\",\"potentialAction\":[{\"@type\":\"ReadAction\",\"target\":[\"https:\/\/www.africa-press.net\/cotedivoire\/parties\/le-rhdp-celebre-la-jeunesse-victorieuse\"]}]},{\"@type\":\"ImageObject\",\"inLanguage\":\"fr-FR\",\"@id\":\"https:\/\/www.africa-press.net\/cotedivoire\/parties\/le-rhdp-celebre-la-jeunesse-victorieuse#primaryimage\",\"url\":\"https:\/\/static.africa-press.net\/cote\/sites\/43\/2025\/11\/sm_1763032503.978215.jpg\",\"contentUrl\":\"https:\/\/static.africa-press.net\/cote\/sites\/43\/2025\/11\/sm_1763032503.978215.jpg\",\"width\":720,\"height\":486,\"caption\":\"Le RHDP C\u00e9l\u00e8bre La Jeunesse Victorieuse\"},{\"@type\":\"BreadcrumbList\",\"@id\":\"https:\/\/www.africa-press.net\/cotedivoire\/parties\/le-rhdp-celebre-la-jeunesse-victorieuse#breadcrumb\",\"itemListElement\":[{\"@type\":\"ListItem\",\"position\":1,\"name\":\"Accueil\",\"item\":\"https:\/\/www.africa-press.net\/cotedivoire\/\"},{\"@type\":\"ListItem\",\"position\":2,\"name\":\"Le RHDP C\u00e9l\u00e8bre La Jeunesse Victorieuse\"}]},{\"@type\":\"WebSite\",\"@id\":\"https:\/\/www.africa-press.net\/cotedivoire\/#website\",\"url\":\"https:\/\/www.africa-press.net\/cotedivoire\/\",\"name\":\"C\u00f4te d&#039;Ivoire\",\"description\":\"Just another Africa News Agency Sites site\",\"potentialAction\":[{\"@type\":\"SearchAction\",\"target\":{\"@type\":\"EntryPoint\",\"urlTemplate\":\"https:\/\/www.africa-press.net\/cotedivoire\/?s={search_term_string}\"},\"query-input\":{\"@type\":\"PropertyValueSpecification\",\"valueRequired\":true,\"valueName\":\"search_term_string\"}}],\"inLanguage\":\"fr-FR\"},{\"@type\":\"Person\",\"@id\":\"https:\/\/www.africa-press.net\/cotedivoire\/#\/schema\/person\/2b1cf3cd81a31e3cd26889ca66d677f1\",\"name\":\"cfeditorfr\"}]}<\/script>\n<!-- \/ Yoast SEO Premium plugin. -->","yoast_head_json":{"title":"Le RHDP C\u00e9l\u00e8bre La Jeunesse Victorieuse - C\u00f4te d&#039;Ivoire","description":"La Direction centrale de campagne charge\u0301e de la jeunesse du RHDP, conduite par le ministre Mamadou Toure\u0301, a tenu ce me ...","robots":{"index":"index","follow":"follow","max-snippet":"max-snippet:-1","max-image-preview":"max-image-preview:large","max-video-preview":"max-video-preview:-1"},"canonical":"https:\/\/www.africa-press.net\/cotedivoire\/parties\/le-rhdp-celebre-la-jeunesse-victorieuse","og_locale":"fr_FR","og_type":"article","og_title":"Le RHDP C\u00e9l\u00e8bre La Jeunesse Victorieuse","og_description":"La Direction centrale de campagne charge\u0301e de la jeunesse du RHDP, conduite par le ministre Mamadou Toure\u0301, a tenu ce me ...","og_url":"https:\/\/www.africa-press.net\/cotedivoire\/parties\/le-rhdp-celebre-la-jeunesse-victorieuse","og_site_name":"C\u00f4te d&#039;Ivoire","article_published_time":"2025-11-13T14:43:21+00:00","article_modified_time":"2025-11-13T14:46:03+00:00","og_image":[{"width":720,"height":486,"url":"https:\/\/static.africa-press.net\/cote\/sites\/43\/2025\/11\/sm_1763032503.978215.jpg","type":"image\/jpeg"}],"author":"cfeditorfr","twitter_card":"summary_large_image","twitter_misc":{"\u00c9crit par":"cfeditorfr","Dur\u00e9e de lecture estim\u00e9e":"4 minutes"},"schema":{"@context":"https:\/\/schema.org","@graph":[{"@type":"Article","@id":"https:\/\/www.africa-press.net\/cotedivoire\/parties\/le-rhdp-celebre-la-jeunesse-victorieuse#article","isPartOf":{"@id":"https:\/\/www.africa-press.net\/cotedivoire\/parties\/le-rhdp-celebre-la-jeunesse-victorieuse"},"author":{"name":"cfeditorfr","@id":"https:\/\/www.africa-press.net\/cotedivoire\/#\/schema\/person\/2b1cf3cd81a31e3cd26889ca66d677f1"},"headline":"Le RHDP C\u00e9l\u00e8bre La Jeunesse Victorieuse","datePublished":"2025-11-13T14:43:21+00:00","dateModified":"2025-11-13T14:46:03+00:00","mainEntityOfPage":{"@id":"https:\/\/www.africa-press.net\/cotedivoire\/parties\/le-rhdp-celebre-la-jeunesse-victorieuse"},"wordCount":836,"commentCount":0,"image":{"@id":"https:\/\/www.africa-press.net\/cotedivoire\/parties\/le-rhdp-celebre-la-jeunesse-victorieuse#primaryimage"},"thumbnailUrl":"https:\/\/static.africa-press.net\/cote\/sites\/43\/2025\/11\/sm_1763032503.978215.jpg","keywords":["ADO","Alassane Ouattara","Beugr\u00e9 Mamb\u00e9","campagne","C\u00d4TE D'IVOIRE","\u00e9lectorale","jeunesse","Mamadou Tour\u00e9","Politique","RHDP"],"articleSection":["Parties","Toutes les actualit\u00e9s"],"inLanguage":"fr-FR","potentialAction":[{"@type":"CommentAction","name":"Comment","target":["https:\/\/www.africa-press.net\/cotedivoire\/parties\/le-rhdp-celebre-la-jeunesse-victorieuse#respond"]}]},{"@type":"WebPage","@id":"https:\/\/www.africa-press.net\/cotedivoire\/parties\/le-rhdp-celebre-la-jeunesse-victorieuse","url":"https:\/\/www.africa-press.net\/cotedivoire\/parties\/le-rhdp-celebre-la-jeunesse-victorieuse","name":"Le RHDP C\u00e9l\u00e8bre La Jeunesse Victorieuse - C\u00f4te d&#039;Ivoire","isPartOf":{"@id":"https:\/\/www.africa-press.net\/cotedivoire\/#website"},"primaryImageOfPage":{"@id":"https:\/\/www.africa-press.net\/cotedivoire\/parties\/le-rhdp-celebre-la-jeunesse-victorieuse#primaryimage"},"image":{"@id":"https:\/\/www.africa-press.net\/cotedivoire\/parties\/le-rhdp-celebre-la-jeunesse-victorieuse#primaryimage"},"thumbnailUrl":"https:\/\/static.africa-press.net\/cote\/sites\/43\/2025\/11\/sm_1763032503.978215.jpg","datePublished":"2025-11-13T14:43:21+00:00","dateModified":"2025-11-13T14:46:03+00:00","author":{"@id":"https:\/\/www.africa-press.net\/cotedivoire\/#\/schema\/person\/2b1cf3cd81a31e3cd26889ca66d677f1"},"description":"La Direction centrale de campagne charge\u0301e de la jeunesse du RHDP, conduite par le ministre Mamadou Toure\u0301, a tenu ce me ...","breadcrumb":{"@id":"https:\/\/www.africa-press.net\/cotedivoire\/parties\/le-rhdp-celebre-la-jeunesse-victorieuse#breadcrumb"},"inLanguage":"fr-FR","potentialAction":[{"@type":"ReadAction","target":["https:\/\/www.africa-press.net\/cotedivoire\/parties\/le-rhdp-celebre-la-jeunesse-victorieuse"]}]},{"@type":"ImageObject","inLanguage":"fr-FR","@id":"https:\/\/www.africa-press.net\/cotedivoire\/parties\/le-rhdp-celebre-la-jeunesse-victorieuse#primaryimage","url":"https:\/\/static.africa-press.net\/cote\/sites\/43\/2025\/11\/sm_1763032503.978215.jpg","contentUrl":"https:\/\/static.africa-press.net\/cote\/sites\/43\/2025\/11\/sm_1763032503.978215.jpg","width":720,"height":486,"caption":"Le RHDP C\u00e9l\u00e8bre La Jeunesse Victorieuse"},{"@type":"BreadcrumbList","@id":"https:\/\/www.africa-press.net\/cotedivoire\/parties\/le-rhdp-celebre-la-jeunesse-victorieuse#breadcrumb","itemListElement":[{"@type":"ListItem","position":1,"name":"Accueil","item":"https:\/\/www.africa-press.net\/cotedivoire\/"},{"@type":"ListItem","position":2,"name":"Le RHDP C\u00e9l\u00e8bre La Jeunesse Victorieuse"}]},{"@type":"WebSite","@id":"https:\/\/www.africa-press.net\/cotedivoire\/#website","url":"https:\/\/www.africa-press.net\/cotedivoire\/","name":"C\u00f4te d&#039;Ivoire","description":"Just another Africa News Agency Sites site","potentialAction":[{"@type":"SearchAction","target":{"@type":"EntryPoint","urlTemplate":"https:\/\/www.africa-press.net\/cotedivoire\/?s={search_term_string}"},"query-input":{"@type":"PropertyValueSpecification","valueRequired":true,"valueName":"search_term_string"}}],"inLanguage":"fr-FR"},{"@type":"Person","@id":"https:\/\/www.africa-press.net\/cotedivoire\/#\/schema\/person\/2b1cf3cd81a31e3cd26889ca66d677f1","name":"cfeditorfr"}]}},"_links":{"self":[{"href":"https:\/\/www.africa-press.net\/cotedivoire\/wp-json\/wp\/v2\/posts\/108532","targetHints":{"allow":["GET"]}}],"collection":[{"href":"https:\/\/www.africa-press.net\/cotedivoire\/wp-json\/wp\/v2\/posts"}],"about":[{"href":"https:\/\/www.africa-press.net\/cotedivoire\/wp-json\/wp\/v2\/types\/post"}],"author":[{"embeddable":true,"href":"https:\/\/www.africa-press.net\/cotedivoire\/wp-json\/wp\/v2\/users\/82"}],"replies":[{"embeddable":true,"href":"https:\/\/www.africa-press.net\/cotedivoire\/wp-json\/wp\/v2\/comments?post=108532"}],"version-history":[{"count":0,"href":"https:\/\/www.africa-press.net\/cotedivoire\/wp-json\/wp\/v2\/posts\/108532\/revisions"}],"wp:featuredmedia":[{"embeddable":true,"href":"https:\/\/www.africa-press.net\/cotedivoire\/wp-json\/wp\/v2\/media\/108531"}],"wp:attachment":[{"href":"https:\/\/www.africa-press.net\/cotedivoire\/wp-json\/wp\/v2\/media?parent=108532"}],"wp:term":[{"taxonomy":"category","embeddable":true,"href":"https:\/\/www.africa-press.net\/cotedivoire\/wp-json\/wp\/v2\/categories?post=108532"},{"taxonomy":"post_tag","embeddable":true,"href":"https:\/\/www.africa-press.net\/cotedivoire\/wp-json\/wp\/v2\/tags?post=108532"}],"curies":[{"name":"wp","href":"https:\/\/api.w.org\/{rel}","templated":true}]}}