{"id":10862,"date":"2021-08-04T09:54:37","date_gmt":"2021-08-04T09:54:37","guid":{"rendered":"https:\/\/www.africa-press.net\/cotedivoire\/?p=10862"},"modified":"2021-08-04T17:06:35","modified_gmt":"2021-08-04T17:06:35","slug":"covid-19-en-cote-divoire-alassane-dramane-ouattara-sauto-confine","status":"publish","type":"post","link":"https:\/\/www.africa-press.net\/cotedivoire\/toutes-les-actualites\/covid-19-en-cote-divoire-alassane-dramane-ouattara-sauto-confine","title":{"rendered":"Covid-19 en C\u00f4te d\u2019Ivoire : Alassane Dramane Ouattara s\u2019auto-confine"},"content":{"rendered":"<p><span style=\"color: #ff6600\"><strong><a href=\"https:\/\/www.africa-press.net\/\">Africa-Press<\/a> &#8211; <a href=\"https:\/\/www.africa-press.net\/cotedivoire\">C\u00f4te d&rsquo;Ivoire<\/a>. <\/strong><\/span><b>\u00a0Le chef de l\u2019Etat ivoirien Alassane Dramane Ouattara, dans un communiqu\u00e9 dofficiel, a annonce\u2019 s\u2019\u00eatre d\u00e9lib\u00e9r\u00e9ment mis en confinement apr\u00e8s avoir \u00e9t\u00e9 en contact avec une personne d\u00e9clar\u00e9e positive au Covid-19.<\/b><\/p>\n<p>\u00ab Le Chef de l\u2019Etat exhorte les Ivoiriens et les populations vivant en C\u00f4te d\u2019Ivoire a\u0300 se faire vacciner, tout en continuant a\u0300 respecter les mesures barri\u00e8res visant a\u0300 lutter contre cette pand\u00e9mie \u00bb, a indiqu\u00e9 le communiqu\u00e9 sign\u00e9 ce mardi 3 Ao\u00fbt du Secr\u00e9taire g\u00e9n\u00e9ral de la Pr\u00e9sidence de la R\u00e9publique de C\u00f4te d\u2019Ivoire, Abdourahmane Ciss\u00e9.<\/p>\n<p>A la date du lundi 2 ao\u00fbt 2021, la C\u00f4te d\u2019Ivoire compte 50 341 cas de contamination au Covid-19 dont 49 461 personnes gu\u00e9ries, 332 d\u00e9c\u00e8s et 548 cas actifs. Au chapitre des personnes vaccin\u00e9es, au 1er ao\u00fbt 2021 ce sont au total 1 023 548 doses qui ont \u00e9t\u00e9 administr\u00e9es.<\/p>\n<p><b>\u00a0<\/b><\/p>\n","protected":false},"excerpt":{"rendered":"<p>Africa-Press &#8211; C\u00f4te d&rsquo;Ivoire. \u00a0Le chef de l\u2019Etat ivoirien Alassane Dramane Ouattara, dans un communiqu\u00e9 dofficiel, a annonce\u2019 s\u2019\u00eatre d\u00e9lib\u00e9r\u00e9ment mis en confinement apr\u00e8s avoir \u00e9t\u00e9 en contact avec une personne d\u00e9clar\u00e9e positive au Covid-19. \u00ab Le Chef de l\u2019Etat exhorte les Ivoiriens et les populations vivant en C\u00f4te d\u2019Ivoire a\u0300 se faire vacciner, tout [&hellip;]<\/p>\n","protected":false},"author":82,"featured_media":10861,"comment_status":"open","ping_status":"closed","sticky":false,"template":"","format":"standard","meta":{"footnotes":""},"categories":[21,11,10],"tags":[56,63,29],"class_list":["post-10862","post","type-post","status-publish","format-standard","has-post-thumbnail","hentry","category-communaute","category-homepage-french","category-toutes-les-actualites","tag-africa-press","tag-africa-press-cote-divoire","tag-cote-divoire"],"yoast_head":"<!-- This site is optimized with the Yoast SEO Premium plugin v26.1 (Yoast SEO v27.0) - https:\/\/yoast.com\/product\/yoast-seo-premium-wordpress\/ -->\n<title>Covid-19 en C\u00f4te d\u2019Ivoire : Alassane Dramane Ouattara s\u2019auto-confine - C\u00f4te d&#039;Ivoire<\/title>\n<meta name=\"description\" content=\"C\u00f4te d\u2019Ivoire \u2013 Le chef de l\u2019Etat ivoirien Alassane Dramane Ouattara, dans un communiqu\u00e9 dofficiel, a annonce\u2019 s\u2019\u00eatre ...\" \/>\n<meta name=\"robots\" content=\"index, follow, max-snippet:-1, max-image-preview:large, max-video-preview:-1\" \/>\n<link rel=\"canonical\" href=\"https:\/\/www.africa-press.net\/cotedivoire\/toutes-les-actualites\/covid-19-en-cote-divoire-alassane-dramane-ouattara-sauto-confine\" \/>\n<meta property=\"og:locale\" content=\"fr_FR\" \/>\n<meta property=\"og:type\" content=\"article\" \/>\n<meta property=\"og:title\" content=\"Covid-19 en C\u00f4te d\u2019Ivoire : Alassane Dramane Ouattara s\u2019auto-confine\" \/>\n<meta property=\"og:description\" content=\"C\u00f4te d\u2019Ivoire \u2013 Le chef de l\u2019Etat ivoirien Alassane Dramane Ouattara, dans un communiqu\u00e9 dofficiel, a annonce\u2019 s\u2019\u00eatre ...\" \/>\n<meta property=\"og:url\" content=\"https:\/\/www.africa-press.net\/cotedivoire\/toutes-les-actualites\/covid-19-en-cote-divoire-alassane-dramane-ouattara-sauto-confine\" \/>\n<meta property=\"og:site_name\" content=\"C\u00f4te d&#039;Ivoire\" \/>\n<meta property=\"article:published_time\" content=\"2021-08-04T09:54:37+00:00\" \/>\n<meta property=\"article:modified_time\" content=\"2021-08-04T17:06:35+00:00\" \/>\n<meta property=\"og:image\" content=\"https:\/\/static.africa-press.net\/cote\/sites\/43\/2021\/08\/img-610a5e6cc3a76.jpg\" \/>\n\t<meta property=\"og:image:width\" content=\"1024\" \/>\n\t<meta property=\"og:image:height\" content=\"576\" \/>\n\t<meta property=\"og:image:type\" content=\"image\/jpeg\" \/>\n<meta name=\"author\" content=\"cfeditorfr\" \/>\n<meta name=\"twitter:card\" content=\"summary_large_image\" \/>\n<meta name=\"twitter:label1\" content=\"\u00c9crit par\" \/>\n\t<meta name=\"twitter:data1\" content=\"cfeditorfr\" \/>\n\t<meta name=\"twitter:label2\" content=\"Dur\u00e9e de lecture estim\u00e9e\" \/>\n\t<meta name=\"twitter:data2\" content=\"1 minute\" \/>\n<script type=\"application\/ld+json\" class=\"yoast-schema-graph\">{\"@context\":\"https:\/\/schema.org\",\"@graph\":[{\"@type\":\"Article\",\"@id\":\"https:\/\/www.africa-press.net\/cotedivoire\/toutes-les-actualites\/covid-19-en-cote-divoire-alassane-dramane-ouattara-sauto-confine#article\",\"isPartOf\":{\"@id\":\"https:\/\/www.africa-press.net\/cotedivoire\/toutes-les-actualites\/covid-19-en-cote-divoire-alassane-dramane-ouattara-sauto-confine\"},\"author\":{\"name\":\"cfeditorfr\",\"@id\":\"https:\/\/www.africa-press.net\/cotedivoire\/#\/schema\/person\/2b1cf3cd81a31e3cd26889ca66d677f1\"},\"headline\":\"Covid-19 en C\u00f4te d\u2019Ivoire : Alassane Dramane Ouattara s\u2019auto-confine\",\"datePublished\":\"2021-08-04T09:54:37+00:00\",\"dateModified\":\"2021-08-04T17:06:35+00:00\",\"mainEntityOfPage\":{\"@id\":\"https:\/\/www.africa-press.net\/cotedivoire\/toutes-les-actualites\/covid-19-en-cote-divoire-alassane-dramane-ouattara-sauto-confine\"},\"wordCount\":171,\"commentCount\":0,\"image\":{\"@id\":\"https:\/\/www.africa-press.net\/cotedivoire\/toutes-les-actualites\/covid-19-en-cote-divoire-alassane-dramane-ouattara-sauto-confine#primaryimage\"},\"thumbnailUrl\":\"https:\/\/static.africa-press.net\/cote\/sites\/43\/2021\/08\/img-610a5e6cc3a76.jpg\",\"keywords\":[\"Africa Press\",\"Africa Press-C\u00f4te d'Ivoire\",\"C\u00d4TE D'IVOIRE\"],\"articleSection\":[\"Communaut\u00e9\",\"homepage-french\",\"Toutes les actualit\u00e9s\"],\"inLanguage\":\"fr-FR\",\"potentialAction\":[{\"@type\":\"CommentAction\",\"name\":\"Comment\",\"target\":[\"https:\/\/www.africa-press.net\/cotedivoire\/toutes-les-actualites\/covid-19-en-cote-divoire-alassane-dramane-ouattara-sauto-confine#respond\"]}]},{\"@type\":\"WebPage\",\"@id\":\"https:\/\/www.africa-press.net\/cotedivoire\/toutes-les-actualites\/covid-19-en-cote-divoire-alassane-dramane-ouattara-sauto-confine\",\"url\":\"https:\/\/www.africa-press.net\/cotedivoire\/toutes-les-actualites\/covid-19-en-cote-divoire-alassane-dramane-ouattara-sauto-confine\",\"name\":\"Covid-19 en C\u00f4te d\u2019Ivoire : Alassane Dramane Ouattara s\u2019auto-confine - C\u00f4te d&#039;Ivoire\",\"isPartOf\":{\"@id\":\"https:\/\/www.africa-press.net\/cotedivoire\/#website\"},\"primaryImageOfPage\":{\"@id\":\"https:\/\/www.africa-press.net\/cotedivoire\/toutes-les-actualites\/covid-19-en-cote-divoire-alassane-dramane-ouattara-sauto-confine#primaryimage\"},\"image\":{\"@id\":\"https:\/\/www.africa-press.net\/cotedivoire\/toutes-les-actualites\/covid-19-en-cote-divoire-alassane-dramane-ouattara-sauto-confine#primaryimage\"},\"thumbnailUrl\":\"https:\/\/static.africa-press.net\/cote\/sites\/43\/2021\/08\/img-610a5e6cc3a76.jpg\",\"datePublished\":\"2021-08-04T09:54:37+00:00\",\"dateModified\":\"2021-08-04T17:06:35+00:00\",\"author\":{\"@id\":\"https:\/\/www.africa-press.net\/cotedivoire\/#\/schema\/person\/2b1cf3cd81a31e3cd26889ca66d677f1\"},\"description\":\"C\u00f4te d\u2019Ivoire \u2013 Le chef de l\u2019Etat ivoirien Alassane Dramane Ouattara, dans un communiqu\u00e9 dofficiel, a annonce\u2019 s\u2019\u00eatre ...\",\"breadcrumb\":{\"@id\":\"https:\/\/www.africa-press.net\/cotedivoire\/toutes-les-actualites\/covid-19-en-cote-divoire-alassane-dramane-ouattara-sauto-confine#breadcrumb\"},\"inLanguage\":\"fr-FR\",\"potentialAction\":[{\"@type\":\"ReadAction\",\"target\":[\"https:\/\/www.africa-press.net\/cotedivoire\/toutes-les-actualites\/covid-19-en-cote-divoire-alassane-dramane-ouattara-sauto-confine\"]}]},{\"@type\":\"ImageObject\",\"inLanguage\":\"fr-FR\",\"@id\":\"https:\/\/www.africa-press.net\/cotedivoire\/toutes-les-actualites\/covid-19-en-cote-divoire-alassane-dramane-ouattara-sauto-confine#primaryimage\",\"url\":\"https:\/\/static.africa-press.net\/cote\/sites\/43\/2021\/08\/img-610a5e6cc3a76.jpg\",\"contentUrl\":\"https:\/\/static.africa-press.net\/cote\/sites\/43\/2021\/08\/img-610a5e6cc3a76.jpg\",\"width\":1024,\"height\":576,\"caption\":\"Covid-19 en C\u00f4te d\u2019Ivoire : Alassane Dramane Ouattara s\u2019auto-confine\"},{\"@type\":\"BreadcrumbList\",\"@id\":\"https:\/\/www.africa-press.net\/cotedivoire\/toutes-les-actualites\/covid-19-en-cote-divoire-alassane-dramane-ouattara-sauto-confine#breadcrumb\",\"itemListElement\":[{\"@type\":\"ListItem\",\"position\":1,\"name\":\"Accueil\",\"item\":\"https:\/\/www.africa-press.net\/cotedivoire\/\"},{\"@type\":\"ListItem\",\"position\":2,\"name\":\"Covid-19 en C\u00f4te d\u2019Ivoire : Alassane Dramane Ouattara s\u2019auto-confine\"}]},{\"@type\":\"WebSite\",\"@id\":\"https:\/\/www.africa-press.net\/cotedivoire\/#website\",\"url\":\"https:\/\/www.africa-press.net\/cotedivoire\/\",\"name\":\"C\u00f4te d&#039;Ivoire\",\"description\":\"Just another Africa News Agency Sites site\",\"potentialAction\":[{\"@type\":\"SearchAction\",\"target\":{\"@type\":\"EntryPoint\",\"urlTemplate\":\"https:\/\/www.africa-press.net\/cotedivoire\/?s={search_term_string}\"},\"query-input\":{\"@type\":\"PropertyValueSpecification\",\"valueRequired\":true,\"valueName\":\"search_term_string\"}}],\"inLanguage\":\"fr-FR\"},{\"@type\":\"Person\",\"@id\":\"https:\/\/www.africa-press.net\/cotedivoire\/#\/schema\/person\/2b1cf3cd81a31e3cd26889ca66d677f1\",\"name\":\"cfeditorfr\"}]}<\/script>\n<!-- \/ Yoast SEO Premium plugin. -->","yoast_head_json":{"title":"Covid-19 en C\u00f4te d\u2019Ivoire : Alassane Dramane Ouattara s\u2019auto-confine - C\u00f4te d&#039;Ivoire","description":"C\u00f4te d\u2019Ivoire \u2013 Le chef de l\u2019Etat ivoirien Alassane Dramane Ouattara, dans un communiqu\u00e9 dofficiel, a annonce\u2019 s\u2019\u00eatre ...","robots":{"index":"index","follow":"follow","max-snippet":"max-snippet:-1","max-image-preview":"max-image-preview:large","max-video-preview":"max-video-preview:-1"},"canonical":"https:\/\/www.africa-press.net\/cotedivoire\/toutes-les-actualites\/covid-19-en-cote-divoire-alassane-dramane-ouattara-sauto-confine","og_locale":"fr_FR","og_type":"article","og_title":"Covid-19 en C\u00f4te d\u2019Ivoire : Alassane Dramane Ouattara s\u2019auto-confine","og_description":"C\u00f4te d\u2019Ivoire \u2013 Le chef de l\u2019Etat ivoirien Alassane Dramane Ouattara, dans un communiqu\u00e9 dofficiel, a annonce\u2019 s\u2019\u00eatre ...","og_url":"https:\/\/www.africa-press.net\/cotedivoire\/toutes-les-actualites\/covid-19-en-cote-divoire-alassane-dramane-ouattara-sauto-confine","og_site_name":"C\u00f4te d&#039;Ivoire","article_published_time":"2021-08-04T09:54:37+00:00","article_modified_time":"2021-08-04T17:06:35+00:00","og_image":[{"width":1024,"height":576,"url":"https:\/\/static.africa-press.net\/cote\/sites\/43\/2021\/08\/img-610a5e6cc3a76.jpg","type":"image\/jpeg"}],"author":"cfeditorfr","twitter_card":"summary_large_image","twitter_misc":{"\u00c9crit par":"cfeditorfr","Dur\u00e9e de lecture estim\u00e9e":"1 minute"},"schema":{"@context":"https:\/\/schema.org","@graph":[{"@type":"Article","@id":"https:\/\/www.africa-press.net\/cotedivoire\/toutes-les-actualites\/covid-19-en-cote-divoire-alassane-dramane-ouattara-sauto-confine#article","isPartOf":{"@id":"https:\/\/www.africa-press.net\/cotedivoire\/toutes-les-actualites\/covid-19-en-cote-divoire-alassane-dramane-ouattara-sauto-confine"},"author":{"name":"cfeditorfr","@id":"https:\/\/www.africa-press.net\/cotedivoire\/#\/schema\/person\/2b1cf3cd81a31e3cd26889ca66d677f1"},"headline":"Covid-19 en C\u00f4te d\u2019Ivoire : Alassane Dramane Ouattara s\u2019auto-confine","datePublished":"2021-08-04T09:54:37+00:00","dateModified":"2021-08-04T17:06:35+00:00","mainEntityOfPage":{"@id":"https:\/\/www.africa-press.net\/cotedivoire\/toutes-les-actualites\/covid-19-en-cote-divoire-alassane-dramane-ouattara-sauto-confine"},"wordCount":171,"commentCount":0,"image":{"@id":"https:\/\/www.africa-press.net\/cotedivoire\/toutes-les-actualites\/covid-19-en-cote-divoire-alassane-dramane-ouattara-sauto-confine#primaryimage"},"thumbnailUrl":"https:\/\/static.africa-press.net\/cote\/sites\/43\/2021\/08\/img-610a5e6cc3a76.jpg","keywords":["Africa Press","Africa Press-C\u00f4te d'Ivoire","C\u00d4TE D'IVOIRE"],"articleSection":["Communaut\u00e9","homepage-french","Toutes les actualit\u00e9s"],"inLanguage":"fr-FR","potentialAction":[{"@type":"CommentAction","name":"Comment","target":["https:\/\/www.africa-press.net\/cotedivoire\/toutes-les-actualites\/covid-19-en-cote-divoire-alassane-dramane-ouattara-sauto-confine#respond"]}]},{"@type":"WebPage","@id":"https:\/\/www.africa-press.net\/cotedivoire\/toutes-les-actualites\/covid-19-en-cote-divoire-alassane-dramane-ouattara-sauto-confine","url":"https:\/\/www.africa-press.net\/cotedivoire\/toutes-les-actualites\/covid-19-en-cote-divoire-alassane-dramane-ouattara-sauto-confine","name":"Covid-19 en C\u00f4te d\u2019Ivoire : Alassane Dramane Ouattara s\u2019auto-confine - C\u00f4te d&#039;Ivoire","isPartOf":{"@id":"https:\/\/www.africa-press.net\/cotedivoire\/#website"},"primaryImageOfPage":{"@id":"https:\/\/www.africa-press.net\/cotedivoire\/toutes-les-actualites\/covid-19-en-cote-divoire-alassane-dramane-ouattara-sauto-confine#primaryimage"},"image":{"@id":"https:\/\/www.africa-press.net\/cotedivoire\/toutes-les-actualites\/covid-19-en-cote-divoire-alassane-dramane-ouattara-sauto-confine#primaryimage"},"thumbnailUrl":"https:\/\/static.africa-press.net\/cote\/sites\/43\/2021\/08\/img-610a5e6cc3a76.jpg","datePublished":"2021-08-04T09:54:37+00:00","dateModified":"2021-08-04T17:06:35+00:00","author":{"@id":"https:\/\/www.africa-press.net\/cotedivoire\/#\/schema\/person\/2b1cf3cd81a31e3cd26889ca66d677f1"},"description":"C\u00f4te d\u2019Ivoire \u2013 Le chef de l\u2019Etat ivoirien Alassane Dramane Ouattara, dans un communiqu\u00e9 dofficiel, a annonce\u2019 s\u2019\u00eatre ...","breadcrumb":{"@id":"https:\/\/www.africa-press.net\/cotedivoire\/toutes-les-actualites\/covid-19-en-cote-divoire-alassane-dramane-ouattara-sauto-confine#breadcrumb"},"inLanguage":"fr-FR","potentialAction":[{"@type":"ReadAction","target":["https:\/\/www.africa-press.net\/cotedivoire\/toutes-les-actualites\/covid-19-en-cote-divoire-alassane-dramane-ouattara-sauto-confine"]}]},{"@type":"ImageObject","inLanguage":"fr-FR","@id":"https:\/\/www.africa-press.net\/cotedivoire\/toutes-les-actualites\/covid-19-en-cote-divoire-alassane-dramane-ouattara-sauto-confine#primaryimage","url":"https:\/\/static.africa-press.net\/cote\/sites\/43\/2021\/08\/img-610a5e6cc3a76.jpg","contentUrl":"https:\/\/static.africa-press.net\/cote\/sites\/43\/2021\/08\/img-610a5e6cc3a76.jpg","width":1024,"height":576,"caption":"Covid-19 en C\u00f4te d\u2019Ivoire : Alassane Dramane Ouattara s\u2019auto-confine"},{"@type":"BreadcrumbList","@id":"https:\/\/www.africa-press.net\/cotedivoire\/toutes-les-actualites\/covid-19-en-cote-divoire-alassane-dramane-ouattara-sauto-confine#breadcrumb","itemListElement":[{"@type":"ListItem","position":1,"name":"Accueil","item":"https:\/\/www.africa-press.net\/cotedivoire\/"},{"@type":"ListItem","position":2,"name":"Covid-19 en C\u00f4te d\u2019Ivoire : Alassane Dramane Ouattara s\u2019auto-confine"}]},{"@type":"WebSite","@id":"https:\/\/www.africa-press.net\/cotedivoire\/#website","url":"https:\/\/www.africa-press.net\/cotedivoire\/","name":"C\u00f4te d&#039;Ivoire","description":"Just another Africa News Agency Sites site","potentialAction":[{"@type":"SearchAction","target":{"@type":"EntryPoint","urlTemplate":"https:\/\/www.africa-press.net\/cotedivoire\/?s={search_term_string}"},"query-input":{"@type":"PropertyValueSpecification","valueRequired":true,"valueName":"search_term_string"}}],"inLanguage":"fr-FR"},{"@type":"Person","@id":"https:\/\/www.africa-press.net\/cotedivoire\/#\/schema\/person\/2b1cf3cd81a31e3cd26889ca66d677f1","name":"cfeditorfr"}]}},"_links":{"self":[{"href":"https:\/\/www.africa-press.net\/cotedivoire\/wp-json\/wp\/v2\/posts\/10862","targetHints":{"allow":["GET"]}}],"collection":[{"href":"https:\/\/www.africa-press.net\/cotedivoire\/wp-json\/wp\/v2\/posts"}],"about":[{"href":"https:\/\/www.africa-press.net\/cotedivoire\/wp-json\/wp\/v2\/types\/post"}],"author":[{"embeddable":true,"href":"https:\/\/www.africa-press.net\/cotedivoire\/wp-json\/wp\/v2\/users\/82"}],"replies":[{"embeddable":true,"href":"https:\/\/www.africa-press.net\/cotedivoire\/wp-json\/wp\/v2\/comments?post=10862"}],"version-history":[{"count":0,"href":"https:\/\/www.africa-press.net\/cotedivoire\/wp-json\/wp\/v2\/posts\/10862\/revisions"}],"wp:featuredmedia":[{"embeddable":true,"href":"https:\/\/www.africa-press.net\/cotedivoire\/wp-json\/wp\/v2\/media\/10861"}],"wp:attachment":[{"href":"https:\/\/www.africa-press.net\/cotedivoire\/wp-json\/wp\/v2\/media?parent=10862"}],"wp:term":[{"taxonomy":"category","embeddable":true,"href":"https:\/\/www.africa-press.net\/cotedivoire\/wp-json\/wp\/v2\/categories?post=10862"},{"taxonomy":"post_tag","embeddable":true,"href":"https:\/\/www.africa-press.net\/cotedivoire\/wp-json\/wp\/v2\/tags?post=10862"}],"curies":[{"name":"wp","href":"https:\/\/api.w.org\/{rel}","templated":true}]}}