{"id":10870,"date":"2021-08-05T17:10:20","date_gmt":"2021-08-05T17:10:20","guid":{"rendered":"https:\/\/www.africa-press.net\/cotedivoire\/?p=10870"},"modified":"2021-08-05T20:08:22","modified_gmt":"2021-08-05T20:08:22","slug":"eau-celeste-cote-divoire-echauffourees-entre-travailleurs-grevistes-et-suppletifs-convoyes-a-lusine-de-bonoua","status":"publish","type":"post","link":"https:\/\/www.africa-press.net\/cotedivoire\/economie\/eau-celeste-cote-divoire-echauffourees-entre-travailleurs-grevistes-et-suppletifs-convoyes-a-lusine-de-bonoua","title":{"rendered":"Eau C\u00e9leste C\u00f4te-d\u2019Ivoire: \u00c9chauffour\u00e9es entre travailleurs gr\u00e9vistes et suppl\u00e9tifs convoy\u00e9s \u00e0 l\u2019usine de Bonoua"},"content":{"rendered":"<p><span style=\"color: #ff6600\"><strong><a href=\"https:\/\/www.africa-press.net\/\">Africa-Press<\/a> &#8211; <a href=\"https:\/\/www.africa-press.net\/cotedivoire\">C\u00f4te d&rsquo;Ivoire<\/a>. <\/strong><\/span>Le personnel en gr\u00e8ve de l\u2019usine d\u2019eau min\u00e9rale C\u00e9leste situ\u00e9e \u00e0 Bonoua \u00e0 une quarantaine de km d\u2019Abidjan, a \u00e9t\u00e9 surpris ce matin de voir arriver trois cars charg\u00e9s de travailleurs venus les remplacer \u00ab temporellement \u00bb.<\/p>\n<p>Alors qu\u2019elle est en pleine n\u00e9gociation avec les d\u00e9l\u00e9gu\u00e9s des employ\u00e9s gr\u00e9vistes, la direction de l\u2019entreprise bas\u00e9e \u00e0 Abidjan, a pr\u00e9f\u00e9r\u00e9 cette m\u00e9thode \u00e0 un arr\u00eat total des activit\u00e9s.<\/p>\n<p>Comme il fallait s\u2019y attendre, des \u00e9chauffour\u00e9es ont \u00e9clat\u00e9 entre les gr\u00e9vistes et leurs suppl\u00e9tifs. Les syndicats accusent le directeur technique d\u2019\u00eatre l\u2019auteur de ce tour de force. Ils exigent d\u00e9sormais son limogeage, ajout\u00e9 \u00e0 leur liste de revendications.<\/p>\n<p>&nbsp;<\/p>\n","protected":false},"excerpt":{"rendered":"<p>Africa-Press &#8211; C\u00f4te d&rsquo;Ivoire. Le personnel en gr\u00e8ve de l\u2019usine d\u2019eau min\u00e9rale C\u00e9leste situ\u00e9e \u00e0 Bonoua \u00e0 une quarantaine de km d\u2019Abidjan, a \u00e9t\u00e9 surpris ce matin de voir arriver trois cars charg\u00e9s de travailleurs venus les remplacer \u00ab temporellement \u00bb. Alors qu\u2019elle est en pleine n\u00e9gociation avec les d\u00e9l\u00e9gu\u00e9s des employ\u00e9s gr\u00e9vistes, la direction [&hellip;]<\/p>\n","protected":false},"author":82,"featured_media":10869,"comment_status":"open","ping_status":"closed","sticky":false,"template":"","format":"standard","meta":{"footnotes":""},"categories":[3,11,10],"tags":[56,63,29],"class_list":["post-10870","post","type-post","status-publish","format-standard","has-post-thumbnail","hentry","category-economie","category-homepage-french","category-toutes-les-actualites","tag-africa-press","tag-africa-press-cote-divoire","tag-cote-divoire"],"yoast_head":"<!-- This site is optimized with the Yoast SEO Premium plugin v26.1 (Yoast SEO v27.0) - https:\/\/yoast.com\/product\/yoast-seo-premium-wordpress\/ -->\n<title>Eau C\u00e9leste C\u00f4te-d\u2019Ivoire: \u00c9chauffour\u00e9es entre travailleurs gr\u00e9vistes et suppl\u00e9tifs convoy\u00e9s \u00e0 l\u2019usine de Bonoua - C\u00f4te d&#039;Ivoire<\/title>\n<meta name=\"description\" content=\"Le personnel en gr\u00e8ve de l\u2019usine d\u2019eau min\u00e9rale C\u00e9leste situ\u00e9e \u00e0 Bonoua \u00e0 une quarantaine de km d\u2019Abidjan, a \u00e9t\u00e9 surpris ...\" \/>\n<meta name=\"robots\" content=\"index, follow, max-snippet:-1, max-image-preview:large, max-video-preview:-1\" \/>\n<link rel=\"canonical\" href=\"https:\/\/www.africa-press.net\/cotedivoire\/economie\/eau-celeste-cote-divoire-echauffourees-entre-travailleurs-grevistes-et-suppletifs-convoyes-a-lusine-de-bonoua\" \/>\n<meta property=\"og:locale\" content=\"fr_FR\" \/>\n<meta property=\"og:type\" content=\"article\" \/>\n<meta property=\"og:title\" content=\"Eau C\u00e9leste C\u00f4te-d\u2019Ivoire: \u00c9chauffour\u00e9es entre travailleurs gr\u00e9vistes et suppl\u00e9tifs convoy\u00e9s \u00e0 l\u2019usine de Bonoua\" \/>\n<meta property=\"og:description\" content=\"Le personnel en gr\u00e8ve de l\u2019usine d\u2019eau min\u00e9rale C\u00e9leste situ\u00e9e \u00e0 Bonoua \u00e0 une quarantaine de km d\u2019Abidjan, a \u00e9t\u00e9 surpris ...\" \/>\n<meta property=\"og:url\" content=\"https:\/\/www.africa-press.net\/cotedivoire\/economie\/eau-celeste-cote-divoire-echauffourees-entre-travailleurs-grevistes-et-suppletifs-convoyes-a-lusine-de-bonoua\" \/>\n<meta property=\"og:site_name\" content=\"C\u00f4te d&#039;Ivoire\" \/>\n<meta property=\"article:published_time\" content=\"2021-08-05T17:10:20+00:00\" \/>\n<meta property=\"article:modified_time\" content=\"2021-08-05T20:08:22+00:00\" \/>\n<meta property=\"og:image\" content=\"https:\/\/static.africa-press.net\/cote\/sites\/43\/2021\/08\/img-610c18a0c5483.jpg\" \/>\n\t<meta property=\"og:image:width\" content=\"720\" \/>\n\t<meta property=\"og:image:height\" content=\"663\" \/>\n\t<meta property=\"og:image:type\" content=\"image\/jpeg\" \/>\n<meta name=\"author\" content=\"cfeditorfr\" \/>\n<meta name=\"twitter:card\" content=\"summary_large_image\" \/>\n<meta name=\"twitter:label1\" content=\"\u00c9crit par\" \/>\n\t<meta name=\"twitter:data1\" content=\"cfeditorfr\" \/>\n\t<meta name=\"twitter:label2\" content=\"Dur\u00e9e de lecture estim\u00e9e\" \/>\n\t<meta name=\"twitter:data2\" content=\"1 minute\" \/>\n<script type=\"application\/ld+json\" class=\"yoast-schema-graph\">{\"@context\":\"https:\/\/schema.org\",\"@graph\":[{\"@type\":\"Article\",\"@id\":\"https:\/\/www.africa-press.net\/cotedivoire\/economie\/eau-celeste-cote-divoire-echauffourees-entre-travailleurs-grevistes-et-suppletifs-convoyes-a-lusine-de-bonoua#article\",\"isPartOf\":{\"@id\":\"https:\/\/www.africa-press.net\/cotedivoire\/economie\/eau-celeste-cote-divoire-echauffourees-entre-travailleurs-grevistes-et-suppletifs-convoyes-a-lusine-de-bonoua\"},\"author\":{\"name\":\"cfeditorfr\",\"@id\":\"https:\/\/www.africa-press.net\/cotedivoire\/#\/schema\/person\/2b1cf3cd81a31e3cd26889ca66d677f1\"},\"headline\":\"Eau C\u00e9leste C\u00f4te-d\u2019Ivoire: \u00c9chauffour\u00e9es entre travailleurs gr\u00e9vistes et suppl\u00e9tifs convoy\u00e9s \u00e0 l\u2019usine de Bonoua\",\"datePublished\":\"2021-08-05T17:10:20+00:00\",\"dateModified\":\"2021-08-05T20:08:22+00:00\",\"mainEntityOfPage\":{\"@id\":\"https:\/\/www.africa-press.net\/cotedivoire\/economie\/eau-celeste-cote-divoire-echauffourees-entre-travailleurs-grevistes-et-suppletifs-convoyes-a-lusine-de-bonoua\"},\"wordCount\":155,\"commentCount\":0,\"image\":{\"@id\":\"https:\/\/www.africa-press.net\/cotedivoire\/economie\/eau-celeste-cote-divoire-echauffourees-entre-travailleurs-grevistes-et-suppletifs-convoyes-a-lusine-de-bonoua#primaryimage\"},\"thumbnailUrl\":\"https:\/\/static.africa-press.net\/cote\/sites\/43\/2021\/08\/img-610c18a0c5483.jpg\",\"keywords\":[\"Africa Press\",\"Africa Press-C\u00f4te d'Ivoire\",\"C\u00d4TE D'IVOIRE\"],\"articleSection\":[\"\u00c9conomie\",\"homepage-french\",\"Toutes les actualit\u00e9s\"],\"inLanguage\":\"fr-FR\",\"potentialAction\":[{\"@type\":\"CommentAction\",\"name\":\"Comment\",\"target\":[\"https:\/\/www.africa-press.net\/cotedivoire\/economie\/eau-celeste-cote-divoire-echauffourees-entre-travailleurs-grevistes-et-suppletifs-convoyes-a-lusine-de-bonoua#respond\"]}]},{\"@type\":\"WebPage\",\"@id\":\"https:\/\/www.africa-press.net\/cotedivoire\/economie\/eau-celeste-cote-divoire-echauffourees-entre-travailleurs-grevistes-et-suppletifs-convoyes-a-lusine-de-bonoua\",\"url\":\"https:\/\/www.africa-press.net\/cotedivoire\/economie\/eau-celeste-cote-divoire-echauffourees-entre-travailleurs-grevistes-et-suppletifs-convoyes-a-lusine-de-bonoua\",\"name\":\"Eau C\u00e9leste C\u00f4te-d\u2019Ivoire: \u00c9chauffour\u00e9es entre travailleurs gr\u00e9vistes et suppl\u00e9tifs convoy\u00e9s \u00e0 l\u2019usine de Bonoua - C\u00f4te d&#039;Ivoire\",\"isPartOf\":{\"@id\":\"https:\/\/www.africa-press.net\/cotedivoire\/#website\"},\"primaryImageOfPage\":{\"@id\":\"https:\/\/www.africa-press.net\/cotedivoire\/economie\/eau-celeste-cote-divoire-echauffourees-entre-travailleurs-grevistes-et-suppletifs-convoyes-a-lusine-de-bonoua#primaryimage\"},\"image\":{\"@id\":\"https:\/\/www.africa-press.net\/cotedivoire\/economie\/eau-celeste-cote-divoire-echauffourees-entre-travailleurs-grevistes-et-suppletifs-convoyes-a-lusine-de-bonoua#primaryimage\"},\"thumbnailUrl\":\"https:\/\/static.africa-press.net\/cote\/sites\/43\/2021\/08\/img-610c18a0c5483.jpg\",\"datePublished\":\"2021-08-05T17:10:20+00:00\",\"dateModified\":\"2021-08-05T20:08:22+00:00\",\"author\":{\"@id\":\"https:\/\/www.africa-press.net\/cotedivoire\/#\/schema\/person\/2b1cf3cd81a31e3cd26889ca66d677f1\"},\"description\":\"Le personnel en gr\u00e8ve de l\u2019usine d\u2019eau min\u00e9rale C\u00e9leste situ\u00e9e \u00e0 Bonoua \u00e0 une quarantaine de km d\u2019Abidjan, a \u00e9t\u00e9 surpris ...\",\"breadcrumb\":{\"@id\":\"https:\/\/www.africa-press.net\/cotedivoire\/economie\/eau-celeste-cote-divoire-echauffourees-entre-travailleurs-grevistes-et-suppletifs-convoyes-a-lusine-de-bonoua#breadcrumb\"},\"inLanguage\":\"fr-FR\",\"potentialAction\":[{\"@type\":\"ReadAction\",\"target\":[\"https:\/\/www.africa-press.net\/cotedivoire\/economie\/eau-celeste-cote-divoire-echauffourees-entre-travailleurs-grevistes-et-suppletifs-convoyes-a-lusine-de-bonoua\"]}]},{\"@type\":\"ImageObject\",\"inLanguage\":\"fr-FR\",\"@id\":\"https:\/\/www.africa-press.net\/cotedivoire\/economie\/eau-celeste-cote-divoire-echauffourees-entre-travailleurs-grevistes-et-suppletifs-convoyes-a-lusine-de-bonoua#primaryimage\",\"url\":\"https:\/\/static.africa-press.net\/cote\/sites\/43\/2021\/08\/img-610c18a0c5483.jpg\",\"contentUrl\":\"https:\/\/static.africa-press.net\/cote\/sites\/43\/2021\/08\/img-610c18a0c5483.jpg\",\"width\":720,\"height\":663,\"caption\":\"Eau C\u00e9leste C\u00f4te-d\u2019Ivoire: \u00c9chauffour\u00e9es entre travailleurs gr\u00e9vistes et suppl\u00e9tifs convoy\u00e9s \u00e0 l\u2019usine de Bonoua\"},{\"@type\":\"BreadcrumbList\",\"@id\":\"https:\/\/www.africa-press.net\/cotedivoire\/economie\/eau-celeste-cote-divoire-echauffourees-entre-travailleurs-grevistes-et-suppletifs-convoyes-a-lusine-de-bonoua#breadcrumb\",\"itemListElement\":[{\"@type\":\"ListItem\",\"position\":1,\"name\":\"Accueil\",\"item\":\"https:\/\/www.africa-press.net\/cotedivoire\/\"},{\"@type\":\"ListItem\",\"position\":2,\"name\":\"Eau C\u00e9leste C\u00f4te-d\u2019Ivoire: \u00c9chauffour\u00e9es entre travailleurs gr\u00e9vistes et suppl\u00e9tifs convoy\u00e9s \u00e0 l\u2019usine de Bonoua\"}]},{\"@type\":\"WebSite\",\"@id\":\"https:\/\/www.africa-press.net\/cotedivoire\/#website\",\"url\":\"https:\/\/www.africa-press.net\/cotedivoire\/\",\"name\":\"C\u00f4te d&#039;Ivoire\",\"description\":\"Just another Africa News Agency Sites site\",\"potentialAction\":[{\"@type\":\"SearchAction\",\"target\":{\"@type\":\"EntryPoint\",\"urlTemplate\":\"https:\/\/www.africa-press.net\/cotedivoire\/?s={search_term_string}\"},\"query-input\":{\"@type\":\"PropertyValueSpecification\",\"valueRequired\":true,\"valueName\":\"search_term_string\"}}],\"inLanguage\":\"fr-FR\"},{\"@type\":\"Person\",\"@id\":\"https:\/\/www.africa-press.net\/cotedivoire\/#\/schema\/person\/2b1cf3cd81a31e3cd26889ca66d677f1\",\"name\":\"cfeditorfr\"}]}<\/script>\n<!-- \/ Yoast SEO Premium plugin. -->","yoast_head_json":{"title":"Eau C\u00e9leste C\u00f4te-d\u2019Ivoire: \u00c9chauffour\u00e9es entre travailleurs gr\u00e9vistes et suppl\u00e9tifs convoy\u00e9s \u00e0 l\u2019usine de Bonoua - C\u00f4te d&#039;Ivoire","description":"Le personnel en gr\u00e8ve de l\u2019usine d\u2019eau min\u00e9rale C\u00e9leste situ\u00e9e \u00e0 Bonoua \u00e0 une quarantaine de km d\u2019Abidjan, a \u00e9t\u00e9 surpris ...","robots":{"index":"index","follow":"follow","max-snippet":"max-snippet:-1","max-image-preview":"max-image-preview:large","max-video-preview":"max-video-preview:-1"},"canonical":"https:\/\/www.africa-press.net\/cotedivoire\/economie\/eau-celeste-cote-divoire-echauffourees-entre-travailleurs-grevistes-et-suppletifs-convoyes-a-lusine-de-bonoua","og_locale":"fr_FR","og_type":"article","og_title":"Eau C\u00e9leste C\u00f4te-d\u2019Ivoire: \u00c9chauffour\u00e9es entre travailleurs gr\u00e9vistes et suppl\u00e9tifs convoy\u00e9s \u00e0 l\u2019usine de Bonoua","og_description":"Le personnel en gr\u00e8ve de l\u2019usine d\u2019eau min\u00e9rale C\u00e9leste situ\u00e9e \u00e0 Bonoua \u00e0 une quarantaine de km d\u2019Abidjan, a \u00e9t\u00e9 surpris ...","og_url":"https:\/\/www.africa-press.net\/cotedivoire\/economie\/eau-celeste-cote-divoire-echauffourees-entre-travailleurs-grevistes-et-suppletifs-convoyes-a-lusine-de-bonoua","og_site_name":"C\u00f4te d&#039;Ivoire","article_published_time":"2021-08-05T17:10:20+00:00","article_modified_time":"2021-08-05T20:08:22+00:00","og_image":[{"width":720,"height":663,"url":"https:\/\/static.africa-press.net\/cote\/sites\/43\/2021\/08\/img-610c18a0c5483.jpg","type":"image\/jpeg"}],"author":"cfeditorfr","twitter_card":"summary_large_image","twitter_misc":{"\u00c9crit par":"cfeditorfr","Dur\u00e9e de lecture estim\u00e9e":"1 minute"},"schema":{"@context":"https:\/\/schema.org","@graph":[{"@type":"Article","@id":"https:\/\/www.africa-press.net\/cotedivoire\/economie\/eau-celeste-cote-divoire-echauffourees-entre-travailleurs-grevistes-et-suppletifs-convoyes-a-lusine-de-bonoua#article","isPartOf":{"@id":"https:\/\/www.africa-press.net\/cotedivoire\/economie\/eau-celeste-cote-divoire-echauffourees-entre-travailleurs-grevistes-et-suppletifs-convoyes-a-lusine-de-bonoua"},"author":{"name":"cfeditorfr","@id":"https:\/\/www.africa-press.net\/cotedivoire\/#\/schema\/person\/2b1cf3cd81a31e3cd26889ca66d677f1"},"headline":"Eau C\u00e9leste C\u00f4te-d\u2019Ivoire: \u00c9chauffour\u00e9es entre travailleurs gr\u00e9vistes et suppl\u00e9tifs convoy\u00e9s \u00e0 l\u2019usine de Bonoua","datePublished":"2021-08-05T17:10:20+00:00","dateModified":"2021-08-05T20:08:22+00:00","mainEntityOfPage":{"@id":"https:\/\/www.africa-press.net\/cotedivoire\/economie\/eau-celeste-cote-divoire-echauffourees-entre-travailleurs-grevistes-et-suppletifs-convoyes-a-lusine-de-bonoua"},"wordCount":155,"commentCount":0,"image":{"@id":"https:\/\/www.africa-press.net\/cotedivoire\/economie\/eau-celeste-cote-divoire-echauffourees-entre-travailleurs-grevistes-et-suppletifs-convoyes-a-lusine-de-bonoua#primaryimage"},"thumbnailUrl":"https:\/\/static.africa-press.net\/cote\/sites\/43\/2021\/08\/img-610c18a0c5483.jpg","keywords":["Africa Press","Africa Press-C\u00f4te d'Ivoire","C\u00d4TE D'IVOIRE"],"articleSection":["\u00c9conomie","homepage-french","Toutes les actualit\u00e9s"],"inLanguage":"fr-FR","potentialAction":[{"@type":"CommentAction","name":"Comment","target":["https:\/\/www.africa-press.net\/cotedivoire\/economie\/eau-celeste-cote-divoire-echauffourees-entre-travailleurs-grevistes-et-suppletifs-convoyes-a-lusine-de-bonoua#respond"]}]},{"@type":"WebPage","@id":"https:\/\/www.africa-press.net\/cotedivoire\/economie\/eau-celeste-cote-divoire-echauffourees-entre-travailleurs-grevistes-et-suppletifs-convoyes-a-lusine-de-bonoua","url":"https:\/\/www.africa-press.net\/cotedivoire\/economie\/eau-celeste-cote-divoire-echauffourees-entre-travailleurs-grevistes-et-suppletifs-convoyes-a-lusine-de-bonoua","name":"Eau C\u00e9leste C\u00f4te-d\u2019Ivoire: \u00c9chauffour\u00e9es entre travailleurs gr\u00e9vistes et suppl\u00e9tifs convoy\u00e9s \u00e0 l\u2019usine de Bonoua - C\u00f4te d&#039;Ivoire","isPartOf":{"@id":"https:\/\/www.africa-press.net\/cotedivoire\/#website"},"primaryImageOfPage":{"@id":"https:\/\/www.africa-press.net\/cotedivoire\/economie\/eau-celeste-cote-divoire-echauffourees-entre-travailleurs-grevistes-et-suppletifs-convoyes-a-lusine-de-bonoua#primaryimage"},"image":{"@id":"https:\/\/www.africa-press.net\/cotedivoire\/economie\/eau-celeste-cote-divoire-echauffourees-entre-travailleurs-grevistes-et-suppletifs-convoyes-a-lusine-de-bonoua#primaryimage"},"thumbnailUrl":"https:\/\/static.africa-press.net\/cote\/sites\/43\/2021\/08\/img-610c18a0c5483.jpg","datePublished":"2021-08-05T17:10:20+00:00","dateModified":"2021-08-05T20:08:22+00:00","author":{"@id":"https:\/\/www.africa-press.net\/cotedivoire\/#\/schema\/person\/2b1cf3cd81a31e3cd26889ca66d677f1"},"description":"Le personnel en gr\u00e8ve de l\u2019usine d\u2019eau min\u00e9rale C\u00e9leste situ\u00e9e \u00e0 Bonoua \u00e0 une quarantaine de km d\u2019Abidjan, a \u00e9t\u00e9 surpris ...","breadcrumb":{"@id":"https:\/\/www.africa-press.net\/cotedivoire\/economie\/eau-celeste-cote-divoire-echauffourees-entre-travailleurs-grevistes-et-suppletifs-convoyes-a-lusine-de-bonoua#breadcrumb"},"inLanguage":"fr-FR","potentialAction":[{"@type":"ReadAction","target":["https:\/\/www.africa-press.net\/cotedivoire\/economie\/eau-celeste-cote-divoire-echauffourees-entre-travailleurs-grevistes-et-suppletifs-convoyes-a-lusine-de-bonoua"]}]},{"@type":"ImageObject","inLanguage":"fr-FR","@id":"https:\/\/www.africa-press.net\/cotedivoire\/economie\/eau-celeste-cote-divoire-echauffourees-entre-travailleurs-grevistes-et-suppletifs-convoyes-a-lusine-de-bonoua#primaryimage","url":"https:\/\/static.africa-press.net\/cote\/sites\/43\/2021\/08\/img-610c18a0c5483.jpg","contentUrl":"https:\/\/static.africa-press.net\/cote\/sites\/43\/2021\/08\/img-610c18a0c5483.jpg","width":720,"height":663,"caption":"Eau C\u00e9leste C\u00f4te-d\u2019Ivoire: \u00c9chauffour\u00e9es entre travailleurs gr\u00e9vistes et suppl\u00e9tifs convoy\u00e9s \u00e0 l\u2019usine de Bonoua"},{"@type":"BreadcrumbList","@id":"https:\/\/www.africa-press.net\/cotedivoire\/economie\/eau-celeste-cote-divoire-echauffourees-entre-travailleurs-grevistes-et-suppletifs-convoyes-a-lusine-de-bonoua#breadcrumb","itemListElement":[{"@type":"ListItem","position":1,"name":"Accueil","item":"https:\/\/www.africa-press.net\/cotedivoire\/"},{"@type":"ListItem","position":2,"name":"Eau C\u00e9leste C\u00f4te-d\u2019Ivoire: \u00c9chauffour\u00e9es entre travailleurs gr\u00e9vistes et suppl\u00e9tifs convoy\u00e9s \u00e0 l\u2019usine de Bonoua"}]},{"@type":"WebSite","@id":"https:\/\/www.africa-press.net\/cotedivoire\/#website","url":"https:\/\/www.africa-press.net\/cotedivoire\/","name":"C\u00f4te d&#039;Ivoire","description":"Just another Africa News Agency Sites site","potentialAction":[{"@type":"SearchAction","target":{"@type":"EntryPoint","urlTemplate":"https:\/\/www.africa-press.net\/cotedivoire\/?s={search_term_string}"},"query-input":{"@type":"PropertyValueSpecification","valueRequired":true,"valueName":"search_term_string"}}],"inLanguage":"fr-FR"},{"@type":"Person","@id":"https:\/\/www.africa-press.net\/cotedivoire\/#\/schema\/person\/2b1cf3cd81a31e3cd26889ca66d677f1","name":"cfeditorfr"}]}},"_links":{"self":[{"href":"https:\/\/www.africa-press.net\/cotedivoire\/wp-json\/wp\/v2\/posts\/10870","targetHints":{"allow":["GET"]}}],"collection":[{"href":"https:\/\/www.africa-press.net\/cotedivoire\/wp-json\/wp\/v2\/posts"}],"about":[{"href":"https:\/\/www.africa-press.net\/cotedivoire\/wp-json\/wp\/v2\/types\/post"}],"author":[{"embeddable":true,"href":"https:\/\/www.africa-press.net\/cotedivoire\/wp-json\/wp\/v2\/users\/82"}],"replies":[{"embeddable":true,"href":"https:\/\/www.africa-press.net\/cotedivoire\/wp-json\/wp\/v2\/comments?post=10870"}],"version-history":[{"count":0,"href":"https:\/\/www.africa-press.net\/cotedivoire\/wp-json\/wp\/v2\/posts\/10870\/revisions"}],"wp:featuredmedia":[{"embeddable":true,"href":"https:\/\/www.africa-press.net\/cotedivoire\/wp-json\/wp\/v2\/media\/10869"}],"wp:attachment":[{"href":"https:\/\/www.africa-press.net\/cotedivoire\/wp-json\/wp\/v2\/media?parent=10870"}],"wp:term":[{"taxonomy":"category","embeddable":true,"href":"https:\/\/www.africa-press.net\/cotedivoire\/wp-json\/wp\/v2\/categories?post=10870"},{"taxonomy":"post_tag","embeddable":true,"href":"https:\/\/www.africa-press.net\/cotedivoire\/wp-json\/wp\/v2\/tags?post=10870"}],"curies":[{"name":"wp","href":"https:\/\/api.w.org\/{rel}","templated":true}]}}