{"id":108714,"date":"2025-11-15T18:00:57","date_gmt":"2025-11-15T18:00:57","guid":{"rendered":"https:\/\/www.africa-press.net\/cotedivoire\/politique\/ouegnin-se-lance-a-grand-bassam-pour-son-pere"},"modified":"2025-11-15T19:08:43","modified_gmt":"2025-11-15T19:08:43","slug":"ouegnin-se-lance-a-grand-bassam-pour-son-pere","status":"publish","type":"post","link":"https:\/\/www.africa-press.net\/cotedivoire\/politique\/ouegnin-se-lance-a-grand-bassam-pour-son-pere","title":{"rendered":"Ouegnin Se Lance \u00e0 Grand-Bassam Pour Son P\u00e8re"},"content":{"rendered":"<p><span style=\"color: #ff6600\"><strong>Africa-Press &#8211; C\u00f4te d&rsquo;Ivoire. <\/strong><\/span>Le mercredi 12 novembre 2025, parmi les nombreuses candidatures de\u0301pose\u0301es pour les e\u0301lections le\u0301gislatives, celle de l&rsquo;Honorable Georges-Armand Ouegnin a\u0300 Grand-Bassam a fait sensation. Elle repre\u0301sente, selon certains observateurs, l&rsquo;une des plus grandes surprises de la pe\u0301riode e\u0301lectorale.<\/p>\n<p>Choisir Grand-Bassam comme terrain de campagne suscite naturellement des interrogations, notamment quand on sait que l&rsquo;Honorable Ouegnin avait brillamment mene\u0301 la liste EDS\/PDCI-RDA a\u0300 Yopougon en 2021, un re\u0301sultat me\u0301morable. Plus encore, l&rsquo;engagement de Georges-Armand Ouegnin au sein du PPA-CI, ou\u0300 il est reconnu pour sa loyaute\u0301 inde\u0301fectible envers le Pre\u0301sident Laurent Gbagbo, fait de sa candidature a\u0300 Grand-Bassam un geste audacieux, surtout apre\u0300s la de\u0301cision du dernier comite\u0301 central du parti, qui a recommande\u0301 a\u0300 ses membres de ne pas se pre\u0301senter aux e\u0301lections le\u0301gislatives du 27 de\u0301cembre 2025.<\/p>\n<p>Toutefois, une analyse plus pousse\u0301e re\u0301ve\u0300le que cette candidature va bien au-dela\u0300 de la simple ambition politique.<\/p>\n<p>Selon l&rsquo;e\u0301quipe du de\u0301pute\u0301 sortant de Yopougon, cette candidature s&rsquo;inscrit avant tout dans un acte hautement symbolique, puisque l&rsquo;Honorable Ouegnin cherche a\u0300 briguer un sie\u0300ge parlementaire pre\u0301ce\u0301demment occupe\u0301 par son de\u0301funt pe\u0300re, le patriarche Franc\u0327ois Maurice Adon Ouegnin. Ce dernier, fils de Grand-Bassam, fut de 1960 a\u0300 1980 le premier de\u0301pute\u0301 de la localite\u0301 et un proche collaborateur de Fe\u0301lix Houphoue\u0308t-Boigny, premier Pre\u0301sident de la Re\u0301publique de Co\u0302te d&rsquo;Ivoire. En se lanc\u0327ant a\u0300 son tour dans cette compe\u0301tition e\u0301lectorale, Georges-Armand Ouegnin fait ainsi un retour aux sources, dans un lieu qui porte les traces de son he\u0301ritage familial et historique.<\/p>\n<p>Universitaire, perc\u0327u comme un homme de principes et d&rsquo;inte\u0301grite\u0301, a aussi e\u0301te\u0301 un acteur majeur de la politique ivoirienne, notamment pendant l&rsquo;incarce\u0301ration du Pre\u0301sident Gbagbo, en dirigeant la plateforme politique Ensemble pour la De\u0301mocratie et la Souverainete\u0301 (EDS). Sous sa direction, cette plateforme a permis au PPA-CI d&rsquo;obtenir aujourd&rsquo;hui 18 sie\u0300ges a\u0300 l&rsquo;Assemble\u0301e nationale.<\/p>\n<p>Si l&rsquo;Honorable Ouegnin n\u2019a pas encore commente\u0301 officiellement la de\u0301cision du comite\u0301 central du PPA-CI, il semble concentre\u0301 sur la pre\u0301paration de sa campagne e\u0301lectorale, qui ne s\u2019annonce pas sans de\u0301fis. Cependant, son engagement a\u0300 Grand-Bassam, bien plus qu&rsquo;une simple candidature, reve\u0302t une dimension profonde\u0301ment symbolique, un acte pour la me\u0301moire de son pe\u0300re et pour l&rsquo;avenir de sa ville.<\/p>\n<p><strong>Pour plus d&rsquo;informations et d&rsquo;analyses sur la <span style=\"color: #ff6600\">C\u00f4te d&rsquo;Ivoire<\/span>, suivez <span style=\"color: #ff6600\">Africa-Press<\/span><\/strong><\/p>\n","protected":false},"excerpt":{"rendered":"<p>Africa-Press &#8211; C\u00f4te d&rsquo;Ivoire. Le mercredi 12 novembre 2025, parmi les nombreuses candidatures de\u0301pose\u0301es pour les e\u0301lections le\u0301gislatives, celle de l&rsquo;Honorable Georges-Armand Ouegnin a\u0300 Grand-Bassam a fait sensation. Elle repre\u0301sente, selon certains observateurs, l&rsquo;une des plus grandes surprises de la pe\u0301riode e\u0301lectorale. Choisir Grand-Bassam comme terrain de campagne suscite naturellement des interrogations, notamment quand on [&hellip;]<\/p>\n","protected":false},"author":82,"featured_media":108713,"comment_status":"open","ping_status":"closed","sticky":false,"template":"","format":"standard","meta":{"footnotes":""},"categories":[2,20,10],"tags":[667,29,1948,19363,1119,423,1952],"class_list":["post-108714","post","type-post","status-publish","format-standard","has-post-thumbnail","hentry","category-politique","category-top-nouvelles","category-toutes-les-actualites","tag-bassam","tag-cote-divoire","tag-grand","tag-legislative","tag-ouegnin","tag-pdci","tag-ppa-ci"],"yoast_head":"<!-- This site is optimized with the Yoast SEO Premium plugin v26.1 (Yoast SEO v27.0) - https:\/\/yoast.com\/product\/yoast-seo-premium-wordpress\/ -->\n<title>Ouegnin Se Lance \u00e0 Grand-Bassam Pour Son P\u00e8re - C\u00f4te d&#039;Ivoire<\/title>\n<meta name=\"description\" content=\"Le mercredi 12 novembre 2025, parmi les nombreuses candidatures de\u0301pose\u0301es pour les e\u0301lections le\u0301gislatives, celle de l ...\" \/>\n<meta name=\"robots\" content=\"index, follow, max-snippet:-1, max-image-preview:large, max-video-preview:-1\" \/>\n<link rel=\"canonical\" href=\"https:\/\/www.africa-press.net\/cotedivoire\/politique\/ouegnin-se-lance-a-grand-bassam-pour-son-pere\" \/>\n<meta property=\"og:locale\" content=\"fr_FR\" \/>\n<meta property=\"og:type\" content=\"article\" \/>\n<meta property=\"og:title\" content=\"Ouegnin Se Lance \u00e0 Grand-Bassam Pour Son P\u00e8re\" \/>\n<meta property=\"og:description\" content=\"Le mercredi 12 novembre 2025, parmi les nombreuses candidatures de\u0301pose\u0301es pour les e\u0301lections le\u0301gislatives, celle de l ...\" \/>\n<meta property=\"og:url\" content=\"https:\/\/www.africa-press.net\/cotedivoire\/politique\/ouegnin-se-lance-a-grand-bassam-pour-son-pere\" \/>\n<meta property=\"og:site_name\" content=\"C\u00f4te d&#039;Ivoire\" \/>\n<meta property=\"article:published_time\" content=\"2025-11-15T18:00:57+00:00\" \/>\n<meta property=\"article:modified_time\" content=\"2025-11-15T19:08:43+00:00\" \/>\n<meta property=\"og:image\" content=\"https:\/\/static.africa-press.net\/cote\/sites\/43\/2025\/11\/sm_1763220917.050959.jpg\" \/>\n\t<meta property=\"og:image:width\" content=\"1280\" \/>\n\t<meta property=\"og:image:height\" content=\"720\" \/>\n\t<meta property=\"og:image:type\" content=\"image\/jpeg\" \/>\n<meta name=\"author\" content=\"cfeditorfr\" \/>\n<meta name=\"twitter:card\" content=\"summary_large_image\" \/>\n<meta name=\"twitter:label1\" content=\"\u00c9crit par\" \/>\n\t<meta name=\"twitter:data1\" content=\"cfeditorfr\" \/>\n\t<meta name=\"twitter:label2\" content=\"Dur\u00e9e de lecture estim\u00e9e\" \/>\n\t<meta name=\"twitter:data2\" content=\"3 minutes\" \/>\n<script type=\"application\/ld+json\" class=\"yoast-schema-graph\">{\"@context\":\"https:\/\/schema.org\",\"@graph\":[{\"@type\":\"Article\",\"@id\":\"https:\/\/www.africa-press.net\/cotedivoire\/politique\/ouegnin-se-lance-a-grand-bassam-pour-son-pere#article\",\"isPartOf\":{\"@id\":\"https:\/\/www.africa-press.net\/cotedivoire\/politique\/ouegnin-se-lance-a-grand-bassam-pour-son-pere\"},\"author\":{\"name\":\"cfeditorfr\",\"@id\":\"https:\/\/www.africa-press.net\/cotedivoire\/#\/schema\/person\/2b1cf3cd81a31e3cd26889ca66d677f1\"},\"headline\":\"Ouegnin Se Lance \u00e0 Grand-Bassam Pour Son P\u00e8re\",\"datePublished\":\"2025-11-15T18:00:57+00:00\",\"dateModified\":\"2025-11-15T19:08:43+00:00\",\"mainEntityOfPage\":{\"@id\":\"https:\/\/www.africa-press.net\/cotedivoire\/politique\/ouegnin-se-lance-a-grand-bassam-pour-son-pere\"},\"wordCount\":453,\"commentCount\":0,\"image\":{\"@id\":\"https:\/\/www.africa-press.net\/cotedivoire\/politique\/ouegnin-se-lance-a-grand-bassam-pour-son-pere#primaryimage\"},\"thumbnailUrl\":\"https:\/\/static.africa-press.net\/cote\/sites\/43\/2025\/11\/sm_1763220917.050959.jpg\",\"keywords\":[\"Bassam\",\"C\u00d4TE D'IVOIRE\",\"Grand\",\"l\u00e9gislative\",\"Ou\u00e9gnin\",\"Pdci\",\"PPA-CI\"],\"articleSection\":[\"Politique\",\"Top Nouvelles\",\"Toutes les actualit\u00e9s\"],\"inLanguage\":\"fr-FR\",\"potentialAction\":[{\"@type\":\"CommentAction\",\"name\":\"Comment\",\"target\":[\"https:\/\/www.africa-press.net\/cotedivoire\/politique\/ouegnin-se-lance-a-grand-bassam-pour-son-pere#respond\"]}]},{\"@type\":\"WebPage\",\"@id\":\"https:\/\/www.africa-press.net\/cotedivoire\/politique\/ouegnin-se-lance-a-grand-bassam-pour-son-pere\",\"url\":\"https:\/\/www.africa-press.net\/cotedivoire\/politique\/ouegnin-se-lance-a-grand-bassam-pour-son-pere\",\"name\":\"Ouegnin Se Lance \u00e0 Grand-Bassam Pour Son P\u00e8re - C\u00f4te d&#039;Ivoire\",\"isPartOf\":{\"@id\":\"https:\/\/www.africa-press.net\/cotedivoire\/#website\"},\"primaryImageOfPage\":{\"@id\":\"https:\/\/www.africa-press.net\/cotedivoire\/politique\/ouegnin-se-lance-a-grand-bassam-pour-son-pere#primaryimage\"},\"image\":{\"@id\":\"https:\/\/www.africa-press.net\/cotedivoire\/politique\/ouegnin-se-lance-a-grand-bassam-pour-son-pere#primaryimage\"},\"thumbnailUrl\":\"https:\/\/static.africa-press.net\/cote\/sites\/43\/2025\/11\/sm_1763220917.050959.jpg\",\"datePublished\":\"2025-11-15T18:00:57+00:00\",\"dateModified\":\"2025-11-15T19:08:43+00:00\",\"author\":{\"@id\":\"https:\/\/www.africa-press.net\/cotedivoire\/#\/schema\/person\/2b1cf3cd81a31e3cd26889ca66d677f1\"},\"description\":\"Le mercredi 12 novembre 2025, parmi les nombreuses candidatures de\u0301pose\u0301es pour les e\u0301lections le\u0301gislatives, celle de l ...\",\"breadcrumb\":{\"@id\":\"https:\/\/www.africa-press.net\/cotedivoire\/politique\/ouegnin-se-lance-a-grand-bassam-pour-son-pere#breadcrumb\"},\"inLanguage\":\"fr-FR\",\"potentialAction\":[{\"@type\":\"ReadAction\",\"target\":[\"https:\/\/www.africa-press.net\/cotedivoire\/politique\/ouegnin-se-lance-a-grand-bassam-pour-son-pere\"]}]},{\"@type\":\"ImageObject\",\"inLanguage\":\"fr-FR\",\"@id\":\"https:\/\/www.africa-press.net\/cotedivoire\/politique\/ouegnin-se-lance-a-grand-bassam-pour-son-pere#primaryimage\",\"url\":\"https:\/\/static.africa-press.net\/cote\/sites\/43\/2025\/11\/sm_1763220917.050959.jpg\",\"contentUrl\":\"https:\/\/static.africa-press.net\/cote\/sites\/43\/2025\/11\/sm_1763220917.050959.jpg\",\"width\":1280,\"height\":720,\"caption\":\"Ouegnin Se Lance \u00e0 Grand-Bassam Pour Son P\u00e8re\"},{\"@type\":\"BreadcrumbList\",\"@id\":\"https:\/\/www.africa-press.net\/cotedivoire\/politique\/ouegnin-se-lance-a-grand-bassam-pour-son-pere#breadcrumb\",\"itemListElement\":[{\"@type\":\"ListItem\",\"position\":1,\"name\":\"Accueil\",\"item\":\"https:\/\/www.africa-press.net\/cotedivoire\/\"},{\"@type\":\"ListItem\",\"position\":2,\"name\":\"Ouegnin Se Lance \u00e0 Grand-Bassam Pour Son P\u00e8re\"}]},{\"@type\":\"WebSite\",\"@id\":\"https:\/\/www.africa-press.net\/cotedivoire\/#website\",\"url\":\"https:\/\/www.africa-press.net\/cotedivoire\/\",\"name\":\"C\u00f4te d&#039;Ivoire\",\"description\":\"Just another Africa News Agency Sites site\",\"potentialAction\":[{\"@type\":\"SearchAction\",\"target\":{\"@type\":\"EntryPoint\",\"urlTemplate\":\"https:\/\/www.africa-press.net\/cotedivoire\/?s={search_term_string}\"},\"query-input\":{\"@type\":\"PropertyValueSpecification\",\"valueRequired\":true,\"valueName\":\"search_term_string\"}}],\"inLanguage\":\"fr-FR\"},{\"@type\":\"Person\",\"@id\":\"https:\/\/www.africa-press.net\/cotedivoire\/#\/schema\/person\/2b1cf3cd81a31e3cd26889ca66d677f1\",\"name\":\"cfeditorfr\"}]}<\/script>\n<!-- \/ Yoast SEO Premium plugin. -->","yoast_head_json":{"title":"Ouegnin Se Lance \u00e0 Grand-Bassam Pour Son P\u00e8re - C\u00f4te d&#039;Ivoire","description":"Le mercredi 12 novembre 2025, parmi les nombreuses candidatures de\u0301pose\u0301es pour les e\u0301lections le\u0301gislatives, celle de l ...","robots":{"index":"index","follow":"follow","max-snippet":"max-snippet:-1","max-image-preview":"max-image-preview:large","max-video-preview":"max-video-preview:-1"},"canonical":"https:\/\/www.africa-press.net\/cotedivoire\/politique\/ouegnin-se-lance-a-grand-bassam-pour-son-pere","og_locale":"fr_FR","og_type":"article","og_title":"Ouegnin Se Lance \u00e0 Grand-Bassam Pour Son P\u00e8re","og_description":"Le mercredi 12 novembre 2025, parmi les nombreuses candidatures de\u0301pose\u0301es pour les e\u0301lections le\u0301gislatives, celle de l ...","og_url":"https:\/\/www.africa-press.net\/cotedivoire\/politique\/ouegnin-se-lance-a-grand-bassam-pour-son-pere","og_site_name":"C\u00f4te d&#039;Ivoire","article_published_time":"2025-11-15T18:00:57+00:00","article_modified_time":"2025-11-15T19:08:43+00:00","og_image":[{"width":1280,"height":720,"url":"https:\/\/static.africa-press.net\/cote\/sites\/43\/2025\/11\/sm_1763220917.050959.jpg","type":"image\/jpeg"}],"author":"cfeditorfr","twitter_card":"summary_large_image","twitter_misc":{"\u00c9crit par":"cfeditorfr","Dur\u00e9e de lecture estim\u00e9e":"3 minutes"},"schema":{"@context":"https:\/\/schema.org","@graph":[{"@type":"Article","@id":"https:\/\/www.africa-press.net\/cotedivoire\/politique\/ouegnin-se-lance-a-grand-bassam-pour-son-pere#article","isPartOf":{"@id":"https:\/\/www.africa-press.net\/cotedivoire\/politique\/ouegnin-se-lance-a-grand-bassam-pour-son-pere"},"author":{"name":"cfeditorfr","@id":"https:\/\/www.africa-press.net\/cotedivoire\/#\/schema\/person\/2b1cf3cd81a31e3cd26889ca66d677f1"},"headline":"Ouegnin Se Lance \u00e0 Grand-Bassam Pour Son P\u00e8re","datePublished":"2025-11-15T18:00:57+00:00","dateModified":"2025-11-15T19:08:43+00:00","mainEntityOfPage":{"@id":"https:\/\/www.africa-press.net\/cotedivoire\/politique\/ouegnin-se-lance-a-grand-bassam-pour-son-pere"},"wordCount":453,"commentCount":0,"image":{"@id":"https:\/\/www.africa-press.net\/cotedivoire\/politique\/ouegnin-se-lance-a-grand-bassam-pour-son-pere#primaryimage"},"thumbnailUrl":"https:\/\/static.africa-press.net\/cote\/sites\/43\/2025\/11\/sm_1763220917.050959.jpg","keywords":["Bassam","C\u00d4TE D'IVOIRE","Grand","l\u00e9gislative","Ou\u00e9gnin","Pdci","PPA-CI"],"articleSection":["Politique","Top Nouvelles","Toutes les actualit\u00e9s"],"inLanguage":"fr-FR","potentialAction":[{"@type":"CommentAction","name":"Comment","target":["https:\/\/www.africa-press.net\/cotedivoire\/politique\/ouegnin-se-lance-a-grand-bassam-pour-son-pere#respond"]}]},{"@type":"WebPage","@id":"https:\/\/www.africa-press.net\/cotedivoire\/politique\/ouegnin-se-lance-a-grand-bassam-pour-son-pere","url":"https:\/\/www.africa-press.net\/cotedivoire\/politique\/ouegnin-se-lance-a-grand-bassam-pour-son-pere","name":"Ouegnin Se Lance \u00e0 Grand-Bassam Pour Son P\u00e8re - C\u00f4te d&#039;Ivoire","isPartOf":{"@id":"https:\/\/www.africa-press.net\/cotedivoire\/#website"},"primaryImageOfPage":{"@id":"https:\/\/www.africa-press.net\/cotedivoire\/politique\/ouegnin-se-lance-a-grand-bassam-pour-son-pere#primaryimage"},"image":{"@id":"https:\/\/www.africa-press.net\/cotedivoire\/politique\/ouegnin-se-lance-a-grand-bassam-pour-son-pere#primaryimage"},"thumbnailUrl":"https:\/\/static.africa-press.net\/cote\/sites\/43\/2025\/11\/sm_1763220917.050959.jpg","datePublished":"2025-11-15T18:00:57+00:00","dateModified":"2025-11-15T19:08:43+00:00","author":{"@id":"https:\/\/www.africa-press.net\/cotedivoire\/#\/schema\/person\/2b1cf3cd81a31e3cd26889ca66d677f1"},"description":"Le mercredi 12 novembre 2025, parmi les nombreuses candidatures de\u0301pose\u0301es pour les e\u0301lections le\u0301gislatives, celle de l ...","breadcrumb":{"@id":"https:\/\/www.africa-press.net\/cotedivoire\/politique\/ouegnin-se-lance-a-grand-bassam-pour-son-pere#breadcrumb"},"inLanguage":"fr-FR","potentialAction":[{"@type":"ReadAction","target":["https:\/\/www.africa-press.net\/cotedivoire\/politique\/ouegnin-se-lance-a-grand-bassam-pour-son-pere"]}]},{"@type":"ImageObject","inLanguage":"fr-FR","@id":"https:\/\/www.africa-press.net\/cotedivoire\/politique\/ouegnin-se-lance-a-grand-bassam-pour-son-pere#primaryimage","url":"https:\/\/static.africa-press.net\/cote\/sites\/43\/2025\/11\/sm_1763220917.050959.jpg","contentUrl":"https:\/\/static.africa-press.net\/cote\/sites\/43\/2025\/11\/sm_1763220917.050959.jpg","width":1280,"height":720,"caption":"Ouegnin Se Lance \u00e0 Grand-Bassam Pour Son P\u00e8re"},{"@type":"BreadcrumbList","@id":"https:\/\/www.africa-press.net\/cotedivoire\/politique\/ouegnin-se-lance-a-grand-bassam-pour-son-pere#breadcrumb","itemListElement":[{"@type":"ListItem","position":1,"name":"Accueil","item":"https:\/\/www.africa-press.net\/cotedivoire\/"},{"@type":"ListItem","position":2,"name":"Ouegnin Se Lance \u00e0 Grand-Bassam Pour Son P\u00e8re"}]},{"@type":"WebSite","@id":"https:\/\/www.africa-press.net\/cotedivoire\/#website","url":"https:\/\/www.africa-press.net\/cotedivoire\/","name":"C\u00f4te d&#039;Ivoire","description":"Just another Africa News Agency Sites site","potentialAction":[{"@type":"SearchAction","target":{"@type":"EntryPoint","urlTemplate":"https:\/\/www.africa-press.net\/cotedivoire\/?s={search_term_string}"},"query-input":{"@type":"PropertyValueSpecification","valueRequired":true,"valueName":"search_term_string"}}],"inLanguage":"fr-FR"},{"@type":"Person","@id":"https:\/\/www.africa-press.net\/cotedivoire\/#\/schema\/person\/2b1cf3cd81a31e3cd26889ca66d677f1","name":"cfeditorfr"}]}},"_links":{"self":[{"href":"https:\/\/www.africa-press.net\/cotedivoire\/wp-json\/wp\/v2\/posts\/108714","targetHints":{"allow":["GET"]}}],"collection":[{"href":"https:\/\/www.africa-press.net\/cotedivoire\/wp-json\/wp\/v2\/posts"}],"about":[{"href":"https:\/\/www.africa-press.net\/cotedivoire\/wp-json\/wp\/v2\/types\/post"}],"author":[{"embeddable":true,"href":"https:\/\/www.africa-press.net\/cotedivoire\/wp-json\/wp\/v2\/users\/82"}],"replies":[{"embeddable":true,"href":"https:\/\/www.africa-press.net\/cotedivoire\/wp-json\/wp\/v2\/comments?post=108714"}],"version-history":[{"count":0,"href":"https:\/\/www.africa-press.net\/cotedivoire\/wp-json\/wp\/v2\/posts\/108714\/revisions"}],"wp:featuredmedia":[{"embeddable":true,"href":"https:\/\/www.africa-press.net\/cotedivoire\/wp-json\/wp\/v2\/media\/108713"}],"wp:attachment":[{"href":"https:\/\/www.africa-press.net\/cotedivoire\/wp-json\/wp\/v2\/media?parent=108714"}],"wp:term":[{"taxonomy":"category","embeddable":true,"href":"https:\/\/www.africa-press.net\/cotedivoire\/wp-json\/wp\/v2\/categories?post=108714"},{"taxonomy":"post_tag","embeddable":true,"href":"https:\/\/www.africa-press.net\/cotedivoire\/wp-json\/wp\/v2\/tags?post=108714"}],"curies":[{"name":"wp","href":"https:\/\/api.w.org\/{rel}","templated":true}]}}