{"id":108735,"date":"2025-11-15T18:05:56","date_gmt":"2025-11-15T18:05:56","guid":{"rendered":"https:\/\/www.africa-press.net\/cotedivoire\/politique\/guikahue-accuse-thiam-decarter-sa-candidature"},"modified":"2025-11-15T19:55:18","modified_gmt":"2025-11-15T19:55:18","slug":"guikahue-accuse-thiam-decarter-sa-candidature","status":"publish","type":"post","link":"https:\/\/www.africa-press.net\/cotedivoire\/politique\/guikahue-accuse-thiam-decarter-sa-candidature","title":{"rendered":"Guikahu\u00e9 Accuse Thiam d&rsquo;\u00c9carter Sa Candidature"},"content":{"rendered":"<p><span style=\"color: #ff6600\"><strong>Africa-Press &#8211; C\u00f4te d&rsquo;Ivoire. <\/strong><\/span>A\u0300 74 ans, Maurice Kakou Guikahue\u0301, une figure incontournable du PDCI-RDA depuis plus de trois de\u0301cennies, a choisi de sortir de son silence et de de\u0301noncer les graves dysfonctionnements qui minent son propre parti. Professeur de cardiologie, de\u0301pute\u0301 de Gagnoa, et vice-pre\u0301sident de l\u2019Assemble\u0301e nationale, l\u2019ancien secre\u0301taire exe\u0301cutif en chef du PDCI a pris la parole de manie\u0300re directe et sans de\u0301tour, re\u0301ve\u0301lant des man\u0153uvres internes qu\u2019il juge inacceptables.<\/p>\n<p>Lors d\u2019une interview, Guikahue\u0301 a e\u0301voque\u0301 une situation de\u0301licate qu&rsquo;il a ve\u0301cue dans le cadre des le\u0301gislatives, de\u0301nonc\u0327ant des pressions exerce\u0301es pour e\u0301carter sa candidature.<\/p>\n<p>Il raconte que l\u2019ex-ministre de l&rsquo;Inte\u0301rieur, E\u0301mile Constant Bombet, avait applique\u0301 l\u2019article 48 de la constitution pour empe\u0302cher le candidat Djeny Kobenan de se pre\u0301senter a\u0300 la de\u0301putation. Curieusement, selon Guikahue\u0301, ce me\u0302me article 48 a e\u0301te\u0301 utilise\u0301 contre lui.<\/p>\n<p>Le de\u0301pute\u0301 sortant a e\u0301galement re\u0301ve\u0301le\u0301 des man\u0153uvres de l\u2019inte\u0301rieur du PDCI pour faire obstacle a\u0300 sa candidature a\u0300 Gagnoa. \u00ab Tidiane Thiam a appele\u0301 la commission charge\u0301e de la validation des candidatures aux le\u0301gislatives pour enlever mon nom et le remplacer par celui du pre\u0301sident de l\u2019association des Baoule\u0301 et Agnis de Gagnoa \u00bb, a-t-il affirme\u0301. Cette intervention, selon Guikahue\u0301, s\u2019inscrit dans un contexte ou\u0300 des rumeurs circulaient depuis plusieurs jours concernant son e\u0301cartement du processus.<\/p>\n<p>Guikahue\u0301 a de\u0301taille\u0301 le processus par lequel sa candidature a e\u0301te\u0301 mise en cause. Il raconte qu\u2019il a de\u0301pose\u0301 sa candidature en respectant toutes les proce\u0301dures internes du parti.<\/p>\n<p>Malgre\u0301 cela, des rumeurs ont circule\u0301 jusqu\u2019a\u0300 la dernie\u0300re minute, sugge\u0301rant que sa candidature ne serait pas valide\u0301e. L\u2019ancien secre\u0301taire exe\u0301cutif a re\u0301ve\u0301le\u0301 que des membres de la commission de validation, alerte\u0301s par des pressions internes, avaient e\u0301voque\u0301 des doutes sur son maintien en lice.<\/p>\n<p>\u00ab Nous avons eu des e\u0301chos qu\u2019un membre de la direction du parti avait appele\u0301 la Commission Electorale Inde\u0301pendante (CEI) pour donner le parrainage du PDCI a\u0300 un candidat inde\u0301pendant \u00bb, a-t-il de\u0301clare\u0301.<\/p>\n<p>Toutefois, Guikahue\u0301 a souligne\u0301 que, malgre\u0301 ces tentatives d&rsquo;e\u0301viction, des soutiens se sont manifeste\u0301s. Deux de\u0301pute\u0301s, Gauzet Sepple\u0301 et Gnonkonte\u0301, ont pris l&rsquo;initiative de rencontrer la commission pour de\u0301noncer l&rsquo;irre\u0301gularite\u0301 de la situation. Selon Guikahue\u0301, la commission a reconnu qu\u2019il e\u0301tait le choix de la base, ayant e\u0301te\u0301 soutenu par les de\u0301le\u0301gations locales et re\u0301gionales. \u00ab C\u2019est lui qui a e\u0301te\u0301 choisi. Le district de Goh Djoboua l\u2019a choisi, la re\u0301gion l\u2019a choisi \u00bb, ont rapporte\u0301 les membres de la commission.<\/p>\n<p>Malgre\u0301 ce soutien populaire, Maurice Kakou Guikahue\u0301 a re\u0301ve\u0301le\u0301 que le pre\u0301sident Tidiane Thiam a de\u0301cide\u0301 de ne pas l\u2019investir comme candidat, de\u0301cision qui, selon lui, est le re\u0301sultat de pressions internes et d\u2019un calcul politique. Cette situation met en lumie\u0300re des tensions internes au sein du PDCI-RDA et soule\u0300ve des questions sur le fonctionnement de\u0301mocratique du parti.<\/p>\n<p>Le silence de Guikahue\u0301, jusque-la\u0300 respecte\u0301 par la base, semble aujourd\u2019hui brise\u0301, et ses re\u0301ve\u0301lations font e\u0301cho a\u0300 une contestation grandissante au sein du PDCI.<\/p>\n<p>L\u2019ancien secre\u0301taire exe\u0301cutif qui ira aux e\u0301lections le\u0301gislatives en tant que candidat inde\u0301pendant, se positionne de\u0301sormais en tant que de\u0301fenseur de la base militante, de\u0301nonc\u0327ant les pratiques qu\u2019il juge antide\u0301mocratiques et destructrices pour l\u2019avenir du parti.<\/p>\n<p><strong>Pour plus d&rsquo;informations et d&rsquo;analyses sur la <span style=\"color: #ff6600\">C\u00f4te d&rsquo;Ivoire<\/span>, suivez <span style=\"color: #ff6600\">Africa-Press<\/span><\/strong><\/p>\n","protected":false},"excerpt":{"rendered":"<p>Africa-Press &#8211; C\u00f4te d&rsquo;Ivoire. A\u0300 74 ans, Maurice Kakou Guikahue\u0301, une figure incontournable du PDCI-RDA depuis plus de trois de\u0301cennies, a choisi de sortir de son silence et de de\u0301noncer les graves dysfonctionnements qui minent son propre parti. Professeur de cardiologie, de\u0301pute\u0301 de Gagnoa, et vice-pre\u0301sident de l\u2019Assemble\u0301e nationale, l\u2019ancien secre\u0301taire exe\u0301cutif en chef du [&hellip;]<\/p>\n","protected":false},"author":82,"featured_media":108733,"comment_status":"open","ping_status":"closed","sticky":false,"template":"","format":"standard","meta":{"footnotes":""},"categories":[2,20,10],"tags":[29,1506,2292,19363,423,1547],"class_list":["post-108735","post","type-post","status-publish","format-standard","has-post-thumbnail","hentry","category-politique","category-top-nouvelles","category-toutes-les-actualites","tag-cote-divoire","tag-gagnoa","tag-guikahue","tag-legislative","tag-pdci","tag-thiam"],"yoast_head":"<!-- This site is optimized with the Yoast SEO Premium plugin v26.1 (Yoast SEO v27.0) - https:\/\/yoast.com\/product\/yoast-seo-premium-wordpress\/ -->\n<title>Guikahu\u00e9 Accuse Thiam d&#039;\u00c9carter Sa Candidature - C\u00f4te d&#039;Ivoire<\/title>\n<meta name=\"description\" content=\"A\u0300 74 ans, Maurice Kakou Guikahue\u0301, une figure incontournable du PDCI-RDA depuis plus de trois de\u0301cennies, a choisi de s ...\" \/>\n<meta name=\"robots\" content=\"index, follow, max-snippet:-1, max-image-preview:large, max-video-preview:-1\" \/>\n<link rel=\"canonical\" href=\"https:\/\/www.africa-press.net\/cotedivoire\/politique\/guikahue-accuse-thiam-decarter-sa-candidature\" \/>\n<meta property=\"og:locale\" content=\"fr_FR\" \/>\n<meta property=\"og:type\" content=\"article\" \/>\n<meta property=\"og:title\" content=\"Guikahu\u00e9 Accuse Thiam d&#039;\u00c9carter Sa Candidature\" \/>\n<meta property=\"og:description\" content=\"A\u0300 74 ans, Maurice Kakou Guikahue\u0301, une figure incontournable du PDCI-RDA depuis plus de trois de\u0301cennies, a choisi de s ...\" \/>\n<meta property=\"og:url\" content=\"https:\/\/www.africa-press.net\/cotedivoire\/politique\/guikahue-accuse-thiam-decarter-sa-candidature\" \/>\n<meta property=\"og:site_name\" content=\"C\u00f4te d&#039;Ivoire\" \/>\n<meta property=\"article:published_time\" content=\"2025-11-15T18:05:56+00:00\" \/>\n<meta property=\"article:modified_time\" content=\"2025-11-15T19:55:18+00:00\" \/>\n<meta property=\"og:image\" content=\"https:\/\/static.africa-press.net\/cote\/sites\/43\/2025\/11\/sm_1763223866.203169.jpg\" \/>\n\t<meta property=\"og:image:width\" content=\"720\" \/>\n\t<meta property=\"og:image:height\" content=\"480\" \/>\n\t<meta property=\"og:image:type\" content=\"image\/jpeg\" \/>\n<meta name=\"author\" content=\"cfeditorfr\" \/>\n<meta name=\"twitter:card\" content=\"summary_large_image\" \/>\n<meta name=\"twitter:label1\" content=\"\u00c9crit par\" \/>\n\t<meta name=\"twitter:data1\" content=\"cfeditorfr\" \/>\n\t<meta name=\"twitter:label2\" content=\"Dur\u00e9e de lecture estim\u00e9e\" \/>\n\t<meta name=\"twitter:data2\" content=\"3 minutes\" \/>\n<script type=\"application\/ld+json\" class=\"yoast-schema-graph\">{\"@context\":\"https:\/\/schema.org\",\"@graph\":[{\"@type\":\"Article\",\"@id\":\"https:\/\/www.africa-press.net\/cotedivoire\/politique\/guikahue-accuse-thiam-decarter-sa-candidature#article\",\"isPartOf\":{\"@id\":\"https:\/\/www.africa-press.net\/cotedivoire\/politique\/guikahue-accuse-thiam-decarter-sa-candidature\"},\"author\":{\"name\":\"cfeditorfr\",\"@id\":\"https:\/\/www.africa-press.net\/cotedivoire\/#\/schema\/person\/2b1cf3cd81a31e3cd26889ca66d677f1\"},\"headline\":\"Guikahu\u00e9 Accuse Thiam d&rsquo;\u00c9carter Sa Candidature\",\"datePublished\":\"2025-11-15T18:05:56+00:00\",\"dateModified\":\"2025-11-15T19:55:18+00:00\",\"mainEntityOfPage\":{\"@id\":\"https:\/\/www.africa-press.net\/cotedivoire\/politique\/guikahue-accuse-thiam-decarter-sa-candidature\"},\"wordCount\":654,\"commentCount\":0,\"image\":{\"@id\":\"https:\/\/www.africa-press.net\/cotedivoire\/politique\/guikahue-accuse-thiam-decarter-sa-candidature#primaryimage\"},\"thumbnailUrl\":\"https:\/\/static.africa-press.net\/cote\/sites\/43\/2025\/11\/sm_1763223866.203169.jpg\",\"keywords\":[\"C\u00d4TE D'IVOIRE\",\"Gagnoa\",\"Guikahu\u00e9\",\"l\u00e9gislative\",\"Pdci\",\"Thiam\"],\"articleSection\":[\"Politique\",\"Top Nouvelles\",\"Toutes les actualit\u00e9s\"],\"inLanguage\":\"fr-FR\",\"potentialAction\":[{\"@type\":\"CommentAction\",\"name\":\"Comment\",\"target\":[\"https:\/\/www.africa-press.net\/cotedivoire\/politique\/guikahue-accuse-thiam-decarter-sa-candidature#respond\"]}]},{\"@type\":\"WebPage\",\"@id\":\"https:\/\/www.africa-press.net\/cotedivoire\/politique\/guikahue-accuse-thiam-decarter-sa-candidature\",\"url\":\"https:\/\/www.africa-press.net\/cotedivoire\/politique\/guikahue-accuse-thiam-decarter-sa-candidature\",\"name\":\"Guikahu\u00e9 Accuse Thiam d'\u00c9carter Sa Candidature - C\u00f4te d&#039;Ivoire\",\"isPartOf\":{\"@id\":\"https:\/\/www.africa-press.net\/cotedivoire\/#website\"},\"primaryImageOfPage\":{\"@id\":\"https:\/\/www.africa-press.net\/cotedivoire\/politique\/guikahue-accuse-thiam-decarter-sa-candidature#primaryimage\"},\"image\":{\"@id\":\"https:\/\/www.africa-press.net\/cotedivoire\/politique\/guikahue-accuse-thiam-decarter-sa-candidature#primaryimage\"},\"thumbnailUrl\":\"https:\/\/static.africa-press.net\/cote\/sites\/43\/2025\/11\/sm_1763223866.203169.jpg\",\"datePublished\":\"2025-11-15T18:05:56+00:00\",\"dateModified\":\"2025-11-15T19:55:18+00:00\",\"author\":{\"@id\":\"https:\/\/www.africa-press.net\/cotedivoire\/#\/schema\/person\/2b1cf3cd81a31e3cd26889ca66d677f1\"},\"description\":\"A\u0300 74 ans, Maurice Kakou Guikahue\u0301, une figure incontournable du PDCI-RDA depuis plus de trois de\u0301cennies, a choisi de s ...\",\"breadcrumb\":{\"@id\":\"https:\/\/www.africa-press.net\/cotedivoire\/politique\/guikahue-accuse-thiam-decarter-sa-candidature#breadcrumb\"},\"inLanguage\":\"fr-FR\",\"potentialAction\":[{\"@type\":\"ReadAction\",\"target\":[\"https:\/\/www.africa-press.net\/cotedivoire\/politique\/guikahue-accuse-thiam-decarter-sa-candidature\"]}]},{\"@type\":\"ImageObject\",\"inLanguage\":\"fr-FR\",\"@id\":\"https:\/\/www.africa-press.net\/cotedivoire\/politique\/guikahue-accuse-thiam-decarter-sa-candidature#primaryimage\",\"url\":\"https:\/\/static.africa-press.net\/cote\/sites\/43\/2025\/11\/sm_1763223866.203169.jpg\",\"contentUrl\":\"https:\/\/static.africa-press.net\/cote\/sites\/43\/2025\/11\/sm_1763223866.203169.jpg\",\"width\":720,\"height\":480,\"caption\":\"Guikahu\u00e9 Accuse Thiam d'\u00c9carter Sa Candidature\"},{\"@type\":\"BreadcrumbList\",\"@id\":\"https:\/\/www.africa-press.net\/cotedivoire\/politique\/guikahue-accuse-thiam-decarter-sa-candidature#breadcrumb\",\"itemListElement\":[{\"@type\":\"ListItem\",\"position\":1,\"name\":\"Accueil\",\"item\":\"https:\/\/www.africa-press.net\/cotedivoire\/\"},{\"@type\":\"ListItem\",\"position\":2,\"name\":\"Guikahu\u00e9 Accuse Thiam d&#8217;\u00c9carter Sa Candidature\"}]},{\"@type\":\"WebSite\",\"@id\":\"https:\/\/www.africa-press.net\/cotedivoire\/#website\",\"url\":\"https:\/\/www.africa-press.net\/cotedivoire\/\",\"name\":\"C\u00f4te d&#039;Ivoire\",\"description\":\"Just another Africa News Agency Sites site\",\"potentialAction\":[{\"@type\":\"SearchAction\",\"target\":{\"@type\":\"EntryPoint\",\"urlTemplate\":\"https:\/\/www.africa-press.net\/cotedivoire\/?s={search_term_string}\"},\"query-input\":{\"@type\":\"PropertyValueSpecification\",\"valueRequired\":true,\"valueName\":\"search_term_string\"}}],\"inLanguage\":\"fr-FR\"},{\"@type\":\"Person\",\"@id\":\"https:\/\/www.africa-press.net\/cotedivoire\/#\/schema\/person\/2b1cf3cd81a31e3cd26889ca66d677f1\",\"name\":\"cfeditorfr\"}]}<\/script>\n<!-- \/ Yoast SEO Premium plugin. -->","yoast_head_json":{"title":"Guikahu\u00e9 Accuse Thiam d'\u00c9carter Sa Candidature - C\u00f4te d&#039;Ivoire","description":"A\u0300 74 ans, Maurice Kakou Guikahue\u0301, une figure incontournable du PDCI-RDA depuis plus de trois de\u0301cennies, a choisi de s ...","robots":{"index":"index","follow":"follow","max-snippet":"max-snippet:-1","max-image-preview":"max-image-preview:large","max-video-preview":"max-video-preview:-1"},"canonical":"https:\/\/www.africa-press.net\/cotedivoire\/politique\/guikahue-accuse-thiam-decarter-sa-candidature","og_locale":"fr_FR","og_type":"article","og_title":"Guikahu\u00e9 Accuse Thiam d'\u00c9carter Sa Candidature","og_description":"A\u0300 74 ans, Maurice Kakou Guikahue\u0301, une figure incontournable du PDCI-RDA depuis plus de trois de\u0301cennies, a choisi de s ...","og_url":"https:\/\/www.africa-press.net\/cotedivoire\/politique\/guikahue-accuse-thiam-decarter-sa-candidature","og_site_name":"C\u00f4te d&#039;Ivoire","article_published_time":"2025-11-15T18:05:56+00:00","article_modified_time":"2025-11-15T19:55:18+00:00","og_image":[{"width":720,"height":480,"url":"https:\/\/static.africa-press.net\/cote\/sites\/43\/2025\/11\/sm_1763223866.203169.jpg","type":"image\/jpeg"}],"author":"cfeditorfr","twitter_card":"summary_large_image","twitter_misc":{"\u00c9crit par":"cfeditorfr","Dur\u00e9e de lecture estim\u00e9e":"3 minutes"},"schema":{"@context":"https:\/\/schema.org","@graph":[{"@type":"Article","@id":"https:\/\/www.africa-press.net\/cotedivoire\/politique\/guikahue-accuse-thiam-decarter-sa-candidature#article","isPartOf":{"@id":"https:\/\/www.africa-press.net\/cotedivoire\/politique\/guikahue-accuse-thiam-decarter-sa-candidature"},"author":{"name":"cfeditorfr","@id":"https:\/\/www.africa-press.net\/cotedivoire\/#\/schema\/person\/2b1cf3cd81a31e3cd26889ca66d677f1"},"headline":"Guikahu\u00e9 Accuse Thiam d&rsquo;\u00c9carter Sa Candidature","datePublished":"2025-11-15T18:05:56+00:00","dateModified":"2025-11-15T19:55:18+00:00","mainEntityOfPage":{"@id":"https:\/\/www.africa-press.net\/cotedivoire\/politique\/guikahue-accuse-thiam-decarter-sa-candidature"},"wordCount":654,"commentCount":0,"image":{"@id":"https:\/\/www.africa-press.net\/cotedivoire\/politique\/guikahue-accuse-thiam-decarter-sa-candidature#primaryimage"},"thumbnailUrl":"https:\/\/static.africa-press.net\/cote\/sites\/43\/2025\/11\/sm_1763223866.203169.jpg","keywords":["C\u00d4TE D'IVOIRE","Gagnoa","Guikahu\u00e9","l\u00e9gislative","Pdci","Thiam"],"articleSection":["Politique","Top Nouvelles","Toutes les actualit\u00e9s"],"inLanguage":"fr-FR","potentialAction":[{"@type":"CommentAction","name":"Comment","target":["https:\/\/www.africa-press.net\/cotedivoire\/politique\/guikahue-accuse-thiam-decarter-sa-candidature#respond"]}]},{"@type":"WebPage","@id":"https:\/\/www.africa-press.net\/cotedivoire\/politique\/guikahue-accuse-thiam-decarter-sa-candidature","url":"https:\/\/www.africa-press.net\/cotedivoire\/politique\/guikahue-accuse-thiam-decarter-sa-candidature","name":"Guikahu\u00e9 Accuse Thiam d'\u00c9carter Sa Candidature - C\u00f4te d&#039;Ivoire","isPartOf":{"@id":"https:\/\/www.africa-press.net\/cotedivoire\/#website"},"primaryImageOfPage":{"@id":"https:\/\/www.africa-press.net\/cotedivoire\/politique\/guikahue-accuse-thiam-decarter-sa-candidature#primaryimage"},"image":{"@id":"https:\/\/www.africa-press.net\/cotedivoire\/politique\/guikahue-accuse-thiam-decarter-sa-candidature#primaryimage"},"thumbnailUrl":"https:\/\/static.africa-press.net\/cote\/sites\/43\/2025\/11\/sm_1763223866.203169.jpg","datePublished":"2025-11-15T18:05:56+00:00","dateModified":"2025-11-15T19:55:18+00:00","author":{"@id":"https:\/\/www.africa-press.net\/cotedivoire\/#\/schema\/person\/2b1cf3cd81a31e3cd26889ca66d677f1"},"description":"A\u0300 74 ans, Maurice Kakou Guikahue\u0301, une figure incontournable du PDCI-RDA depuis plus de trois de\u0301cennies, a choisi de s ...","breadcrumb":{"@id":"https:\/\/www.africa-press.net\/cotedivoire\/politique\/guikahue-accuse-thiam-decarter-sa-candidature#breadcrumb"},"inLanguage":"fr-FR","potentialAction":[{"@type":"ReadAction","target":["https:\/\/www.africa-press.net\/cotedivoire\/politique\/guikahue-accuse-thiam-decarter-sa-candidature"]}]},{"@type":"ImageObject","inLanguage":"fr-FR","@id":"https:\/\/www.africa-press.net\/cotedivoire\/politique\/guikahue-accuse-thiam-decarter-sa-candidature#primaryimage","url":"https:\/\/static.africa-press.net\/cote\/sites\/43\/2025\/11\/sm_1763223866.203169.jpg","contentUrl":"https:\/\/static.africa-press.net\/cote\/sites\/43\/2025\/11\/sm_1763223866.203169.jpg","width":720,"height":480,"caption":"Guikahu\u00e9 Accuse Thiam d'\u00c9carter Sa Candidature"},{"@type":"BreadcrumbList","@id":"https:\/\/www.africa-press.net\/cotedivoire\/politique\/guikahue-accuse-thiam-decarter-sa-candidature#breadcrumb","itemListElement":[{"@type":"ListItem","position":1,"name":"Accueil","item":"https:\/\/www.africa-press.net\/cotedivoire\/"},{"@type":"ListItem","position":2,"name":"Guikahu\u00e9 Accuse Thiam d&#8217;\u00c9carter Sa Candidature"}]},{"@type":"WebSite","@id":"https:\/\/www.africa-press.net\/cotedivoire\/#website","url":"https:\/\/www.africa-press.net\/cotedivoire\/","name":"C\u00f4te d&#039;Ivoire","description":"Just another Africa News Agency Sites site","potentialAction":[{"@type":"SearchAction","target":{"@type":"EntryPoint","urlTemplate":"https:\/\/www.africa-press.net\/cotedivoire\/?s={search_term_string}"},"query-input":{"@type":"PropertyValueSpecification","valueRequired":true,"valueName":"search_term_string"}}],"inLanguage":"fr-FR"},{"@type":"Person","@id":"https:\/\/www.africa-press.net\/cotedivoire\/#\/schema\/person\/2b1cf3cd81a31e3cd26889ca66d677f1","name":"cfeditorfr"}]}},"_links":{"self":[{"href":"https:\/\/www.africa-press.net\/cotedivoire\/wp-json\/wp\/v2\/posts\/108735","targetHints":{"allow":["GET"]}}],"collection":[{"href":"https:\/\/www.africa-press.net\/cotedivoire\/wp-json\/wp\/v2\/posts"}],"about":[{"href":"https:\/\/www.africa-press.net\/cotedivoire\/wp-json\/wp\/v2\/types\/post"}],"author":[{"embeddable":true,"href":"https:\/\/www.africa-press.net\/cotedivoire\/wp-json\/wp\/v2\/users\/82"}],"replies":[{"embeddable":true,"href":"https:\/\/www.africa-press.net\/cotedivoire\/wp-json\/wp\/v2\/comments?post=108735"}],"version-history":[{"count":0,"href":"https:\/\/www.africa-press.net\/cotedivoire\/wp-json\/wp\/v2\/posts\/108735\/revisions"}],"wp:featuredmedia":[{"embeddable":true,"href":"https:\/\/www.africa-press.net\/cotedivoire\/wp-json\/wp\/v2\/media\/108733"}],"wp:attachment":[{"href":"https:\/\/www.africa-press.net\/cotedivoire\/wp-json\/wp\/v2\/media?parent=108735"}],"wp:term":[{"taxonomy":"category","embeddable":true,"href":"https:\/\/www.africa-press.net\/cotedivoire\/wp-json\/wp\/v2\/categories?post=108735"},{"taxonomy":"post_tag","embeddable":true,"href":"https:\/\/www.africa-press.net\/cotedivoire\/wp-json\/wp\/v2\/tags?post=108735"}],"curies":[{"name":"wp","href":"https:\/\/api.w.org\/{rel}","templated":true}]}}