{"id":108753,"date":"2025-11-16T13:40:17","date_gmt":"2025-11-16T13:40:17","guid":{"rendered":"https:\/\/www.africa-press.net\/cotedivoire\/politique\/gouvernement-et-oit-pour-la-dignite-des-travailleurs-domestiques"},"modified":"2025-11-16T14:49:13","modified_gmt":"2025-11-16T14:49:13","slug":"gouvernement-et-oit-pour-la-dignite-des-travailleurs-domestiques","status":"publish","type":"post","link":"https:\/\/www.africa-press.net\/cotedivoire\/politique\/gouvernement-et-oit-pour-la-dignite-des-travailleurs-domestiques","title":{"rendered":"Gouvernement et OIT pour la dignit\u00e9 des travailleurs domestiques"},"content":{"rendered":"<p><span style=\"color: #ff6600\"><strong>Africa-Press &#8211; C\u00f4te d&rsquo;Ivoire. <\/strong><\/span>Du 11 au 14 novembre 2025, Grand-Bassam a accueilli un atelier technique d\u2019envergure consacre\u0301 a\u0300 la re\u0301forme du travail domestique en Co\u0302te d\u2019Ivoire. Organise\u0301 par le Ministe\u0300re de l\u2019Emploi et de la Protection Sociale (MEPS) avec l\u2019appui de l\u2019Organisation internationale du Travail (OIT), a\u0300 travers les projets AGRIDOM et FMM Afrique de l\u2019Ouest II, cet atelier marque une e\u0301tape cruciale dans la mise en conformite\u0301 du cadre juridique national avec la Convention n\u00b0189 sur les travailleuses et travailleurs domestiques, ratifie\u0301e par la Co\u0302te d\u2019Ivoire en avril 2025 et dont l\u2019entre\u0301e en vigueur est pre\u0301vue pour avril 2026.<\/p>\n<p>Le travail domestique joue un ro\u0302le central dans l\u2019e\u0301conomie et le bien-e\u0302tre social ivoirien. Majoritairement exerce\u0301 par des femmes, souvent jeunes, migrantes, ou en situation de vulne\u0301rabilite\u0301, ce secteur souffre encore aujourd\u2019hui d\u2019un manque de professionnalisation, d\u2019une pre\u0301dominance de l\u2019informel, de faibles re\u0301mune\u0301rations, d\u2019une absence de contrats e\u0301crits et d\u2019une protection sociale limite\u0301e.<\/p>\n<p>L\u2019OIT rappelle que plus de 75 millions de travailleurs domestiques \u0153uvrent dans le monde, dont 76,2 % de femmes, contribuant de manie\u0300re de\u0301terminante au fonctionnement des me\u0301nages et a\u0300 l\u2019e\u0301quilibre e\u0301conomique.<\/p>\n<p>L\u2019e\u0301tude mene\u0301e en 2024 par l\u2019OIT en Co\u0302te d\u2019Ivoire sur les re\u0301alite\u0301s socio-e\u0301conomiques du secteur avait de\u0301ja\u0300 souligne\u0301 l\u2019urgence de moderniser la le\u0301gislation, d\u2019ame\u0301liorer la reconnaissance du me\u0301tier et de prote\u0301ger efficacement les droits de ces travailleurs.<\/p>\n<p>Durant quatre jours, experts, administrations publiques, syndicats, organisations patronales, agences d\u2019emploi prive\u0301es et partenaires techniques se sont penche\u0301s sur la refonte globale du cadre re\u0301glementaire, notamment autour de quatre chantiers prioritaires. Il s&rsquo;agit de la re\u0301vision de l\u2019arre\u0302te\u0301 n\u00b06741 du 8 octobre 1953, devenu obsole\u0300te, l\u2019e\u0301laboration d\u2019un contrat de travail type pour les travailleurs domestiques, la mise a\u0300 jour de la classification professionnelle &lsquo; et de l\u2019actualisation de la grille salariale, en cohe\u0301rence avec les standards du travail de\u0301cent.<\/p>\n<p>Des travaux de groupe et des discussions techniques ont permis d\u2019aboutir a\u0300 des propositions structure\u0301es, constituant la base d\u2019une re\u0301forme attendue de longue date.<\/p>\n<p>Dans son allocution de clo\u0302ture, prononce\u0301e par Guite\u0301 Diop, la Directrice du Bureau Pays de l\u2019OIT, Coumba Diop, a exprime\u0301 sa \u00ab profonde gratitude \u00bb aux participants pour leur mobilisation et la qualite\u0301 des contributions.<\/p>\n<p>Elle a rappele\u0301 l\u2019importance de cet atelier dans un contexte national crucial: \u00ab La mise en \u0153uvre de la Convention 189 impose une mise a\u0300 jour ambitieuse du cadre juridique ivoirien. Les re\u0301sultats obtenus te\u0301moignent de la solidite\u0301 du dialogue social et constituent une avance\u0301e de\u0301terminante vers un secteur formalise\u0301, prote\u0301ge\u0301 et respectueux de la dignite\u0301 des travailleurs. \u00bb<\/p>\n<p>L\u2019OIT a re\u0301affirme\u0301 son engagement a\u0300 poursuivre l\u2019accompagnement du gouvernement ivoirien dans la finalisation, la validation et la vulgarisation des textes re\u0301glementaires. La Directrice a souligne\u0301 que la protection sociale, la sante\u0301 et se\u0301curite\u0301 au travail et le respect des droits fondamentaux constitueraient les axes prioritaires de cette collaboration.<\/p>\n<p>Au nom du ministre de l\u2019Emploi et de la Protection Sociale, Mme Djaponon E\u0301pouse Messou Marie Rose, Directrice de l\u2019Inspection du Travail, a clo\u0302ture\u0301 l\u2019atelier en saluant \u00ab la richesse des e\u0301changes, la qualite\u0301 du travail accompli et l\u2019engagement collectif des participants \u00bb.<\/p>\n<p>Elle a insiste\u0301 sur la ne\u0301cessite\u0301 d\u2019adapter le cadre re\u0301glementaire aux normes internationales: \u00ab Les propositions issues de cet atelier ouvriront la voie a\u0300 un dispositif juridique moderne, juste et protecteur, conforme aux standards internationaux en matie\u0300re de travail de\u0301cent. \u00bb<\/p>\n<p>Mme Djaponon a e\u0301galement mis en avant un de\u0301fi majeur: la sensibilisation, indispensable pour l\u2019appropriation effective des nouveaux textes par les me\u0301nages employeurs et les travailleurs. Elle a lance\u0301 un appel a\u0300 l\u2019OIT pour soutenir cette phase essentielle, afin de garantir une mise en \u0153uvre re\u0301elle et durable.<\/p>\n<p>Repre\u0301sentant le patronat, Bodo Le\u0301opold (CGECI \u2013 FIPME) a salue\u0301 l\u2019initiative et la qualite\u0301 des travaux. Il a rappele\u0301 que la transition de l\u2019informel vers le formel constitue une priorite\u0301 partage\u0301e par les partenaires sociaux au niveau national et international.<\/p>\n<p>E\u0301voquant les discussions de la CIT 2025 a\u0300 Gene\u0300ve, il a souligne\u0301: \u00ab Le pas franchi aujourd\u2019hui s\u2019inscrit pleinement dans la dynamique mondiale de formalisation. Nous sommes fiers d\u2019y contribuer. \u00bb<\/p>\n<p>Le patronat a re\u0301affirme\u0301 son engagement a\u0300 accompagner les efforts visant a\u0300 moderniser le secteur, renforcer la protection des travailleurs et promouvoir une e\u0301conomie plus compe\u0301titive et inclusive.<\/p>\n<p>Au terme des travaux, quatre re\u0301sultats majeurs ont e\u0301te\u0301 obtenus, une analyse de\u0301taille\u0301e du cadre juridique national a\u0300 la lumie\u0300re de la Convention 189, des propositions d\u2019ame\u0301lioration de l\u2019arre\u0302te\u0301 de 1953, en vue de son alignement avec le Code du Travail, une classification professionnelle actualise\u0301e, reconnaissant mieux les compe\u0301tences du secteur et une nouvelle grille salariale et un contrat de travail type inte\u0301grant la protection sociale, la sante\u0301 et se\u0301curite\u0301 au travail et les droits fondamentaux.<\/p>\n<p>Ces acquis ouvrent la voie a\u0300 une re\u0301forme structurante, appele\u0301e a\u0300 transformer durablement la situation des travailleurs domestiques en Co\u0302te d\u2019Ivoire.<\/p>\n<p>Les interventions convergent toutes vers un me\u0302me constat: la Co\u0302te d\u2019Ivoire franchit aujourd\u2019hui un cap de\u0301cisif vers la reconnaissance et la formalisation du travail domestique.<\/p>\n<p>En unissant leurs efforts, le gouvernement, l\u2019OIT, les partenaires sociaux et les acteurs du secteur \u0153uvrent a\u0300 moderniser un me\u0301tier indispensable au fonctionnement des foyers et a\u0300 l\u2019e\u0301quilibre de l\u2019e\u0301conomie nationale.<\/p>\n<p>L\u2019atelier de Grand-Bassam restera sans doute comme une e\u0301tape fondatrice dans la marche du pays vers le travail de\u0301cent, l\u2019e\u0301galite\u0301 et la justice sociale.<\/p>\n<p><strong>Pour plus d&rsquo;informations et d&rsquo;analyses sur la <span style=\"color: #ff6600\">C\u00f4te d&rsquo;Ivoire<\/span>, suivez <span style=\"color: #ff6600\">Africa-Press<\/span><\/strong><\/p>\n","protected":false},"excerpt":{"rendered":"<p>Africa-Press &#8211; C\u00f4te d&rsquo;Ivoire. Du 11 au 14 novembre 2025, Grand-Bassam a accueilli un atelier technique d\u2019envergure consacre\u0301 a\u0300 la re\u0301forme du travail domestique en Co\u0302te d\u2019Ivoire. Organise\u0301 par le Ministe\u0300re de l\u2019Emploi et de la Protection Sociale (MEPS) avec l\u2019appui de l\u2019Organisation internationale du Travail (OIT), a\u0300 travers les projets AGRIDOM et FMM Afrique [&hellip;]<\/p>\n","protected":false},"author":82,"featured_media":108752,"comment_status":"open","ping_status":"closed","sticky":false,"template":"","format":"standard","meta":{"footnotes":""},"categories":[2,10],"tags":[19490,19486,29,18466,19488,19491,19487,4831,13995,19489,19151],"class_list":["post-108753","post","type-post","status-publish","format-standard","has-post-thumbnail","hentry","category-politique","category-toutes-les-actualites","tag-agridedom","tag-convention189","tag-cote-divoire","tag-dialogue-social","tag-economie-informelle","tag-fmm","tag-meps","tag-oit","tag-protection-sociale","tag-travail-decent","tag-travail-domestique"],"yoast_head":"<!-- This site is optimized with the Yoast SEO Premium plugin v26.1 (Yoast SEO v27.0) - https:\/\/yoast.com\/product\/yoast-seo-premium-wordpress\/ -->\n<title>Gouvernement et OIT pour la dignit\u00e9 des travailleurs domestiques - C\u00f4te d&#039;Ivoire<\/title>\n<meta name=\"description\" content=\"Du 11 au 14 novembre 2025, Grand-Bassam a accueilli un atelier technique d\u2019envergure consacre\u0301 a\u0300 la re\u0301forme du travail ...\" \/>\n<meta name=\"robots\" content=\"index, follow, max-snippet:-1, max-image-preview:large, max-video-preview:-1\" \/>\n<link rel=\"canonical\" href=\"https:\/\/www.africa-press.net\/cotedivoire\/politique\/gouvernement-et-oit-pour-la-dignite-des-travailleurs-domestiques\" \/>\n<meta property=\"og:locale\" content=\"fr_FR\" \/>\n<meta property=\"og:type\" content=\"article\" \/>\n<meta property=\"og:title\" content=\"Gouvernement et OIT pour la dignit\u00e9 des travailleurs domestiques\" \/>\n<meta property=\"og:description\" content=\"Du 11 au 14 novembre 2025, Grand-Bassam a accueilli un atelier technique d\u2019envergure consacre\u0301 a\u0300 la re\u0301forme du travail ...\" \/>\n<meta property=\"og:url\" content=\"https:\/\/www.africa-press.net\/cotedivoire\/politique\/gouvernement-et-oit-pour-la-dignite-des-travailleurs-domestiques\" \/>\n<meta property=\"og:site_name\" content=\"C\u00f4te d&#039;Ivoire\" \/>\n<meta property=\"article:published_time\" content=\"2025-11-16T13:40:17+00:00\" \/>\n<meta property=\"article:modified_time\" content=\"2025-11-16T14:49:13+00:00\" \/>\n<meta property=\"og:image\" content=\"https:\/\/static.africa-press.net\/cote\/sites\/43\/2025\/11\/sm_1763291936.783057.jpg\" \/>\n\t<meta property=\"og:image:width\" content=\"720\" \/>\n\t<meta property=\"og:image:height\" content=\"354\" \/>\n\t<meta property=\"og:image:type\" content=\"image\/jpeg\" \/>\n<meta name=\"author\" content=\"cfeditorfr\" \/>\n<meta name=\"twitter:card\" content=\"summary_large_image\" \/>\n<meta name=\"twitter:label1\" content=\"\u00c9crit par\" \/>\n\t<meta name=\"twitter:data1\" content=\"cfeditorfr\" \/>\n\t<meta name=\"twitter:label2\" content=\"Dur\u00e9e de lecture estim\u00e9e\" \/>\n\t<meta name=\"twitter:data2\" content=\"5 minutes\" \/>\n<script type=\"application\/ld+json\" class=\"yoast-schema-graph\">{\"@context\":\"https:\/\/schema.org\",\"@graph\":[{\"@type\":\"Article\",\"@id\":\"https:\/\/www.africa-press.net\/cotedivoire\/politique\/gouvernement-et-oit-pour-la-dignite-des-travailleurs-domestiques#article\",\"isPartOf\":{\"@id\":\"https:\/\/www.africa-press.net\/cotedivoire\/politique\/gouvernement-et-oit-pour-la-dignite-des-travailleurs-domestiques\"},\"author\":{\"name\":\"cfeditorfr\",\"@id\":\"https:\/\/www.africa-press.net\/cotedivoire\/#\/schema\/person\/2b1cf3cd81a31e3cd26889ca66d677f1\"},\"headline\":\"Gouvernement et OIT pour la dignit\u00e9 des travailleurs domestiques\",\"datePublished\":\"2025-11-16T13:40:17+00:00\",\"dateModified\":\"2025-11-16T14:49:13+00:00\",\"mainEntityOfPage\":{\"@id\":\"https:\/\/www.africa-press.net\/cotedivoire\/politique\/gouvernement-et-oit-pour-la-dignite-des-travailleurs-domestiques\"},\"wordCount\":1027,\"commentCount\":0,\"image\":{\"@id\":\"https:\/\/www.africa-press.net\/cotedivoire\/politique\/gouvernement-et-oit-pour-la-dignite-des-travailleurs-domestiques#primaryimage\"},\"thumbnailUrl\":\"https:\/\/static.africa-press.net\/cote\/sites\/43\/2025\/11\/sm_1763291936.783057.jpg\",\"keywords\":[\"AgrideDom\",\"Convention189\",\"C\u00d4TE D'IVOIRE\",\"Dialogue Social\",\"\u00e9conomie informelle\",\"FMM\",\"MEPS\",\"OIT\",\"protection sociale\",\"travail d\u00e9cent\",\"travail domestique\"],\"articleSection\":[\"Politique\",\"Toutes les actualit\u00e9s\"],\"inLanguage\":\"fr-FR\",\"potentialAction\":[{\"@type\":\"CommentAction\",\"name\":\"Comment\",\"target\":[\"https:\/\/www.africa-press.net\/cotedivoire\/politique\/gouvernement-et-oit-pour-la-dignite-des-travailleurs-domestiques#respond\"]}]},{\"@type\":\"WebPage\",\"@id\":\"https:\/\/www.africa-press.net\/cotedivoire\/politique\/gouvernement-et-oit-pour-la-dignite-des-travailleurs-domestiques\",\"url\":\"https:\/\/www.africa-press.net\/cotedivoire\/politique\/gouvernement-et-oit-pour-la-dignite-des-travailleurs-domestiques\",\"name\":\"Gouvernement et OIT pour la dignit\u00e9 des travailleurs domestiques - C\u00f4te d&#039;Ivoire\",\"isPartOf\":{\"@id\":\"https:\/\/www.africa-press.net\/cotedivoire\/#website\"},\"primaryImageOfPage\":{\"@id\":\"https:\/\/www.africa-press.net\/cotedivoire\/politique\/gouvernement-et-oit-pour-la-dignite-des-travailleurs-domestiques#primaryimage\"},\"image\":{\"@id\":\"https:\/\/www.africa-press.net\/cotedivoire\/politique\/gouvernement-et-oit-pour-la-dignite-des-travailleurs-domestiques#primaryimage\"},\"thumbnailUrl\":\"https:\/\/static.africa-press.net\/cote\/sites\/43\/2025\/11\/sm_1763291936.783057.jpg\",\"datePublished\":\"2025-11-16T13:40:17+00:00\",\"dateModified\":\"2025-11-16T14:49:13+00:00\",\"author\":{\"@id\":\"https:\/\/www.africa-press.net\/cotedivoire\/#\/schema\/person\/2b1cf3cd81a31e3cd26889ca66d677f1\"},\"description\":\"Du 11 au 14 novembre 2025, Grand-Bassam a accueilli un atelier technique d\u2019envergure consacre\u0301 a\u0300 la re\u0301forme du travail ...\",\"breadcrumb\":{\"@id\":\"https:\/\/www.africa-press.net\/cotedivoire\/politique\/gouvernement-et-oit-pour-la-dignite-des-travailleurs-domestiques#breadcrumb\"},\"inLanguage\":\"fr-FR\",\"potentialAction\":[{\"@type\":\"ReadAction\",\"target\":[\"https:\/\/www.africa-press.net\/cotedivoire\/politique\/gouvernement-et-oit-pour-la-dignite-des-travailleurs-domestiques\"]}]},{\"@type\":\"ImageObject\",\"inLanguage\":\"fr-FR\",\"@id\":\"https:\/\/www.africa-press.net\/cotedivoire\/politique\/gouvernement-et-oit-pour-la-dignite-des-travailleurs-domestiques#primaryimage\",\"url\":\"https:\/\/static.africa-press.net\/cote\/sites\/43\/2025\/11\/sm_1763291936.783057.jpg\",\"contentUrl\":\"https:\/\/static.africa-press.net\/cote\/sites\/43\/2025\/11\/sm_1763291936.783057.jpg\",\"width\":720,\"height\":354,\"caption\":\"Gouvernement et OIT pour la dignit\u00e9 des travailleurs domestiques\"},{\"@type\":\"BreadcrumbList\",\"@id\":\"https:\/\/www.africa-press.net\/cotedivoire\/politique\/gouvernement-et-oit-pour-la-dignite-des-travailleurs-domestiques#breadcrumb\",\"itemListElement\":[{\"@type\":\"ListItem\",\"position\":1,\"name\":\"Accueil\",\"item\":\"https:\/\/www.africa-press.net\/cotedivoire\/\"},{\"@type\":\"ListItem\",\"position\":2,\"name\":\"Gouvernement et OIT pour la dignit\u00e9 des travailleurs domestiques\"}]},{\"@type\":\"WebSite\",\"@id\":\"https:\/\/www.africa-press.net\/cotedivoire\/#website\",\"url\":\"https:\/\/www.africa-press.net\/cotedivoire\/\",\"name\":\"C\u00f4te d&#039;Ivoire\",\"description\":\"Just another Africa News Agency Sites site\",\"potentialAction\":[{\"@type\":\"SearchAction\",\"target\":{\"@type\":\"EntryPoint\",\"urlTemplate\":\"https:\/\/www.africa-press.net\/cotedivoire\/?s={search_term_string}\"},\"query-input\":{\"@type\":\"PropertyValueSpecification\",\"valueRequired\":true,\"valueName\":\"search_term_string\"}}],\"inLanguage\":\"fr-FR\"},{\"@type\":\"Person\",\"@id\":\"https:\/\/www.africa-press.net\/cotedivoire\/#\/schema\/person\/2b1cf3cd81a31e3cd26889ca66d677f1\",\"name\":\"cfeditorfr\"}]}<\/script>\n<!-- \/ Yoast SEO Premium plugin. -->","yoast_head_json":{"title":"Gouvernement et OIT pour la dignit\u00e9 des travailleurs domestiques - C\u00f4te d&#039;Ivoire","description":"Du 11 au 14 novembre 2025, Grand-Bassam a accueilli un atelier technique d\u2019envergure consacre\u0301 a\u0300 la re\u0301forme du travail ...","robots":{"index":"index","follow":"follow","max-snippet":"max-snippet:-1","max-image-preview":"max-image-preview:large","max-video-preview":"max-video-preview:-1"},"canonical":"https:\/\/www.africa-press.net\/cotedivoire\/politique\/gouvernement-et-oit-pour-la-dignite-des-travailleurs-domestiques","og_locale":"fr_FR","og_type":"article","og_title":"Gouvernement et OIT pour la dignit\u00e9 des travailleurs domestiques","og_description":"Du 11 au 14 novembre 2025, Grand-Bassam a accueilli un atelier technique d\u2019envergure consacre\u0301 a\u0300 la re\u0301forme du travail ...","og_url":"https:\/\/www.africa-press.net\/cotedivoire\/politique\/gouvernement-et-oit-pour-la-dignite-des-travailleurs-domestiques","og_site_name":"C\u00f4te d&#039;Ivoire","article_published_time":"2025-11-16T13:40:17+00:00","article_modified_time":"2025-11-16T14:49:13+00:00","og_image":[{"width":720,"height":354,"url":"https:\/\/static.africa-press.net\/cote\/sites\/43\/2025\/11\/sm_1763291936.783057.jpg","type":"image\/jpeg"}],"author":"cfeditorfr","twitter_card":"summary_large_image","twitter_misc":{"\u00c9crit par":"cfeditorfr","Dur\u00e9e de lecture estim\u00e9e":"5 minutes"},"schema":{"@context":"https:\/\/schema.org","@graph":[{"@type":"Article","@id":"https:\/\/www.africa-press.net\/cotedivoire\/politique\/gouvernement-et-oit-pour-la-dignite-des-travailleurs-domestiques#article","isPartOf":{"@id":"https:\/\/www.africa-press.net\/cotedivoire\/politique\/gouvernement-et-oit-pour-la-dignite-des-travailleurs-domestiques"},"author":{"name":"cfeditorfr","@id":"https:\/\/www.africa-press.net\/cotedivoire\/#\/schema\/person\/2b1cf3cd81a31e3cd26889ca66d677f1"},"headline":"Gouvernement et OIT pour la dignit\u00e9 des travailleurs domestiques","datePublished":"2025-11-16T13:40:17+00:00","dateModified":"2025-11-16T14:49:13+00:00","mainEntityOfPage":{"@id":"https:\/\/www.africa-press.net\/cotedivoire\/politique\/gouvernement-et-oit-pour-la-dignite-des-travailleurs-domestiques"},"wordCount":1027,"commentCount":0,"image":{"@id":"https:\/\/www.africa-press.net\/cotedivoire\/politique\/gouvernement-et-oit-pour-la-dignite-des-travailleurs-domestiques#primaryimage"},"thumbnailUrl":"https:\/\/static.africa-press.net\/cote\/sites\/43\/2025\/11\/sm_1763291936.783057.jpg","keywords":["AgrideDom","Convention189","C\u00d4TE D'IVOIRE","Dialogue Social","\u00e9conomie informelle","FMM","MEPS","OIT","protection sociale","travail d\u00e9cent","travail domestique"],"articleSection":["Politique","Toutes les actualit\u00e9s"],"inLanguage":"fr-FR","potentialAction":[{"@type":"CommentAction","name":"Comment","target":["https:\/\/www.africa-press.net\/cotedivoire\/politique\/gouvernement-et-oit-pour-la-dignite-des-travailleurs-domestiques#respond"]}]},{"@type":"WebPage","@id":"https:\/\/www.africa-press.net\/cotedivoire\/politique\/gouvernement-et-oit-pour-la-dignite-des-travailleurs-domestiques","url":"https:\/\/www.africa-press.net\/cotedivoire\/politique\/gouvernement-et-oit-pour-la-dignite-des-travailleurs-domestiques","name":"Gouvernement et OIT pour la dignit\u00e9 des travailleurs domestiques - C\u00f4te d&#039;Ivoire","isPartOf":{"@id":"https:\/\/www.africa-press.net\/cotedivoire\/#website"},"primaryImageOfPage":{"@id":"https:\/\/www.africa-press.net\/cotedivoire\/politique\/gouvernement-et-oit-pour-la-dignite-des-travailleurs-domestiques#primaryimage"},"image":{"@id":"https:\/\/www.africa-press.net\/cotedivoire\/politique\/gouvernement-et-oit-pour-la-dignite-des-travailleurs-domestiques#primaryimage"},"thumbnailUrl":"https:\/\/static.africa-press.net\/cote\/sites\/43\/2025\/11\/sm_1763291936.783057.jpg","datePublished":"2025-11-16T13:40:17+00:00","dateModified":"2025-11-16T14:49:13+00:00","author":{"@id":"https:\/\/www.africa-press.net\/cotedivoire\/#\/schema\/person\/2b1cf3cd81a31e3cd26889ca66d677f1"},"description":"Du 11 au 14 novembre 2025, Grand-Bassam a accueilli un atelier technique d\u2019envergure consacre\u0301 a\u0300 la re\u0301forme du travail ...","breadcrumb":{"@id":"https:\/\/www.africa-press.net\/cotedivoire\/politique\/gouvernement-et-oit-pour-la-dignite-des-travailleurs-domestiques#breadcrumb"},"inLanguage":"fr-FR","potentialAction":[{"@type":"ReadAction","target":["https:\/\/www.africa-press.net\/cotedivoire\/politique\/gouvernement-et-oit-pour-la-dignite-des-travailleurs-domestiques"]}]},{"@type":"ImageObject","inLanguage":"fr-FR","@id":"https:\/\/www.africa-press.net\/cotedivoire\/politique\/gouvernement-et-oit-pour-la-dignite-des-travailleurs-domestiques#primaryimage","url":"https:\/\/static.africa-press.net\/cote\/sites\/43\/2025\/11\/sm_1763291936.783057.jpg","contentUrl":"https:\/\/static.africa-press.net\/cote\/sites\/43\/2025\/11\/sm_1763291936.783057.jpg","width":720,"height":354,"caption":"Gouvernement et OIT pour la dignit\u00e9 des travailleurs domestiques"},{"@type":"BreadcrumbList","@id":"https:\/\/www.africa-press.net\/cotedivoire\/politique\/gouvernement-et-oit-pour-la-dignite-des-travailleurs-domestiques#breadcrumb","itemListElement":[{"@type":"ListItem","position":1,"name":"Accueil","item":"https:\/\/www.africa-press.net\/cotedivoire\/"},{"@type":"ListItem","position":2,"name":"Gouvernement et OIT pour la dignit\u00e9 des travailleurs domestiques"}]},{"@type":"WebSite","@id":"https:\/\/www.africa-press.net\/cotedivoire\/#website","url":"https:\/\/www.africa-press.net\/cotedivoire\/","name":"C\u00f4te d&#039;Ivoire","description":"Just another Africa News Agency Sites site","potentialAction":[{"@type":"SearchAction","target":{"@type":"EntryPoint","urlTemplate":"https:\/\/www.africa-press.net\/cotedivoire\/?s={search_term_string}"},"query-input":{"@type":"PropertyValueSpecification","valueRequired":true,"valueName":"search_term_string"}}],"inLanguage":"fr-FR"},{"@type":"Person","@id":"https:\/\/www.africa-press.net\/cotedivoire\/#\/schema\/person\/2b1cf3cd81a31e3cd26889ca66d677f1","name":"cfeditorfr"}]}},"_links":{"self":[{"href":"https:\/\/www.africa-press.net\/cotedivoire\/wp-json\/wp\/v2\/posts\/108753","targetHints":{"allow":["GET"]}}],"collection":[{"href":"https:\/\/www.africa-press.net\/cotedivoire\/wp-json\/wp\/v2\/posts"}],"about":[{"href":"https:\/\/www.africa-press.net\/cotedivoire\/wp-json\/wp\/v2\/types\/post"}],"author":[{"embeddable":true,"href":"https:\/\/www.africa-press.net\/cotedivoire\/wp-json\/wp\/v2\/users\/82"}],"replies":[{"embeddable":true,"href":"https:\/\/www.africa-press.net\/cotedivoire\/wp-json\/wp\/v2\/comments?post=108753"}],"version-history":[{"count":0,"href":"https:\/\/www.africa-press.net\/cotedivoire\/wp-json\/wp\/v2\/posts\/108753\/revisions"}],"wp:featuredmedia":[{"embeddable":true,"href":"https:\/\/www.africa-press.net\/cotedivoire\/wp-json\/wp\/v2\/media\/108752"}],"wp:attachment":[{"href":"https:\/\/www.africa-press.net\/cotedivoire\/wp-json\/wp\/v2\/media?parent=108753"}],"wp:term":[{"taxonomy":"category","embeddable":true,"href":"https:\/\/www.africa-press.net\/cotedivoire\/wp-json\/wp\/v2\/categories?post=108753"},{"taxonomy":"post_tag","embeddable":true,"href":"https:\/\/www.africa-press.net\/cotedivoire\/wp-json\/wp\/v2\/tags?post=108753"}],"curies":[{"name":"wp","href":"https:\/\/api.w.org\/{rel}","templated":true}]}}