{"id":108759,"date":"2025-11-16T13:41:15","date_gmt":"2025-11-16T13:41:15","guid":{"rendered":"https:\/\/www.africa-press.net\/cotedivoire\/politique\/ppa-ci-en-deuil-apres-la-disparition-de-sam-etiasse"},"modified":"2025-11-16T14:49:40","modified_gmt":"2025-11-16T14:49:40","slug":"ppa-ci-en-deuil-apres-la-disparition-de-sam-etiasse","status":"publish","type":"post","link":"https:\/\/www.africa-press.net\/cotedivoire\/politique\/ppa-ci-en-deuil-apres-la-disparition-de-sam-etiasse","title":{"rendered":"PPA-CI En Deuil Apr\u00e8s La Disparition De Sam Etiass\u00e9"},"content":{"rendered":"<p><span style=\"color: #ff6600\"><strong>Africa-Press &#8211; C\u00f4te d&rsquo;Ivoire. <\/strong><\/span>Le parti des peuples africains- Co\u0302te d&rsquo;Ivoire (PPA-CI) , dans la tristesse, a enregistre\u0301 ce samedi 15 novembre la perte de l&rsquo;un de ses membres les plus engage\u0301s, Sam Etiasse\u0301, qui nous a quitte\u0301s a\u0300 l\u2019a\u0302ge de 70 ans. Ancien Vice-Pre\u0301sident du Parti, il avait e\u0301galement marque\u0301 l\u2019histoire de la politique ivoirienne par ses diverses fonctions publiques et son investissement dans la vie associative. Membre actif du Conseil Strate\u0301gique et Politique (CSP) du PPA-CI, Sam Etiasse\u0301 e\u0301tait un homme reconnu pour sa loyaute\u0301 et son de\u0301vouement envers la cause politique qu\u2019il de\u0301fendait.<\/p>\n<p>Cet homme, discret mais influent, a e\u0301galement servi la Re\u0301publique en tant qu&rsquo;ex-Pre\u0301fet d&rsquo;Abidjan, un poste de responsabilite\u0301 qu&rsquo;il occupait avec rigueur et efficacite\u0301. En plus de son ro\u0302le dans la fonction publique, Sam Etiasse\u0301 avait aussi e\u0301te\u0301 un acteur cle\u0301 du football ivoirien, en ayant e\u0301te\u0301 membre de la Fe\u0301de\u0301ration Ivoirienne de Football (FIF). Son passage a\u0300 ces diffe\u0301rentes fonctions a marque\u0301 de nombreuses personnes, tant par son professionnalisme que par son humanisme.<\/p>\n<p>Sam Etiasse\u0301 laisse derrie\u0300re lui une vie riche de services rendus a\u0300 la nation et a\u0300 son parti, et son absence est une grande perte pour ses proches, ses colle\u0300gues et l&rsquo;ensemble du PPA-CI.<\/p>\n<p>Ses nombreux engagements, notamment au sein de la fe\u0301de\u0301ration d&rsquo;Agboville, ont fait de lui une figure incontournable dans la re\u0301gion, et il sera regrette\u0301 par tous ceux qui l&rsquo;ont connu.<\/p>\n<p><strong>Pour plus d&rsquo;informations et d&rsquo;analyses sur la <span style=\"color: #ff6600\">C\u00f4te d&rsquo;Ivoire<\/span>, suivez <span style=\"color: #ff6600\">Africa-Press<\/span><\/strong><\/p>\n","protected":false},"excerpt":{"rendered":"<p>Africa-Press &#8211; C\u00f4te d&rsquo;Ivoire. Le parti des peuples africains- Co\u0302te d&rsquo;Ivoire (PPA-CI) , dans la tristesse, a enregistre\u0301 ce samedi 15 novembre la perte de l&rsquo;un de ses membres les plus engage\u0301s, Sam Etiasse\u0301, qui nous a quitte\u0301s a\u0300 l\u2019a\u0302ge de 70 ans. Ancien Vice-Pre\u0301sident du Parti, il avait e\u0301galement marque\u0301 l\u2019histoire de la politique [&hellip;]<\/p>\n","protected":false},"author":82,"featured_media":108758,"comment_status":"open","ping_status":"closed","sticky":false,"template":"","format":"standard","meta":{"footnotes":""},"categories":[2,10],"tags":[30,5072,29,2232,859,363,19492],"class_list":["post-108759","post","type-post","status-publish","format-standard","has-post-thumbnail","hentry","category-politique","category-toutes-les-actualites","tag-abidjan","tag-agboville","tag-cote-divoire","tag-csp","tag-fif","tag-parti","tag-sam-etiasse"],"yoast_head":"<!-- This site is optimized with the Yoast SEO Premium plugin v26.1 (Yoast SEO v27.0) - https:\/\/yoast.com\/product\/yoast-seo-premium-wordpress\/ -->\n<title>PPA-CI En Deuil Apr\u00e8s La Disparition De Sam Etiass\u00e9 - C\u00f4te d&#039;Ivoire<\/title>\n<meta name=\"description\" content=\"Le parti des peuples africains- Co\u0302te d&#039;Ivoire (PPA-CI) , dans la tristesse, a enregistre\u0301 ce samedi 15 novembre la pert ...\" \/>\n<meta name=\"robots\" content=\"index, follow, max-snippet:-1, max-image-preview:large, max-video-preview:-1\" \/>\n<link rel=\"canonical\" href=\"https:\/\/www.africa-press.net\/cotedivoire\/politique\/ppa-ci-en-deuil-apres-la-disparition-de-sam-etiasse\" \/>\n<meta property=\"og:locale\" content=\"fr_FR\" \/>\n<meta property=\"og:type\" content=\"article\" \/>\n<meta property=\"og:title\" content=\"PPA-CI En Deuil Apr\u00e8s La Disparition De Sam Etiass\u00e9\" \/>\n<meta property=\"og:description\" content=\"Le parti des peuples africains- Co\u0302te d&#039;Ivoire (PPA-CI) , dans la tristesse, a enregistre\u0301 ce samedi 15 novembre la pert ...\" \/>\n<meta property=\"og:url\" content=\"https:\/\/www.africa-press.net\/cotedivoire\/politique\/ppa-ci-en-deuil-apres-la-disparition-de-sam-etiasse\" \/>\n<meta property=\"og:site_name\" content=\"C\u00f4te d&#039;Ivoire\" \/>\n<meta property=\"article:published_time\" content=\"2025-11-16T13:41:15+00:00\" \/>\n<meta property=\"article:modified_time\" content=\"2025-11-16T14:49:40+00:00\" \/>\n<meta property=\"og:image\" content=\"https:\/\/static.africa-press.net\/cote\/sites\/43\/2025\/11\/sm_1763291962.126381.jpg\" \/>\n\t<meta property=\"og:image:width\" content=\"720\" \/>\n\t<meta property=\"og:image:height\" content=\"435\" \/>\n\t<meta property=\"og:image:type\" content=\"image\/jpeg\" \/>\n<meta name=\"author\" content=\"cfeditorfr\" \/>\n<meta name=\"twitter:card\" content=\"summary_large_image\" \/>\n<meta name=\"twitter:label1\" content=\"\u00c9crit par\" \/>\n\t<meta name=\"twitter:data1\" content=\"cfeditorfr\" \/>\n\t<meta name=\"twitter:label2\" content=\"Dur\u00e9e de lecture estim\u00e9e\" \/>\n\t<meta name=\"twitter:data2\" content=\"1 minute\" \/>\n<script type=\"application\/ld+json\" class=\"yoast-schema-graph\">{\"@context\":\"https:\/\/schema.org\",\"@graph\":[{\"@type\":\"Article\",\"@id\":\"https:\/\/www.africa-press.net\/cotedivoire\/politique\/ppa-ci-en-deuil-apres-la-disparition-de-sam-etiasse#article\",\"isPartOf\":{\"@id\":\"https:\/\/www.africa-press.net\/cotedivoire\/politique\/ppa-ci-en-deuil-apres-la-disparition-de-sam-etiasse\"},\"author\":{\"name\":\"cfeditorfr\",\"@id\":\"https:\/\/www.africa-press.net\/cotedivoire\/#\/schema\/person\/2b1cf3cd81a31e3cd26889ca66d677f1\"},\"headline\":\"PPA-CI En Deuil Apr\u00e8s La Disparition De Sam Etiass\u00e9\",\"datePublished\":\"2025-11-16T13:41:15+00:00\",\"dateModified\":\"2025-11-16T14:49:40+00:00\",\"mainEntityOfPage\":{\"@id\":\"https:\/\/www.africa-press.net\/cotedivoire\/politique\/ppa-ci-en-deuil-apres-la-disparition-de-sam-etiasse\"},\"wordCount\":293,\"commentCount\":0,\"image\":{\"@id\":\"https:\/\/www.africa-press.net\/cotedivoire\/politique\/ppa-ci-en-deuil-apres-la-disparition-de-sam-etiasse#primaryimage\"},\"thumbnailUrl\":\"https:\/\/static.africa-press.net\/cote\/sites\/43\/2025\/11\/sm_1763291962.126381.jpg\",\"keywords\":[\"Abidjan\",\"Agboville\",\"C\u00d4TE D'IVOIRE\",\"CSP\",\"FIF\",\"Parti\",\"Sam Etiass\u00e9\"],\"articleSection\":[\"Politique\",\"Toutes les actualit\u00e9s\"],\"inLanguage\":\"fr-FR\",\"potentialAction\":[{\"@type\":\"CommentAction\",\"name\":\"Comment\",\"target\":[\"https:\/\/www.africa-press.net\/cotedivoire\/politique\/ppa-ci-en-deuil-apres-la-disparition-de-sam-etiasse#respond\"]}]},{\"@type\":\"WebPage\",\"@id\":\"https:\/\/www.africa-press.net\/cotedivoire\/politique\/ppa-ci-en-deuil-apres-la-disparition-de-sam-etiasse\",\"url\":\"https:\/\/www.africa-press.net\/cotedivoire\/politique\/ppa-ci-en-deuil-apres-la-disparition-de-sam-etiasse\",\"name\":\"PPA-CI En Deuil Apr\u00e8s La Disparition De Sam Etiass\u00e9 - C\u00f4te d&#039;Ivoire\",\"isPartOf\":{\"@id\":\"https:\/\/www.africa-press.net\/cotedivoire\/#website\"},\"primaryImageOfPage\":{\"@id\":\"https:\/\/www.africa-press.net\/cotedivoire\/politique\/ppa-ci-en-deuil-apres-la-disparition-de-sam-etiasse#primaryimage\"},\"image\":{\"@id\":\"https:\/\/www.africa-press.net\/cotedivoire\/politique\/ppa-ci-en-deuil-apres-la-disparition-de-sam-etiasse#primaryimage\"},\"thumbnailUrl\":\"https:\/\/static.africa-press.net\/cote\/sites\/43\/2025\/11\/sm_1763291962.126381.jpg\",\"datePublished\":\"2025-11-16T13:41:15+00:00\",\"dateModified\":\"2025-11-16T14:49:40+00:00\",\"author\":{\"@id\":\"https:\/\/www.africa-press.net\/cotedivoire\/#\/schema\/person\/2b1cf3cd81a31e3cd26889ca66d677f1\"},\"description\":\"Le parti des peuples africains- Co\u0302te d'Ivoire (PPA-CI) , dans la tristesse, a enregistre\u0301 ce samedi 15 novembre la pert ...\",\"breadcrumb\":{\"@id\":\"https:\/\/www.africa-press.net\/cotedivoire\/politique\/ppa-ci-en-deuil-apres-la-disparition-de-sam-etiasse#breadcrumb\"},\"inLanguage\":\"fr-FR\",\"potentialAction\":[{\"@type\":\"ReadAction\",\"target\":[\"https:\/\/www.africa-press.net\/cotedivoire\/politique\/ppa-ci-en-deuil-apres-la-disparition-de-sam-etiasse\"]}]},{\"@type\":\"ImageObject\",\"inLanguage\":\"fr-FR\",\"@id\":\"https:\/\/www.africa-press.net\/cotedivoire\/politique\/ppa-ci-en-deuil-apres-la-disparition-de-sam-etiasse#primaryimage\",\"url\":\"https:\/\/static.africa-press.net\/cote\/sites\/43\/2025\/11\/sm_1763291962.126381.jpg\",\"contentUrl\":\"https:\/\/static.africa-press.net\/cote\/sites\/43\/2025\/11\/sm_1763291962.126381.jpg\",\"width\":720,\"height\":435,\"caption\":\"PPA-CI En Deuil Apr\u00e8s La Disparition De Sam Etiass\u00e9\"},{\"@type\":\"BreadcrumbList\",\"@id\":\"https:\/\/www.africa-press.net\/cotedivoire\/politique\/ppa-ci-en-deuil-apres-la-disparition-de-sam-etiasse#breadcrumb\",\"itemListElement\":[{\"@type\":\"ListItem\",\"position\":1,\"name\":\"Accueil\",\"item\":\"https:\/\/www.africa-press.net\/cotedivoire\/\"},{\"@type\":\"ListItem\",\"position\":2,\"name\":\"PPA-CI En Deuil Apr\u00e8s La Disparition De Sam Etiass\u00e9\"}]},{\"@type\":\"WebSite\",\"@id\":\"https:\/\/www.africa-press.net\/cotedivoire\/#website\",\"url\":\"https:\/\/www.africa-press.net\/cotedivoire\/\",\"name\":\"C\u00f4te d&#039;Ivoire\",\"description\":\"Just another Africa News Agency Sites site\",\"potentialAction\":[{\"@type\":\"SearchAction\",\"target\":{\"@type\":\"EntryPoint\",\"urlTemplate\":\"https:\/\/www.africa-press.net\/cotedivoire\/?s={search_term_string}\"},\"query-input\":{\"@type\":\"PropertyValueSpecification\",\"valueRequired\":true,\"valueName\":\"search_term_string\"}}],\"inLanguage\":\"fr-FR\"},{\"@type\":\"Person\",\"@id\":\"https:\/\/www.africa-press.net\/cotedivoire\/#\/schema\/person\/2b1cf3cd81a31e3cd26889ca66d677f1\",\"name\":\"cfeditorfr\"}]}<\/script>\n<!-- \/ Yoast SEO Premium plugin. -->","yoast_head_json":{"title":"PPA-CI En Deuil Apr\u00e8s La Disparition De Sam Etiass\u00e9 - C\u00f4te d&#039;Ivoire","description":"Le parti des peuples africains- Co\u0302te d'Ivoire (PPA-CI) , dans la tristesse, a enregistre\u0301 ce samedi 15 novembre la pert ...","robots":{"index":"index","follow":"follow","max-snippet":"max-snippet:-1","max-image-preview":"max-image-preview:large","max-video-preview":"max-video-preview:-1"},"canonical":"https:\/\/www.africa-press.net\/cotedivoire\/politique\/ppa-ci-en-deuil-apres-la-disparition-de-sam-etiasse","og_locale":"fr_FR","og_type":"article","og_title":"PPA-CI En Deuil Apr\u00e8s La Disparition De Sam Etiass\u00e9","og_description":"Le parti des peuples africains- Co\u0302te d'Ivoire (PPA-CI) , dans la tristesse, a enregistre\u0301 ce samedi 15 novembre la pert ...","og_url":"https:\/\/www.africa-press.net\/cotedivoire\/politique\/ppa-ci-en-deuil-apres-la-disparition-de-sam-etiasse","og_site_name":"C\u00f4te d&#039;Ivoire","article_published_time":"2025-11-16T13:41:15+00:00","article_modified_time":"2025-11-16T14:49:40+00:00","og_image":[{"width":720,"height":435,"url":"https:\/\/static.africa-press.net\/cote\/sites\/43\/2025\/11\/sm_1763291962.126381.jpg","type":"image\/jpeg"}],"author":"cfeditorfr","twitter_card":"summary_large_image","twitter_misc":{"\u00c9crit par":"cfeditorfr","Dur\u00e9e de lecture estim\u00e9e":"1 minute"},"schema":{"@context":"https:\/\/schema.org","@graph":[{"@type":"Article","@id":"https:\/\/www.africa-press.net\/cotedivoire\/politique\/ppa-ci-en-deuil-apres-la-disparition-de-sam-etiasse#article","isPartOf":{"@id":"https:\/\/www.africa-press.net\/cotedivoire\/politique\/ppa-ci-en-deuil-apres-la-disparition-de-sam-etiasse"},"author":{"name":"cfeditorfr","@id":"https:\/\/www.africa-press.net\/cotedivoire\/#\/schema\/person\/2b1cf3cd81a31e3cd26889ca66d677f1"},"headline":"PPA-CI En Deuil Apr\u00e8s La Disparition De Sam Etiass\u00e9","datePublished":"2025-11-16T13:41:15+00:00","dateModified":"2025-11-16T14:49:40+00:00","mainEntityOfPage":{"@id":"https:\/\/www.africa-press.net\/cotedivoire\/politique\/ppa-ci-en-deuil-apres-la-disparition-de-sam-etiasse"},"wordCount":293,"commentCount":0,"image":{"@id":"https:\/\/www.africa-press.net\/cotedivoire\/politique\/ppa-ci-en-deuil-apres-la-disparition-de-sam-etiasse#primaryimage"},"thumbnailUrl":"https:\/\/static.africa-press.net\/cote\/sites\/43\/2025\/11\/sm_1763291962.126381.jpg","keywords":["Abidjan","Agboville","C\u00d4TE D'IVOIRE","CSP","FIF","Parti","Sam Etiass\u00e9"],"articleSection":["Politique","Toutes les actualit\u00e9s"],"inLanguage":"fr-FR","potentialAction":[{"@type":"CommentAction","name":"Comment","target":["https:\/\/www.africa-press.net\/cotedivoire\/politique\/ppa-ci-en-deuil-apres-la-disparition-de-sam-etiasse#respond"]}]},{"@type":"WebPage","@id":"https:\/\/www.africa-press.net\/cotedivoire\/politique\/ppa-ci-en-deuil-apres-la-disparition-de-sam-etiasse","url":"https:\/\/www.africa-press.net\/cotedivoire\/politique\/ppa-ci-en-deuil-apres-la-disparition-de-sam-etiasse","name":"PPA-CI En Deuil Apr\u00e8s La Disparition De Sam Etiass\u00e9 - C\u00f4te d&#039;Ivoire","isPartOf":{"@id":"https:\/\/www.africa-press.net\/cotedivoire\/#website"},"primaryImageOfPage":{"@id":"https:\/\/www.africa-press.net\/cotedivoire\/politique\/ppa-ci-en-deuil-apres-la-disparition-de-sam-etiasse#primaryimage"},"image":{"@id":"https:\/\/www.africa-press.net\/cotedivoire\/politique\/ppa-ci-en-deuil-apres-la-disparition-de-sam-etiasse#primaryimage"},"thumbnailUrl":"https:\/\/static.africa-press.net\/cote\/sites\/43\/2025\/11\/sm_1763291962.126381.jpg","datePublished":"2025-11-16T13:41:15+00:00","dateModified":"2025-11-16T14:49:40+00:00","author":{"@id":"https:\/\/www.africa-press.net\/cotedivoire\/#\/schema\/person\/2b1cf3cd81a31e3cd26889ca66d677f1"},"description":"Le parti des peuples africains- Co\u0302te d'Ivoire (PPA-CI) , dans la tristesse, a enregistre\u0301 ce samedi 15 novembre la pert ...","breadcrumb":{"@id":"https:\/\/www.africa-press.net\/cotedivoire\/politique\/ppa-ci-en-deuil-apres-la-disparition-de-sam-etiasse#breadcrumb"},"inLanguage":"fr-FR","potentialAction":[{"@type":"ReadAction","target":["https:\/\/www.africa-press.net\/cotedivoire\/politique\/ppa-ci-en-deuil-apres-la-disparition-de-sam-etiasse"]}]},{"@type":"ImageObject","inLanguage":"fr-FR","@id":"https:\/\/www.africa-press.net\/cotedivoire\/politique\/ppa-ci-en-deuil-apres-la-disparition-de-sam-etiasse#primaryimage","url":"https:\/\/static.africa-press.net\/cote\/sites\/43\/2025\/11\/sm_1763291962.126381.jpg","contentUrl":"https:\/\/static.africa-press.net\/cote\/sites\/43\/2025\/11\/sm_1763291962.126381.jpg","width":720,"height":435,"caption":"PPA-CI En Deuil Apr\u00e8s La Disparition De Sam Etiass\u00e9"},{"@type":"BreadcrumbList","@id":"https:\/\/www.africa-press.net\/cotedivoire\/politique\/ppa-ci-en-deuil-apres-la-disparition-de-sam-etiasse#breadcrumb","itemListElement":[{"@type":"ListItem","position":1,"name":"Accueil","item":"https:\/\/www.africa-press.net\/cotedivoire\/"},{"@type":"ListItem","position":2,"name":"PPA-CI En Deuil Apr\u00e8s La Disparition De Sam Etiass\u00e9"}]},{"@type":"WebSite","@id":"https:\/\/www.africa-press.net\/cotedivoire\/#website","url":"https:\/\/www.africa-press.net\/cotedivoire\/","name":"C\u00f4te d&#039;Ivoire","description":"Just another Africa News Agency Sites site","potentialAction":[{"@type":"SearchAction","target":{"@type":"EntryPoint","urlTemplate":"https:\/\/www.africa-press.net\/cotedivoire\/?s={search_term_string}"},"query-input":{"@type":"PropertyValueSpecification","valueRequired":true,"valueName":"search_term_string"}}],"inLanguage":"fr-FR"},{"@type":"Person","@id":"https:\/\/www.africa-press.net\/cotedivoire\/#\/schema\/person\/2b1cf3cd81a31e3cd26889ca66d677f1","name":"cfeditorfr"}]}},"_links":{"self":[{"href":"https:\/\/www.africa-press.net\/cotedivoire\/wp-json\/wp\/v2\/posts\/108759","targetHints":{"allow":["GET"]}}],"collection":[{"href":"https:\/\/www.africa-press.net\/cotedivoire\/wp-json\/wp\/v2\/posts"}],"about":[{"href":"https:\/\/www.africa-press.net\/cotedivoire\/wp-json\/wp\/v2\/types\/post"}],"author":[{"embeddable":true,"href":"https:\/\/www.africa-press.net\/cotedivoire\/wp-json\/wp\/v2\/users\/82"}],"replies":[{"embeddable":true,"href":"https:\/\/www.africa-press.net\/cotedivoire\/wp-json\/wp\/v2\/comments?post=108759"}],"version-history":[{"count":0,"href":"https:\/\/www.africa-press.net\/cotedivoire\/wp-json\/wp\/v2\/posts\/108759\/revisions"}],"wp:featuredmedia":[{"embeddable":true,"href":"https:\/\/www.africa-press.net\/cotedivoire\/wp-json\/wp\/v2\/media\/108758"}],"wp:attachment":[{"href":"https:\/\/www.africa-press.net\/cotedivoire\/wp-json\/wp\/v2\/media?parent=108759"}],"wp:term":[{"taxonomy":"category","embeddable":true,"href":"https:\/\/www.africa-press.net\/cotedivoire\/wp-json\/wp\/v2\/categories?post=108759"},{"taxonomy":"post_tag","embeddable":true,"href":"https:\/\/www.africa-press.net\/cotedivoire\/wp-json\/wp\/v2\/tags?post=108759"}],"curies":[{"name":"wp","href":"https:\/\/api.w.org\/{rel}","templated":true}]}}