{"id":108779,"date":"2025-11-16T13:43:18","date_gmt":"2025-11-16T13:43:18","guid":{"rendered":"https:\/\/www.africa-press.net\/cotedivoire\/politique\/journee-mondiale-du-diabete-a-linsp-dadjame"},"modified":"2025-11-16T14:53:07","modified_gmt":"2025-11-16T14:53:07","slug":"journee-mondiale-du-diabete-a-linsp-dadjame","status":"publish","type":"post","link":"https:\/\/www.africa-press.net\/cotedivoire\/toutes-les-actualites\/journee-mondiale-du-diabete-a-linsp-dadjame","title":{"rendered":"Journ\u00e9e Mondiale du Diab\u00e8te \u00e0 l&rsquo;INSP d&rsquo;Adjam\u00e9"},"content":{"rendered":"<p><span style=\"color: #ff6600\"><strong>Africa-Press &#8211; C\u00f4te d&rsquo;Ivoire. <\/strong><\/span>La Co\u0302te d\u2019Ivoire a ce\u0301le\u0301bre\u0301 ce vendredi la 28e Journe\u0301e Mondiale de Lutte contre le Diabe\u0300te (JMLD), un rendez-vous place\u0301 cette anne\u0301e sous le the\u0300me \u00ab Diabe\u0300te et bien-e\u0302tre au travail \u00bb. L\u2019e\u0301ve\u0301nement, pilote\u0301 par le Ministe\u0300re de la Sante\u0301, de l\u2019Hygie\u0300ne Publique et de la Couverture Maladie Universelle, a\u0300 travers le Programme National de Lutte contre les Maladies Me\u0301taboliques et la Pre\u0301vention des Maladies Non Transmissibles (PNLMM\/MNT), s\u2019est tenu a\u0300 l\u2019Institut National de Sante\u0301 Publique (INSP) d\u2019Adjame\u0301.<\/p>\n<p>La journe\u0301e a mis en lumie\u0300re les de\u0301fis majeurs rencontre\u0301s par les travailleurs vivant avec le diabe\u0300te,.la stigmatisation persistante, les difficulte\u0301s a\u0300 ge\u0301rer la maladie durant les heures de travail, le manque d\u2019ame\u0301nagements adapte\u0301s (pauses, acce\u0300s a\u0300 des repas e\u0301quilibre\u0301s, stabilite\u0301 horaire)et l&rsquo;absence de formation des employeurs a\u0300 la prise en charge du diabe\u0300te.<\/p>\n<p>Les participants ont unanimement insiste\u0301 sur la ne\u0301cessite\u0301 de cre\u0301er des environnements professionnels plus inclusifs et propices a\u0300 la sante\u0301 des travailleurs diabe\u0301tiques.<\/p>\n<p>Dans son mot d\u2019ouverture, le directeur coordonnateur du PNLMM\/MNT a salue\u0301 la pre\u0301sence massive des e\u0301tudiants, professionnels de sante\u0301, ONG, partenaires techniques et collectivite\u0301s locales. Il a rappele\u0301 les actions mene\u0301es en amont de la JMLD, notamment, les se\u0301ances de sensibilisation en entreprise, les e\u0301changes avec les syndicats, le ymposium scientifique consacre\u0301 notamment au pied diabe\u0301tique et a\u0300 la maladie re\u0301nale chronique, complications se\u0301ve\u0300res du diabe\u0300te.<\/p>\n<p>Le Professeur William Yavo, Directeur ge\u0301ne\u0301ral de l\u2019INSP, repre\u0301sentant le ministre Pierre N\u2019Gou Dimba, a transmis un message fort: le diabe\u0300te repre\u0301sente aujourd\u2019hui une ve\u0301ritable urgence de sante\u0301 publique en Co\u0302te d\u2019Ivoire.<\/p>\n<p>Les donne\u0301es nationales sont alarmantes, 6,2 % de la population touche\u0301e, soit pre\u0300s de 2 millions de personnes, une tendance en hausse constante.<\/p>\n<p>Le Dr Ambroise Ane\u0301, repre\u0301sentant de l\u2019Organisation Mondiale de la Sante\u0301 (OMS), a rappele\u0301 l&rsquo;ampleur du phe\u0301nome\u0300ne a\u0300 l\u2019e\u0301chelle plane\u0301taire, 589 millions de personnes vivent actuellement avec le diabe\u0300te, pre\u0300s de la moitie\u0301 l\u2019ignore et 3,4 millions de de\u0301ce\u0300s recense\u0301s en 2024.<\/p>\n<p>L\u2019Afrique figure parmi les re\u0301gions les plus expose\u0301es, sous l\u2019effet de l\u2019urbanisation rapide, de la se\u0301dentarite\u0301 croissante, du stress et d\u2019un acce\u0300s encore limite\u0301 aux soins pre\u0301ventifs. L\u2019OMS appelle ainsi les E\u0301tats a\u0300 renforcer les soins de sante\u0301 primaires et a\u0300 rapprocher les services de prise en charge des populations.<\/p>\n<p>Le repre\u0301sentant du ministre de la Sante\u0301 a rappele\u0301 plusieurs progre\u0300s notables re\u0301alise\u0301s ces dernie\u0300res anne\u0301es. Il s&rsquo;agit 40 unite\u0301s spe\u0301cialise\u0301es cre\u0301e\u0301es dans les po\u0302les re\u0301gionaux d\u2019excellence, 1 400 jeunes professionnels de sante\u0301 forme\u0301s, plafonnement du prix de l\u2019insuline a\u0300 3 700 F CFA, gratuite\u0301 de l\u2019insuline pour les 0-25 ans et inte\u0301gration du diabe\u0300te dans le panier de soins de la CMU.<\/p>\n<p>Il a e\u0301galement annonce\u0301 la cre\u0301ation prochaine du premier centre spe\u0301cialise\u0301 pour la prise en charge du diabe\u0300te pe\u0301diatrique en Co\u0302te d\u2019Ivoire.<\/p>\n<p>Les repre\u0301sentants des mairies d\u2019Adjame\u0301 et du Plateau ont re\u0301ite\u0301re\u0301 leur engagement a\u0300 soutenir les actions de pre\u0301vention. A\u0300 Adjame\u0301, ou\u0300 l\u2019activite\u0301 e\u0301conomique est particulie\u0300rement dense, la municipalite\u0301 pre\u0301voit d\u2019intensifier les campagnes de proximite\u0301 et les sensibilisations communautaires.<\/p>\n<p>Les intervenants ont insiste\u0301 sur plusieurs priorite\u0301s. Il s&rsquo;agit de combattre la stigmatisation des salarie\u0301s diabe\u0301tiques, instaurer des ame\u0301nagements adapte\u0301s (pauses glyce\u0301mie, repas e\u0301quilibre\u0301s, horaires mieux ge\u0301re\u0301s), former les employeurs et responsables RH, promouvoir l\u2019activite\u0301 physique, la pre\u0301vention et un mode de vie sain en entreprise.<\/p>\n<p>Cette 28e e\u0301dition de la JMLD s\u2019est acheve\u0301e dans une ambiance de solidarite\u0301 et d\u2019engagement. Autorite\u0301s sanitaires, organisations internationales, collectivite\u0301s locales, e\u0301tudiants, ONG et professionels ont lance\u0301 un appel commun: Pre\u0301vention, de\u0301pistage pre\u0301coce, e\u0301ducation the\u0301rapeutique et acce\u0300s e\u0301quitable aux soins demeurent les leviers essentiels pour freiner la progression de la maladie en Co\u0302te d\u2019Ivoire.<\/p>\n<p><strong>Pour plus d&rsquo;informations et d&rsquo;analyses sur la <span style=\"color: #ff6600\">C\u00f4te d&rsquo;Ivoire<\/span>, suivez <span style=\"color: #ff6600\">Africa-Press<\/span><\/strong><\/p>\n","protected":false},"excerpt":{"rendered":"<p>Africa-Press &#8211; C\u00f4te d&rsquo;Ivoire. La Co\u0302te d\u2019Ivoire a ce\u0301le\u0301bre\u0301 ce vendredi la 28e Journe\u0301e Mondiale de Lutte contre le Diabe\u0300te (JMLD), un rendez-vous place\u0301 cette anne\u0301e sous le the\u0300me \u00ab Diabe\u0300te et bien-e\u0302tre au travail \u00bb. L\u2019e\u0301ve\u0301nement, pilote\u0301 par le Ministe\u0300re de la Sante\u0301, de l\u2019Hygie\u0300ne Publique et de la Couverture Maladie Universelle, a\u0300 travers [&hellip;]<\/p>\n","protected":false},"author":82,"featured_media":108777,"comment_status":"open","ping_status":"closed","sticky":false,"template":"","format":"standard","meta":{"footnotes":""},"categories":[21,10],"tags":[14469,29,1519,5597,19496,4520,18648,2459],"class_list":["post-108779","post","type-post","status-publish","format-standard","has-post-thumbnail","hentry","category-communaute","category-toutes-les-actualites","tag-bien","tag-cote-divoire","tag-diabete","tag-insp","tag-jmld-2025","tag-prevention","tag-sante-publique","tag-travail"],"yoast_head":"<!-- This site is optimized with the Yoast SEO Premium plugin v26.1 (Yoast SEO v27.0) - https:\/\/yoast.com\/product\/yoast-seo-premium-wordpress\/ -->\n<title>Journ\u00e9e Mondiale du Diab\u00e8te \u00e0 l&#039;INSP d&#039;Adjam\u00e9 - C\u00f4te d&#039;Ivoire<\/title>\n<meta name=\"description\" content=\"La Co\u0302te d\u2019Ivoire a ce\u0301le\u0301bre\u0301 ce vendredi la 28e Journe\u0301e Mondiale de Lutte contre le Diabe\u0300te (JMLD), un rendez-vous p ...\" \/>\n<meta name=\"robots\" content=\"index, follow, max-snippet:-1, max-image-preview:large, max-video-preview:-1\" \/>\n<link rel=\"canonical\" href=\"https:\/\/www.africa-press.net\/cotedivoire\/toutes-les-actualites\/journee-mondiale-du-diabete-a-linsp-dadjame\" \/>\n<meta property=\"og:locale\" content=\"fr_FR\" \/>\n<meta property=\"og:type\" content=\"article\" \/>\n<meta property=\"og:title\" content=\"Journ\u00e9e Mondiale du Diab\u00e8te \u00e0 l&#039;INSP d&#039;Adjam\u00e9\" \/>\n<meta property=\"og:description\" content=\"La Co\u0302te d\u2019Ivoire a ce\u0301le\u0301bre\u0301 ce vendredi la 28e Journe\u0301e Mondiale de Lutte contre le Diabe\u0300te (JMLD), un rendez-vous p ...\" \/>\n<meta property=\"og:url\" content=\"https:\/\/www.africa-press.net\/cotedivoire\/toutes-les-actualites\/journee-mondiale-du-diabete-a-linsp-dadjame\" \/>\n<meta property=\"og:site_name\" content=\"C\u00f4te d&#039;Ivoire\" \/>\n<meta property=\"article:published_time\" content=\"2025-11-16T13:43:18+00:00\" \/>\n<meta property=\"article:modified_time\" content=\"2025-11-16T14:53:07+00:00\" \/>\n<meta property=\"og:image\" content=\"https:\/\/static.africa-press.net\/cote\/sites\/43\/2025\/11\/sm_1763292131.169771.jpg\" \/>\n\t<meta property=\"og:image:width\" content=\"720\" \/>\n\t<meta property=\"og:image:height\" content=\"336\" \/>\n\t<meta property=\"og:image:type\" content=\"image\/jpeg\" \/>\n<meta name=\"author\" content=\"cfeditorfr\" \/>\n<meta name=\"twitter:card\" content=\"summary_large_image\" \/>\n<meta name=\"twitter:label1\" content=\"\u00c9crit par\" \/>\n\t<meta name=\"twitter:data1\" content=\"cfeditorfr\" \/>\n\t<meta name=\"twitter:label2\" content=\"Dur\u00e9e de lecture estim\u00e9e\" \/>\n\t<meta name=\"twitter:data2\" content=\"4 minutes\" \/>\n<script type=\"application\/ld+json\" class=\"yoast-schema-graph\">{\"@context\":\"https:\/\/schema.org\",\"@graph\":[{\"@type\":\"Article\",\"@id\":\"https:\/\/www.africa-press.net\/cotedivoire\/toutes-les-actualites\/journee-mondiale-du-diabete-a-linsp-dadjame#article\",\"isPartOf\":{\"@id\":\"https:\/\/www.africa-press.net\/cotedivoire\/toutes-les-actualites\/journee-mondiale-du-diabete-a-linsp-dadjame\"},\"author\":{\"name\":\"cfeditorfr\",\"@id\":\"https:\/\/www.africa-press.net\/cotedivoire\/#\/schema\/person\/2b1cf3cd81a31e3cd26889ca66d677f1\"},\"headline\":\"Journ\u00e9e Mondiale du Diab\u00e8te \u00e0 l&rsquo;INSP d&rsquo;Adjam\u00e9\",\"datePublished\":\"2025-11-16T13:43:18+00:00\",\"dateModified\":\"2025-11-16T14:53:07+00:00\",\"mainEntityOfPage\":{\"@id\":\"https:\/\/www.africa-press.net\/cotedivoire\/toutes-les-actualites\/journee-mondiale-du-diabete-a-linsp-dadjame\"},\"wordCount\":769,\"commentCount\":0,\"image\":{\"@id\":\"https:\/\/www.africa-press.net\/cotedivoire\/toutes-les-actualites\/journee-mondiale-du-diabete-a-linsp-dadjame#primaryimage\"},\"thumbnailUrl\":\"https:\/\/static.africa-press.net\/cote\/sites\/43\/2025\/11\/sm_1763292131.169771.jpg\",\"keywords\":[\"bien\",\"C\u00d4TE D'IVOIRE\",\"diab\u00e8te\",\"INSP\",\"JMLD 2025\",\"pr\u00e9vention\",\"sant\u00e9 publique\",\"travail\"],\"articleSection\":[\"Communaut\u00e9\",\"Toutes les actualit\u00e9s\"],\"inLanguage\":\"fr-FR\",\"potentialAction\":[{\"@type\":\"CommentAction\",\"name\":\"Comment\",\"target\":[\"https:\/\/www.africa-press.net\/cotedivoire\/toutes-les-actualites\/journee-mondiale-du-diabete-a-linsp-dadjame#respond\"]}]},{\"@type\":\"WebPage\",\"@id\":\"https:\/\/www.africa-press.net\/cotedivoire\/toutes-les-actualites\/journee-mondiale-du-diabete-a-linsp-dadjame\",\"url\":\"https:\/\/www.africa-press.net\/cotedivoire\/toutes-les-actualites\/journee-mondiale-du-diabete-a-linsp-dadjame\",\"name\":\"Journ\u00e9e Mondiale du Diab\u00e8te \u00e0 l'INSP d'Adjam\u00e9 - C\u00f4te d&#039;Ivoire\",\"isPartOf\":{\"@id\":\"https:\/\/www.africa-press.net\/cotedivoire\/#website\"},\"primaryImageOfPage\":{\"@id\":\"https:\/\/www.africa-press.net\/cotedivoire\/toutes-les-actualites\/journee-mondiale-du-diabete-a-linsp-dadjame#primaryimage\"},\"image\":{\"@id\":\"https:\/\/www.africa-press.net\/cotedivoire\/toutes-les-actualites\/journee-mondiale-du-diabete-a-linsp-dadjame#primaryimage\"},\"thumbnailUrl\":\"https:\/\/static.africa-press.net\/cote\/sites\/43\/2025\/11\/sm_1763292131.169771.jpg\",\"datePublished\":\"2025-11-16T13:43:18+00:00\",\"dateModified\":\"2025-11-16T14:53:07+00:00\",\"author\":{\"@id\":\"https:\/\/www.africa-press.net\/cotedivoire\/#\/schema\/person\/2b1cf3cd81a31e3cd26889ca66d677f1\"},\"description\":\"La Co\u0302te d\u2019Ivoire a ce\u0301le\u0301bre\u0301 ce vendredi la 28e Journe\u0301e Mondiale de Lutte contre le Diabe\u0300te (JMLD), un rendez-vous p ...\",\"breadcrumb\":{\"@id\":\"https:\/\/www.africa-press.net\/cotedivoire\/toutes-les-actualites\/journee-mondiale-du-diabete-a-linsp-dadjame#breadcrumb\"},\"inLanguage\":\"fr-FR\",\"potentialAction\":[{\"@type\":\"ReadAction\",\"target\":[\"https:\/\/www.africa-press.net\/cotedivoire\/toutes-les-actualites\/journee-mondiale-du-diabete-a-linsp-dadjame\"]}]},{\"@type\":\"ImageObject\",\"inLanguage\":\"fr-FR\",\"@id\":\"https:\/\/www.africa-press.net\/cotedivoire\/toutes-les-actualites\/journee-mondiale-du-diabete-a-linsp-dadjame#primaryimage\",\"url\":\"https:\/\/static.africa-press.net\/cote\/sites\/43\/2025\/11\/sm_1763292131.169771.jpg\",\"contentUrl\":\"https:\/\/static.africa-press.net\/cote\/sites\/43\/2025\/11\/sm_1763292131.169771.jpg\",\"width\":720,\"height\":336,\"caption\":\"Journ\u00e9e Mondiale du Diab\u00e8te \u00e0 l'INSP d'Adjam\u00e9\"},{\"@type\":\"BreadcrumbList\",\"@id\":\"https:\/\/www.africa-press.net\/cotedivoire\/toutes-les-actualites\/journee-mondiale-du-diabete-a-linsp-dadjame#breadcrumb\",\"itemListElement\":[{\"@type\":\"ListItem\",\"position\":1,\"name\":\"Accueil\",\"item\":\"https:\/\/www.africa-press.net\/cotedivoire\/\"},{\"@type\":\"ListItem\",\"position\":2,\"name\":\"Journ\u00e9e Mondiale du Diab\u00e8te \u00e0 l&#8217;INSP d&#8217;Adjam\u00e9\"}]},{\"@type\":\"WebSite\",\"@id\":\"https:\/\/www.africa-press.net\/cotedivoire\/#website\",\"url\":\"https:\/\/www.africa-press.net\/cotedivoire\/\",\"name\":\"C\u00f4te d&#039;Ivoire\",\"description\":\"Just another Africa News Agency Sites site\",\"potentialAction\":[{\"@type\":\"SearchAction\",\"target\":{\"@type\":\"EntryPoint\",\"urlTemplate\":\"https:\/\/www.africa-press.net\/cotedivoire\/?s={search_term_string}\"},\"query-input\":{\"@type\":\"PropertyValueSpecification\",\"valueRequired\":true,\"valueName\":\"search_term_string\"}}],\"inLanguage\":\"fr-FR\"},{\"@type\":\"Person\",\"@id\":\"https:\/\/www.africa-press.net\/cotedivoire\/#\/schema\/person\/2b1cf3cd81a31e3cd26889ca66d677f1\",\"name\":\"cfeditorfr\"}]}<\/script>\n<!-- \/ Yoast SEO Premium plugin. -->","yoast_head_json":{"title":"Journ\u00e9e Mondiale du Diab\u00e8te \u00e0 l'INSP d'Adjam\u00e9 - C\u00f4te d&#039;Ivoire","description":"La Co\u0302te d\u2019Ivoire a ce\u0301le\u0301bre\u0301 ce vendredi la 28e Journe\u0301e Mondiale de Lutte contre le Diabe\u0300te (JMLD), un rendez-vous p ...","robots":{"index":"index","follow":"follow","max-snippet":"max-snippet:-1","max-image-preview":"max-image-preview:large","max-video-preview":"max-video-preview:-1"},"canonical":"https:\/\/www.africa-press.net\/cotedivoire\/toutes-les-actualites\/journee-mondiale-du-diabete-a-linsp-dadjame","og_locale":"fr_FR","og_type":"article","og_title":"Journ\u00e9e Mondiale du Diab\u00e8te \u00e0 l'INSP d'Adjam\u00e9","og_description":"La Co\u0302te d\u2019Ivoire a ce\u0301le\u0301bre\u0301 ce vendredi la 28e Journe\u0301e Mondiale de Lutte contre le Diabe\u0300te (JMLD), un rendez-vous p ...","og_url":"https:\/\/www.africa-press.net\/cotedivoire\/toutes-les-actualites\/journee-mondiale-du-diabete-a-linsp-dadjame","og_site_name":"C\u00f4te d&#039;Ivoire","article_published_time":"2025-11-16T13:43:18+00:00","article_modified_time":"2025-11-16T14:53:07+00:00","og_image":[{"width":720,"height":336,"url":"https:\/\/static.africa-press.net\/cote\/sites\/43\/2025\/11\/sm_1763292131.169771.jpg","type":"image\/jpeg"}],"author":"cfeditorfr","twitter_card":"summary_large_image","twitter_misc":{"\u00c9crit par":"cfeditorfr","Dur\u00e9e de lecture estim\u00e9e":"4 minutes"},"schema":{"@context":"https:\/\/schema.org","@graph":[{"@type":"Article","@id":"https:\/\/www.africa-press.net\/cotedivoire\/toutes-les-actualites\/journee-mondiale-du-diabete-a-linsp-dadjame#article","isPartOf":{"@id":"https:\/\/www.africa-press.net\/cotedivoire\/toutes-les-actualites\/journee-mondiale-du-diabete-a-linsp-dadjame"},"author":{"name":"cfeditorfr","@id":"https:\/\/www.africa-press.net\/cotedivoire\/#\/schema\/person\/2b1cf3cd81a31e3cd26889ca66d677f1"},"headline":"Journ\u00e9e Mondiale du Diab\u00e8te \u00e0 l&rsquo;INSP d&rsquo;Adjam\u00e9","datePublished":"2025-11-16T13:43:18+00:00","dateModified":"2025-11-16T14:53:07+00:00","mainEntityOfPage":{"@id":"https:\/\/www.africa-press.net\/cotedivoire\/toutes-les-actualites\/journee-mondiale-du-diabete-a-linsp-dadjame"},"wordCount":769,"commentCount":0,"image":{"@id":"https:\/\/www.africa-press.net\/cotedivoire\/toutes-les-actualites\/journee-mondiale-du-diabete-a-linsp-dadjame#primaryimage"},"thumbnailUrl":"https:\/\/static.africa-press.net\/cote\/sites\/43\/2025\/11\/sm_1763292131.169771.jpg","keywords":["bien","C\u00d4TE D'IVOIRE","diab\u00e8te","INSP","JMLD 2025","pr\u00e9vention","sant\u00e9 publique","travail"],"articleSection":["Communaut\u00e9","Toutes les actualit\u00e9s"],"inLanguage":"fr-FR","potentialAction":[{"@type":"CommentAction","name":"Comment","target":["https:\/\/www.africa-press.net\/cotedivoire\/toutes-les-actualites\/journee-mondiale-du-diabete-a-linsp-dadjame#respond"]}]},{"@type":"WebPage","@id":"https:\/\/www.africa-press.net\/cotedivoire\/toutes-les-actualites\/journee-mondiale-du-diabete-a-linsp-dadjame","url":"https:\/\/www.africa-press.net\/cotedivoire\/toutes-les-actualites\/journee-mondiale-du-diabete-a-linsp-dadjame","name":"Journ\u00e9e Mondiale du Diab\u00e8te \u00e0 l'INSP d'Adjam\u00e9 - C\u00f4te d&#039;Ivoire","isPartOf":{"@id":"https:\/\/www.africa-press.net\/cotedivoire\/#website"},"primaryImageOfPage":{"@id":"https:\/\/www.africa-press.net\/cotedivoire\/toutes-les-actualites\/journee-mondiale-du-diabete-a-linsp-dadjame#primaryimage"},"image":{"@id":"https:\/\/www.africa-press.net\/cotedivoire\/toutes-les-actualites\/journee-mondiale-du-diabete-a-linsp-dadjame#primaryimage"},"thumbnailUrl":"https:\/\/static.africa-press.net\/cote\/sites\/43\/2025\/11\/sm_1763292131.169771.jpg","datePublished":"2025-11-16T13:43:18+00:00","dateModified":"2025-11-16T14:53:07+00:00","author":{"@id":"https:\/\/www.africa-press.net\/cotedivoire\/#\/schema\/person\/2b1cf3cd81a31e3cd26889ca66d677f1"},"description":"La Co\u0302te d\u2019Ivoire a ce\u0301le\u0301bre\u0301 ce vendredi la 28e Journe\u0301e Mondiale de Lutte contre le Diabe\u0300te (JMLD), un rendez-vous p ...","breadcrumb":{"@id":"https:\/\/www.africa-press.net\/cotedivoire\/toutes-les-actualites\/journee-mondiale-du-diabete-a-linsp-dadjame#breadcrumb"},"inLanguage":"fr-FR","potentialAction":[{"@type":"ReadAction","target":["https:\/\/www.africa-press.net\/cotedivoire\/toutes-les-actualites\/journee-mondiale-du-diabete-a-linsp-dadjame"]}]},{"@type":"ImageObject","inLanguage":"fr-FR","@id":"https:\/\/www.africa-press.net\/cotedivoire\/toutes-les-actualites\/journee-mondiale-du-diabete-a-linsp-dadjame#primaryimage","url":"https:\/\/static.africa-press.net\/cote\/sites\/43\/2025\/11\/sm_1763292131.169771.jpg","contentUrl":"https:\/\/static.africa-press.net\/cote\/sites\/43\/2025\/11\/sm_1763292131.169771.jpg","width":720,"height":336,"caption":"Journ\u00e9e Mondiale du Diab\u00e8te \u00e0 l'INSP d'Adjam\u00e9"},{"@type":"BreadcrumbList","@id":"https:\/\/www.africa-press.net\/cotedivoire\/toutes-les-actualites\/journee-mondiale-du-diabete-a-linsp-dadjame#breadcrumb","itemListElement":[{"@type":"ListItem","position":1,"name":"Accueil","item":"https:\/\/www.africa-press.net\/cotedivoire\/"},{"@type":"ListItem","position":2,"name":"Journ\u00e9e Mondiale du Diab\u00e8te \u00e0 l&#8217;INSP d&#8217;Adjam\u00e9"}]},{"@type":"WebSite","@id":"https:\/\/www.africa-press.net\/cotedivoire\/#website","url":"https:\/\/www.africa-press.net\/cotedivoire\/","name":"C\u00f4te d&#039;Ivoire","description":"Just another Africa News Agency Sites site","potentialAction":[{"@type":"SearchAction","target":{"@type":"EntryPoint","urlTemplate":"https:\/\/www.africa-press.net\/cotedivoire\/?s={search_term_string}"},"query-input":{"@type":"PropertyValueSpecification","valueRequired":true,"valueName":"search_term_string"}}],"inLanguage":"fr-FR"},{"@type":"Person","@id":"https:\/\/www.africa-press.net\/cotedivoire\/#\/schema\/person\/2b1cf3cd81a31e3cd26889ca66d677f1","name":"cfeditorfr"}]}},"_links":{"self":[{"href":"https:\/\/www.africa-press.net\/cotedivoire\/wp-json\/wp\/v2\/posts\/108779","targetHints":{"allow":["GET"]}}],"collection":[{"href":"https:\/\/www.africa-press.net\/cotedivoire\/wp-json\/wp\/v2\/posts"}],"about":[{"href":"https:\/\/www.africa-press.net\/cotedivoire\/wp-json\/wp\/v2\/types\/post"}],"author":[{"embeddable":true,"href":"https:\/\/www.africa-press.net\/cotedivoire\/wp-json\/wp\/v2\/users\/82"}],"replies":[{"embeddable":true,"href":"https:\/\/www.africa-press.net\/cotedivoire\/wp-json\/wp\/v2\/comments?post=108779"}],"version-history":[{"count":0,"href":"https:\/\/www.africa-press.net\/cotedivoire\/wp-json\/wp\/v2\/posts\/108779\/revisions"}],"wp:featuredmedia":[{"embeddable":true,"href":"https:\/\/www.africa-press.net\/cotedivoire\/wp-json\/wp\/v2\/media\/108777"}],"wp:attachment":[{"href":"https:\/\/www.africa-press.net\/cotedivoire\/wp-json\/wp\/v2\/media?parent=108779"}],"wp:term":[{"taxonomy":"category","embeddable":true,"href":"https:\/\/www.africa-press.net\/cotedivoire\/wp-json\/wp\/v2\/categories?post=108779"},{"taxonomy":"post_tag","embeddable":true,"href":"https:\/\/www.africa-press.net\/cotedivoire\/wp-json\/wp\/v2\/tags?post=108779"}],"curies":[{"name":"wp","href":"https:\/\/api.w.org\/{rel}","templated":true}]}}