{"id":108787,"date":"2025-11-17T14:37:58","date_gmt":"2025-11-17T14:37:58","guid":{"rendered":"https:\/\/www.africa-press.net\/cotedivoire\/politique\/can-2025-injustice-flagrante-dans-attribution-des-droits-tv"},"modified":"2025-11-17T15:03:23","modified_gmt":"2025-11-17T15:03:23","slug":"can-2025-injustice-flagrante-dans-attribution-des-droits-tv","status":"publish","type":"post","link":"https:\/\/www.africa-press.net\/cotedivoire\/sports\/can-2025-injustice-flagrante-dans-attribution-des-droits-tv","title":{"rendered":"CAN 2025 Injustice Flagrante Dans Attribution Des Droits TV"},"content":{"rendered":"<p><span style=\"color: #ff6600\"><strong>Africa-Press &#8211; C\u00f4te d&rsquo;Ivoire. <\/strong><\/span>Un collectif regroupant une dizaine de chai\u0302nes de te\u0301le\u0301vision nationales d\u2019Afrique subsaharienne francophone, publiques comme prive\u0301es, a adresse\u0301 une lettre officielle au pre\u0301sident de la Confe\u0301de\u0301ration Africaine de Football (CAF), Patrice Motsepe, pour de\u0301noncer les conditions juge\u0301es \u00ab injustes \u00bb et \u00ab discriminatoires \u00bb d\u2019attribution des droits de retransmission de la CAN 2025, pre\u0301vue au Maroc du 21 de\u0301cembre 2025 au 18 janvier 2026.<\/p>\n<p>Selon ce collectif, les te\u0301le\u0301visions francophones ne se voient attribuer que 33 des 52 matchs de la compe\u0301tition, alors que les chai\u0302nes nationales anglophones et lusophones conserveraient, elles, l\u2019inte\u0301gralite\u0301 des rencontres, tout comme un ope\u0301rateur payant non africain, largement identifie\u0301 comme e\u0301tant Canal+.<\/p>\n<p>Dans leur correspondance, les dirigeants de ces chai\u0302nes rappellent que la Coupe d\u2019Afrique des Nations est un patrimoine sportif, culturel et e\u0301motionnel, finance\u0301 en grande partie par les contribuables africains a\u0300 travers leurs E\u0301tats.<\/p>\n<p>Ils de\u0301noncent une orientation de la CAF qui semble, selon eux, favoriser un ope\u0301rateur de te\u0301le\u0301vision payante europe\u0301en, pe\u0301naliser les chai\u0302nes publiques gratuites africaines et creuser une fracture entre pays francophones, anglophones et lusophones.<\/p>\n<p>\u00ab La CAN est avant tout un moment de communion panafricaine. Il est incompre\u0301hensible que les populations francophones soient prive\u0301es d\u2019une partie des matchs alors que ce n\u2019est pas le cas ailleurs \u00bb, indiquent-ils.<\/p>\n<p>Les chai\u0302nes francophones affirment que cette de\u0301cision s\u2019inscrit dans un contexte de renforcement de l\u2019influence de Canal+ en Afrique, notamment depuis le rachat du groupe sud-africain Multichoice, acteur majeur du secteur audiovisuel anglophone.<\/p>\n<p>Elles e\u0301voquent, un lobbying intense mene\u0301 par le groupe franc\u0327ais en Afrique du Sud, une proximite\u0301 ge\u0301ographique avec les instances actuelles de la CAF et une volonte\u0301 suppose\u0301e de consolider la domination de Canal+ dans l\u2019espace francophone.<\/p>\n<p>Selon elles, cette politique remet en cause la neutralite\u0301 et l\u2019e\u0301quite\u0301 du processus d\u2019attribution des droits te\u0301le\u0301visuels.<\/p>\n<p>Pour le collectif, la nouvelle politique d\u2019attribution affaiblit les chai\u0302nes nationales francophones, de\u0301ja\u0300 fragilise\u0301es e\u0301conomiquement, prive ces me\u0301dias de recettes publicitaires cruciales durant l\u2019un des e\u0301ve\u0301nements les plus suivis du continent et pousse les te\u0301le\u0301spectateurs a\u0300 se tourner vers l\u2019abonnement payant, au profit de Canal+.<\/p>\n<p>\u00ab Gra\u0302ce a\u0300 cette de\u0301cision, l\u2019ope\u0301rateur franc\u0327ais pourra capter sponsors, annonceurs et abonnements, au de\u0301triment de nos chai\u0302nes qui remplissent une mission de service public \u00bb, souligne la lettre.<\/p>\n<p>Les associations de consommateurs, e\u0301galement cite\u0301es dans la lettre, alertent sur l\u2019impact social de cette mesure.<\/p>\n<p>Les critiques portent notamment sur l\u2019obligation pour des millions de supporters francophones de payer un abonnement pour suivre l\u2019inte\u0301gralite\u0301 des rencontres, le contraste avec les populations anglophones et lusophones, qui ne subissent pas ces restrictions, la perception d\u2019un retour a\u0300 une forme de de\u0301se\u0301quilibre postcolonial, alimentant un fort ressentiment.\u00ab Pourquoi les francophones doivent-ils e\u0302tre les seuls prive\u0301s de toute la compe\u0301tition? \u00bb, interrogent les signataires.<\/p>\n<p>Dans leur conclusion, les chai\u0302nes demandent a\u0300 la CAF de reconside\u0301rer sa strate\u0301gie d\u2019attribution des droits TV, de restaurer l\u2019e\u0301galite\u0301 de traitement entre tous les pays africains et de garantir que la CAN demeure un e\u0301ve\u0301nement populaire, accessible a\u0300 tous, conforme\u0301ment a\u0300 sa vocation historique.<\/p>\n<p>Elles appellent le pre\u0301sident Patrice Motsepe a\u0300 faire preuve de leadership, d\u2019e\u0301quite\u0301 et d\u2019engagement pour l\u2019inclusion sociale, afin que la CAN 2025 reste un e\u0301ve\u0301nement ve\u0301ritablement africain et non un produit re\u0301serve\u0301 a\u0300 une e\u0301lite.<\/p>\n<p><strong>Pour plus d&rsquo;informations et d&rsquo;analyses sur la <span style=\"color: #ff6600\">C\u00f4te d&rsquo;Ivoire<\/span>, suivez <span style=\"color: #ff6600\">Africa-Press<\/span><\/strong><\/p>\n","protected":false},"excerpt":{"rendered":"<p>Africa-Press &#8211; C\u00f4te d&rsquo;Ivoire. Un collectif regroupant une dizaine de chai\u0302nes de te\u0301le\u0301vision nationales d\u2019Afrique subsaharienne francophone, publiques comme prive\u0301es, a adresse\u0301 une lettre officielle au pre\u0301sident de la Confe\u0301de\u0301ration Africaine de Football (CAF), Patrice Motsepe, pour de\u0301noncer les conditions juge\u0301es \u00ab injustes \u00bb et \u00ab discriminatoires \u00bb d\u2019attribution des droits de retransmission de la [&hellip;]<\/p>\n","protected":false},"author":82,"featured_media":108786,"comment_status":"open","ping_status":"closed","sticky":false,"template":"","format":"standard","meta":{"footnotes":""},"categories":[6,10],"tags":[35,941,19502,2263,29,19500,19501,10812,92],"class_list":["post-108787","post","type-post","status-publish","format-standard","has-post-thumbnail","hentry","category-sports","category-toutes-les-actualites","tag-afrique","tag-caf","tag-can2025","tag-canal-plus","tag-cote-divoire","tag-droitstv","tag-footballafricain","tag-francophone","tag-medias"],"yoast_head":"<!-- This site is optimized with the Yoast SEO Premium plugin v26.1 (Yoast SEO v27.0) - https:\/\/yoast.com\/product\/yoast-seo-premium-wordpress\/ -->\n<title>CAN 2025 Injustice Flagrante Dans Attribution Des Droits TV - C\u00f4te d&#039;Ivoire<\/title>\n<meta name=\"description\" content=\"Un collectif regroupant une dizaine de chai\u0302nes de te\u0301le\u0301vision nationales d\u2019Afrique subsaharienne francophone, publique ...\" \/>\n<meta name=\"robots\" content=\"index, follow, max-snippet:-1, max-image-preview:large, max-video-preview:-1\" \/>\n<link rel=\"canonical\" href=\"https:\/\/www.africa-press.net\/cotedivoire\/sports\/can-2025-injustice-flagrante-dans-attribution-des-droits-tv\" \/>\n<meta property=\"og:locale\" content=\"fr_FR\" \/>\n<meta property=\"og:type\" content=\"article\" \/>\n<meta property=\"og:title\" content=\"CAN 2025 Injustice Flagrante Dans Attribution Des Droits TV\" \/>\n<meta property=\"og:description\" content=\"Un collectif regroupant une dizaine de chai\u0302nes de te\u0301le\u0301vision nationales d\u2019Afrique subsaharienne francophone, publique ...\" \/>\n<meta property=\"og:url\" content=\"https:\/\/www.africa-press.net\/cotedivoire\/sports\/can-2025-injustice-flagrante-dans-attribution-des-droits-tv\" \/>\n<meta property=\"og:site_name\" content=\"C\u00f4te d&#039;Ivoire\" \/>\n<meta property=\"article:published_time\" content=\"2025-11-17T14:37:58+00:00\" \/>\n<meta property=\"article:modified_time\" content=\"2025-11-17T15:03:23+00:00\" \/>\n<meta property=\"og:image\" content=\"https:\/\/static.africa-press.net\/cote\/sites\/43\/2025\/11\/sm_1763379163.780386.jpg\" \/>\n\t<meta property=\"og:image:width\" content=\"720\" \/>\n\t<meta property=\"og:image:height\" content=\"480\" \/>\n\t<meta property=\"og:image:type\" content=\"image\/jpeg\" \/>\n<meta name=\"author\" content=\"cfeditorfr\" \/>\n<meta name=\"twitter:card\" content=\"summary_large_image\" \/>\n<meta name=\"twitter:label1\" content=\"\u00c9crit par\" \/>\n\t<meta name=\"twitter:data1\" content=\"cfeditorfr\" \/>\n\t<meta name=\"twitter:label2\" content=\"Dur\u00e9e de lecture estim\u00e9e\" \/>\n\t<meta name=\"twitter:data2\" content=\"3 minutes\" \/>\n<script type=\"application\/ld+json\" class=\"yoast-schema-graph\">{\"@context\":\"https:\/\/schema.org\",\"@graph\":[{\"@type\":\"Article\",\"@id\":\"https:\/\/www.africa-press.net\/cotedivoire\/sports\/can-2025-injustice-flagrante-dans-attribution-des-droits-tv#article\",\"isPartOf\":{\"@id\":\"https:\/\/www.africa-press.net\/cotedivoire\/sports\/can-2025-injustice-flagrante-dans-attribution-des-droits-tv\"},\"author\":{\"name\":\"cfeditorfr\",\"@id\":\"https:\/\/www.africa-press.net\/cotedivoire\/#\/schema\/person\/2b1cf3cd81a31e3cd26889ca66d677f1\"},\"headline\":\"CAN 2025 Injustice Flagrante Dans Attribution Des Droits TV\",\"datePublished\":\"2025-11-17T14:37:58+00:00\",\"dateModified\":\"2025-11-17T15:03:23+00:00\",\"mainEntityOfPage\":{\"@id\":\"https:\/\/www.africa-press.net\/cotedivoire\/sports\/can-2025-injustice-flagrante-dans-attribution-des-droits-tv\"},\"wordCount\":643,\"commentCount\":0,\"image\":{\"@id\":\"https:\/\/www.africa-press.net\/cotedivoire\/sports\/can-2025-injustice-flagrante-dans-attribution-des-droits-tv#primaryimage\"},\"thumbnailUrl\":\"https:\/\/static.africa-press.net\/cote\/sites\/43\/2025\/11\/sm_1763379163.780386.jpg\",\"keywords\":[\"Afrique\",\"CAF\",\"CAN2025\",\"Canal Plus\",\"C\u00d4TE D'IVOIRE\",\"DroitsTV\",\"footballAfricain\",\"Francophone\",\"M\u00e9dias\"],\"articleSection\":[\"Sports\",\"Toutes les actualit\u00e9s\"],\"inLanguage\":\"fr-FR\",\"potentialAction\":[{\"@type\":\"CommentAction\",\"name\":\"Comment\",\"target\":[\"https:\/\/www.africa-press.net\/cotedivoire\/sports\/can-2025-injustice-flagrante-dans-attribution-des-droits-tv#respond\"]}]},{\"@type\":\"WebPage\",\"@id\":\"https:\/\/www.africa-press.net\/cotedivoire\/sports\/can-2025-injustice-flagrante-dans-attribution-des-droits-tv\",\"url\":\"https:\/\/www.africa-press.net\/cotedivoire\/sports\/can-2025-injustice-flagrante-dans-attribution-des-droits-tv\",\"name\":\"CAN 2025 Injustice Flagrante Dans Attribution Des Droits TV - C\u00f4te d&#039;Ivoire\",\"isPartOf\":{\"@id\":\"https:\/\/www.africa-press.net\/cotedivoire\/#website\"},\"primaryImageOfPage\":{\"@id\":\"https:\/\/www.africa-press.net\/cotedivoire\/sports\/can-2025-injustice-flagrante-dans-attribution-des-droits-tv#primaryimage\"},\"image\":{\"@id\":\"https:\/\/www.africa-press.net\/cotedivoire\/sports\/can-2025-injustice-flagrante-dans-attribution-des-droits-tv#primaryimage\"},\"thumbnailUrl\":\"https:\/\/static.africa-press.net\/cote\/sites\/43\/2025\/11\/sm_1763379163.780386.jpg\",\"datePublished\":\"2025-11-17T14:37:58+00:00\",\"dateModified\":\"2025-11-17T15:03:23+00:00\",\"author\":{\"@id\":\"https:\/\/www.africa-press.net\/cotedivoire\/#\/schema\/person\/2b1cf3cd81a31e3cd26889ca66d677f1\"},\"description\":\"Un collectif regroupant une dizaine de chai\u0302nes de te\u0301le\u0301vision nationales d\u2019Afrique subsaharienne francophone, publique ...\",\"breadcrumb\":{\"@id\":\"https:\/\/www.africa-press.net\/cotedivoire\/sports\/can-2025-injustice-flagrante-dans-attribution-des-droits-tv#breadcrumb\"},\"inLanguage\":\"fr-FR\",\"potentialAction\":[{\"@type\":\"ReadAction\",\"target\":[\"https:\/\/www.africa-press.net\/cotedivoire\/sports\/can-2025-injustice-flagrante-dans-attribution-des-droits-tv\"]}]},{\"@type\":\"ImageObject\",\"inLanguage\":\"fr-FR\",\"@id\":\"https:\/\/www.africa-press.net\/cotedivoire\/sports\/can-2025-injustice-flagrante-dans-attribution-des-droits-tv#primaryimage\",\"url\":\"https:\/\/static.africa-press.net\/cote\/sites\/43\/2025\/11\/sm_1763379163.780386.jpg\",\"contentUrl\":\"https:\/\/static.africa-press.net\/cote\/sites\/43\/2025\/11\/sm_1763379163.780386.jpg\",\"width\":720,\"height\":480,\"caption\":\"CAN 2025 Injustice Flagrante Dans Attribution Des Droits TV\"},{\"@type\":\"BreadcrumbList\",\"@id\":\"https:\/\/www.africa-press.net\/cotedivoire\/sports\/can-2025-injustice-flagrante-dans-attribution-des-droits-tv#breadcrumb\",\"itemListElement\":[{\"@type\":\"ListItem\",\"position\":1,\"name\":\"Accueil\",\"item\":\"https:\/\/www.africa-press.net\/cotedivoire\/\"},{\"@type\":\"ListItem\",\"position\":2,\"name\":\"CAN 2025 Injustice Flagrante Dans Attribution Des Droits TV\"}]},{\"@type\":\"WebSite\",\"@id\":\"https:\/\/www.africa-press.net\/cotedivoire\/#website\",\"url\":\"https:\/\/www.africa-press.net\/cotedivoire\/\",\"name\":\"C\u00f4te d&#039;Ivoire\",\"description\":\"Just another Africa News Agency Sites site\",\"potentialAction\":[{\"@type\":\"SearchAction\",\"target\":{\"@type\":\"EntryPoint\",\"urlTemplate\":\"https:\/\/www.africa-press.net\/cotedivoire\/?s={search_term_string}\"},\"query-input\":{\"@type\":\"PropertyValueSpecification\",\"valueRequired\":true,\"valueName\":\"search_term_string\"}}],\"inLanguage\":\"fr-FR\"},{\"@type\":\"Person\",\"@id\":\"https:\/\/www.africa-press.net\/cotedivoire\/#\/schema\/person\/2b1cf3cd81a31e3cd26889ca66d677f1\",\"name\":\"cfeditorfr\"}]}<\/script>\n<!-- \/ Yoast SEO Premium plugin. -->","yoast_head_json":{"title":"CAN 2025 Injustice Flagrante Dans Attribution Des Droits TV - C\u00f4te d&#039;Ivoire","description":"Un collectif regroupant une dizaine de chai\u0302nes de te\u0301le\u0301vision nationales d\u2019Afrique subsaharienne francophone, publique ...","robots":{"index":"index","follow":"follow","max-snippet":"max-snippet:-1","max-image-preview":"max-image-preview:large","max-video-preview":"max-video-preview:-1"},"canonical":"https:\/\/www.africa-press.net\/cotedivoire\/sports\/can-2025-injustice-flagrante-dans-attribution-des-droits-tv","og_locale":"fr_FR","og_type":"article","og_title":"CAN 2025 Injustice Flagrante Dans Attribution Des Droits TV","og_description":"Un collectif regroupant une dizaine de chai\u0302nes de te\u0301le\u0301vision nationales d\u2019Afrique subsaharienne francophone, publique ...","og_url":"https:\/\/www.africa-press.net\/cotedivoire\/sports\/can-2025-injustice-flagrante-dans-attribution-des-droits-tv","og_site_name":"C\u00f4te d&#039;Ivoire","article_published_time":"2025-11-17T14:37:58+00:00","article_modified_time":"2025-11-17T15:03:23+00:00","og_image":[{"width":720,"height":480,"url":"https:\/\/static.africa-press.net\/cote\/sites\/43\/2025\/11\/sm_1763379163.780386.jpg","type":"image\/jpeg"}],"author":"cfeditorfr","twitter_card":"summary_large_image","twitter_misc":{"\u00c9crit par":"cfeditorfr","Dur\u00e9e de lecture estim\u00e9e":"3 minutes"},"schema":{"@context":"https:\/\/schema.org","@graph":[{"@type":"Article","@id":"https:\/\/www.africa-press.net\/cotedivoire\/sports\/can-2025-injustice-flagrante-dans-attribution-des-droits-tv#article","isPartOf":{"@id":"https:\/\/www.africa-press.net\/cotedivoire\/sports\/can-2025-injustice-flagrante-dans-attribution-des-droits-tv"},"author":{"name":"cfeditorfr","@id":"https:\/\/www.africa-press.net\/cotedivoire\/#\/schema\/person\/2b1cf3cd81a31e3cd26889ca66d677f1"},"headline":"CAN 2025 Injustice Flagrante Dans Attribution Des Droits TV","datePublished":"2025-11-17T14:37:58+00:00","dateModified":"2025-11-17T15:03:23+00:00","mainEntityOfPage":{"@id":"https:\/\/www.africa-press.net\/cotedivoire\/sports\/can-2025-injustice-flagrante-dans-attribution-des-droits-tv"},"wordCount":643,"commentCount":0,"image":{"@id":"https:\/\/www.africa-press.net\/cotedivoire\/sports\/can-2025-injustice-flagrante-dans-attribution-des-droits-tv#primaryimage"},"thumbnailUrl":"https:\/\/static.africa-press.net\/cote\/sites\/43\/2025\/11\/sm_1763379163.780386.jpg","keywords":["Afrique","CAF","CAN2025","Canal Plus","C\u00d4TE D'IVOIRE","DroitsTV","footballAfricain","Francophone","M\u00e9dias"],"articleSection":["Sports","Toutes les actualit\u00e9s"],"inLanguage":"fr-FR","potentialAction":[{"@type":"CommentAction","name":"Comment","target":["https:\/\/www.africa-press.net\/cotedivoire\/sports\/can-2025-injustice-flagrante-dans-attribution-des-droits-tv#respond"]}]},{"@type":"WebPage","@id":"https:\/\/www.africa-press.net\/cotedivoire\/sports\/can-2025-injustice-flagrante-dans-attribution-des-droits-tv","url":"https:\/\/www.africa-press.net\/cotedivoire\/sports\/can-2025-injustice-flagrante-dans-attribution-des-droits-tv","name":"CAN 2025 Injustice Flagrante Dans Attribution Des Droits TV - C\u00f4te d&#039;Ivoire","isPartOf":{"@id":"https:\/\/www.africa-press.net\/cotedivoire\/#website"},"primaryImageOfPage":{"@id":"https:\/\/www.africa-press.net\/cotedivoire\/sports\/can-2025-injustice-flagrante-dans-attribution-des-droits-tv#primaryimage"},"image":{"@id":"https:\/\/www.africa-press.net\/cotedivoire\/sports\/can-2025-injustice-flagrante-dans-attribution-des-droits-tv#primaryimage"},"thumbnailUrl":"https:\/\/static.africa-press.net\/cote\/sites\/43\/2025\/11\/sm_1763379163.780386.jpg","datePublished":"2025-11-17T14:37:58+00:00","dateModified":"2025-11-17T15:03:23+00:00","author":{"@id":"https:\/\/www.africa-press.net\/cotedivoire\/#\/schema\/person\/2b1cf3cd81a31e3cd26889ca66d677f1"},"description":"Un collectif regroupant une dizaine de chai\u0302nes de te\u0301le\u0301vision nationales d\u2019Afrique subsaharienne francophone, publique ...","breadcrumb":{"@id":"https:\/\/www.africa-press.net\/cotedivoire\/sports\/can-2025-injustice-flagrante-dans-attribution-des-droits-tv#breadcrumb"},"inLanguage":"fr-FR","potentialAction":[{"@type":"ReadAction","target":["https:\/\/www.africa-press.net\/cotedivoire\/sports\/can-2025-injustice-flagrante-dans-attribution-des-droits-tv"]}]},{"@type":"ImageObject","inLanguage":"fr-FR","@id":"https:\/\/www.africa-press.net\/cotedivoire\/sports\/can-2025-injustice-flagrante-dans-attribution-des-droits-tv#primaryimage","url":"https:\/\/static.africa-press.net\/cote\/sites\/43\/2025\/11\/sm_1763379163.780386.jpg","contentUrl":"https:\/\/static.africa-press.net\/cote\/sites\/43\/2025\/11\/sm_1763379163.780386.jpg","width":720,"height":480,"caption":"CAN 2025 Injustice Flagrante Dans Attribution Des Droits TV"},{"@type":"BreadcrumbList","@id":"https:\/\/www.africa-press.net\/cotedivoire\/sports\/can-2025-injustice-flagrante-dans-attribution-des-droits-tv#breadcrumb","itemListElement":[{"@type":"ListItem","position":1,"name":"Accueil","item":"https:\/\/www.africa-press.net\/cotedivoire\/"},{"@type":"ListItem","position":2,"name":"CAN 2025 Injustice Flagrante Dans Attribution Des Droits TV"}]},{"@type":"WebSite","@id":"https:\/\/www.africa-press.net\/cotedivoire\/#website","url":"https:\/\/www.africa-press.net\/cotedivoire\/","name":"C\u00f4te d&#039;Ivoire","description":"Just another Africa News Agency Sites site","potentialAction":[{"@type":"SearchAction","target":{"@type":"EntryPoint","urlTemplate":"https:\/\/www.africa-press.net\/cotedivoire\/?s={search_term_string}"},"query-input":{"@type":"PropertyValueSpecification","valueRequired":true,"valueName":"search_term_string"}}],"inLanguage":"fr-FR"},{"@type":"Person","@id":"https:\/\/www.africa-press.net\/cotedivoire\/#\/schema\/person\/2b1cf3cd81a31e3cd26889ca66d677f1","name":"cfeditorfr"}]}},"_links":{"self":[{"href":"https:\/\/www.africa-press.net\/cotedivoire\/wp-json\/wp\/v2\/posts\/108787","targetHints":{"allow":["GET"]}}],"collection":[{"href":"https:\/\/www.africa-press.net\/cotedivoire\/wp-json\/wp\/v2\/posts"}],"about":[{"href":"https:\/\/www.africa-press.net\/cotedivoire\/wp-json\/wp\/v2\/types\/post"}],"author":[{"embeddable":true,"href":"https:\/\/www.africa-press.net\/cotedivoire\/wp-json\/wp\/v2\/users\/82"}],"replies":[{"embeddable":true,"href":"https:\/\/www.africa-press.net\/cotedivoire\/wp-json\/wp\/v2\/comments?post=108787"}],"version-history":[{"count":0,"href":"https:\/\/www.africa-press.net\/cotedivoire\/wp-json\/wp\/v2\/posts\/108787\/revisions"}],"wp:featuredmedia":[{"embeddable":true,"href":"https:\/\/www.africa-press.net\/cotedivoire\/wp-json\/wp\/v2\/media\/108786"}],"wp:attachment":[{"href":"https:\/\/www.africa-press.net\/cotedivoire\/wp-json\/wp\/v2\/media?parent=108787"}],"wp:term":[{"taxonomy":"category","embeddable":true,"href":"https:\/\/www.africa-press.net\/cotedivoire\/wp-json\/wp\/v2\/categories?post=108787"},{"taxonomy":"post_tag","embeddable":true,"href":"https:\/\/www.africa-press.net\/cotedivoire\/wp-json\/wp\/v2\/tags?post=108787"}],"curies":[{"name":"wp","href":"https:\/\/api.w.org\/{rel}","templated":true}]}}