{"id":108789,"date":"2025-11-17T14:38:15","date_gmt":"2025-11-17T14:38:15","guid":{"rendered":"https:\/\/www.africa-press.net\/cotedivoire\/politique\/celebration-du-maire-beugre-kouadio-a-taabo-pour-2025"},"modified":"2025-11-17T15:03:37","modified_gmt":"2025-11-17T15:03:37","slug":"celebration-du-maire-beugre-kouadio-a-taabo-pour-2025","status":"publish","type":"post","link":"https:\/\/www.africa-press.net\/cotedivoire\/politique\/celebration-du-maire-beugre-kouadio-a-taabo-pour-2025","title":{"rendered":"C\u00e9l\u00e9bration du maire Beugr\u00e9 Kouadio \u00e0 Taabo pour 2025"},"content":{"rendered":"<p><span style=\"color: #ff6600\"><strong>Africa-Press &#8211; C\u00f4te d&rsquo;Ivoire. <\/strong><\/span>La ville de Taabo a connu une affluence remarquable ce samedi 15 novembre 2025 a\u0300 l\u2019occasion de la Journe\u0301e d\u2019Hommage de\u0301die\u0301e au maire Beugre\u0301 Kouadio. Organise\u0301 par le mouvement Nouvelle Vision en partenariat avec la jeunesse locale, l\u2019e\u0301ve\u0301nement s\u2019est tenu sur le Boulevard Beugre\u0301 Kouadio dans une ambiance festive, colore\u0301e et rythme\u0301e par des prestations artistiques et des te\u0301moignages de la population.<\/p>\n<p>L\u2019objectif: saluer les actions de de\u0301veloppement initie\u0301es par l\u2019e\u0301dile et affirmer le soutien massif des habitants a\u0300 sa gouvernance.<\/p>\n<p>Moment central de la ce\u0301re\u0301monie, le maire Beugre\u0301 Kouadio a profite\u0301 de la tribune pour annoncer officiellement sa candidature aux e\u0301lections le\u0301gislatives 2025, sous la bannie\u0300re du RHDP, dans la circonscription Pacobo\u2013Taabo.<\/p>\n<p>Cette annonce a provoque\u0301 une salve d\u2019applaudissements nourris, symbolisant la confiance renouvele\u0301e de la population. Plusieurs jeunes ont exprime\u0301 publiquement leur fierte\u0301 et leur conviction qu\u2019il saura repre\u0301senter efficacement les inte\u0301re\u0302ts de la re\u0301gion a\u0300 l\u2019Assemble\u0301e nationale.<\/p>\n<p>Parraine\u0301e par le Pre\u0301sident Koko Fabrice, cette journe\u0301e avait pour ambition non seulement de rendre hommage aux actions de\u0301ja\u0300 re\u0301alise\u0301es a\u0300 Taabo, mais aussi de tracer les perspectives d\u2019un avenir politique et socio-e\u0301conomique prometteur.<\/p>\n<p>Les organisateurs ont salue\u0301 la participation massive des habitants, preuve de la cohe\u0301sion sociale et du dynamisme citoyen qui caracte\u0301risent la commune.<\/p>\n<p>Au cours de la ce\u0301re\u0301monie, le maire a pre\u0301sente\u0301 le bilan des travaux re\u0301alise\u0301s sous son mandat, confirmant l\u2019ampleur des chantiers engage\u0301s pour moderniser et de\u0301velopper la commune.<\/p>\n<p>Il a cite\u0301 l&rsquo;ouverture et reprofilage des voies dans plusieurs villages de la commune et dans le quartier Beugre\u0301, l&rsquo;ouverture de voies dans les quartiers Ofle\u0301bo et Clambonou, la re\u0301paration du pont sur la route de Kotiessou et la construction d\u2019un nouveau pont et ouverture de voie au village de Tanoukro.<\/p>\n<p>Au niveau de l&rsquo;e\u0301lectrification, a rappele\u0301, l&rsquo;installation d\u2019un transformateur de 160 KVA, 35 poteaux e\u0301lectriques et 35 lampes au quartier Beugre\u0301, l&rsquo;installation d\u2019un transformateur de 160 KVA, 18 poteaux et 18 lampes au village de M\u2019brakro, la pose de 11 poteaux et 22 lampes solaires au carrefour de Taabo, sur l\u2019autoroute, l&rsquo;extension en cours de 85 poteaux et 85 lampes au quartier Ofle\u0301bo, l&rsquo;extension pre\u0301vue la semaine prochaine de 120 poteaux et 120 lampes au quartier Clambonou et l&rsquo;extension de 60 poteaux et 60 lampes au village de Le\u0301le\u0301ble\u0301.<\/p>\n<p>Au niveau du de\u0301veloppement e\u0301conomique et e\u0301quipements marchands, le maire a enume\u0301re\u0301 la construction de 25 magasins a\u0300 Kotiessou, la construction de 25 magasins a\u0300 N\u2019Denou (en cours), la construction d\u2019une unite\u0301 de transformation de manioc a\u0300 N\u2019Denou (en cours) et la construction de 96 e\u0301tals et e\u0301clairage au marche\u0301 de Taabo, dont 48 supple\u0301mentaires en cours de finition.<\/p>\n<p>S&rsquo;agit de l&rsquo;acce\u0300s a\u0300 l\u2019eau potable et l&rsquo;e\u0301ducation et entretien des infrastructures, il a mentionne\u0301, la re\u0301alisation de syste\u0300mes d\u2019adduction d\u2019eau potable dans les villages de Djetai\u0308kro, Paulkro, N\u2019Guouan Amoinkro (termine\u0301), Gbedressou (termine\u0301), Tomidabo (en finition), des projets d\u2019adduction en attente de de\u0301marrage a\u0300 Kouassi Bakro, Kogoti et entretien de tous les e\u0301tablissements scolaires de la commune.<\/p>\n<p>La ce\u0301re\u0301monie s\u2019est acheve\u0301e dans une ambiance d\u2019unite\u0301 et d\u2019espoir. Les responsables de Nouvelle Vision et les leaders de jeunesse ont assure\u0301 le maire de leur soutien inde\u0301fectible pour les e\u0301che\u0301ances a\u0300 venir. Ils ont re\u0301affirme\u0301 leur engagement a\u0300 accompagner toutes les initiatives visant a\u0300:renforcer la cohe\u0301sion sociale, ame\u0301liorer la participation citoyenne, promouvoir le de\u0301veloppement durable, faire de Taabo un po\u0302le de progre\u0300s et de stabilite\u0301.<\/p>\n<p><strong>Pour plus d&rsquo;informations et d&rsquo;analyses sur la <span style=\"color: #ff6600\">C\u00f4te d&rsquo;Ivoire<\/span>, suivez <span style=\"color: #ff6600\">Africa-Press<\/span><\/strong><\/p>\n","protected":false},"excerpt":{"rendered":"<p>Africa-Press &#8211; C\u00f4te d&rsquo;Ivoire. La ville de Taabo a connu une affluence remarquable ce samedi 15 novembre 2025 a\u0300 l\u2019occasion de la Journe\u0301e d\u2019Hommage de\u0301die\u0301e au maire Beugre\u0301 Kouadio. Organise\u0301 par le mouvement Nouvelle Vision en partenariat avec la jeunesse locale, l\u2019e\u0301ve\u0301nement s\u2019est tenu sur le Boulevard Beugre\u0301 Kouadio dans une ambiance festive, colore\u0301e et [&hellip;]<\/p>\n","protected":false},"author":82,"featured_media":108788,"comment_status":"open","ping_status":"closed","sticky":false,"template":"","format":"standard","meta":{"footnotes":""},"categories":[2,10],"tags":[29,1583,2611,19356,7817,19503,371,5868],"class_list":["post-108789","post","type-post","status-publish","format-standard","has-post-thumbnail","hentry","category-politique","category-toutes-les-actualites","tag-cote-divoire","tag-developpement","tag-jeunesse","tag-legislatives-2025","tag-local","tag-politiqueci","tag-rhdp","tag-taabo"],"yoast_head":"<!-- This site is optimized with the Yoast SEO Premium plugin v26.1 (Yoast SEO v27.0) - https:\/\/yoast.com\/product\/yoast-seo-premium-wordpress\/ -->\n<title>C\u00e9l\u00e9bration du maire Beugr\u00e9 Kouadio \u00e0 Taabo pour 2025 - C\u00f4te d&#039;Ivoire<\/title>\n<meta name=\"description\" content=\"La ville de Taabo a connu une affluence remarquable ce samedi 15 novembre 2025 a\u0300 l\u2019occasion de la Journe\u0301e d\u2019Hommage de ...\" \/>\n<meta name=\"robots\" content=\"index, follow, max-snippet:-1, max-image-preview:large, max-video-preview:-1\" \/>\n<link rel=\"canonical\" href=\"https:\/\/www.africa-press.net\/cotedivoire\/politique\/celebration-du-maire-beugre-kouadio-a-taabo-pour-2025\" \/>\n<meta property=\"og:locale\" content=\"fr_FR\" \/>\n<meta property=\"og:type\" content=\"article\" \/>\n<meta property=\"og:title\" content=\"C\u00e9l\u00e9bration du maire Beugr\u00e9 Kouadio \u00e0 Taabo pour 2025\" \/>\n<meta property=\"og:description\" content=\"La ville de Taabo a connu une affluence remarquable ce samedi 15 novembre 2025 a\u0300 l\u2019occasion de la Journe\u0301e d\u2019Hommage de ...\" \/>\n<meta property=\"og:url\" content=\"https:\/\/www.africa-press.net\/cotedivoire\/politique\/celebration-du-maire-beugre-kouadio-a-taabo-pour-2025\" \/>\n<meta property=\"og:site_name\" content=\"C\u00f4te d&#039;Ivoire\" \/>\n<meta property=\"article:published_time\" content=\"2025-11-17T14:38:15+00:00\" \/>\n<meta property=\"article:modified_time\" content=\"2025-11-17T15:03:37+00:00\" \/>\n<meta property=\"og:image\" content=\"https:\/\/static.africa-press.net\/cote\/sites\/43\/2025\/11\/sm_1763379181.800548.jpg\" \/>\n\t<meta property=\"og:image:width\" content=\"720\" \/>\n\t<meta property=\"og:image:height\" content=\"421\" \/>\n\t<meta property=\"og:image:type\" content=\"image\/jpeg\" \/>\n<meta name=\"author\" content=\"cfeditorfr\" \/>\n<meta name=\"twitter:card\" content=\"summary_large_image\" \/>\n<meta name=\"twitter:label1\" content=\"\u00c9crit par\" \/>\n\t<meta name=\"twitter:data1\" content=\"cfeditorfr\" \/>\n\t<meta name=\"twitter:label2\" content=\"Dur\u00e9e de lecture estim\u00e9e\" \/>\n\t<meta name=\"twitter:data2\" content=\"3 minutes\" \/>\n<script type=\"application\/ld+json\" class=\"yoast-schema-graph\">{\"@context\":\"https:\/\/schema.org\",\"@graph\":[{\"@type\":\"Article\",\"@id\":\"https:\/\/www.africa-press.net\/cotedivoire\/politique\/celebration-du-maire-beugre-kouadio-a-taabo-pour-2025#article\",\"isPartOf\":{\"@id\":\"https:\/\/www.africa-press.net\/cotedivoire\/politique\/celebration-du-maire-beugre-kouadio-a-taabo-pour-2025\"},\"author\":{\"name\":\"cfeditorfr\",\"@id\":\"https:\/\/www.africa-press.net\/cotedivoire\/#\/schema\/person\/2b1cf3cd81a31e3cd26889ca66d677f1\"},\"headline\":\"C\u00e9l\u00e9bration du maire Beugr\u00e9 Kouadio \u00e0 Taabo pour 2025\",\"datePublished\":\"2025-11-17T14:38:15+00:00\",\"dateModified\":\"2025-11-17T15:03:37+00:00\",\"mainEntityOfPage\":{\"@id\":\"https:\/\/www.africa-press.net\/cotedivoire\/politique\/celebration-du-maire-beugre-kouadio-a-taabo-pour-2025\"},\"wordCount\":677,\"commentCount\":0,\"image\":{\"@id\":\"https:\/\/www.africa-press.net\/cotedivoire\/politique\/celebration-du-maire-beugre-kouadio-a-taabo-pour-2025#primaryimage\"},\"thumbnailUrl\":\"https:\/\/static.africa-press.net\/cote\/sites\/43\/2025\/11\/sm_1763379181.800548.jpg\",\"keywords\":[\"C\u00d4TE D'IVOIRE\",\"d\u00e9veloppement\",\"jeunesse\",\"L\u00e9gislatives 2025\",\"local\",\"politiqueCI\",\"RHDP\",\"Taabo\"],\"articleSection\":[\"Politique\",\"Toutes les actualit\u00e9s\"],\"inLanguage\":\"fr-FR\",\"potentialAction\":[{\"@type\":\"CommentAction\",\"name\":\"Comment\",\"target\":[\"https:\/\/www.africa-press.net\/cotedivoire\/politique\/celebration-du-maire-beugre-kouadio-a-taabo-pour-2025#respond\"]}]},{\"@type\":\"WebPage\",\"@id\":\"https:\/\/www.africa-press.net\/cotedivoire\/politique\/celebration-du-maire-beugre-kouadio-a-taabo-pour-2025\",\"url\":\"https:\/\/www.africa-press.net\/cotedivoire\/politique\/celebration-du-maire-beugre-kouadio-a-taabo-pour-2025\",\"name\":\"C\u00e9l\u00e9bration du maire Beugr\u00e9 Kouadio \u00e0 Taabo pour 2025 - C\u00f4te d&#039;Ivoire\",\"isPartOf\":{\"@id\":\"https:\/\/www.africa-press.net\/cotedivoire\/#website\"},\"primaryImageOfPage\":{\"@id\":\"https:\/\/www.africa-press.net\/cotedivoire\/politique\/celebration-du-maire-beugre-kouadio-a-taabo-pour-2025#primaryimage\"},\"image\":{\"@id\":\"https:\/\/www.africa-press.net\/cotedivoire\/politique\/celebration-du-maire-beugre-kouadio-a-taabo-pour-2025#primaryimage\"},\"thumbnailUrl\":\"https:\/\/static.africa-press.net\/cote\/sites\/43\/2025\/11\/sm_1763379181.800548.jpg\",\"datePublished\":\"2025-11-17T14:38:15+00:00\",\"dateModified\":\"2025-11-17T15:03:37+00:00\",\"author\":{\"@id\":\"https:\/\/www.africa-press.net\/cotedivoire\/#\/schema\/person\/2b1cf3cd81a31e3cd26889ca66d677f1\"},\"description\":\"La ville de Taabo a connu une affluence remarquable ce samedi 15 novembre 2025 a\u0300 l\u2019occasion de la Journe\u0301e d\u2019Hommage de ...\",\"breadcrumb\":{\"@id\":\"https:\/\/www.africa-press.net\/cotedivoire\/politique\/celebration-du-maire-beugre-kouadio-a-taabo-pour-2025#breadcrumb\"},\"inLanguage\":\"fr-FR\",\"potentialAction\":[{\"@type\":\"ReadAction\",\"target\":[\"https:\/\/www.africa-press.net\/cotedivoire\/politique\/celebration-du-maire-beugre-kouadio-a-taabo-pour-2025\"]}]},{\"@type\":\"ImageObject\",\"inLanguage\":\"fr-FR\",\"@id\":\"https:\/\/www.africa-press.net\/cotedivoire\/politique\/celebration-du-maire-beugre-kouadio-a-taabo-pour-2025#primaryimage\",\"url\":\"https:\/\/static.africa-press.net\/cote\/sites\/43\/2025\/11\/sm_1763379181.800548.jpg\",\"contentUrl\":\"https:\/\/static.africa-press.net\/cote\/sites\/43\/2025\/11\/sm_1763379181.800548.jpg\",\"width\":720,\"height\":421,\"caption\":\"C\u00e9l\u00e9bration du maire Beugr\u00e9 Kouadio \u00e0 Taabo pour 2025\"},{\"@type\":\"BreadcrumbList\",\"@id\":\"https:\/\/www.africa-press.net\/cotedivoire\/politique\/celebration-du-maire-beugre-kouadio-a-taabo-pour-2025#breadcrumb\",\"itemListElement\":[{\"@type\":\"ListItem\",\"position\":1,\"name\":\"Accueil\",\"item\":\"https:\/\/www.africa-press.net\/cotedivoire\/\"},{\"@type\":\"ListItem\",\"position\":2,\"name\":\"C\u00e9l\u00e9bration du maire Beugr\u00e9 Kouadio \u00e0 Taabo pour 2025\"}]},{\"@type\":\"WebSite\",\"@id\":\"https:\/\/www.africa-press.net\/cotedivoire\/#website\",\"url\":\"https:\/\/www.africa-press.net\/cotedivoire\/\",\"name\":\"C\u00f4te d&#039;Ivoire\",\"description\":\"Just another Africa News Agency Sites site\",\"potentialAction\":[{\"@type\":\"SearchAction\",\"target\":{\"@type\":\"EntryPoint\",\"urlTemplate\":\"https:\/\/www.africa-press.net\/cotedivoire\/?s={search_term_string}\"},\"query-input\":{\"@type\":\"PropertyValueSpecification\",\"valueRequired\":true,\"valueName\":\"search_term_string\"}}],\"inLanguage\":\"fr-FR\"},{\"@type\":\"Person\",\"@id\":\"https:\/\/www.africa-press.net\/cotedivoire\/#\/schema\/person\/2b1cf3cd81a31e3cd26889ca66d677f1\",\"name\":\"cfeditorfr\"}]}<\/script>\n<!-- \/ Yoast SEO Premium plugin. -->","yoast_head_json":{"title":"C\u00e9l\u00e9bration du maire Beugr\u00e9 Kouadio \u00e0 Taabo pour 2025 - C\u00f4te d&#039;Ivoire","description":"La ville de Taabo a connu une affluence remarquable ce samedi 15 novembre 2025 a\u0300 l\u2019occasion de la Journe\u0301e d\u2019Hommage de ...","robots":{"index":"index","follow":"follow","max-snippet":"max-snippet:-1","max-image-preview":"max-image-preview:large","max-video-preview":"max-video-preview:-1"},"canonical":"https:\/\/www.africa-press.net\/cotedivoire\/politique\/celebration-du-maire-beugre-kouadio-a-taabo-pour-2025","og_locale":"fr_FR","og_type":"article","og_title":"C\u00e9l\u00e9bration du maire Beugr\u00e9 Kouadio \u00e0 Taabo pour 2025","og_description":"La ville de Taabo a connu une affluence remarquable ce samedi 15 novembre 2025 a\u0300 l\u2019occasion de la Journe\u0301e d\u2019Hommage de ...","og_url":"https:\/\/www.africa-press.net\/cotedivoire\/politique\/celebration-du-maire-beugre-kouadio-a-taabo-pour-2025","og_site_name":"C\u00f4te d&#039;Ivoire","article_published_time":"2025-11-17T14:38:15+00:00","article_modified_time":"2025-11-17T15:03:37+00:00","og_image":[{"width":720,"height":421,"url":"https:\/\/static.africa-press.net\/cote\/sites\/43\/2025\/11\/sm_1763379181.800548.jpg","type":"image\/jpeg"}],"author":"cfeditorfr","twitter_card":"summary_large_image","twitter_misc":{"\u00c9crit par":"cfeditorfr","Dur\u00e9e de lecture estim\u00e9e":"3 minutes"},"schema":{"@context":"https:\/\/schema.org","@graph":[{"@type":"Article","@id":"https:\/\/www.africa-press.net\/cotedivoire\/politique\/celebration-du-maire-beugre-kouadio-a-taabo-pour-2025#article","isPartOf":{"@id":"https:\/\/www.africa-press.net\/cotedivoire\/politique\/celebration-du-maire-beugre-kouadio-a-taabo-pour-2025"},"author":{"name":"cfeditorfr","@id":"https:\/\/www.africa-press.net\/cotedivoire\/#\/schema\/person\/2b1cf3cd81a31e3cd26889ca66d677f1"},"headline":"C\u00e9l\u00e9bration du maire Beugr\u00e9 Kouadio \u00e0 Taabo pour 2025","datePublished":"2025-11-17T14:38:15+00:00","dateModified":"2025-11-17T15:03:37+00:00","mainEntityOfPage":{"@id":"https:\/\/www.africa-press.net\/cotedivoire\/politique\/celebration-du-maire-beugre-kouadio-a-taabo-pour-2025"},"wordCount":677,"commentCount":0,"image":{"@id":"https:\/\/www.africa-press.net\/cotedivoire\/politique\/celebration-du-maire-beugre-kouadio-a-taabo-pour-2025#primaryimage"},"thumbnailUrl":"https:\/\/static.africa-press.net\/cote\/sites\/43\/2025\/11\/sm_1763379181.800548.jpg","keywords":["C\u00d4TE D'IVOIRE","d\u00e9veloppement","jeunesse","L\u00e9gislatives 2025","local","politiqueCI","RHDP","Taabo"],"articleSection":["Politique","Toutes les actualit\u00e9s"],"inLanguage":"fr-FR","potentialAction":[{"@type":"CommentAction","name":"Comment","target":["https:\/\/www.africa-press.net\/cotedivoire\/politique\/celebration-du-maire-beugre-kouadio-a-taabo-pour-2025#respond"]}]},{"@type":"WebPage","@id":"https:\/\/www.africa-press.net\/cotedivoire\/politique\/celebration-du-maire-beugre-kouadio-a-taabo-pour-2025","url":"https:\/\/www.africa-press.net\/cotedivoire\/politique\/celebration-du-maire-beugre-kouadio-a-taabo-pour-2025","name":"C\u00e9l\u00e9bration du maire Beugr\u00e9 Kouadio \u00e0 Taabo pour 2025 - C\u00f4te d&#039;Ivoire","isPartOf":{"@id":"https:\/\/www.africa-press.net\/cotedivoire\/#website"},"primaryImageOfPage":{"@id":"https:\/\/www.africa-press.net\/cotedivoire\/politique\/celebration-du-maire-beugre-kouadio-a-taabo-pour-2025#primaryimage"},"image":{"@id":"https:\/\/www.africa-press.net\/cotedivoire\/politique\/celebration-du-maire-beugre-kouadio-a-taabo-pour-2025#primaryimage"},"thumbnailUrl":"https:\/\/static.africa-press.net\/cote\/sites\/43\/2025\/11\/sm_1763379181.800548.jpg","datePublished":"2025-11-17T14:38:15+00:00","dateModified":"2025-11-17T15:03:37+00:00","author":{"@id":"https:\/\/www.africa-press.net\/cotedivoire\/#\/schema\/person\/2b1cf3cd81a31e3cd26889ca66d677f1"},"description":"La ville de Taabo a connu une affluence remarquable ce samedi 15 novembre 2025 a\u0300 l\u2019occasion de la Journe\u0301e d\u2019Hommage de ...","breadcrumb":{"@id":"https:\/\/www.africa-press.net\/cotedivoire\/politique\/celebration-du-maire-beugre-kouadio-a-taabo-pour-2025#breadcrumb"},"inLanguage":"fr-FR","potentialAction":[{"@type":"ReadAction","target":["https:\/\/www.africa-press.net\/cotedivoire\/politique\/celebration-du-maire-beugre-kouadio-a-taabo-pour-2025"]}]},{"@type":"ImageObject","inLanguage":"fr-FR","@id":"https:\/\/www.africa-press.net\/cotedivoire\/politique\/celebration-du-maire-beugre-kouadio-a-taabo-pour-2025#primaryimage","url":"https:\/\/static.africa-press.net\/cote\/sites\/43\/2025\/11\/sm_1763379181.800548.jpg","contentUrl":"https:\/\/static.africa-press.net\/cote\/sites\/43\/2025\/11\/sm_1763379181.800548.jpg","width":720,"height":421,"caption":"C\u00e9l\u00e9bration du maire Beugr\u00e9 Kouadio \u00e0 Taabo pour 2025"},{"@type":"BreadcrumbList","@id":"https:\/\/www.africa-press.net\/cotedivoire\/politique\/celebration-du-maire-beugre-kouadio-a-taabo-pour-2025#breadcrumb","itemListElement":[{"@type":"ListItem","position":1,"name":"Accueil","item":"https:\/\/www.africa-press.net\/cotedivoire\/"},{"@type":"ListItem","position":2,"name":"C\u00e9l\u00e9bration du maire Beugr\u00e9 Kouadio \u00e0 Taabo pour 2025"}]},{"@type":"WebSite","@id":"https:\/\/www.africa-press.net\/cotedivoire\/#website","url":"https:\/\/www.africa-press.net\/cotedivoire\/","name":"C\u00f4te d&#039;Ivoire","description":"Just another Africa News Agency Sites site","potentialAction":[{"@type":"SearchAction","target":{"@type":"EntryPoint","urlTemplate":"https:\/\/www.africa-press.net\/cotedivoire\/?s={search_term_string}"},"query-input":{"@type":"PropertyValueSpecification","valueRequired":true,"valueName":"search_term_string"}}],"inLanguage":"fr-FR"},{"@type":"Person","@id":"https:\/\/www.africa-press.net\/cotedivoire\/#\/schema\/person\/2b1cf3cd81a31e3cd26889ca66d677f1","name":"cfeditorfr"}]}},"_links":{"self":[{"href":"https:\/\/www.africa-press.net\/cotedivoire\/wp-json\/wp\/v2\/posts\/108789","targetHints":{"allow":["GET"]}}],"collection":[{"href":"https:\/\/www.africa-press.net\/cotedivoire\/wp-json\/wp\/v2\/posts"}],"about":[{"href":"https:\/\/www.africa-press.net\/cotedivoire\/wp-json\/wp\/v2\/types\/post"}],"author":[{"embeddable":true,"href":"https:\/\/www.africa-press.net\/cotedivoire\/wp-json\/wp\/v2\/users\/82"}],"replies":[{"embeddable":true,"href":"https:\/\/www.africa-press.net\/cotedivoire\/wp-json\/wp\/v2\/comments?post=108789"}],"version-history":[{"count":0,"href":"https:\/\/www.africa-press.net\/cotedivoire\/wp-json\/wp\/v2\/posts\/108789\/revisions"}],"wp:featuredmedia":[{"embeddable":true,"href":"https:\/\/www.africa-press.net\/cotedivoire\/wp-json\/wp\/v2\/media\/108788"}],"wp:attachment":[{"href":"https:\/\/www.africa-press.net\/cotedivoire\/wp-json\/wp\/v2\/media?parent=108789"}],"wp:term":[{"taxonomy":"category","embeddable":true,"href":"https:\/\/www.africa-press.net\/cotedivoire\/wp-json\/wp\/v2\/categories?post=108789"},{"taxonomy":"post_tag","embeddable":true,"href":"https:\/\/www.africa-press.net\/cotedivoire\/wp-json\/wp\/v2\/tags?post=108789"}],"curies":[{"name":"wp","href":"https:\/\/api.w.org\/{rel}","templated":true}]}}