{"id":10879,"date":"2021-08-05T17:29:53","date_gmt":"2021-08-05T17:29:53","guid":{"rendered":"https:\/\/www.africa-press.net\/cotedivoire\/?p=10879"},"modified":"2021-08-05T20:08:41","modified_gmt":"2021-08-05T20:08:41","slug":"traite-de-malien-lex-prisonnier-de-la-maca-issiaka-diaby-se-fache-et-annonce-des-poursuites-contre-des-medias-devant-les-tribunaux","status":"publish","type":"post","link":"https:\/\/www.africa-press.net\/cotedivoire\/politique\/traite-de-malien-lex-prisonnier-de-la-maca-issiaka-diaby-se-fache-et-annonce-des-poursuites-contre-des-medias-devant-les-tribunaux","title":{"rendered":"Trait\u00e9 de Malien, l\u2019ex prisonnier de la MACA Issiaka Diaby se f\u00e2che et annonce des poursuites contre des m\u00e9dias devant les tribunaux"},"content":{"rendered":"<p><span style=\"color: #ff6600\"><strong><a href=\"https:\/\/www.africa-press.net\/\">Africa-Press<\/a> &#8211; <a href=\"https:\/\/www.africa-press.net\/cotedivoire\">C\u00f4te d&rsquo;Ivoire<\/a>. <\/strong><\/span>Dans une enqu\u00eate exclusive, Ivoir\u2019Hebdo du journaliste Silver Konan, proche du PDCI-RDA, avait r\u00e9v\u00e9l\u00e9 que Issiaka Diaby, le tonitruant pr\u00e9sident du Collectif des victimes de C\u00f4te d\u2019Ivoire (CVCI) avait \u00e9t\u00e9 emprisonn\u00e9 \u00e0 la Maison d\u2019arr\u00eat et de correction d\u2019Abidjan (MACA).<\/p>\n<p>L\u2019enqu\u00eate avait pour titre : \u00ab Issiaka Diaby : L\u2019histoire cach\u00e9e d\u2019un ex-prisonnier de la MACA \u00bb. Le journal apprend \u00e0 ses lecteurs que celui qui r\u00e9clame que la justice ivoirienne proc\u00e8de \u00e0 l\u2019arrestation de Laurent Gbagbo, l\u2019ex-pr\u00e9sident de la R\u00e9publique, rentr\u00e9 le 17 juin 2021, en C\u00f4te d\u2019Ivoire, apr\u00e8s son acquittement par la Cour p\u00e9nale internationale (CPI) ; a fait un s\u00e9jour \u00e0 la plus grande prison du pays.<\/p>\n<p>\u00ab Arr\u00eat\u00e9 pour abus de confiance et escroquerie en 2010 \u00bb, souligne le journal, qui a donn\u00e9 des d\u00e9tails sur les 2 affaires et les 3 victimes.<\/p>\n<p>Interrog\u00e9 sur ce qu\u2019il dit de cette affaire m\u00e9connue du grand public, Issiaka Diaby dont l\u2019int\u00e9gralit\u00e9 des propos ont \u00e9t\u00e9 retranscrits, a pos\u00e9 des questions \u00e0 son tour.<\/p>\n<p>\u00ab Qu\u2019est-ce que \u00e7a nous apporte, vous et moi ? \u00c7a apporte quoi au processus de r\u00e9conciliation nationale ? \u00c7a c\u2019est leur probl\u00e8me qu\u2019ils \u00e9crivent ce qu\u2019ils veulent \u00bb, a questionn\u00e9 Issiaka Diaby.<\/p>\n<p>Avant d\u2019annoncer : \u00ab J\u2019ai d\u00e9j\u00e0 saisi le Conseil national de la presse (CNP, actuelle Autorit\u00e9 nationale de la presse \u2013 ANP) contre ceux qui me diffament. La proc\u00e9dure est en cours. Les gens ont fait pire que \u00e7a. Ils m\u2019ont trait\u00e9 de Malien, ils ont menac\u00e9 mes enfants \u00bb.<\/p>\n<p>Le pr\u00e9sident du CVCI est droit dans ses bottes, \u00e0 en croire le journal. \u00ab Si ces personnes le font dans l\u2019intention de me fragiliser, ils ont tir\u00e9 dans l\u2019eau \u00bb, a-t-il pr\u00e9venu.<\/p>\n<p>Rappelons que Issiaka Diaby a organis\u00e9 un sit-in devant le palais de justice du Plateau, \u00e0 une semaine de l\u2019arriv\u00e9e de l\u2019ex-pr\u00e9sident de la R\u00e9publique, Laurent Gbagbo.<\/p>\n<p>\u00ab Le 17 juin, nous, on sera \u00e0 l\u2019a\u00e9roport. M\u00eame si on doit descendre sur le tarmac, on sera l\u00e0-bas, on va aller chercher Gbagbo dans l\u2019avion et l\u2019envoyer \u00e0 la MACA \u00ab , avait-il d\u00e9clar\u00e9 devant la presse.<\/p>\n<p>\u00ab Dans un pays, on ne peut pas vouloir l\u2019\u00e9mergence des institutions fortes en les fragilisant. Pour nous, pour qu\u2019il y ait des institutions fortes, il faut que les actes rendus par la justice soient respect\u00e9s \u00bb, avait martel\u00e9 Issiaka Diaby.<\/p>\n<p>&nbsp;<\/p>\n","protected":false},"excerpt":{"rendered":"<p>Africa-Press &#8211; C\u00f4te d&rsquo;Ivoire. Dans une enqu\u00eate exclusive, Ivoir\u2019Hebdo du journaliste Silver Konan, proche du PDCI-RDA, avait r\u00e9v\u00e9l\u00e9 que Issiaka Diaby, le tonitruant pr\u00e9sident du Collectif des victimes de C\u00f4te d\u2019Ivoire (CVCI) avait \u00e9t\u00e9 emprisonn\u00e9 \u00e0 la Maison d\u2019arr\u00eat et de correction d\u2019Abidjan (MACA). L\u2019enqu\u00eate avait pour titre : \u00ab Issiaka Diaby : L\u2019histoire cach\u00e9e [&hellip;]<\/p>\n","protected":false},"author":82,"featured_media":10878,"comment_status":"open","ping_status":"closed","sticky":false,"template":"","format":"standard","meta":{"footnotes":""},"categories":[11,2,20,10],"tags":[56,63,29],"class_list":["post-10879","post","type-post","status-publish","format-standard","has-post-thumbnail","hentry","category-homepage-french","category-politique","category-top-nouvelles","category-toutes-les-actualites","tag-africa-press","tag-africa-press-cote-divoire","tag-cote-divoire"],"yoast_head":"<!-- This site is optimized with the Yoast SEO Premium plugin v26.1 (Yoast SEO v27.0) - https:\/\/yoast.com\/product\/yoast-seo-premium-wordpress\/ -->\n<title>Trait\u00e9 de Malien, l\u2019ex prisonnier de la MACA Issiaka Diaby se f\u00e2che et annonce des poursuites contre des m\u00e9dias devant les tribunaux - C\u00f4te d&#039;Ivoire<\/title>\n<meta name=\"description\" content=\"Dans une enqu\u00eate exclusive, Ivoir\u2019Hebdo du journaliste Silver Konan, proche du PDCI-RDA, avait r\u00e9v\u00e9l\u00e9 que Issiaka Diaby, ...\" \/>\n<meta name=\"robots\" content=\"index, follow, max-snippet:-1, max-image-preview:large, max-video-preview:-1\" \/>\n<link rel=\"canonical\" href=\"https:\/\/www.africa-press.net\/cotedivoire\/politique\/traite-de-malien-lex-prisonnier-de-la-maca-issiaka-diaby-se-fache-et-annonce-des-poursuites-contre-des-medias-devant-les-tribunaux\" \/>\n<meta property=\"og:locale\" content=\"fr_FR\" \/>\n<meta property=\"og:type\" content=\"article\" \/>\n<meta property=\"og:title\" content=\"Trait\u00e9 de Malien, l\u2019ex prisonnier de la MACA Issiaka Diaby se f\u00e2che et annonce des poursuites contre des m\u00e9dias devant les tribunaux\" \/>\n<meta property=\"og:description\" content=\"Dans une enqu\u00eate exclusive, Ivoir\u2019Hebdo du journaliste Silver Konan, proche du PDCI-RDA, avait r\u00e9v\u00e9l\u00e9 que Issiaka Diaby, ...\" \/>\n<meta property=\"og:url\" content=\"https:\/\/www.africa-press.net\/cotedivoire\/politique\/traite-de-malien-lex-prisonnier-de-la-maca-issiaka-diaby-se-fache-et-annonce-des-poursuites-contre-des-medias-devant-les-tribunaux\" \/>\n<meta property=\"og:site_name\" content=\"C\u00f4te d&#039;Ivoire\" \/>\n<meta property=\"article:published_time\" content=\"2021-08-05T17:29:53+00:00\" \/>\n<meta property=\"article:modified_time\" content=\"2021-08-05T20:08:41+00:00\" \/>\n<meta property=\"og:image\" content=\"https:\/\/static.africa-press.net\/cote\/sites\/43\/2021\/08\/img-610c18fc981c4.jpg\" \/>\n\t<meta property=\"og:image:width\" content=\"720\" \/>\n\t<meta property=\"og:image:height\" content=\"735\" \/>\n\t<meta property=\"og:image:type\" content=\"image\/jpeg\" \/>\n<meta name=\"author\" content=\"cfeditorfr\" \/>\n<meta name=\"twitter:card\" content=\"summary_large_image\" \/>\n<meta name=\"twitter:label1\" content=\"\u00c9crit par\" \/>\n\t<meta name=\"twitter:data1\" content=\"cfeditorfr\" \/>\n\t<meta name=\"twitter:label2\" content=\"Dur\u00e9e de lecture estim\u00e9e\" \/>\n\t<meta name=\"twitter:data2\" content=\"2 minutes\" \/>\n<script type=\"application\/ld+json\" class=\"yoast-schema-graph\">{\"@context\":\"https:\/\/schema.org\",\"@graph\":[{\"@type\":\"Article\",\"@id\":\"https:\/\/www.africa-press.net\/cotedivoire\/politique\/traite-de-malien-lex-prisonnier-de-la-maca-issiaka-diaby-se-fache-et-annonce-des-poursuites-contre-des-medias-devant-les-tribunaux#article\",\"isPartOf\":{\"@id\":\"https:\/\/www.africa-press.net\/cotedivoire\/politique\/traite-de-malien-lex-prisonnier-de-la-maca-issiaka-diaby-se-fache-et-annonce-des-poursuites-contre-des-medias-devant-les-tribunaux\"},\"author\":{\"name\":\"cfeditorfr\",\"@id\":\"https:\/\/www.africa-press.net\/cotedivoire\/#\/schema\/person\/2b1cf3cd81a31e3cd26889ca66d677f1\"},\"headline\":\"Trait\u00e9 de Malien, l\u2019ex prisonnier de la MACA Issiaka Diaby se f\u00e2che et annonce des poursuites contre des m\u00e9dias devant les tribunaux\",\"datePublished\":\"2021-08-05T17:29:53+00:00\",\"dateModified\":\"2021-08-05T20:08:41+00:00\",\"mainEntityOfPage\":{\"@id\":\"https:\/\/www.africa-press.net\/cotedivoire\/politique\/traite-de-malien-lex-prisonnier-de-la-maca-issiaka-diaby-se-fache-et-annonce-des-poursuites-contre-des-medias-devant-les-tribunaux\"},\"wordCount\":445,\"commentCount\":0,\"image\":{\"@id\":\"https:\/\/www.africa-press.net\/cotedivoire\/politique\/traite-de-malien-lex-prisonnier-de-la-maca-issiaka-diaby-se-fache-et-annonce-des-poursuites-contre-des-medias-devant-les-tribunaux#primaryimage\"},\"thumbnailUrl\":\"https:\/\/static.africa-press.net\/cote\/sites\/43\/2021\/08\/img-610c18fc981c4.jpg\",\"keywords\":[\"Africa Press\",\"Africa Press-C\u00f4te d'Ivoire\",\"C\u00d4TE D'IVOIRE\"],\"articleSection\":[\"homepage-french\",\"Politique\",\"Top Nouvelles\",\"Toutes les actualit\u00e9s\"],\"inLanguage\":\"fr-FR\",\"potentialAction\":[{\"@type\":\"CommentAction\",\"name\":\"Comment\",\"target\":[\"https:\/\/www.africa-press.net\/cotedivoire\/politique\/traite-de-malien-lex-prisonnier-de-la-maca-issiaka-diaby-se-fache-et-annonce-des-poursuites-contre-des-medias-devant-les-tribunaux#respond\"]}]},{\"@type\":\"WebPage\",\"@id\":\"https:\/\/www.africa-press.net\/cotedivoire\/politique\/traite-de-malien-lex-prisonnier-de-la-maca-issiaka-diaby-se-fache-et-annonce-des-poursuites-contre-des-medias-devant-les-tribunaux\",\"url\":\"https:\/\/www.africa-press.net\/cotedivoire\/politique\/traite-de-malien-lex-prisonnier-de-la-maca-issiaka-diaby-se-fache-et-annonce-des-poursuites-contre-des-medias-devant-les-tribunaux\",\"name\":\"Trait\u00e9 de Malien, l\u2019ex prisonnier de la MACA Issiaka Diaby se f\u00e2che et annonce des poursuites contre des m\u00e9dias devant les tribunaux - C\u00f4te d&#039;Ivoire\",\"isPartOf\":{\"@id\":\"https:\/\/www.africa-press.net\/cotedivoire\/#website\"},\"primaryImageOfPage\":{\"@id\":\"https:\/\/www.africa-press.net\/cotedivoire\/politique\/traite-de-malien-lex-prisonnier-de-la-maca-issiaka-diaby-se-fache-et-annonce-des-poursuites-contre-des-medias-devant-les-tribunaux#primaryimage\"},\"image\":{\"@id\":\"https:\/\/www.africa-press.net\/cotedivoire\/politique\/traite-de-malien-lex-prisonnier-de-la-maca-issiaka-diaby-se-fache-et-annonce-des-poursuites-contre-des-medias-devant-les-tribunaux#primaryimage\"},\"thumbnailUrl\":\"https:\/\/static.africa-press.net\/cote\/sites\/43\/2021\/08\/img-610c18fc981c4.jpg\",\"datePublished\":\"2021-08-05T17:29:53+00:00\",\"dateModified\":\"2021-08-05T20:08:41+00:00\",\"author\":{\"@id\":\"https:\/\/www.africa-press.net\/cotedivoire\/#\/schema\/person\/2b1cf3cd81a31e3cd26889ca66d677f1\"},\"description\":\"Dans une enqu\u00eate exclusive, Ivoir\u2019Hebdo du journaliste Silver Konan, proche du PDCI-RDA, avait r\u00e9v\u00e9l\u00e9 que Issiaka Diaby, ...\",\"breadcrumb\":{\"@id\":\"https:\/\/www.africa-press.net\/cotedivoire\/politique\/traite-de-malien-lex-prisonnier-de-la-maca-issiaka-diaby-se-fache-et-annonce-des-poursuites-contre-des-medias-devant-les-tribunaux#breadcrumb\"},\"inLanguage\":\"fr-FR\",\"potentialAction\":[{\"@type\":\"ReadAction\",\"target\":[\"https:\/\/www.africa-press.net\/cotedivoire\/politique\/traite-de-malien-lex-prisonnier-de-la-maca-issiaka-diaby-se-fache-et-annonce-des-poursuites-contre-des-medias-devant-les-tribunaux\"]}]},{\"@type\":\"ImageObject\",\"inLanguage\":\"fr-FR\",\"@id\":\"https:\/\/www.africa-press.net\/cotedivoire\/politique\/traite-de-malien-lex-prisonnier-de-la-maca-issiaka-diaby-se-fache-et-annonce-des-poursuites-contre-des-medias-devant-les-tribunaux#primaryimage\",\"url\":\"https:\/\/static.africa-press.net\/cote\/sites\/43\/2021\/08\/img-610c18fc981c4.jpg\",\"contentUrl\":\"https:\/\/static.africa-press.net\/cote\/sites\/43\/2021\/08\/img-610c18fc981c4.jpg\",\"width\":720,\"height\":735,\"caption\":\"Trait\u00e9 de Malien, l\u2019ex prisonnier de la MACA Issiaka Diaby se f\u00e2che et annonce des poursuites contre des m\u00e9dias devant les tribunaux\"},{\"@type\":\"BreadcrumbList\",\"@id\":\"https:\/\/www.africa-press.net\/cotedivoire\/politique\/traite-de-malien-lex-prisonnier-de-la-maca-issiaka-diaby-se-fache-et-annonce-des-poursuites-contre-des-medias-devant-les-tribunaux#breadcrumb\",\"itemListElement\":[{\"@type\":\"ListItem\",\"position\":1,\"name\":\"Accueil\",\"item\":\"https:\/\/www.africa-press.net\/cotedivoire\/\"},{\"@type\":\"ListItem\",\"position\":2,\"name\":\"Trait\u00e9 de Malien, l\u2019ex prisonnier de la MACA Issiaka Diaby se f\u00e2che et annonce des poursuites contre des m\u00e9dias devant les tribunaux\"}]},{\"@type\":\"WebSite\",\"@id\":\"https:\/\/www.africa-press.net\/cotedivoire\/#website\",\"url\":\"https:\/\/www.africa-press.net\/cotedivoire\/\",\"name\":\"C\u00f4te d&#039;Ivoire\",\"description\":\"Just another Africa News Agency Sites site\",\"potentialAction\":[{\"@type\":\"SearchAction\",\"target\":{\"@type\":\"EntryPoint\",\"urlTemplate\":\"https:\/\/www.africa-press.net\/cotedivoire\/?s={search_term_string}\"},\"query-input\":{\"@type\":\"PropertyValueSpecification\",\"valueRequired\":true,\"valueName\":\"search_term_string\"}}],\"inLanguage\":\"fr-FR\"},{\"@type\":\"Person\",\"@id\":\"https:\/\/www.africa-press.net\/cotedivoire\/#\/schema\/person\/2b1cf3cd81a31e3cd26889ca66d677f1\",\"name\":\"cfeditorfr\"}]}<\/script>\n<!-- \/ Yoast SEO Premium plugin. -->","yoast_head_json":{"title":"Trait\u00e9 de Malien, l\u2019ex prisonnier de la MACA Issiaka Diaby se f\u00e2che et annonce des poursuites contre des m\u00e9dias devant les tribunaux - C\u00f4te d&#039;Ivoire","description":"Dans une enqu\u00eate exclusive, Ivoir\u2019Hebdo du journaliste Silver Konan, proche du PDCI-RDA, avait r\u00e9v\u00e9l\u00e9 que Issiaka Diaby, ...","robots":{"index":"index","follow":"follow","max-snippet":"max-snippet:-1","max-image-preview":"max-image-preview:large","max-video-preview":"max-video-preview:-1"},"canonical":"https:\/\/www.africa-press.net\/cotedivoire\/politique\/traite-de-malien-lex-prisonnier-de-la-maca-issiaka-diaby-se-fache-et-annonce-des-poursuites-contre-des-medias-devant-les-tribunaux","og_locale":"fr_FR","og_type":"article","og_title":"Trait\u00e9 de Malien, l\u2019ex prisonnier de la MACA Issiaka Diaby se f\u00e2che et annonce des poursuites contre des m\u00e9dias devant les tribunaux","og_description":"Dans une enqu\u00eate exclusive, Ivoir\u2019Hebdo du journaliste Silver Konan, proche du PDCI-RDA, avait r\u00e9v\u00e9l\u00e9 que Issiaka Diaby, ...","og_url":"https:\/\/www.africa-press.net\/cotedivoire\/politique\/traite-de-malien-lex-prisonnier-de-la-maca-issiaka-diaby-se-fache-et-annonce-des-poursuites-contre-des-medias-devant-les-tribunaux","og_site_name":"C\u00f4te d&#039;Ivoire","article_published_time":"2021-08-05T17:29:53+00:00","article_modified_time":"2021-08-05T20:08:41+00:00","og_image":[{"width":720,"height":735,"url":"https:\/\/static.africa-press.net\/cote\/sites\/43\/2021\/08\/img-610c18fc981c4.jpg","type":"image\/jpeg"}],"author":"cfeditorfr","twitter_card":"summary_large_image","twitter_misc":{"\u00c9crit par":"cfeditorfr","Dur\u00e9e de lecture estim\u00e9e":"2 minutes"},"schema":{"@context":"https:\/\/schema.org","@graph":[{"@type":"Article","@id":"https:\/\/www.africa-press.net\/cotedivoire\/politique\/traite-de-malien-lex-prisonnier-de-la-maca-issiaka-diaby-se-fache-et-annonce-des-poursuites-contre-des-medias-devant-les-tribunaux#article","isPartOf":{"@id":"https:\/\/www.africa-press.net\/cotedivoire\/politique\/traite-de-malien-lex-prisonnier-de-la-maca-issiaka-diaby-se-fache-et-annonce-des-poursuites-contre-des-medias-devant-les-tribunaux"},"author":{"name":"cfeditorfr","@id":"https:\/\/www.africa-press.net\/cotedivoire\/#\/schema\/person\/2b1cf3cd81a31e3cd26889ca66d677f1"},"headline":"Trait\u00e9 de Malien, l\u2019ex prisonnier de la MACA Issiaka Diaby se f\u00e2che et annonce des poursuites contre des m\u00e9dias devant les tribunaux","datePublished":"2021-08-05T17:29:53+00:00","dateModified":"2021-08-05T20:08:41+00:00","mainEntityOfPage":{"@id":"https:\/\/www.africa-press.net\/cotedivoire\/politique\/traite-de-malien-lex-prisonnier-de-la-maca-issiaka-diaby-se-fache-et-annonce-des-poursuites-contre-des-medias-devant-les-tribunaux"},"wordCount":445,"commentCount":0,"image":{"@id":"https:\/\/www.africa-press.net\/cotedivoire\/politique\/traite-de-malien-lex-prisonnier-de-la-maca-issiaka-diaby-se-fache-et-annonce-des-poursuites-contre-des-medias-devant-les-tribunaux#primaryimage"},"thumbnailUrl":"https:\/\/static.africa-press.net\/cote\/sites\/43\/2021\/08\/img-610c18fc981c4.jpg","keywords":["Africa Press","Africa Press-C\u00f4te d'Ivoire","C\u00d4TE D'IVOIRE"],"articleSection":["homepage-french","Politique","Top Nouvelles","Toutes les actualit\u00e9s"],"inLanguage":"fr-FR","potentialAction":[{"@type":"CommentAction","name":"Comment","target":["https:\/\/www.africa-press.net\/cotedivoire\/politique\/traite-de-malien-lex-prisonnier-de-la-maca-issiaka-diaby-se-fache-et-annonce-des-poursuites-contre-des-medias-devant-les-tribunaux#respond"]}]},{"@type":"WebPage","@id":"https:\/\/www.africa-press.net\/cotedivoire\/politique\/traite-de-malien-lex-prisonnier-de-la-maca-issiaka-diaby-se-fache-et-annonce-des-poursuites-contre-des-medias-devant-les-tribunaux","url":"https:\/\/www.africa-press.net\/cotedivoire\/politique\/traite-de-malien-lex-prisonnier-de-la-maca-issiaka-diaby-se-fache-et-annonce-des-poursuites-contre-des-medias-devant-les-tribunaux","name":"Trait\u00e9 de Malien, l\u2019ex prisonnier de la MACA Issiaka Diaby se f\u00e2che et annonce des poursuites contre des m\u00e9dias devant les tribunaux - C\u00f4te d&#039;Ivoire","isPartOf":{"@id":"https:\/\/www.africa-press.net\/cotedivoire\/#website"},"primaryImageOfPage":{"@id":"https:\/\/www.africa-press.net\/cotedivoire\/politique\/traite-de-malien-lex-prisonnier-de-la-maca-issiaka-diaby-se-fache-et-annonce-des-poursuites-contre-des-medias-devant-les-tribunaux#primaryimage"},"image":{"@id":"https:\/\/www.africa-press.net\/cotedivoire\/politique\/traite-de-malien-lex-prisonnier-de-la-maca-issiaka-diaby-se-fache-et-annonce-des-poursuites-contre-des-medias-devant-les-tribunaux#primaryimage"},"thumbnailUrl":"https:\/\/static.africa-press.net\/cote\/sites\/43\/2021\/08\/img-610c18fc981c4.jpg","datePublished":"2021-08-05T17:29:53+00:00","dateModified":"2021-08-05T20:08:41+00:00","author":{"@id":"https:\/\/www.africa-press.net\/cotedivoire\/#\/schema\/person\/2b1cf3cd81a31e3cd26889ca66d677f1"},"description":"Dans une enqu\u00eate exclusive, Ivoir\u2019Hebdo du journaliste Silver Konan, proche du PDCI-RDA, avait r\u00e9v\u00e9l\u00e9 que Issiaka Diaby, ...","breadcrumb":{"@id":"https:\/\/www.africa-press.net\/cotedivoire\/politique\/traite-de-malien-lex-prisonnier-de-la-maca-issiaka-diaby-se-fache-et-annonce-des-poursuites-contre-des-medias-devant-les-tribunaux#breadcrumb"},"inLanguage":"fr-FR","potentialAction":[{"@type":"ReadAction","target":["https:\/\/www.africa-press.net\/cotedivoire\/politique\/traite-de-malien-lex-prisonnier-de-la-maca-issiaka-diaby-se-fache-et-annonce-des-poursuites-contre-des-medias-devant-les-tribunaux"]}]},{"@type":"ImageObject","inLanguage":"fr-FR","@id":"https:\/\/www.africa-press.net\/cotedivoire\/politique\/traite-de-malien-lex-prisonnier-de-la-maca-issiaka-diaby-se-fache-et-annonce-des-poursuites-contre-des-medias-devant-les-tribunaux#primaryimage","url":"https:\/\/static.africa-press.net\/cote\/sites\/43\/2021\/08\/img-610c18fc981c4.jpg","contentUrl":"https:\/\/static.africa-press.net\/cote\/sites\/43\/2021\/08\/img-610c18fc981c4.jpg","width":720,"height":735,"caption":"Trait\u00e9 de Malien, l\u2019ex prisonnier de la MACA Issiaka Diaby se f\u00e2che et annonce des poursuites contre des m\u00e9dias devant les tribunaux"},{"@type":"BreadcrumbList","@id":"https:\/\/www.africa-press.net\/cotedivoire\/politique\/traite-de-malien-lex-prisonnier-de-la-maca-issiaka-diaby-se-fache-et-annonce-des-poursuites-contre-des-medias-devant-les-tribunaux#breadcrumb","itemListElement":[{"@type":"ListItem","position":1,"name":"Accueil","item":"https:\/\/www.africa-press.net\/cotedivoire\/"},{"@type":"ListItem","position":2,"name":"Trait\u00e9 de Malien, l\u2019ex prisonnier de la MACA Issiaka Diaby se f\u00e2che et annonce des poursuites contre des m\u00e9dias devant les tribunaux"}]},{"@type":"WebSite","@id":"https:\/\/www.africa-press.net\/cotedivoire\/#website","url":"https:\/\/www.africa-press.net\/cotedivoire\/","name":"C\u00f4te d&#039;Ivoire","description":"Just another Africa News Agency Sites site","potentialAction":[{"@type":"SearchAction","target":{"@type":"EntryPoint","urlTemplate":"https:\/\/www.africa-press.net\/cotedivoire\/?s={search_term_string}"},"query-input":{"@type":"PropertyValueSpecification","valueRequired":true,"valueName":"search_term_string"}}],"inLanguage":"fr-FR"},{"@type":"Person","@id":"https:\/\/www.africa-press.net\/cotedivoire\/#\/schema\/person\/2b1cf3cd81a31e3cd26889ca66d677f1","name":"cfeditorfr"}]}},"_links":{"self":[{"href":"https:\/\/www.africa-press.net\/cotedivoire\/wp-json\/wp\/v2\/posts\/10879","targetHints":{"allow":["GET"]}}],"collection":[{"href":"https:\/\/www.africa-press.net\/cotedivoire\/wp-json\/wp\/v2\/posts"}],"about":[{"href":"https:\/\/www.africa-press.net\/cotedivoire\/wp-json\/wp\/v2\/types\/post"}],"author":[{"embeddable":true,"href":"https:\/\/www.africa-press.net\/cotedivoire\/wp-json\/wp\/v2\/users\/82"}],"replies":[{"embeddable":true,"href":"https:\/\/www.africa-press.net\/cotedivoire\/wp-json\/wp\/v2\/comments?post=10879"}],"version-history":[{"count":0,"href":"https:\/\/www.africa-press.net\/cotedivoire\/wp-json\/wp\/v2\/posts\/10879\/revisions"}],"wp:featuredmedia":[{"embeddable":true,"href":"https:\/\/www.africa-press.net\/cotedivoire\/wp-json\/wp\/v2\/media\/10878"}],"wp:attachment":[{"href":"https:\/\/www.africa-press.net\/cotedivoire\/wp-json\/wp\/v2\/media?parent=10879"}],"wp:term":[{"taxonomy":"category","embeddable":true,"href":"https:\/\/www.africa-press.net\/cotedivoire\/wp-json\/wp\/v2\/categories?post=10879"},{"taxonomy":"post_tag","embeddable":true,"href":"https:\/\/www.africa-press.net\/cotedivoire\/wp-json\/wp\/v2\/tags?post=10879"}],"curies":[{"name":"wp","href":"https:\/\/api.w.org\/{rel}","templated":true}]}}