{"id":108802,"date":"2025-11-17T14:40:08","date_gmt":"2025-11-17T14:40:08","guid":{"rendered":"https:\/\/www.africa-press.net\/cotedivoire\/politique\/seko-fofana-forfait-pour-match-amical-contre-oman"},"modified":"2025-11-17T15:04:54","modified_gmt":"2025-11-17T15:04:54","slug":"seko-fofana-forfait-pour-match-amical-contre-oman","status":"publish","type":"post","link":"https:\/\/www.africa-press.net\/cotedivoire\/sports\/seko-fofana-forfait-pour-match-amical-contre-oman","title":{"rendered":"Seko Fofana Forfait Pour Match Amical Contre Oman"},"content":{"rendered":"<p><span style=\"color: #ff6600\"><strong>Africa-Press &#8211; C\u00f4te d&rsquo;Ivoire. <\/strong><\/span>Lors de la fene\u0302tre FIFA de novembre 2025, la Co\u0302te d&rsquo;Ivoire devait affronter Oman en match amical ce mardi 18 novembre. Cependant, la se\u0301lection ivoirienne a du\u0302 se faire a\u0300 l&rsquo;absence de son milieu de terrain, Seko Fofana, qui a e\u0301te\u0301 contraint de quitter le regroupement a\u0300 la suite d\u2019une blessure.<\/p>\n<p>Le joueur a ressenti une ge\u0302ne a\u0300 la cuisse lors d&rsquo;un entrai\u0302nement le jeudi 13 novembre 2025. Apre\u0300s une e\u0301valuation par le staff me\u0301dical, il a e\u0301te\u0301 de\u0301cide\u0301 que Seko Fofana ne participerait pas au match contre Oman. Ne pouvant pas poursuivre sa pre\u0301paration avec l&rsquo;e\u0301quipe, il a quitte\u0301 le camp de se\u0301lection et est retourne\u0301 dans son club ce dimanche 16 novembre pour suivre un traitement afin de soigner cette blessure.<\/p>\n<p>La Fe\u0301de\u0301ration Ivoirienne de Football a exprime\u0301 ses v\u0153ux de prompt re\u0301tablissement pour le joueur et a pre\u0301cise\u0301 qu\u2019il n\u2019avait pas pris part au premier match amical de la pe\u0301riode en raison de cette ge\u0302ne.<\/p>\n<p><strong>Pour plus d&rsquo;informations et d&rsquo;analyses sur la <span style=\"color: #ff6600\">C\u00f4te d&rsquo;Ivoire<\/span>, suivez <span style=\"color: #ff6600\">Africa-Press<\/span><\/strong><\/p>\n","protected":false},"excerpt":{"rendered":"<p>Africa-Press &#8211; C\u00f4te d&rsquo;Ivoire. Lors de la fene\u0302tre FIFA de novembre 2025, la Co\u0302te d&rsquo;Ivoire devait affronter Oman en match amical ce mardi 18 novembre. Cependant, la se\u0301lection ivoirienne a du\u0302 se faire a\u0300 l&rsquo;absence de son milieu de terrain, Seko Fofana, qui a e\u0301te\u0301 contraint de quitter le regroupement a\u0300 la suite d\u2019une blessure. [&hellip;]<\/p>\n","protected":false},"author":82,"featured_media":108801,"comment_status":"open","ping_status":"closed","sticky":false,"template":"","format":"standard","meta":{"footnotes":""},"categories":[6,10],"tags":[12596,29,569,6101,2394,1933],"class_list":["post-108802","post","type-post","status-publish","format-standard","has-post-thumbnail","hentry","category-sports","category-toutes-les-actualites","tag-blessure","tag-cote-divoire","tag-fifa","tag-seko-fofana","tag-selection","tag-terrain"],"yoast_head":"<!-- This site is optimized with the Yoast SEO Premium plugin v26.1 (Yoast SEO v27.0) - https:\/\/yoast.com\/product\/yoast-seo-premium-wordpress\/ -->\n<title>Seko Fofana Forfait Pour Match Amical Contre Oman - C\u00f4te d&#039;Ivoire<\/title>\n<meta name=\"description\" content=\"Lors de la fene\u0302tre FIFA de novembre 2025, la Co\u0302te d&#039;Ivoire devait affronter Oman en match amical ce mardi 18 novembre. ...\" \/>\n<meta name=\"robots\" content=\"index, follow, max-snippet:-1, max-image-preview:large, max-video-preview:-1\" \/>\n<link rel=\"canonical\" href=\"https:\/\/www.africa-press.net\/cotedivoire\/sports\/seko-fofana-forfait-pour-match-amical-contre-oman\" \/>\n<meta property=\"og:locale\" content=\"fr_FR\" \/>\n<meta property=\"og:type\" content=\"article\" \/>\n<meta property=\"og:title\" content=\"Seko Fofana Forfait Pour Match Amical Contre Oman\" \/>\n<meta property=\"og:description\" content=\"Lors de la fene\u0302tre FIFA de novembre 2025, la Co\u0302te d&#039;Ivoire devait affronter Oman en match amical ce mardi 18 novembre. ...\" \/>\n<meta property=\"og:url\" content=\"https:\/\/www.africa-press.net\/cotedivoire\/sports\/seko-fofana-forfait-pour-match-amical-contre-oman\" \/>\n<meta property=\"og:site_name\" content=\"C\u00f4te d&#039;Ivoire\" \/>\n<meta property=\"article:published_time\" content=\"2025-11-17T14:40:08+00:00\" \/>\n<meta property=\"article:modified_time\" content=\"2025-11-17T15:04:54+00:00\" \/>\n<meta property=\"og:image\" content=\"https:\/\/static.africa-press.net\/cote\/sites\/43\/2025\/11\/sm_1763379249.013105.jpg\" \/>\n\t<meta property=\"og:image:width\" content=\"720\" \/>\n\t<meta property=\"og:image:height\" content=\"435\" \/>\n\t<meta property=\"og:image:type\" content=\"image\/jpeg\" \/>\n<meta name=\"author\" content=\"cfeditorfr\" \/>\n<meta name=\"twitter:card\" content=\"summary_large_image\" \/>\n<meta name=\"twitter:label1\" content=\"\u00c9crit par\" \/>\n\t<meta name=\"twitter:data1\" content=\"cfeditorfr\" \/>\n\t<meta name=\"twitter:label2\" content=\"Dur\u00e9e de lecture estim\u00e9e\" \/>\n\t<meta name=\"twitter:data2\" content=\"1 minute\" \/>\n<script type=\"application\/ld+json\" class=\"yoast-schema-graph\">{\"@context\":\"https:\/\/schema.org\",\"@graph\":[{\"@type\":\"Article\",\"@id\":\"https:\/\/www.africa-press.net\/cotedivoire\/sports\/seko-fofana-forfait-pour-match-amical-contre-oman#article\",\"isPartOf\":{\"@id\":\"https:\/\/www.africa-press.net\/cotedivoire\/sports\/seko-fofana-forfait-pour-match-amical-contre-oman\"},\"author\":{\"name\":\"cfeditorfr\",\"@id\":\"https:\/\/www.africa-press.net\/cotedivoire\/#\/schema\/person\/2b1cf3cd81a31e3cd26889ca66d677f1\"},\"headline\":\"Seko Fofana Forfait Pour Match Amical Contre Oman\",\"datePublished\":\"2025-11-17T14:40:08+00:00\",\"dateModified\":\"2025-11-17T15:04:54+00:00\",\"mainEntityOfPage\":{\"@id\":\"https:\/\/www.africa-press.net\/cotedivoire\/sports\/seko-fofana-forfait-pour-match-amical-contre-oman\"},\"wordCount\":210,\"commentCount\":0,\"image\":{\"@id\":\"https:\/\/www.africa-press.net\/cotedivoire\/sports\/seko-fofana-forfait-pour-match-amical-contre-oman#primaryimage\"},\"thumbnailUrl\":\"https:\/\/static.africa-press.net\/cote\/sites\/43\/2025\/11\/sm_1763379249.013105.jpg\",\"keywords\":[\"blessure\",\"C\u00d4TE D'IVOIRE\",\"FIFA\",\"Seko Fofana\",\"s\u00e9lection\",\"terrain\"],\"articleSection\":[\"Sports\",\"Toutes les actualit\u00e9s\"],\"inLanguage\":\"fr-FR\",\"potentialAction\":[{\"@type\":\"CommentAction\",\"name\":\"Comment\",\"target\":[\"https:\/\/www.africa-press.net\/cotedivoire\/sports\/seko-fofana-forfait-pour-match-amical-contre-oman#respond\"]}]},{\"@type\":\"WebPage\",\"@id\":\"https:\/\/www.africa-press.net\/cotedivoire\/sports\/seko-fofana-forfait-pour-match-amical-contre-oman\",\"url\":\"https:\/\/www.africa-press.net\/cotedivoire\/sports\/seko-fofana-forfait-pour-match-amical-contre-oman\",\"name\":\"Seko Fofana Forfait Pour Match Amical Contre Oman - C\u00f4te d&#039;Ivoire\",\"isPartOf\":{\"@id\":\"https:\/\/www.africa-press.net\/cotedivoire\/#website\"},\"primaryImageOfPage\":{\"@id\":\"https:\/\/www.africa-press.net\/cotedivoire\/sports\/seko-fofana-forfait-pour-match-amical-contre-oman#primaryimage\"},\"image\":{\"@id\":\"https:\/\/www.africa-press.net\/cotedivoire\/sports\/seko-fofana-forfait-pour-match-amical-contre-oman#primaryimage\"},\"thumbnailUrl\":\"https:\/\/static.africa-press.net\/cote\/sites\/43\/2025\/11\/sm_1763379249.013105.jpg\",\"datePublished\":\"2025-11-17T14:40:08+00:00\",\"dateModified\":\"2025-11-17T15:04:54+00:00\",\"author\":{\"@id\":\"https:\/\/www.africa-press.net\/cotedivoire\/#\/schema\/person\/2b1cf3cd81a31e3cd26889ca66d677f1\"},\"description\":\"Lors de la fene\u0302tre FIFA de novembre 2025, la Co\u0302te d'Ivoire devait affronter Oman en match amical ce mardi 18 novembre. ...\",\"breadcrumb\":{\"@id\":\"https:\/\/www.africa-press.net\/cotedivoire\/sports\/seko-fofana-forfait-pour-match-amical-contre-oman#breadcrumb\"},\"inLanguage\":\"fr-FR\",\"potentialAction\":[{\"@type\":\"ReadAction\",\"target\":[\"https:\/\/www.africa-press.net\/cotedivoire\/sports\/seko-fofana-forfait-pour-match-amical-contre-oman\"]}]},{\"@type\":\"ImageObject\",\"inLanguage\":\"fr-FR\",\"@id\":\"https:\/\/www.africa-press.net\/cotedivoire\/sports\/seko-fofana-forfait-pour-match-amical-contre-oman#primaryimage\",\"url\":\"https:\/\/static.africa-press.net\/cote\/sites\/43\/2025\/11\/sm_1763379249.013105.jpg\",\"contentUrl\":\"https:\/\/static.africa-press.net\/cote\/sites\/43\/2025\/11\/sm_1763379249.013105.jpg\",\"width\":720,\"height\":435,\"caption\":\"Seko Fofana Forfait Pour Match Amical Contre Oman\"},{\"@type\":\"BreadcrumbList\",\"@id\":\"https:\/\/www.africa-press.net\/cotedivoire\/sports\/seko-fofana-forfait-pour-match-amical-contre-oman#breadcrumb\",\"itemListElement\":[{\"@type\":\"ListItem\",\"position\":1,\"name\":\"Accueil\",\"item\":\"https:\/\/www.africa-press.net\/cotedivoire\/\"},{\"@type\":\"ListItem\",\"position\":2,\"name\":\"Seko Fofana Forfait Pour Match Amical Contre Oman\"}]},{\"@type\":\"WebSite\",\"@id\":\"https:\/\/www.africa-press.net\/cotedivoire\/#website\",\"url\":\"https:\/\/www.africa-press.net\/cotedivoire\/\",\"name\":\"C\u00f4te d&#039;Ivoire\",\"description\":\"Just another Africa News Agency Sites site\",\"potentialAction\":[{\"@type\":\"SearchAction\",\"target\":{\"@type\":\"EntryPoint\",\"urlTemplate\":\"https:\/\/www.africa-press.net\/cotedivoire\/?s={search_term_string}\"},\"query-input\":{\"@type\":\"PropertyValueSpecification\",\"valueRequired\":true,\"valueName\":\"search_term_string\"}}],\"inLanguage\":\"fr-FR\"},{\"@type\":\"Person\",\"@id\":\"https:\/\/www.africa-press.net\/cotedivoire\/#\/schema\/person\/2b1cf3cd81a31e3cd26889ca66d677f1\",\"name\":\"cfeditorfr\"}]}<\/script>\n<!-- \/ Yoast SEO Premium plugin. -->","yoast_head_json":{"title":"Seko Fofana Forfait Pour Match Amical Contre Oman - C\u00f4te d&#039;Ivoire","description":"Lors de la fene\u0302tre FIFA de novembre 2025, la Co\u0302te d'Ivoire devait affronter Oman en match amical ce mardi 18 novembre. ...","robots":{"index":"index","follow":"follow","max-snippet":"max-snippet:-1","max-image-preview":"max-image-preview:large","max-video-preview":"max-video-preview:-1"},"canonical":"https:\/\/www.africa-press.net\/cotedivoire\/sports\/seko-fofana-forfait-pour-match-amical-contre-oman","og_locale":"fr_FR","og_type":"article","og_title":"Seko Fofana Forfait Pour Match Amical Contre Oman","og_description":"Lors de la fene\u0302tre FIFA de novembre 2025, la Co\u0302te d'Ivoire devait affronter Oman en match amical ce mardi 18 novembre. ...","og_url":"https:\/\/www.africa-press.net\/cotedivoire\/sports\/seko-fofana-forfait-pour-match-amical-contre-oman","og_site_name":"C\u00f4te d&#039;Ivoire","article_published_time":"2025-11-17T14:40:08+00:00","article_modified_time":"2025-11-17T15:04:54+00:00","og_image":[{"width":720,"height":435,"url":"https:\/\/static.africa-press.net\/cote\/sites\/43\/2025\/11\/sm_1763379249.013105.jpg","type":"image\/jpeg"}],"author":"cfeditorfr","twitter_card":"summary_large_image","twitter_misc":{"\u00c9crit par":"cfeditorfr","Dur\u00e9e de lecture estim\u00e9e":"1 minute"},"schema":{"@context":"https:\/\/schema.org","@graph":[{"@type":"Article","@id":"https:\/\/www.africa-press.net\/cotedivoire\/sports\/seko-fofana-forfait-pour-match-amical-contre-oman#article","isPartOf":{"@id":"https:\/\/www.africa-press.net\/cotedivoire\/sports\/seko-fofana-forfait-pour-match-amical-contre-oman"},"author":{"name":"cfeditorfr","@id":"https:\/\/www.africa-press.net\/cotedivoire\/#\/schema\/person\/2b1cf3cd81a31e3cd26889ca66d677f1"},"headline":"Seko Fofana Forfait Pour Match Amical Contre Oman","datePublished":"2025-11-17T14:40:08+00:00","dateModified":"2025-11-17T15:04:54+00:00","mainEntityOfPage":{"@id":"https:\/\/www.africa-press.net\/cotedivoire\/sports\/seko-fofana-forfait-pour-match-amical-contre-oman"},"wordCount":210,"commentCount":0,"image":{"@id":"https:\/\/www.africa-press.net\/cotedivoire\/sports\/seko-fofana-forfait-pour-match-amical-contre-oman#primaryimage"},"thumbnailUrl":"https:\/\/static.africa-press.net\/cote\/sites\/43\/2025\/11\/sm_1763379249.013105.jpg","keywords":["blessure","C\u00d4TE D'IVOIRE","FIFA","Seko Fofana","s\u00e9lection","terrain"],"articleSection":["Sports","Toutes les actualit\u00e9s"],"inLanguage":"fr-FR","potentialAction":[{"@type":"CommentAction","name":"Comment","target":["https:\/\/www.africa-press.net\/cotedivoire\/sports\/seko-fofana-forfait-pour-match-amical-contre-oman#respond"]}]},{"@type":"WebPage","@id":"https:\/\/www.africa-press.net\/cotedivoire\/sports\/seko-fofana-forfait-pour-match-amical-contre-oman","url":"https:\/\/www.africa-press.net\/cotedivoire\/sports\/seko-fofana-forfait-pour-match-amical-contre-oman","name":"Seko Fofana Forfait Pour Match Amical Contre Oman - C\u00f4te d&#039;Ivoire","isPartOf":{"@id":"https:\/\/www.africa-press.net\/cotedivoire\/#website"},"primaryImageOfPage":{"@id":"https:\/\/www.africa-press.net\/cotedivoire\/sports\/seko-fofana-forfait-pour-match-amical-contre-oman#primaryimage"},"image":{"@id":"https:\/\/www.africa-press.net\/cotedivoire\/sports\/seko-fofana-forfait-pour-match-amical-contre-oman#primaryimage"},"thumbnailUrl":"https:\/\/static.africa-press.net\/cote\/sites\/43\/2025\/11\/sm_1763379249.013105.jpg","datePublished":"2025-11-17T14:40:08+00:00","dateModified":"2025-11-17T15:04:54+00:00","author":{"@id":"https:\/\/www.africa-press.net\/cotedivoire\/#\/schema\/person\/2b1cf3cd81a31e3cd26889ca66d677f1"},"description":"Lors de la fene\u0302tre FIFA de novembre 2025, la Co\u0302te d'Ivoire devait affronter Oman en match amical ce mardi 18 novembre. ...","breadcrumb":{"@id":"https:\/\/www.africa-press.net\/cotedivoire\/sports\/seko-fofana-forfait-pour-match-amical-contre-oman#breadcrumb"},"inLanguage":"fr-FR","potentialAction":[{"@type":"ReadAction","target":["https:\/\/www.africa-press.net\/cotedivoire\/sports\/seko-fofana-forfait-pour-match-amical-contre-oman"]}]},{"@type":"ImageObject","inLanguage":"fr-FR","@id":"https:\/\/www.africa-press.net\/cotedivoire\/sports\/seko-fofana-forfait-pour-match-amical-contre-oman#primaryimage","url":"https:\/\/static.africa-press.net\/cote\/sites\/43\/2025\/11\/sm_1763379249.013105.jpg","contentUrl":"https:\/\/static.africa-press.net\/cote\/sites\/43\/2025\/11\/sm_1763379249.013105.jpg","width":720,"height":435,"caption":"Seko Fofana Forfait Pour Match Amical Contre Oman"},{"@type":"BreadcrumbList","@id":"https:\/\/www.africa-press.net\/cotedivoire\/sports\/seko-fofana-forfait-pour-match-amical-contre-oman#breadcrumb","itemListElement":[{"@type":"ListItem","position":1,"name":"Accueil","item":"https:\/\/www.africa-press.net\/cotedivoire\/"},{"@type":"ListItem","position":2,"name":"Seko Fofana Forfait Pour Match Amical Contre Oman"}]},{"@type":"WebSite","@id":"https:\/\/www.africa-press.net\/cotedivoire\/#website","url":"https:\/\/www.africa-press.net\/cotedivoire\/","name":"C\u00f4te d&#039;Ivoire","description":"Just another Africa News Agency Sites site","potentialAction":[{"@type":"SearchAction","target":{"@type":"EntryPoint","urlTemplate":"https:\/\/www.africa-press.net\/cotedivoire\/?s={search_term_string}"},"query-input":{"@type":"PropertyValueSpecification","valueRequired":true,"valueName":"search_term_string"}}],"inLanguage":"fr-FR"},{"@type":"Person","@id":"https:\/\/www.africa-press.net\/cotedivoire\/#\/schema\/person\/2b1cf3cd81a31e3cd26889ca66d677f1","name":"cfeditorfr"}]}},"_links":{"self":[{"href":"https:\/\/www.africa-press.net\/cotedivoire\/wp-json\/wp\/v2\/posts\/108802","targetHints":{"allow":["GET"]}}],"collection":[{"href":"https:\/\/www.africa-press.net\/cotedivoire\/wp-json\/wp\/v2\/posts"}],"about":[{"href":"https:\/\/www.africa-press.net\/cotedivoire\/wp-json\/wp\/v2\/types\/post"}],"author":[{"embeddable":true,"href":"https:\/\/www.africa-press.net\/cotedivoire\/wp-json\/wp\/v2\/users\/82"}],"replies":[{"embeddable":true,"href":"https:\/\/www.africa-press.net\/cotedivoire\/wp-json\/wp\/v2\/comments?post=108802"}],"version-history":[{"count":0,"href":"https:\/\/www.africa-press.net\/cotedivoire\/wp-json\/wp\/v2\/posts\/108802\/revisions"}],"wp:featuredmedia":[{"embeddable":true,"href":"https:\/\/www.africa-press.net\/cotedivoire\/wp-json\/wp\/v2\/media\/108801"}],"wp:attachment":[{"href":"https:\/\/www.africa-press.net\/cotedivoire\/wp-json\/wp\/v2\/media?parent=108802"}],"wp:term":[{"taxonomy":"category","embeddable":true,"href":"https:\/\/www.africa-press.net\/cotedivoire\/wp-json\/wp\/v2\/categories?post=108802"},{"taxonomy":"post_tag","embeddable":true,"href":"https:\/\/www.africa-press.net\/cotedivoire\/wp-json\/wp\/v2\/tags?post=108802"}],"curies":[{"name":"wp","href":"https:\/\/api.w.org\/{rel}","templated":true}]}}