{"id":108805,"date":"2025-11-17T14:40:36","date_gmt":"2025-11-17T14:40:36","guid":{"rendered":"https:\/\/www.africa-press.net\/cotedivoire\/politique\/candidature-danne-ouloto-soutenue-par-chefs-traditionnels"},"modified":"2025-11-17T15:05:10","modified_gmt":"2025-11-17T15:05:10","slug":"candidature-danne-ouloto-soutenue-par-chefs-traditionnels","status":"publish","type":"post","link":"https:\/\/www.africa-press.net\/cotedivoire\/politique\/candidature-danne-ouloto-soutenue-par-chefs-traditionnels","title":{"rendered":"Candidature d&rsquo;Anne Ouloto Soutenue par Chefs Traditionnels"},"content":{"rendered":"<p><span style=\"color: #ff6600\"><strong>Africa-Press &#8211; C\u00f4te d&rsquo;Ivoire. <\/strong><\/span>La ministre Anne De\u0301sire\u0301e Ouloto-Lamizana a confie\u0301 aux chefs traditionnels et de communaute\u0301s de Toule\u0301pleu sa candidature aux e\u0301lections le\u0301gislatives du 27 de\u0301cembre prochain. Si elle reconnait qu\u2019un chef ne fait jamais de politique, Anne-De\u0301sire\u0301e Ouloto affirme qu\u2019il \u00ab oriente et donne des conseils a\u0300 son peuple ; il l\u2019aide a\u0300 faire le bon choix. \u00bb<\/p>\n<p>C\u2019est ce ro\u0302le qu\u2019elle attend des chefs traditionnels lors de la prochaine e\u0301lection le\u0301gislative. Elle leur a confie\u0301 sa candidature qui permettra a\u0300 Toule\u0301pleu et a\u0300 l\u2019ensemble de la re\u0301gion de se de\u0301velopper. La totalite\u0301 des villages seront e\u0301lectrifie\u0301s, les routes bitume\u0301es et des infrastructures de base construites au profit des populations.<\/p>\n<p>\u00ab Je suis venu vous pre\u0301senter ma candidature et vous demande de nous accompagner par vos prie\u0300res et vos be\u0301ne\u0301dictions ; pour qu\u2019on gagne. Mon supple\u0301ant est le de\u0301pute\u0301 Kahiba Lambert votre fils \u00bb, a de\u0301clare\u0301 la ministre d&rsquo;E\u0301tat qui e\u0301tait accompagne\u0301 de nombreux e\u0301lus et cadres de la re\u0301gion, par la voix du chef de canton, Guidy Je\u0301ro\u0302me, les chefs traditionnels ont accueilli avec joie la candidature de leur fille. \u00ab Les chefs ne font pas la politique mais savent ce qui est bon pour eux \u00bb, a re\u0301pondu le chef qui a confie\u0301 que les populations prient pour les e\u0301lections le\u0301gislatives apaise\u0301es.<\/p>\n<p>Sa Majeste\u0301 Guidy Je\u0301ro\u0302me, Pre\u0301sident du directoire de la chefferie traditionnelle du Cavally, e\u0301pouse e\u0301galement la vision de la pre\u0301sidente du conseil re\u0301gional du Cavally pour laquelle il ne tarit pas d&rsquo;e\u0301loges. Il soutient qu&rsquo;elle a transforme\u0301, par ses actions de de\u0301veloppement, le cavally en ge\u0301ne\u0301ral et Toule\u0301pleu en particulier.<\/p>\n<p>Artisane infatigable de la mise en \u0153uvre de la politique de de\u0301veloppement du gouvernement dans le Cavally, Anne De\u0301sire\u0301e Ouloto y est selon le garant des us et coutumes, au four et au moulin au quotidien.<\/p>\n<p>a conclu, admiratif, sa majeste\u0301 Guidy Je\u0301ro\u0302me.<\/p>\n<p>Anne Ouloto-Lamizana apre\u0300s avoir obtenu l&rsquo;onction des chefs traditionnels, a pre\u0301sente\u0301 les autres candidats du RHDP dans la re\u0301gion du Cavally. Il a indique\u0301 qu&rsquo;elle veut la victoire a\u0300 100% du RHDP dans les circonscriptions e\u0301lectorales du Cavally. Anne Ouloto Lamizana a appele\u0301 a\u0300 des e\u0301lections le\u0301gislatives apaise\u0301es sans violence.<\/p>\n<p><strong>Pour plus d&rsquo;informations et d&rsquo;analyses sur la <span style=\"color: #ff6600\">C\u00f4te d&rsquo;Ivoire<\/span>, suivez <span style=\"color: #ff6600\">Africa-Press<\/span><\/strong><\/p>\n","protected":false},"excerpt":{"rendered":"<p>Africa-Press &#8211; C\u00f4te d&rsquo;Ivoire. La ministre Anne De\u0301sire\u0301e Ouloto-Lamizana a confie\u0301 aux chefs traditionnels et de communaute\u0301s de Toule\u0301pleu sa candidature aux e\u0301lections le\u0301gislatives du 27 de\u0301cembre prochain. Si elle reconnait qu\u2019un chef ne fait jamais de politique, Anne-De\u0301sire\u0301e Ouloto affirme qu\u2019il \u00ab oriente et donne des conseils a\u0300 son peuple ; il l\u2019aide a\u0300 [&hellip;]<\/p>\n","protected":false},"author":82,"featured_media":108804,"comment_status":"open","ping_status":"closed","sticky":false,"template":"","format":"standard","meta":{"footnotes":""},"categories":[2,10],"tags":[18796,745,29,19507,19506,19356,2968],"class_list":["post-108805","post","type-post","status-publish","format-standard","has-post-thumbnail","hentry","category-politique","category-toutes-les-actualites","tag-anne-desiree-ouloto-lamizana","tag-candidature","tag-cote-divoire","tag-guidy-jerome","tag-kahiba-lambert","tag-legislatives-2025","tag-toulepleu"],"yoast_head":"<!-- This site is optimized with the Yoast SEO Premium plugin v26.1 (Yoast SEO v27.0) - https:\/\/yoast.com\/product\/yoast-seo-premium-wordpress\/ -->\n<title>Candidature d&#039;Anne Ouloto Soutenue par Chefs Traditionnels - C\u00f4te d&#039;Ivoire<\/title>\n<meta name=\"description\" content=\"La ministre Anne De\u0301sire\u0301e Ouloto-Lamizana a confie\u0301 aux chefs traditionnels et de communaute\u0301s de Toule\u0301pleu sa candida ...\" \/>\n<meta name=\"robots\" content=\"index, follow, max-snippet:-1, max-image-preview:large, max-video-preview:-1\" \/>\n<link rel=\"canonical\" href=\"https:\/\/www.africa-press.net\/cotedivoire\/politique\/candidature-danne-ouloto-soutenue-par-chefs-traditionnels\" \/>\n<meta property=\"og:locale\" content=\"fr_FR\" \/>\n<meta property=\"og:type\" content=\"article\" \/>\n<meta property=\"og:title\" content=\"Candidature d&#039;Anne Ouloto Soutenue par Chefs Traditionnels\" \/>\n<meta property=\"og:description\" content=\"La ministre Anne De\u0301sire\u0301e Ouloto-Lamizana a confie\u0301 aux chefs traditionnels et de communaute\u0301s de Toule\u0301pleu sa candida ...\" \/>\n<meta property=\"og:url\" content=\"https:\/\/www.africa-press.net\/cotedivoire\/politique\/candidature-danne-ouloto-soutenue-par-chefs-traditionnels\" \/>\n<meta property=\"og:site_name\" content=\"C\u00f4te d&#039;Ivoire\" \/>\n<meta property=\"article:published_time\" content=\"2025-11-17T14:40:36+00:00\" \/>\n<meta property=\"article:modified_time\" content=\"2025-11-17T15:05:10+00:00\" \/>\n<meta property=\"og:image\" content=\"https:\/\/static.africa-press.net\/cote\/sites\/43\/2025\/11\/sm_1763379263.892534.jpg\" \/>\n\t<meta property=\"og:image:width\" content=\"720\" \/>\n\t<meta property=\"og:image:height\" content=\"478\" \/>\n\t<meta property=\"og:image:type\" content=\"image\/jpeg\" \/>\n<meta name=\"author\" content=\"cfeditorfr\" \/>\n<meta name=\"twitter:card\" content=\"summary_large_image\" \/>\n<meta name=\"twitter:label1\" content=\"\u00c9crit par\" \/>\n\t<meta name=\"twitter:data1\" content=\"cfeditorfr\" \/>\n\t<meta name=\"twitter:label2\" content=\"Dur\u00e9e de lecture estim\u00e9e\" \/>\n\t<meta name=\"twitter:data2\" content=\"2 minutes\" \/>\n<script type=\"application\/ld+json\" class=\"yoast-schema-graph\">{\"@context\":\"https:\/\/schema.org\",\"@graph\":[{\"@type\":\"Article\",\"@id\":\"https:\/\/www.africa-press.net\/cotedivoire\/politique\/candidature-danne-ouloto-soutenue-par-chefs-traditionnels#article\",\"isPartOf\":{\"@id\":\"https:\/\/www.africa-press.net\/cotedivoire\/politique\/candidature-danne-ouloto-soutenue-par-chefs-traditionnels\"},\"author\":{\"name\":\"cfeditorfr\",\"@id\":\"https:\/\/www.africa-press.net\/cotedivoire\/#\/schema\/person\/2b1cf3cd81a31e3cd26889ca66d677f1\"},\"headline\":\"Candidature d&rsquo;Anne Ouloto Soutenue par Chefs Traditionnels\",\"datePublished\":\"2025-11-17T14:40:36+00:00\",\"dateModified\":\"2025-11-17T15:05:10+00:00\",\"mainEntityOfPage\":{\"@id\":\"https:\/\/www.africa-press.net\/cotedivoire\/politique\/candidature-danne-ouloto-soutenue-par-chefs-traditionnels\"},\"wordCount\":445,\"commentCount\":0,\"image\":{\"@id\":\"https:\/\/www.africa-press.net\/cotedivoire\/politique\/candidature-danne-ouloto-soutenue-par-chefs-traditionnels#primaryimage\"},\"thumbnailUrl\":\"https:\/\/static.africa-press.net\/cote\/sites\/43\/2025\/11\/sm_1763379263.892534.jpg\",\"keywords\":[\"Anne D\u00e9sir\u00e9e OULOTO-LAMIZANA\",\"candidature\",\"C\u00d4TE D'IVOIRE\",\"Guidy J\u00e9r\u00f4me\",\"Kahiba Lambert\",\"L\u00e9gislatives 2025\",\"Toul\u00e9pleu\"],\"articleSection\":[\"Politique\",\"Toutes les actualit\u00e9s\"],\"inLanguage\":\"fr-FR\",\"potentialAction\":[{\"@type\":\"CommentAction\",\"name\":\"Comment\",\"target\":[\"https:\/\/www.africa-press.net\/cotedivoire\/politique\/candidature-danne-ouloto-soutenue-par-chefs-traditionnels#respond\"]}]},{\"@type\":\"WebPage\",\"@id\":\"https:\/\/www.africa-press.net\/cotedivoire\/politique\/candidature-danne-ouloto-soutenue-par-chefs-traditionnels\",\"url\":\"https:\/\/www.africa-press.net\/cotedivoire\/politique\/candidature-danne-ouloto-soutenue-par-chefs-traditionnels\",\"name\":\"Candidature d'Anne Ouloto Soutenue par Chefs Traditionnels - C\u00f4te d&#039;Ivoire\",\"isPartOf\":{\"@id\":\"https:\/\/www.africa-press.net\/cotedivoire\/#website\"},\"primaryImageOfPage\":{\"@id\":\"https:\/\/www.africa-press.net\/cotedivoire\/politique\/candidature-danne-ouloto-soutenue-par-chefs-traditionnels#primaryimage\"},\"image\":{\"@id\":\"https:\/\/www.africa-press.net\/cotedivoire\/politique\/candidature-danne-ouloto-soutenue-par-chefs-traditionnels#primaryimage\"},\"thumbnailUrl\":\"https:\/\/static.africa-press.net\/cote\/sites\/43\/2025\/11\/sm_1763379263.892534.jpg\",\"datePublished\":\"2025-11-17T14:40:36+00:00\",\"dateModified\":\"2025-11-17T15:05:10+00:00\",\"author\":{\"@id\":\"https:\/\/www.africa-press.net\/cotedivoire\/#\/schema\/person\/2b1cf3cd81a31e3cd26889ca66d677f1\"},\"description\":\"La ministre Anne De\u0301sire\u0301e Ouloto-Lamizana a confie\u0301 aux chefs traditionnels et de communaute\u0301s de Toule\u0301pleu sa candida ...\",\"breadcrumb\":{\"@id\":\"https:\/\/www.africa-press.net\/cotedivoire\/politique\/candidature-danne-ouloto-soutenue-par-chefs-traditionnels#breadcrumb\"},\"inLanguage\":\"fr-FR\",\"potentialAction\":[{\"@type\":\"ReadAction\",\"target\":[\"https:\/\/www.africa-press.net\/cotedivoire\/politique\/candidature-danne-ouloto-soutenue-par-chefs-traditionnels\"]}]},{\"@type\":\"ImageObject\",\"inLanguage\":\"fr-FR\",\"@id\":\"https:\/\/www.africa-press.net\/cotedivoire\/politique\/candidature-danne-ouloto-soutenue-par-chefs-traditionnels#primaryimage\",\"url\":\"https:\/\/static.africa-press.net\/cote\/sites\/43\/2025\/11\/sm_1763379263.892534.jpg\",\"contentUrl\":\"https:\/\/static.africa-press.net\/cote\/sites\/43\/2025\/11\/sm_1763379263.892534.jpg\",\"width\":720,\"height\":478,\"caption\":\"Candidature d'Anne Ouloto Soutenue par Chefs Traditionnels\"},{\"@type\":\"BreadcrumbList\",\"@id\":\"https:\/\/www.africa-press.net\/cotedivoire\/politique\/candidature-danne-ouloto-soutenue-par-chefs-traditionnels#breadcrumb\",\"itemListElement\":[{\"@type\":\"ListItem\",\"position\":1,\"name\":\"Accueil\",\"item\":\"https:\/\/www.africa-press.net\/cotedivoire\/\"},{\"@type\":\"ListItem\",\"position\":2,\"name\":\"Candidature d&#8217;Anne Ouloto Soutenue par Chefs Traditionnels\"}]},{\"@type\":\"WebSite\",\"@id\":\"https:\/\/www.africa-press.net\/cotedivoire\/#website\",\"url\":\"https:\/\/www.africa-press.net\/cotedivoire\/\",\"name\":\"C\u00f4te d&#039;Ivoire\",\"description\":\"Just another Africa News Agency Sites site\",\"potentialAction\":[{\"@type\":\"SearchAction\",\"target\":{\"@type\":\"EntryPoint\",\"urlTemplate\":\"https:\/\/www.africa-press.net\/cotedivoire\/?s={search_term_string}\"},\"query-input\":{\"@type\":\"PropertyValueSpecification\",\"valueRequired\":true,\"valueName\":\"search_term_string\"}}],\"inLanguage\":\"fr-FR\"},{\"@type\":\"Person\",\"@id\":\"https:\/\/www.africa-press.net\/cotedivoire\/#\/schema\/person\/2b1cf3cd81a31e3cd26889ca66d677f1\",\"name\":\"cfeditorfr\"}]}<\/script>\n<!-- \/ Yoast SEO Premium plugin. -->","yoast_head_json":{"title":"Candidature d'Anne Ouloto Soutenue par Chefs Traditionnels - C\u00f4te d&#039;Ivoire","description":"La ministre Anne De\u0301sire\u0301e Ouloto-Lamizana a confie\u0301 aux chefs traditionnels et de communaute\u0301s de Toule\u0301pleu sa candida ...","robots":{"index":"index","follow":"follow","max-snippet":"max-snippet:-1","max-image-preview":"max-image-preview:large","max-video-preview":"max-video-preview:-1"},"canonical":"https:\/\/www.africa-press.net\/cotedivoire\/politique\/candidature-danne-ouloto-soutenue-par-chefs-traditionnels","og_locale":"fr_FR","og_type":"article","og_title":"Candidature d'Anne Ouloto Soutenue par Chefs Traditionnels","og_description":"La ministre Anne De\u0301sire\u0301e Ouloto-Lamizana a confie\u0301 aux chefs traditionnels et de communaute\u0301s de Toule\u0301pleu sa candida ...","og_url":"https:\/\/www.africa-press.net\/cotedivoire\/politique\/candidature-danne-ouloto-soutenue-par-chefs-traditionnels","og_site_name":"C\u00f4te d&#039;Ivoire","article_published_time":"2025-11-17T14:40:36+00:00","article_modified_time":"2025-11-17T15:05:10+00:00","og_image":[{"width":720,"height":478,"url":"https:\/\/static.africa-press.net\/cote\/sites\/43\/2025\/11\/sm_1763379263.892534.jpg","type":"image\/jpeg"}],"author":"cfeditorfr","twitter_card":"summary_large_image","twitter_misc":{"\u00c9crit par":"cfeditorfr","Dur\u00e9e de lecture estim\u00e9e":"2 minutes"},"schema":{"@context":"https:\/\/schema.org","@graph":[{"@type":"Article","@id":"https:\/\/www.africa-press.net\/cotedivoire\/politique\/candidature-danne-ouloto-soutenue-par-chefs-traditionnels#article","isPartOf":{"@id":"https:\/\/www.africa-press.net\/cotedivoire\/politique\/candidature-danne-ouloto-soutenue-par-chefs-traditionnels"},"author":{"name":"cfeditorfr","@id":"https:\/\/www.africa-press.net\/cotedivoire\/#\/schema\/person\/2b1cf3cd81a31e3cd26889ca66d677f1"},"headline":"Candidature d&rsquo;Anne Ouloto Soutenue par Chefs Traditionnels","datePublished":"2025-11-17T14:40:36+00:00","dateModified":"2025-11-17T15:05:10+00:00","mainEntityOfPage":{"@id":"https:\/\/www.africa-press.net\/cotedivoire\/politique\/candidature-danne-ouloto-soutenue-par-chefs-traditionnels"},"wordCount":445,"commentCount":0,"image":{"@id":"https:\/\/www.africa-press.net\/cotedivoire\/politique\/candidature-danne-ouloto-soutenue-par-chefs-traditionnels#primaryimage"},"thumbnailUrl":"https:\/\/static.africa-press.net\/cote\/sites\/43\/2025\/11\/sm_1763379263.892534.jpg","keywords":["Anne D\u00e9sir\u00e9e OULOTO-LAMIZANA","candidature","C\u00d4TE D'IVOIRE","Guidy J\u00e9r\u00f4me","Kahiba Lambert","L\u00e9gislatives 2025","Toul\u00e9pleu"],"articleSection":["Politique","Toutes les actualit\u00e9s"],"inLanguage":"fr-FR","potentialAction":[{"@type":"CommentAction","name":"Comment","target":["https:\/\/www.africa-press.net\/cotedivoire\/politique\/candidature-danne-ouloto-soutenue-par-chefs-traditionnels#respond"]}]},{"@type":"WebPage","@id":"https:\/\/www.africa-press.net\/cotedivoire\/politique\/candidature-danne-ouloto-soutenue-par-chefs-traditionnels","url":"https:\/\/www.africa-press.net\/cotedivoire\/politique\/candidature-danne-ouloto-soutenue-par-chefs-traditionnels","name":"Candidature d'Anne Ouloto Soutenue par Chefs Traditionnels - C\u00f4te d&#039;Ivoire","isPartOf":{"@id":"https:\/\/www.africa-press.net\/cotedivoire\/#website"},"primaryImageOfPage":{"@id":"https:\/\/www.africa-press.net\/cotedivoire\/politique\/candidature-danne-ouloto-soutenue-par-chefs-traditionnels#primaryimage"},"image":{"@id":"https:\/\/www.africa-press.net\/cotedivoire\/politique\/candidature-danne-ouloto-soutenue-par-chefs-traditionnels#primaryimage"},"thumbnailUrl":"https:\/\/static.africa-press.net\/cote\/sites\/43\/2025\/11\/sm_1763379263.892534.jpg","datePublished":"2025-11-17T14:40:36+00:00","dateModified":"2025-11-17T15:05:10+00:00","author":{"@id":"https:\/\/www.africa-press.net\/cotedivoire\/#\/schema\/person\/2b1cf3cd81a31e3cd26889ca66d677f1"},"description":"La ministre Anne De\u0301sire\u0301e Ouloto-Lamizana a confie\u0301 aux chefs traditionnels et de communaute\u0301s de Toule\u0301pleu sa candida ...","breadcrumb":{"@id":"https:\/\/www.africa-press.net\/cotedivoire\/politique\/candidature-danne-ouloto-soutenue-par-chefs-traditionnels#breadcrumb"},"inLanguage":"fr-FR","potentialAction":[{"@type":"ReadAction","target":["https:\/\/www.africa-press.net\/cotedivoire\/politique\/candidature-danne-ouloto-soutenue-par-chefs-traditionnels"]}]},{"@type":"ImageObject","inLanguage":"fr-FR","@id":"https:\/\/www.africa-press.net\/cotedivoire\/politique\/candidature-danne-ouloto-soutenue-par-chefs-traditionnels#primaryimage","url":"https:\/\/static.africa-press.net\/cote\/sites\/43\/2025\/11\/sm_1763379263.892534.jpg","contentUrl":"https:\/\/static.africa-press.net\/cote\/sites\/43\/2025\/11\/sm_1763379263.892534.jpg","width":720,"height":478,"caption":"Candidature d'Anne Ouloto Soutenue par Chefs Traditionnels"},{"@type":"BreadcrumbList","@id":"https:\/\/www.africa-press.net\/cotedivoire\/politique\/candidature-danne-ouloto-soutenue-par-chefs-traditionnels#breadcrumb","itemListElement":[{"@type":"ListItem","position":1,"name":"Accueil","item":"https:\/\/www.africa-press.net\/cotedivoire\/"},{"@type":"ListItem","position":2,"name":"Candidature d&#8217;Anne Ouloto Soutenue par Chefs Traditionnels"}]},{"@type":"WebSite","@id":"https:\/\/www.africa-press.net\/cotedivoire\/#website","url":"https:\/\/www.africa-press.net\/cotedivoire\/","name":"C\u00f4te d&#039;Ivoire","description":"Just another Africa News Agency Sites site","potentialAction":[{"@type":"SearchAction","target":{"@type":"EntryPoint","urlTemplate":"https:\/\/www.africa-press.net\/cotedivoire\/?s={search_term_string}"},"query-input":{"@type":"PropertyValueSpecification","valueRequired":true,"valueName":"search_term_string"}}],"inLanguage":"fr-FR"},{"@type":"Person","@id":"https:\/\/www.africa-press.net\/cotedivoire\/#\/schema\/person\/2b1cf3cd81a31e3cd26889ca66d677f1","name":"cfeditorfr"}]}},"_links":{"self":[{"href":"https:\/\/www.africa-press.net\/cotedivoire\/wp-json\/wp\/v2\/posts\/108805","targetHints":{"allow":["GET"]}}],"collection":[{"href":"https:\/\/www.africa-press.net\/cotedivoire\/wp-json\/wp\/v2\/posts"}],"about":[{"href":"https:\/\/www.africa-press.net\/cotedivoire\/wp-json\/wp\/v2\/types\/post"}],"author":[{"embeddable":true,"href":"https:\/\/www.africa-press.net\/cotedivoire\/wp-json\/wp\/v2\/users\/82"}],"replies":[{"embeddable":true,"href":"https:\/\/www.africa-press.net\/cotedivoire\/wp-json\/wp\/v2\/comments?post=108805"}],"version-history":[{"count":0,"href":"https:\/\/www.africa-press.net\/cotedivoire\/wp-json\/wp\/v2\/posts\/108805\/revisions"}],"wp:featuredmedia":[{"embeddable":true,"href":"https:\/\/www.africa-press.net\/cotedivoire\/wp-json\/wp\/v2\/media\/108804"}],"wp:attachment":[{"href":"https:\/\/www.africa-press.net\/cotedivoire\/wp-json\/wp\/v2\/media?parent=108805"}],"wp:term":[{"taxonomy":"category","embeddable":true,"href":"https:\/\/www.africa-press.net\/cotedivoire\/wp-json\/wp\/v2\/categories?post=108805"},{"taxonomy":"post_tag","embeddable":true,"href":"https:\/\/www.africa-press.net\/cotedivoire\/wp-json\/wp\/v2\/tags?post=108805"}],"curies":[{"name":"wp","href":"https:\/\/api.w.org\/{rel}","templated":true}]}}