{"id":10882,"date":"2021-08-05T17:37:28","date_gmt":"2021-08-05T17:37:28","guid":{"rendered":"https:\/\/www.africa-press.net\/cotedivoire\/?p=10882"},"modified":"2021-08-05T20:08:50","modified_gmt":"2021-08-05T20:08:50","slug":"espace-uemoa-dr-paul-koffi-koffi-lobjectif-ultime-de-lunion-converger-vers-un-marche-commun-commissaire-de-luemoa","status":"publish","type":"post","link":"https:\/\/www.africa-press.net\/cotedivoire\/economie\/espace-uemoa-dr-paul-koffi-koffi-lobjectif-ultime-de-lunion-converger-vers-un-marche-commun-commissaire-de-luemoa","title":{"rendered":"Espace Uemoa\/Dr Paul Koffi Koffi: \u00ab\u00a0L\u2019objectif ultime de l\u2019Union, converger vers un march\u00e9 commun\u00a0\u00bb (Commissaire de l\u2019Uemoa)"},"content":{"rendered":"<p><span style=\"color: #ff6600\"><strong><a href=\"https:\/\/www.africa-press.net\/\">Africa-Press<\/a> &#8211; <a href=\"https:\/\/www.africa-press.net\/cotedivoire\">C\u00f4te d&rsquo;Ivoire<\/a>. <\/strong><\/span>Promouvoir le secteur priv\u00e9 et la comp\u00e9titivit\u00e9 des entreprises ; mettre en \u0153uvre la politique communautaire relative \u00e0 l\u2019artisanat et \u00e0 l\u2019industrie ; promouvoir l\u2019exploitation des ressources mini\u00e8res et des hydrocarbures ; mettre en \u0153uvre la politique \u00e9nerg\u00e9tique communautaire ; promouvoir la production et les usages num\u00e9riques et les innovations en la mati\u00e8re. Tels sont, entre autres, les objectifs du D\u00e9partement du d\u00e9veloppement de l\u2019entreprise, des mines, de l\u2019\u00e9nergie et de l\u2019\u00e9conomie num\u00e9rique.<\/p>\n<p>Dr Paul Koffi Koffi, Commissaire de l\u2019Uemoa en charge dudit d\u00e9partement, a pr\u00e9sent\u00e9 ses priorit\u00e9s au cours d\u2019une visite de travail dans plusieurs pays notamment en C\u00f4te d\u2019Ivoire, au Togo, et au S\u00e9n\u00e9gal en juin et juillet derniers. \u00ab Globalement, l\u2019objectif ultime de l\u2019Union, c\u2019est de converger vers un march\u00e9 commun. Nous travaillons sur l\u2019harmonisation du cadre r\u00e9glementaire dans les Etats membres de l\u2019Uemoa. La mission de l\u2019Union est d\u2019assurer l\u2019int\u00e9gration des \u00e9conomies, des peuples de la sous-r\u00e9gion. Les pays doivent, pour y arriver, avoir une r\u00e9glementation qui converge pour organiser les diff\u00e9rents secteurs. Le souci d\u2019avoir un cadre r\u00e9glementaire harmonis\u00e9 est une n\u00e9cessit\u00e9 entre les \u00c9tats \u00bb, a expliqu\u00e9 r\u00e9cemment Paul Koffi Koffi lors d\u2019une visite en C\u00f4te d\u2019Ivoire.<\/p>\n<p>Il a ajout\u00e9 que son d\u00e9partement appuie les \u00c9tats dans leur politique sectorielle en renfor\u00e7ant leurs capacit\u00e9s et en leur apportant une expertise dans les r\u00e9formes qu\u2019ils engagent. \u00ab Si nous voulons promouvoir le secteur priv\u00e9, nous devons adopter une politique commune qui s\u2019ajuste aux diff\u00e9rents contextes des \u00c9tats. Et concernant les mines, l\u2019industrie, l\u2019\u00e9nergie et l\u2019\u00e9conomie num\u00e9rique, nous devons faire pareil \u00bb, a insist\u00e9 le commissaire de l\u2019Uemoa. Non sans rappeler les actions men\u00e9es par les Etats membres face \u00e0 la pand\u00e9mie du coronavirus.<\/p>\n<p>\u00ab Les Chefs d\u2019\u00c9tat et de gouvernement se sont r\u00e9unis le 22 avril 2020 pour trouver une solution \u00e0 la Covid-19 d\u2019autant qu\u2019avant sa survenue, il y avait une volont\u00e9 de parvenir \u00e0 une croissance \u00e9conomique de 5,6% dans la sous-r\u00e9gion. En fin d\u2019ann\u00e9e, la sous-r\u00e9gion est parvenue \u00e0 contenir les impacts en r\u00e9alisant une croissance du Pib de 1,9%. L\u2019appartenance \u00e0 un m\u00eame espace communautaire a \u00e9t\u00e9 un atout qui a permis d\u2019att\u00e9nuer les effets de la maladie dans la mesure o\u00f9 la Commission des Chefs d\u2019\u00c9tat a d\u00e9cid\u00e9 de soutenir les \u00e9conomies. La Banque centrale a, ainsi, accord\u00e9 des facilit\u00e9s aux banques de la sous-r\u00e9gion pour leur refinancement. La Commission et la Boad ont permis de bonifier les cr\u00e9dits et de faire des appuis aux \u00c9tats. En outre, nous avons lev\u00e9 des bons Covid-19. Pour ce faire, chaque \u00c9tat a mis en place un dispositif d\u2019aide aux entreprises (Pme, secteur informel, etc), en fonction de ses capacit\u00e9s financi\u00e8res. Des \u00c9tats ont m\u00eame d\u00e9cal\u00e9 des engagements fiscaux et des \u00e9ch\u00e9ances de remboursement de certains pr\u00eats. Tout ce dispositif a permis d\u2019att\u00e9nuer les impacts de la Covid-19 (Ndlr) \u00bb, a fait savoir le Commissaire.<\/p>\n<p>Au chapitre \u00c9nergies, le ministre Paul Koffi Koffi a soulign\u00e9 que les pays ont pris des mesures pour r\u00e9gler le probl\u00e8me de d\u00e9lestage.<\/p>\n<p>N\u00e9anmoins, la Commission, \u00e0 travers le d\u00e9partement, se pr\u00e9pare \u00e0 r\u00e9unir, d\u2019ici peu, l\u2019ensemble des \u00c9tats pour trouver \u00e9galement des solutions communautaires \u00e0 cette crise \u00e9nerg\u00e9tique \u00e0 court, moyen et long termes, car de nombreux r\u00e9seaux nationaux sont interconnect\u00e9s donc il y a transmission possible chez le voisin qui survint dans un pays : \u00ab Nous avons d\u00e9cid\u00e9 de r\u00e9unir les ministres de l\u2019\u00c9nergie pour trouver une solution. En faisant le maillage des r\u00e9seaux, l\u2019am\u00e9lioration de la production des r\u00e9seaux sera obtenue. Ainsi, il s\u2019agira de parvenir \u00e0 une interconnexion des r\u00e9seaux avec trois hubs : C\u00f4te d\u2019Ivoire, S\u00e9n\u00e9gal et Niger ; en d\u00e9veloppant des \u00e9nergies renouvelables comme le solaire \u00bb, a affirm\u00e9 Dr Paul Koffi Koffi.<\/p>\n<p>Pour ce qui est de l\u2019\u00c9conomie num\u00e9rique, plusieurs domaines ont \u00e9t\u00e9 identifi\u00e9s pour leur num\u00e9risation, notamment les actes administratifs comme le casier judiciaire, les extraits d\u2019actes de naissance, les certificats de r\u00e9sidence, etc.<\/p>\n<p>\u00ab Par ailleurs, nous avons en projet la cr\u00e9ation d\u2019un num\u00e9ro unique pour les urgences (s\u00e9curit\u00e9, Samu, Sapeurs-pompiers, etc.) Objectif, amener les op\u00e9rateurs \u00e9conomiques \u00e0 \u00e9changer plus facilement o\u00f9 qu\u2019ils se trouvent. Nous entendons dans le m\u00eame temps harmoniser les tarifs du roaming dans notre espace communautaire. Le d\u00e9veloppement de la Tnt \u00e0 l\u2019\u00e9chelle sous-r\u00e9gionale est une avanc\u00e9e importante. Des pays comme le Burkina Faso ont fait d\u2019\u00e9normes progr\u00e8s dans ce processus. \u00bb<\/p>\n<p>&nbsp;<\/p>\n","protected":false},"excerpt":{"rendered":"<p>Africa-Press &#8211; C\u00f4te d&rsquo;Ivoire. Promouvoir le secteur priv\u00e9 et la comp\u00e9titivit\u00e9 des entreprises ; mettre en \u0153uvre la politique communautaire relative \u00e0 l\u2019artisanat et \u00e0 l\u2019industrie ; promouvoir l\u2019exploitation des ressources mini\u00e8res et des hydrocarbures ; mettre en \u0153uvre la politique \u00e9nerg\u00e9tique communautaire ; promouvoir la production et les usages num\u00e9riques et les innovations en [&hellip;]<\/p>\n","protected":false},"author":82,"featured_media":10881,"comment_status":"open","ping_status":"closed","sticky":false,"template":"","format":"standard","meta":{"footnotes":""},"categories":[3,11,10],"tags":[56,63,29],"class_list":["post-10882","post","type-post","status-publish","format-standard","has-post-thumbnail","hentry","category-economie","category-homepage-french","category-toutes-les-actualites","tag-africa-press","tag-africa-press-cote-divoire","tag-cote-divoire"],"yoast_head":"<!-- This site is optimized with the Yoast SEO Premium plugin v26.1 (Yoast SEO v27.0) - https:\/\/yoast.com\/product\/yoast-seo-premium-wordpress\/ -->\n<title>Espace Uemoa\/Dr Paul Koffi Koffi: \u00ab\u00a0L\u2019objectif ultime de l\u2019Union, converger vers un march\u00e9 commun\u00a0\u00bb (Commissaire de l\u2019Uemoa) - C\u00f4te d&#039;Ivoire<\/title>\n<meta name=\"description\" content=\"Promouvoir le secteur priv\u00e9 et la comp\u00e9titivit\u00e9 des entreprises ; mettre en \u0153uvre la politique communautaire relative \u00e0 ...\" \/>\n<meta name=\"robots\" content=\"index, follow, max-snippet:-1, max-image-preview:large, max-video-preview:-1\" \/>\n<link rel=\"canonical\" href=\"https:\/\/www.africa-press.net\/cotedivoire\/economie\/espace-uemoa-dr-paul-koffi-koffi-lobjectif-ultime-de-lunion-converger-vers-un-marche-commun-commissaire-de-luemoa\" \/>\n<meta property=\"og:locale\" content=\"fr_FR\" \/>\n<meta property=\"og:type\" content=\"article\" \/>\n<meta property=\"og:title\" content=\"Espace Uemoa\/Dr Paul Koffi Koffi: \u00ab\u00a0L\u2019objectif ultime de l\u2019Union, converger vers un march\u00e9 commun\u00a0\u00bb (Commissaire de l\u2019Uemoa)\" \/>\n<meta property=\"og:description\" content=\"Promouvoir le secteur priv\u00e9 et la comp\u00e9titivit\u00e9 des entreprises ; mettre en \u0153uvre la politique communautaire relative \u00e0 ...\" \/>\n<meta property=\"og:url\" content=\"https:\/\/www.africa-press.net\/cotedivoire\/economie\/espace-uemoa-dr-paul-koffi-koffi-lobjectif-ultime-de-lunion-converger-vers-un-marche-commun-commissaire-de-luemoa\" \/>\n<meta property=\"og:site_name\" content=\"C\u00f4te d&#039;Ivoire\" \/>\n<meta property=\"article:published_time\" content=\"2021-08-05T17:37:28+00:00\" \/>\n<meta property=\"article:modified_time\" content=\"2021-08-05T20:08:50+00:00\" \/>\n<meta property=\"og:image\" content=\"https:\/\/static.africa-press.net\/cote\/sites\/43\/2021\/08\/img-610c19207d12e.jpg\" \/>\n\t<meta property=\"og:image:width\" content=\"796\" \/>\n\t<meta property=\"og:image:height\" content=\"399\" \/>\n\t<meta property=\"og:image:type\" content=\"image\/jpeg\" \/>\n<meta name=\"author\" content=\"cfeditorfr\" \/>\n<meta name=\"twitter:card\" content=\"summary_large_image\" \/>\n<meta name=\"twitter:label1\" content=\"\u00c9crit par\" \/>\n\t<meta name=\"twitter:data1\" content=\"cfeditorfr\" \/>\n\t<meta name=\"twitter:label2\" content=\"Dur\u00e9e de lecture estim\u00e9e\" \/>\n\t<meta name=\"twitter:data2\" content=\"4 minutes\" \/>\n<script type=\"application\/ld+json\" class=\"yoast-schema-graph\">{\"@context\":\"https:\/\/schema.org\",\"@graph\":[{\"@type\":\"Article\",\"@id\":\"https:\/\/www.africa-press.net\/cotedivoire\/economie\/espace-uemoa-dr-paul-koffi-koffi-lobjectif-ultime-de-lunion-converger-vers-un-marche-commun-commissaire-de-luemoa#article\",\"isPartOf\":{\"@id\":\"https:\/\/www.africa-press.net\/cotedivoire\/economie\/espace-uemoa-dr-paul-koffi-koffi-lobjectif-ultime-de-lunion-converger-vers-un-marche-commun-commissaire-de-luemoa\"},\"author\":{\"name\":\"cfeditorfr\",\"@id\":\"https:\/\/www.africa-press.net\/cotedivoire\/#\/schema\/person\/2b1cf3cd81a31e3cd26889ca66d677f1\"},\"headline\":\"Espace Uemoa\/Dr Paul Koffi Koffi: \u00ab\u00a0L\u2019objectif ultime de l\u2019Union, converger vers un march\u00e9 commun\u00a0\u00bb (Commissaire de l\u2019Uemoa)\",\"datePublished\":\"2021-08-05T17:37:28+00:00\",\"dateModified\":\"2021-08-05T20:08:50+00:00\",\"mainEntityOfPage\":{\"@id\":\"https:\/\/www.africa-press.net\/cotedivoire\/economie\/espace-uemoa-dr-paul-koffi-koffi-lobjectif-ultime-de-lunion-converger-vers-un-marche-commun-commissaire-de-luemoa\"},\"wordCount\":840,\"commentCount\":0,\"image\":{\"@id\":\"https:\/\/www.africa-press.net\/cotedivoire\/economie\/espace-uemoa-dr-paul-koffi-koffi-lobjectif-ultime-de-lunion-converger-vers-un-marche-commun-commissaire-de-luemoa#primaryimage\"},\"thumbnailUrl\":\"https:\/\/static.africa-press.net\/cote\/sites\/43\/2021\/08\/img-610c19207d12e.jpg\",\"keywords\":[\"Africa Press\",\"Africa Press-C\u00f4te d'Ivoire\",\"C\u00d4TE D'IVOIRE\"],\"articleSection\":[\"\u00c9conomie\",\"homepage-french\",\"Toutes les actualit\u00e9s\"],\"inLanguage\":\"fr-FR\",\"potentialAction\":[{\"@type\":\"CommentAction\",\"name\":\"Comment\",\"target\":[\"https:\/\/www.africa-press.net\/cotedivoire\/economie\/espace-uemoa-dr-paul-koffi-koffi-lobjectif-ultime-de-lunion-converger-vers-un-marche-commun-commissaire-de-luemoa#respond\"]}]},{\"@type\":\"WebPage\",\"@id\":\"https:\/\/www.africa-press.net\/cotedivoire\/economie\/espace-uemoa-dr-paul-koffi-koffi-lobjectif-ultime-de-lunion-converger-vers-un-marche-commun-commissaire-de-luemoa\",\"url\":\"https:\/\/www.africa-press.net\/cotedivoire\/economie\/espace-uemoa-dr-paul-koffi-koffi-lobjectif-ultime-de-lunion-converger-vers-un-marche-commun-commissaire-de-luemoa\",\"name\":\"Espace Uemoa\/Dr Paul Koffi Koffi: \u00ab\u00a0L\u2019objectif ultime de l\u2019Union, converger vers un march\u00e9 commun\u00a0\u00bb (Commissaire de l\u2019Uemoa) - C\u00f4te d&#039;Ivoire\",\"isPartOf\":{\"@id\":\"https:\/\/www.africa-press.net\/cotedivoire\/#website\"},\"primaryImageOfPage\":{\"@id\":\"https:\/\/www.africa-press.net\/cotedivoire\/economie\/espace-uemoa-dr-paul-koffi-koffi-lobjectif-ultime-de-lunion-converger-vers-un-marche-commun-commissaire-de-luemoa#primaryimage\"},\"image\":{\"@id\":\"https:\/\/www.africa-press.net\/cotedivoire\/economie\/espace-uemoa-dr-paul-koffi-koffi-lobjectif-ultime-de-lunion-converger-vers-un-marche-commun-commissaire-de-luemoa#primaryimage\"},\"thumbnailUrl\":\"https:\/\/static.africa-press.net\/cote\/sites\/43\/2021\/08\/img-610c19207d12e.jpg\",\"datePublished\":\"2021-08-05T17:37:28+00:00\",\"dateModified\":\"2021-08-05T20:08:50+00:00\",\"author\":{\"@id\":\"https:\/\/www.africa-press.net\/cotedivoire\/#\/schema\/person\/2b1cf3cd81a31e3cd26889ca66d677f1\"},\"description\":\"Promouvoir le secteur priv\u00e9 et la comp\u00e9titivit\u00e9 des entreprises ; mettre en \u0153uvre la politique communautaire relative \u00e0 ...\",\"breadcrumb\":{\"@id\":\"https:\/\/www.africa-press.net\/cotedivoire\/economie\/espace-uemoa-dr-paul-koffi-koffi-lobjectif-ultime-de-lunion-converger-vers-un-marche-commun-commissaire-de-luemoa#breadcrumb\"},\"inLanguage\":\"fr-FR\",\"potentialAction\":[{\"@type\":\"ReadAction\",\"target\":[\"https:\/\/www.africa-press.net\/cotedivoire\/economie\/espace-uemoa-dr-paul-koffi-koffi-lobjectif-ultime-de-lunion-converger-vers-un-marche-commun-commissaire-de-luemoa\"]}]},{\"@type\":\"ImageObject\",\"inLanguage\":\"fr-FR\",\"@id\":\"https:\/\/www.africa-press.net\/cotedivoire\/economie\/espace-uemoa-dr-paul-koffi-koffi-lobjectif-ultime-de-lunion-converger-vers-un-marche-commun-commissaire-de-luemoa#primaryimage\",\"url\":\"https:\/\/static.africa-press.net\/cote\/sites\/43\/2021\/08\/img-610c19207d12e.jpg\",\"contentUrl\":\"https:\/\/static.africa-press.net\/cote\/sites\/43\/2021\/08\/img-610c19207d12e.jpg\",\"width\":796,\"height\":399,\"caption\":\"Espace Uemoa\/Dr Paul Koffi Koffi: \u00ab\u00a0L\u2019objectif ultime de l\u2019Union, converger vers un march\u00e9 commun\u00a0\u00bb (Commissaire de l\u2019Uemoa)\"},{\"@type\":\"BreadcrumbList\",\"@id\":\"https:\/\/www.africa-press.net\/cotedivoire\/economie\/espace-uemoa-dr-paul-koffi-koffi-lobjectif-ultime-de-lunion-converger-vers-un-marche-commun-commissaire-de-luemoa#breadcrumb\",\"itemListElement\":[{\"@type\":\"ListItem\",\"position\":1,\"name\":\"Accueil\",\"item\":\"https:\/\/www.africa-press.net\/cotedivoire\/\"},{\"@type\":\"ListItem\",\"position\":2,\"name\":\"Espace Uemoa\/Dr Paul Koffi Koffi: \u00ab\u00a0L\u2019objectif ultime de l\u2019Union, converger vers un march\u00e9 commun\u00a0\u00bb (Commissaire de l\u2019Uemoa)\"}]},{\"@type\":\"WebSite\",\"@id\":\"https:\/\/www.africa-press.net\/cotedivoire\/#website\",\"url\":\"https:\/\/www.africa-press.net\/cotedivoire\/\",\"name\":\"C\u00f4te d&#039;Ivoire\",\"description\":\"Just another Africa News Agency Sites site\",\"potentialAction\":[{\"@type\":\"SearchAction\",\"target\":{\"@type\":\"EntryPoint\",\"urlTemplate\":\"https:\/\/www.africa-press.net\/cotedivoire\/?s={search_term_string}\"},\"query-input\":{\"@type\":\"PropertyValueSpecification\",\"valueRequired\":true,\"valueName\":\"search_term_string\"}}],\"inLanguage\":\"fr-FR\"},{\"@type\":\"Person\",\"@id\":\"https:\/\/www.africa-press.net\/cotedivoire\/#\/schema\/person\/2b1cf3cd81a31e3cd26889ca66d677f1\",\"name\":\"cfeditorfr\"}]}<\/script>\n<!-- \/ Yoast SEO Premium plugin. -->","yoast_head_json":{"title":"Espace Uemoa\/Dr Paul Koffi Koffi: \u00ab\u00a0L\u2019objectif ultime de l\u2019Union, converger vers un march\u00e9 commun\u00a0\u00bb (Commissaire de l\u2019Uemoa) - C\u00f4te d&#039;Ivoire","description":"Promouvoir le secteur priv\u00e9 et la comp\u00e9titivit\u00e9 des entreprises ; mettre en \u0153uvre la politique communautaire relative \u00e0 ...","robots":{"index":"index","follow":"follow","max-snippet":"max-snippet:-1","max-image-preview":"max-image-preview:large","max-video-preview":"max-video-preview:-1"},"canonical":"https:\/\/www.africa-press.net\/cotedivoire\/economie\/espace-uemoa-dr-paul-koffi-koffi-lobjectif-ultime-de-lunion-converger-vers-un-marche-commun-commissaire-de-luemoa","og_locale":"fr_FR","og_type":"article","og_title":"Espace Uemoa\/Dr Paul Koffi Koffi: \u00ab\u00a0L\u2019objectif ultime de l\u2019Union, converger vers un march\u00e9 commun\u00a0\u00bb (Commissaire de l\u2019Uemoa)","og_description":"Promouvoir le secteur priv\u00e9 et la comp\u00e9titivit\u00e9 des entreprises ; mettre en \u0153uvre la politique communautaire relative \u00e0 ...","og_url":"https:\/\/www.africa-press.net\/cotedivoire\/economie\/espace-uemoa-dr-paul-koffi-koffi-lobjectif-ultime-de-lunion-converger-vers-un-marche-commun-commissaire-de-luemoa","og_site_name":"C\u00f4te d&#039;Ivoire","article_published_time":"2021-08-05T17:37:28+00:00","article_modified_time":"2021-08-05T20:08:50+00:00","og_image":[{"width":796,"height":399,"url":"https:\/\/static.africa-press.net\/cote\/sites\/43\/2021\/08\/img-610c19207d12e.jpg","type":"image\/jpeg"}],"author":"cfeditorfr","twitter_card":"summary_large_image","twitter_misc":{"\u00c9crit par":"cfeditorfr","Dur\u00e9e de lecture estim\u00e9e":"4 minutes"},"schema":{"@context":"https:\/\/schema.org","@graph":[{"@type":"Article","@id":"https:\/\/www.africa-press.net\/cotedivoire\/economie\/espace-uemoa-dr-paul-koffi-koffi-lobjectif-ultime-de-lunion-converger-vers-un-marche-commun-commissaire-de-luemoa#article","isPartOf":{"@id":"https:\/\/www.africa-press.net\/cotedivoire\/economie\/espace-uemoa-dr-paul-koffi-koffi-lobjectif-ultime-de-lunion-converger-vers-un-marche-commun-commissaire-de-luemoa"},"author":{"name":"cfeditorfr","@id":"https:\/\/www.africa-press.net\/cotedivoire\/#\/schema\/person\/2b1cf3cd81a31e3cd26889ca66d677f1"},"headline":"Espace Uemoa\/Dr Paul Koffi Koffi: \u00ab\u00a0L\u2019objectif ultime de l\u2019Union, converger vers un march\u00e9 commun\u00a0\u00bb (Commissaire de l\u2019Uemoa)","datePublished":"2021-08-05T17:37:28+00:00","dateModified":"2021-08-05T20:08:50+00:00","mainEntityOfPage":{"@id":"https:\/\/www.africa-press.net\/cotedivoire\/economie\/espace-uemoa-dr-paul-koffi-koffi-lobjectif-ultime-de-lunion-converger-vers-un-marche-commun-commissaire-de-luemoa"},"wordCount":840,"commentCount":0,"image":{"@id":"https:\/\/www.africa-press.net\/cotedivoire\/economie\/espace-uemoa-dr-paul-koffi-koffi-lobjectif-ultime-de-lunion-converger-vers-un-marche-commun-commissaire-de-luemoa#primaryimage"},"thumbnailUrl":"https:\/\/static.africa-press.net\/cote\/sites\/43\/2021\/08\/img-610c19207d12e.jpg","keywords":["Africa Press","Africa Press-C\u00f4te d'Ivoire","C\u00d4TE D'IVOIRE"],"articleSection":["\u00c9conomie","homepage-french","Toutes les actualit\u00e9s"],"inLanguage":"fr-FR","potentialAction":[{"@type":"CommentAction","name":"Comment","target":["https:\/\/www.africa-press.net\/cotedivoire\/economie\/espace-uemoa-dr-paul-koffi-koffi-lobjectif-ultime-de-lunion-converger-vers-un-marche-commun-commissaire-de-luemoa#respond"]}]},{"@type":"WebPage","@id":"https:\/\/www.africa-press.net\/cotedivoire\/economie\/espace-uemoa-dr-paul-koffi-koffi-lobjectif-ultime-de-lunion-converger-vers-un-marche-commun-commissaire-de-luemoa","url":"https:\/\/www.africa-press.net\/cotedivoire\/economie\/espace-uemoa-dr-paul-koffi-koffi-lobjectif-ultime-de-lunion-converger-vers-un-marche-commun-commissaire-de-luemoa","name":"Espace Uemoa\/Dr Paul Koffi Koffi: \u00ab\u00a0L\u2019objectif ultime de l\u2019Union, converger vers un march\u00e9 commun\u00a0\u00bb (Commissaire de l\u2019Uemoa) - C\u00f4te d&#039;Ivoire","isPartOf":{"@id":"https:\/\/www.africa-press.net\/cotedivoire\/#website"},"primaryImageOfPage":{"@id":"https:\/\/www.africa-press.net\/cotedivoire\/economie\/espace-uemoa-dr-paul-koffi-koffi-lobjectif-ultime-de-lunion-converger-vers-un-marche-commun-commissaire-de-luemoa#primaryimage"},"image":{"@id":"https:\/\/www.africa-press.net\/cotedivoire\/economie\/espace-uemoa-dr-paul-koffi-koffi-lobjectif-ultime-de-lunion-converger-vers-un-marche-commun-commissaire-de-luemoa#primaryimage"},"thumbnailUrl":"https:\/\/static.africa-press.net\/cote\/sites\/43\/2021\/08\/img-610c19207d12e.jpg","datePublished":"2021-08-05T17:37:28+00:00","dateModified":"2021-08-05T20:08:50+00:00","author":{"@id":"https:\/\/www.africa-press.net\/cotedivoire\/#\/schema\/person\/2b1cf3cd81a31e3cd26889ca66d677f1"},"description":"Promouvoir le secteur priv\u00e9 et la comp\u00e9titivit\u00e9 des entreprises ; mettre en \u0153uvre la politique communautaire relative \u00e0 ...","breadcrumb":{"@id":"https:\/\/www.africa-press.net\/cotedivoire\/economie\/espace-uemoa-dr-paul-koffi-koffi-lobjectif-ultime-de-lunion-converger-vers-un-marche-commun-commissaire-de-luemoa#breadcrumb"},"inLanguage":"fr-FR","potentialAction":[{"@type":"ReadAction","target":["https:\/\/www.africa-press.net\/cotedivoire\/economie\/espace-uemoa-dr-paul-koffi-koffi-lobjectif-ultime-de-lunion-converger-vers-un-marche-commun-commissaire-de-luemoa"]}]},{"@type":"ImageObject","inLanguage":"fr-FR","@id":"https:\/\/www.africa-press.net\/cotedivoire\/economie\/espace-uemoa-dr-paul-koffi-koffi-lobjectif-ultime-de-lunion-converger-vers-un-marche-commun-commissaire-de-luemoa#primaryimage","url":"https:\/\/static.africa-press.net\/cote\/sites\/43\/2021\/08\/img-610c19207d12e.jpg","contentUrl":"https:\/\/static.africa-press.net\/cote\/sites\/43\/2021\/08\/img-610c19207d12e.jpg","width":796,"height":399,"caption":"Espace Uemoa\/Dr Paul Koffi Koffi: \u00ab\u00a0L\u2019objectif ultime de l\u2019Union, converger vers un march\u00e9 commun\u00a0\u00bb (Commissaire de l\u2019Uemoa)"},{"@type":"BreadcrumbList","@id":"https:\/\/www.africa-press.net\/cotedivoire\/economie\/espace-uemoa-dr-paul-koffi-koffi-lobjectif-ultime-de-lunion-converger-vers-un-marche-commun-commissaire-de-luemoa#breadcrumb","itemListElement":[{"@type":"ListItem","position":1,"name":"Accueil","item":"https:\/\/www.africa-press.net\/cotedivoire\/"},{"@type":"ListItem","position":2,"name":"Espace Uemoa\/Dr Paul Koffi Koffi: \u00ab\u00a0L\u2019objectif ultime de l\u2019Union, converger vers un march\u00e9 commun\u00a0\u00bb (Commissaire de l\u2019Uemoa)"}]},{"@type":"WebSite","@id":"https:\/\/www.africa-press.net\/cotedivoire\/#website","url":"https:\/\/www.africa-press.net\/cotedivoire\/","name":"C\u00f4te d&#039;Ivoire","description":"Just another Africa News Agency Sites site","potentialAction":[{"@type":"SearchAction","target":{"@type":"EntryPoint","urlTemplate":"https:\/\/www.africa-press.net\/cotedivoire\/?s={search_term_string}"},"query-input":{"@type":"PropertyValueSpecification","valueRequired":true,"valueName":"search_term_string"}}],"inLanguage":"fr-FR"},{"@type":"Person","@id":"https:\/\/www.africa-press.net\/cotedivoire\/#\/schema\/person\/2b1cf3cd81a31e3cd26889ca66d677f1","name":"cfeditorfr"}]}},"_links":{"self":[{"href":"https:\/\/www.africa-press.net\/cotedivoire\/wp-json\/wp\/v2\/posts\/10882","targetHints":{"allow":["GET"]}}],"collection":[{"href":"https:\/\/www.africa-press.net\/cotedivoire\/wp-json\/wp\/v2\/posts"}],"about":[{"href":"https:\/\/www.africa-press.net\/cotedivoire\/wp-json\/wp\/v2\/types\/post"}],"author":[{"embeddable":true,"href":"https:\/\/www.africa-press.net\/cotedivoire\/wp-json\/wp\/v2\/users\/82"}],"replies":[{"embeddable":true,"href":"https:\/\/www.africa-press.net\/cotedivoire\/wp-json\/wp\/v2\/comments?post=10882"}],"version-history":[{"count":0,"href":"https:\/\/www.africa-press.net\/cotedivoire\/wp-json\/wp\/v2\/posts\/10882\/revisions"}],"wp:featuredmedia":[{"embeddable":true,"href":"https:\/\/www.africa-press.net\/cotedivoire\/wp-json\/wp\/v2\/media\/10881"}],"wp:attachment":[{"href":"https:\/\/www.africa-press.net\/cotedivoire\/wp-json\/wp\/v2\/media?parent=10882"}],"wp:term":[{"taxonomy":"category","embeddable":true,"href":"https:\/\/www.africa-press.net\/cotedivoire\/wp-json\/wp\/v2\/categories?post=10882"},{"taxonomy":"post_tag","embeddable":true,"href":"https:\/\/www.africa-press.net\/cotedivoire\/wp-json\/wp\/v2\/tags?post=10882"}],"curies":[{"name":"wp","href":"https:\/\/api.w.org\/{rel}","templated":true}]}}