{"id":10885,"date":"2021-08-05T17:47:59","date_gmt":"2021-08-05T17:47:59","guid":{"rendered":"https:\/\/www.africa-press.net\/cotedivoire\/?p=10885"},"modified":"2021-08-05T20:08:57","modified_gmt":"2021-08-05T20:08:57","slug":"nobel-de-la-paix-cote-divoire-les-militants-du-pdci-a-paris-organisent-un-barbecue-pour-soutenir-la-candidature-de-bedie","status":"publish","type":"post","link":"https:\/\/www.africa-press.net\/cotedivoire\/politique\/nobel-de-la-paix-cote-divoire-les-militants-du-pdci-a-paris-organisent-un-barbecue-pour-soutenir-la-candidature-de-bedie","title":{"rendered":"Nobel de la Paix\/C\u00f4te-d\u2019Ivoire: Les militants du PDCI \u00e0 Paris organisent un barbecue pour soutenir la candidature de B\u00e9di\u00e9"},"content":{"rendered":"<p><span style=\"color: #ff6600\"><strong><a href=\"https:\/\/www.africa-press.net\/\">Africa-Press<\/a> &#8211; <a href=\"https:\/\/www.africa-press.net\/cotedivoire\">C\u00f4te d&rsquo;Ivoire<\/a>. <\/strong><\/span>Le samedi 31 juillet 2021, les militants du PDCI RDA de Paris IDF se sont retrouv\u00e9s pour leur premier Barbecue d\u2019Et\u00e9, au parc d\u00e9partemental du Val de Marne \u00e0 Valenton, La Place Bleue. Apr\u00e8s plusieurs mois de confinement et compte tenu de l\u2019actualit\u00e9 politique r\u00e9cente en C\u00f4te d\u2019Ivoire, dans le but du rassemblement, de la redynamisation du parti en IDF, la cr\u00e9ation d\u2019un cadre de retrouvailles, d\u2019\u00e9changes et de partages \u00e9tait n\u00e9cessaire.<\/p>\n<p>A l\u2019initiative de Madame V\u00e9ronique BAH, membre du Bureau Politique et SGS Paris 16e et Madame BOUA Gis\u00e8le, membre du Bureau politique et D\u00e9l\u00e9gu\u00e9 G\u00e9n\u00e9rale par Int\u00e9rim de Paris Val d\u2019Oise, ce premier Barbecue a \u00e9t\u00e9 l\u2019affaire des Membres du Bureau Politique d\u2019IDF avec la contribution des 4 D\u00e9l\u00e9gu\u00e9s G\u00e9n\u00e9raux de Paris IDF. Le Comit\u00e9 d\u2019organisation du Barbecue compos\u00e9 de plusieurs volontaires \u00e9tait pilot\u00e9 de main de ma\u00eetre par le PCO, Pr\u00e9sident du Comit\u00e9 d\u2019Organisation, Monsieur SEA Auguinard, Membre du Bureau Politique.<\/p>\n<p>Le Barbecue n\u2019a pas fait l\u2019\u00e9conomie de quelques allocutions. Ainsi, le maitre de c\u00e9r\u00e9monie Charlie BlackLegend, membre du Bureau Politique, a pr\u00e9vu quelques interventions. Monsieur Auguinard SEA, PCO, a situ\u00e9 le cadre et l\u2019esprit de cette rencontre. Il a fait le point des contributions financi\u00e8res et en nature, et a saisi l\u2019occasion pour remercier et f\u00e9liciter les organisateurs et les participants.<\/p>\n<p>Il a sp\u00e9cialement remerci\u00e9 le SE charg\u00e9 des D\u00e9l\u00e9gations G\u00e9n\u00e9rales Monsieur Bernard EHOUMAN pour son soutien et sa contribution financi\u00e8re significative spontan\u00e9e. A ce titre, le discours de Monsieur EHOUMAN Bernard, dense et \u00e0 haute port\u00e9e politique, a \u00e9t\u00e9 lu par Monsieur TAKI Apollinaire, membre du Grand Conseil R\u00e9gional. Madame V\u00e9ronique Bah, au nom des Membres du Bureau Politique et avant de pr\u00e9senter les membres du comit\u00e9 d\u2019organisation, a adress\u00e9 le soutien des membres du Bureau Politique en France au Pr\u00e9sident Henri Konan BEDIE.<\/p>\n<p>Au titre des D\u00e9l\u00e9gations G\u00e9n\u00e9rales, Madame BOUA Gis\u00e8le, DG par int\u00e9rim de Paris VO, a, entre autres, appel\u00e9 \u00e0 l\u2019union et \u00e0 la solidarit\u00e9. Le D\u00e9l\u00e9gu\u00e9 G\u00e9n\u00e9ral de Paris Yvelines, DIOMANDE Youd\u00e9 Adama, apr\u00e8s avoir pr\u00e9sent\u00e9 quelques personnalit\u00e9s de sa D\u00e9l\u00e9gation, dont Madame GOUGOUA Botty Edith, Pr\u00e9sidente par int\u00e9rim de l\u2019UFPDCI Paris Yvelines, Monsieur DIE St PAUL, Madame TAHO Jeannette, Monsieur Konan YAO, a f\u00e9licit\u00e9 le SE Bernard EHOUMAN pour ses actions aupr\u00e8s du Pr\u00e9sident BEDIE dont il est le Directeur de Cabinet par int\u00e9rim. Le DG Youd\u00e9 DIOMANDE a demand\u00e9, comme les ivoiriens de France, que le Pr\u00e9sident BEDIE soit distingu\u00e9 au Prix Nobel de la Paix, sinon au Prix Houphou\u00ebt BOIGNY de la Recherche de la Paix de l\u2019UNESCO, compte tenu de ses actions en faveur de la paix et de la r\u00e9conciliation. Il le m\u00e9rite.<\/p>\n<p>Successivement, Madame YAO Cl\u00e9mence, Paris Essonne, Monsieur BONI, Paris Seine et Marne ont aussi adress\u00e9 leurs vives f\u00e9licitations pour l\u2019organisation du Barbecue et demand\u00e9 sa reconduction pour raffermir les liens entre les D\u00e9l\u00e9gations et les militants. Des militants ont aussi pris la parole pour souligner leurs pr\u00e9occupations vu que la parole \u00e9tait libre. La s\u00e9rie des interventions s\u2019est achev\u00e9e avec les Sages. Monsieur KOUAKOU Dj\u00e8, membre du Comit\u00e9 des Sages, a invit\u00e9 \u00e0 la mobilisation et au soutien \u00e0 SEM HK BEDIE pour la paix et la reconqu\u00eate du pouvoir.<\/p>\n<p>Les Sages, les doyens, les jeunes, les enfants de militants, les membres des Instances : BP, CS, Inspecteurs, SGS, GCR etc. ont effectu\u00e9 massivement le d\u00e9placement de Valenton La Place Bleue. Comme tout bon Barbecue, il y avait \u00e0 manger et \u00e0 boire \u00e0 gogo. Le beau temps estival \u00e9tait au rendez-vous. Le DJ a fait vibrer les militants au son de la musique ivoirienne.<\/p>\n<p>Le Barbecue du 31juillet 2021, de 14h \u00e0 20h, a \u00e9t\u00e9 un succ\u00e8s comme le Pique-nique d\u2019Aubervilliers l\u2019ann\u00e9e derni\u00e8re. Il s\u2019est achev\u00e9 dans la joie et l\u2019all\u00e9gresse. F\u00e9licitations au PCO Auguinard, \u00e0 son \u00e9quipe et bravo aux militants.<\/p>\n<p>Sercom DG Diomand\u00e9 Youd\u00e9 Adama, Paris Yvelines<\/p>\n","protected":false},"excerpt":{"rendered":"<p>Africa-Press &#8211; C\u00f4te d&rsquo;Ivoire. Le samedi 31 juillet 2021, les militants du PDCI RDA de Paris IDF se sont retrouv\u00e9s pour leur premier Barbecue d\u2019Et\u00e9, au parc d\u00e9partemental du Val de Marne \u00e0 Valenton, La Place Bleue. Apr\u00e8s plusieurs mois de confinement et compte tenu de l\u2019actualit\u00e9 politique r\u00e9cente en C\u00f4te d\u2019Ivoire, dans le but [&hellip;]<\/p>\n","protected":false},"author":82,"featured_media":10884,"comment_status":"open","ping_status":"closed","sticky":false,"template":"","format":"standard","meta":{"footnotes":""},"categories":[11,2,20,10],"tags":[56,63,29],"class_list":["post-10885","post","type-post","status-publish","format-standard","has-post-thumbnail","hentry","category-homepage-french","category-politique","category-top-nouvelles","category-toutes-les-actualites","tag-africa-press","tag-africa-press-cote-divoire","tag-cote-divoire"],"yoast_head":"<!-- This site is optimized with the Yoast SEO Premium plugin v26.1 (Yoast SEO v27.0) - https:\/\/yoast.com\/product\/yoast-seo-premium-wordpress\/ -->\n<title>Nobel de la Paix\/C\u00f4te-d\u2019Ivoire: Les militants du PDCI \u00e0 Paris organisent un barbecue pour soutenir la candidature de B\u00e9di\u00e9 - C\u00f4te d&#039;Ivoire<\/title>\n<meta name=\"description\" content=\"Le samedi 31 juillet 2021, les militants du PDCI RDA de Paris IDF se sont retrouv\u00e9s pour leur premier Barbecue d\u2019Et\u00e9, au ...\" \/>\n<meta name=\"robots\" content=\"index, follow, max-snippet:-1, max-image-preview:large, max-video-preview:-1\" \/>\n<link rel=\"canonical\" href=\"https:\/\/www.africa-press.net\/cotedivoire\/politique\/nobel-de-la-paix-cote-divoire-les-militants-du-pdci-a-paris-organisent-un-barbecue-pour-soutenir-la-candidature-de-bedie\" \/>\n<meta property=\"og:locale\" content=\"fr_FR\" \/>\n<meta property=\"og:type\" content=\"article\" \/>\n<meta property=\"og:title\" content=\"Nobel de la Paix\/C\u00f4te-d\u2019Ivoire: Les militants du PDCI \u00e0 Paris organisent un barbecue pour soutenir la candidature de B\u00e9di\u00e9\" \/>\n<meta property=\"og:description\" content=\"Le samedi 31 juillet 2021, les militants du PDCI RDA de Paris IDF se sont retrouv\u00e9s pour leur premier Barbecue d\u2019Et\u00e9, au ...\" \/>\n<meta property=\"og:url\" content=\"https:\/\/www.africa-press.net\/cotedivoire\/politique\/nobel-de-la-paix-cote-divoire-les-militants-du-pdci-a-paris-organisent-un-barbecue-pour-soutenir-la-candidature-de-bedie\" \/>\n<meta property=\"og:site_name\" content=\"C\u00f4te d&#039;Ivoire\" \/>\n<meta property=\"article:published_time\" content=\"2021-08-05T17:47:59+00:00\" \/>\n<meta property=\"article:modified_time\" content=\"2021-08-05T20:08:57+00:00\" \/>\n<meta property=\"og:image\" content=\"https:\/\/static.africa-press.net\/cote\/sites\/43\/2021\/08\/img-610c193ea8f86.jpg\" \/>\n\t<meta property=\"og:image:width\" content=\"1024\" \/>\n\t<meta property=\"og:image:height\" content=\"682\" \/>\n\t<meta property=\"og:image:type\" content=\"image\/jpeg\" \/>\n<meta name=\"author\" content=\"cfeditorfr\" \/>\n<meta name=\"twitter:card\" content=\"summary_large_image\" \/>\n<meta name=\"twitter:label1\" content=\"\u00c9crit par\" \/>\n\t<meta name=\"twitter:data1\" content=\"cfeditorfr\" \/>\n\t<meta name=\"twitter:label2\" content=\"Dur\u00e9e de lecture estim\u00e9e\" \/>\n\t<meta name=\"twitter:data2\" content=\"4 minutes\" \/>\n<script type=\"application\/ld+json\" class=\"yoast-schema-graph\">{\"@context\":\"https:\/\/schema.org\",\"@graph\":[{\"@type\":\"Article\",\"@id\":\"https:\/\/www.africa-press.net\/cotedivoire\/politique\/nobel-de-la-paix-cote-divoire-les-militants-du-pdci-a-paris-organisent-un-barbecue-pour-soutenir-la-candidature-de-bedie#article\",\"isPartOf\":{\"@id\":\"https:\/\/www.africa-press.net\/cotedivoire\/politique\/nobel-de-la-paix-cote-divoire-les-militants-du-pdci-a-paris-organisent-un-barbecue-pour-soutenir-la-candidature-de-bedie\"},\"author\":{\"name\":\"cfeditorfr\",\"@id\":\"https:\/\/www.africa-press.net\/cotedivoire\/#\/schema\/person\/2b1cf3cd81a31e3cd26889ca66d677f1\"},\"headline\":\"Nobel de la Paix\/C\u00f4te-d\u2019Ivoire: Les militants du PDCI \u00e0 Paris organisent un barbecue pour soutenir la candidature de B\u00e9di\u00e9\",\"datePublished\":\"2021-08-05T17:47:59+00:00\",\"dateModified\":\"2021-08-05T20:08:57+00:00\",\"mainEntityOfPage\":{\"@id\":\"https:\/\/www.africa-press.net\/cotedivoire\/politique\/nobel-de-la-paix-cote-divoire-les-militants-du-pdci-a-paris-organisent-un-barbecue-pour-soutenir-la-candidature-de-bedie\"},\"wordCount\":751,\"commentCount\":0,\"image\":{\"@id\":\"https:\/\/www.africa-press.net\/cotedivoire\/politique\/nobel-de-la-paix-cote-divoire-les-militants-du-pdci-a-paris-organisent-un-barbecue-pour-soutenir-la-candidature-de-bedie#primaryimage\"},\"thumbnailUrl\":\"https:\/\/static.africa-press.net\/cote\/sites\/43\/2021\/08\/img-610c193ea8f86.jpg\",\"keywords\":[\"Africa Press\",\"Africa Press-C\u00f4te d'Ivoire\",\"C\u00d4TE D'IVOIRE\"],\"articleSection\":[\"homepage-french\",\"Politique\",\"Top Nouvelles\",\"Toutes les actualit\u00e9s\"],\"inLanguage\":\"fr-FR\",\"potentialAction\":[{\"@type\":\"CommentAction\",\"name\":\"Comment\",\"target\":[\"https:\/\/www.africa-press.net\/cotedivoire\/politique\/nobel-de-la-paix-cote-divoire-les-militants-du-pdci-a-paris-organisent-un-barbecue-pour-soutenir-la-candidature-de-bedie#respond\"]}]},{\"@type\":\"WebPage\",\"@id\":\"https:\/\/www.africa-press.net\/cotedivoire\/politique\/nobel-de-la-paix-cote-divoire-les-militants-du-pdci-a-paris-organisent-un-barbecue-pour-soutenir-la-candidature-de-bedie\",\"url\":\"https:\/\/www.africa-press.net\/cotedivoire\/politique\/nobel-de-la-paix-cote-divoire-les-militants-du-pdci-a-paris-organisent-un-barbecue-pour-soutenir-la-candidature-de-bedie\",\"name\":\"Nobel de la Paix\/C\u00f4te-d\u2019Ivoire: Les militants du PDCI \u00e0 Paris organisent un barbecue pour soutenir la candidature de B\u00e9di\u00e9 - C\u00f4te d&#039;Ivoire\",\"isPartOf\":{\"@id\":\"https:\/\/www.africa-press.net\/cotedivoire\/#website\"},\"primaryImageOfPage\":{\"@id\":\"https:\/\/www.africa-press.net\/cotedivoire\/politique\/nobel-de-la-paix-cote-divoire-les-militants-du-pdci-a-paris-organisent-un-barbecue-pour-soutenir-la-candidature-de-bedie#primaryimage\"},\"image\":{\"@id\":\"https:\/\/www.africa-press.net\/cotedivoire\/politique\/nobel-de-la-paix-cote-divoire-les-militants-du-pdci-a-paris-organisent-un-barbecue-pour-soutenir-la-candidature-de-bedie#primaryimage\"},\"thumbnailUrl\":\"https:\/\/static.africa-press.net\/cote\/sites\/43\/2021\/08\/img-610c193ea8f86.jpg\",\"datePublished\":\"2021-08-05T17:47:59+00:00\",\"dateModified\":\"2021-08-05T20:08:57+00:00\",\"author\":{\"@id\":\"https:\/\/www.africa-press.net\/cotedivoire\/#\/schema\/person\/2b1cf3cd81a31e3cd26889ca66d677f1\"},\"description\":\"Le samedi 31 juillet 2021, les militants du PDCI RDA de Paris IDF se sont retrouv\u00e9s pour leur premier Barbecue d\u2019Et\u00e9, au ...\",\"breadcrumb\":{\"@id\":\"https:\/\/www.africa-press.net\/cotedivoire\/politique\/nobel-de-la-paix-cote-divoire-les-militants-du-pdci-a-paris-organisent-un-barbecue-pour-soutenir-la-candidature-de-bedie#breadcrumb\"},\"inLanguage\":\"fr-FR\",\"potentialAction\":[{\"@type\":\"ReadAction\",\"target\":[\"https:\/\/www.africa-press.net\/cotedivoire\/politique\/nobel-de-la-paix-cote-divoire-les-militants-du-pdci-a-paris-organisent-un-barbecue-pour-soutenir-la-candidature-de-bedie\"]}]},{\"@type\":\"ImageObject\",\"inLanguage\":\"fr-FR\",\"@id\":\"https:\/\/www.africa-press.net\/cotedivoire\/politique\/nobel-de-la-paix-cote-divoire-les-militants-du-pdci-a-paris-organisent-un-barbecue-pour-soutenir-la-candidature-de-bedie#primaryimage\",\"url\":\"https:\/\/static.africa-press.net\/cote\/sites\/43\/2021\/08\/img-610c193ea8f86.jpg\",\"contentUrl\":\"https:\/\/static.africa-press.net\/cote\/sites\/43\/2021\/08\/img-610c193ea8f86.jpg\",\"width\":1024,\"height\":682,\"caption\":\"Nobel de la Paix\/C\u00f4te-d\u2019Ivoire: Les militants du PDCI \u00e0 Paris organisent un barbecue pour soutenir la candidature de B\u00e9di\u00e9\"},{\"@type\":\"BreadcrumbList\",\"@id\":\"https:\/\/www.africa-press.net\/cotedivoire\/politique\/nobel-de-la-paix-cote-divoire-les-militants-du-pdci-a-paris-organisent-un-barbecue-pour-soutenir-la-candidature-de-bedie#breadcrumb\",\"itemListElement\":[{\"@type\":\"ListItem\",\"position\":1,\"name\":\"Accueil\",\"item\":\"https:\/\/www.africa-press.net\/cotedivoire\/\"},{\"@type\":\"ListItem\",\"position\":2,\"name\":\"Nobel de la Paix\/C\u00f4te-d\u2019Ivoire: Les militants du PDCI \u00e0 Paris organisent un barbecue pour soutenir la candidature de B\u00e9di\u00e9\"}]},{\"@type\":\"WebSite\",\"@id\":\"https:\/\/www.africa-press.net\/cotedivoire\/#website\",\"url\":\"https:\/\/www.africa-press.net\/cotedivoire\/\",\"name\":\"C\u00f4te d&#039;Ivoire\",\"description\":\"Just another Africa News Agency Sites site\",\"potentialAction\":[{\"@type\":\"SearchAction\",\"target\":{\"@type\":\"EntryPoint\",\"urlTemplate\":\"https:\/\/www.africa-press.net\/cotedivoire\/?s={search_term_string}\"},\"query-input\":{\"@type\":\"PropertyValueSpecification\",\"valueRequired\":true,\"valueName\":\"search_term_string\"}}],\"inLanguage\":\"fr-FR\"},{\"@type\":\"Person\",\"@id\":\"https:\/\/www.africa-press.net\/cotedivoire\/#\/schema\/person\/2b1cf3cd81a31e3cd26889ca66d677f1\",\"name\":\"cfeditorfr\"}]}<\/script>\n<!-- \/ Yoast SEO Premium plugin. -->","yoast_head_json":{"title":"Nobel de la Paix\/C\u00f4te-d\u2019Ivoire: Les militants du PDCI \u00e0 Paris organisent un barbecue pour soutenir la candidature de B\u00e9di\u00e9 - C\u00f4te d&#039;Ivoire","description":"Le samedi 31 juillet 2021, les militants du PDCI RDA de Paris IDF se sont retrouv\u00e9s pour leur premier Barbecue d\u2019Et\u00e9, au ...","robots":{"index":"index","follow":"follow","max-snippet":"max-snippet:-1","max-image-preview":"max-image-preview:large","max-video-preview":"max-video-preview:-1"},"canonical":"https:\/\/www.africa-press.net\/cotedivoire\/politique\/nobel-de-la-paix-cote-divoire-les-militants-du-pdci-a-paris-organisent-un-barbecue-pour-soutenir-la-candidature-de-bedie","og_locale":"fr_FR","og_type":"article","og_title":"Nobel de la Paix\/C\u00f4te-d\u2019Ivoire: Les militants du PDCI \u00e0 Paris organisent un barbecue pour soutenir la candidature de B\u00e9di\u00e9","og_description":"Le samedi 31 juillet 2021, les militants du PDCI RDA de Paris IDF se sont retrouv\u00e9s pour leur premier Barbecue d\u2019Et\u00e9, au ...","og_url":"https:\/\/www.africa-press.net\/cotedivoire\/politique\/nobel-de-la-paix-cote-divoire-les-militants-du-pdci-a-paris-organisent-un-barbecue-pour-soutenir-la-candidature-de-bedie","og_site_name":"C\u00f4te d&#039;Ivoire","article_published_time":"2021-08-05T17:47:59+00:00","article_modified_time":"2021-08-05T20:08:57+00:00","og_image":[{"width":1024,"height":682,"url":"https:\/\/static.africa-press.net\/cote\/sites\/43\/2021\/08\/img-610c193ea8f86.jpg","type":"image\/jpeg"}],"author":"cfeditorfr","twitter_card":"summary_large_image","twitter_misc":{"\u00c9crit par":"cfeditorfr","Dur\u00e9e de lecture estim\u00e9e":"4 minutes"},"schema":{"@context":"https:\/\/schema.org","@graph":[{"@type":"Article","@id":"https:\/\/www.africa-press.net\/cotedivoire\/politique\/nobel-de-la-paix-cote-divoire-les-militants-du-pdci-a-paris-organisent-un-barbecue-pour-soutenir-la-candidature-de-bedie#article","isPartOf":{"@id":"https:\/\/www.africa-press.net\/cotedivoire\/politique\/nobel-de-la-paix-cote-divoire-les-militants-du-pdci-a-paris-organisent-un-barbecue-pour-soutenir-la-candidature-de-bedie"},"author":{"name":"cfeditorfr","@id":"https:\/\/www.africa-press.net\/cotedivoire\/#\/schema\/person\/2b1cf3cd81a31e3cd26889ca66d677f1"},"headline":"Nobel de la Paix\/C\u00f4te-d\u2019Ivoire: Les militants du PDCI \u00e0 Paris organisent un barbecue pour soutenir la candidature de B\u00e9di\u00e9","datePublished":"2021-08-05T17:47:59+00:00","dateModified":"2021-08-05T20:08:57+00:00","mainEntityOfPage":{"@id":"https:\/\/www.africa-press.net\/cotedivoire\/politique\/nobel-de-la-paix-cote-divoire-les-militants-du-pdci-a-paris-organisent-un-barbecue-pour-soutenir-la-candidature-de-bedie"},"wordCount":751,"commentCount":0,"image":{"@id":"https:\/\/www.africa-press.net\/cotedivoire\/politique\/nobel-de-la-paix-cote-divoire-les-militants-du-pdci-a-paris-organisent-un-barbecue-pour-soutenir-la-candidature-de-bedie#primaryimage"},"thumbnailUrl":"https:\/\/static.africa-press.net\/cote\/sites\/43\/2021\/08\/img-610c193ea8f86.jpg","keywords":["Africa Press","Africa Press-C\u00f4te d'Ivoire","C\u00d4TE D'IVOIRE"],"articleSection":["homepage-french","Politique","Top Nouvelles","Toutes les actualit\u00e9s"],"inLanguage":"fr-FR","potentialAction":[{"@type":"CommentAction","name":"Comment","target":["https:\/\/www.africa-press.net\/cotedivoire\/politique\/nobel-de-la-paix-cote-divoire-les-militants-du-pdci-a-paris-organisent-un-barbecue-pour-soutenir-la-candidature-de-bedie#respond"]}]},{"@type":"WebPage","@id":"https:\/\/www.africa-press.net\/cotedivoire\/politique\/nobel-de-la-paix-cote-divoire-les-militants-du-pdci-a-paris-organisent-un-barbecue-pour-soutenir-la-candidature-de-bedie","url":"https:\/\/www.africa-press.net\/cotedivoire\/politique\/nobel-de-la-paix-cote-divoire-les-militants-du-pdci-a-paris-organisent-un-barbecue-pour-soutenir-la-candidature-de-bedie","name":"Nobel de la Paix\/C\u00f4te-d\u2019Ivoire: Les militants du PDCI \u00e0 Paris organisent un barbecue pour soutenir la candidature de B\u00e9di\u00e9 - C\u00f4te d&#039;Ivoire","isPartOf":{"@id":"https:\/\/www.africa-press.net\/cotedivoire\/#website"},"primaryImageOfPage":{"@id":"https:\/\/www.africa-press.net\/cotedivoire\/politique\/nobel-de-la-paix-cote-divoire-les-militants-du-pdci-a-paris-organisent-un-barbecue-pour-soutenir-la-candidature-de-bedie#primaryimage"},"image":{"@id":"https:\/\/www.africa-press.net\/cotedivoire\/politique\/nobel-de-la-paix-cote-divoire-les-militants-du-pdci-a-paris-organisent-un-barbecue-pour-soutenir-la-candidature-de-bedie#primaryimage"},"thumbnailUrl":"https:\/\/static.africa-press.net\/cote\/sites\/43\/2021\/08\/img-610c193ea8f86.jpg","datePublished":"2021-08-05T17:47:59+00:00","dateModified":"2021-08-05T20:08:57+00:00","author":{"@id":"https:\/\/www.africa-press.net\/cotedivoire\/#\/schema\/person\/2b1cf3cd81a31e3cd26889ca66d677f1"},"description":"Le samedi 31 juillet 2021, les militants du PDCI RDA de Paris IDF se sont retrouv\u00e9s pour leur premier Barbecue d\u2019Et\u00e9, au ...","breadcrumb":{"@id":"https:\/\/www.africa-press.net\/cotedivoire\/politique\/nobel-de-la-paix-cote-divoire-les-militants-du-pdci-a-paris-organisent-un-barbecue-pour-soutenir-la-candidature-de-bedie#breadcrumb"},"inLanguage":"fr-FR","potentialAction":[{"@type":"ReadAction","target":["https:\/\/www.africa-press.net\/cotedivoire\/politique\/nobel-de-la-paix-cote-divoire-les-militants-du-pdci-a-paris-organisent-un-barbecue-pour-soutenir-la-candidature-de-bedie"]}]},{"@type":"ImageObject","inLanguage":"fr-FR","@id":"https:\/\/www.africa-press.net\/cotedivoire\/politique\/nobel-de-la-paix-cote-divoire-les-militants-du-pdci-a-paris-organisent-un-barbecue-pour-soutenir-la-candidature-de-bedie#primaryimage","url":"https:\/\/static.africa-press.net\/cote\/sites\/43\/2021\/08\/img-610c193ea8f86.jpg","contentUrl":"https:\/\/static.africa-press.net\/cote\/sites\/43\/2021\/08\/img-610c193ea8f86.jpg","width":1024,"height":682,"caption":"Nobel de la Paix\/C\u00f4te-d\u2019Ivoire: Les militants du PDCI \u00e0 Paris organisent un barbecue pour soutenir la candidature de B\u00e9di\u00e9"},{"@type":"BreadcrumbList","@id":"https:\/\/www.africa-press.net\/cotedivoire\/politique\/nobel-de-la-paix-cote-divoire-les-militants-du-pdci-a-paris-organisent-un-barbecue-pour-soutenir-la-candidature-de-bedie#breadcrumb","itemListElement":[{"@type":"ListItem","position":1,"name":"Accueil","item":"https:\/\/www.africa-press.net\/cotedivoire\/"},{"@type":"ListItem","position":2,"name":"Nobel de la Paix\/C\u00f4te-d\u2019Ivoire: Les militants du PDCI \u00e0 Paris organisent un barbecue pour soutenir la candidature de B\u00e9di\u00e9"}]},{"@type":"WebSite","@id":"https:\/\/www.africa-press.net\/cotedivoire\/#website","url":"https:\/\/www.africa-press.net\/cotedivoire\/","name":"C\u00f4te d&#039;Ivoire","description":"Just another Africa News Agency Sites site","potentialAction":[{"@type":"SearchAction","target":{"@type":"EntryPoint","urlTemplate":"https:\/\/www.africa-press.net\/cotedivoire\/?s={search_term_string}"},"query-input":{"@type":"PropertyValueSpecification","valueRequired":true,"valueName":"search_term_string"}}],"inLanguage":"fr-FR"},{"@type":"Person","@id":"https:\/\/www.africa-press.net\/cotedivoire\/#\/schema\/person\/2b1cf3cd81a31e3cd26889ca66d677f1","name":"cfeditorfr"}]}},"_links":{"self":[{"href":"https:\/\/www.africa-press.net\/cotedivoire\/wp-json\/wp\/v2\/posts\/10885","targetHints":{"allow":["GET"]}}],"collection":[{"href":"https:\/\/www.africa-press.net\/cotedivoire\/wp-json\/wp\/v2\/posts"}],"about":[{"href":"https:\/\/www.africa-press.net\/cotedivoire\/wp-json\/wp\/v2\/types\/post"}],"author":[{"embeddable":true,"href":"https:\/\/www.africa-press.net\/cotedivoire\/wp-json\/wp\/v2\/users\/82"}],"replies":[{"embeddable":true,"href":"https:\/\/www.africa-press.net\/cotedivoire\/wp-json\/wp\/v2\/comments?post=10885"}],"version-history":[{"count":0,"href":"https:\/\/www.africa-press.net\/cotedivoire\/wp-json\/wp\/v2\/posts\/10885\/revisions"}],"wp:featuredmedia":[{"embeddable":true,"href":"https:\/\/www.africa-press.net\/cotedivoire\/wp-json\/wp\/v2\/media\/10884"}],"wp:attachment":[{"href":"https:\/\/www.africa-press.net\/cotedivoire\/wp-json\/wp\/v2\/media?parent=10885"}],"wp:term":[{"taxonomy":"category","embeddable":true,"href":"https:\/\/www.africa-press.net\/cotedivoire\/wp-json\/wp\/v2\/categories?post=10885"},{"taxonomy":"post_tag","embeddable":true,"href":"https:\/\/www.africa-press.net\/cotedivoire\/wp-json\/wp\/v2\/tags?post=10885"}],"curies":[{"name":"wp","href":"https:\/\/api.w.org\/{rel}","templated":true}]}}